{"id":47500,"date":"2020-10-01T10:55:55","date_gmt":"2020-10-01T13:55:55","guid":{"rendered":"http:\/\/www.noticiasradioreflejos.com.ar\/noticias\/?p=47500"},"modified":"2020-10-01T10:55:55","modified_gmt":"2020-10-01T13:55:55","slug":"el-alcaucil-platense-el-valor-de-un-noble-producto-de-la-tierra-y-la-tradicion","status":"publish","type":"post","link":"https:\/\/www.noticiasradioreflejos.com.ar\/2021\/el-alcaucil-platense-el-valor-de-un-noble-producto-de-la-tierra-y-la-tradicion\/","title":{"rendered":"El alcaucil platense: el valor de un noble producto de la tierra y la tradici\u00f3n"},"content":{"rendered":"<p>Este alimento goza de un gran prestigio entre los mejores chefs de pa\u00eds y se cultiva a partir de m\u00e9todos transmitidos de una generaci\u00f3n a otra dentro de las familias italianas que encontraron, en las caracter\u00edsticas clim\u00e1ticas del cord\u00f3n hort\u00edcola de La Plata, el lugar propicio para convertir a la alcachofa en un producto codiciado y a la capital bonaerense en el principal productor a nivel nacional.<!--more--><br \/>\nPara los platenses la Fiesta del Alcaucil es una tradici\u00f3n que se espera, se siente y se vive durante todo el a\u00f1o. La edici\u00f3n 2020 ser\u00e1 virtual y se realizar\u00e1 del 3 al 31 de octubre en las redes sociales @alcachofasplatenses (IG) y @AlcaucilesLP(TW), del grupo de productores \u201cAlcachofas Platenses\u201d.<br \/>\nLa propuesta consistir\u00e1 en un recorrido por el Camino del Alcaucil Platense en donde cada parada desarrollar\u00e1, de acuerdo con el cronograma general, una tem\u00e1tica espec\u00edfica sobre ese cultivo. La primera ser\u00e1 este s\u00e1bado, y las siguientes segunda, la tercera, la cuarta y la quinta el 10, 17, 24 y 31 de octubre sucesivamente.<br \/>\nCada propuesta comenzar\u00e1 a las 11:00 con experiencias de cosecha y continuar\u00e1 a las 14:00 con la difusi\u00f3n y derribo de mitos en torno de las alcachofas, como por ejemplo que solo se come el coraz\u00f3n. A las 16:00 se compartir\u00e1n consejos para conservar este producto en casa y a las 19:00 se desarrollar\u00e1n recetas de cocina saludable, platos gourmet y preparaciones f\u00e1ciles, econ\u00f3micas y pr\u00e1cticas.<br \/>\n\u201cDurante la fiesta se comercializar\u00e1 una caja con alcauciles blancos, violetas o mini alcauciles, una botella del aperitivo Cynar y un escabeche de alcaucil\u201d, explic\u00f3 Adriana Riccetti, integrante de \u201cAlcachofas Platenses\u201d.<br \/>\nTambi\u00e9n inform\u00f3 que la venta de alcauciles frescos ser\u00e1 a trav\u00e9s del link del formulario que publicar\u00e1n en el perfil de sus cuentas y habr\u00e1 puntos de distribuci\u00f3n en distintos barrios de la Ciudad Aut\u00f3noma de Buenos Aires y en comercios de La Plata.<\/p>\n<p><strong>Sello distintivo<\/strong><br \/>\nEn 2016 los alcauciles platenses recibieron el Sello de Indicaci\u00f3n Geogr\u00e1fica, una distinci\u00f3n que protege la producci\u00f3n y la calidad de la alcachofa de acuerdo a las caracter\u00edsticas que tiene el producto, a la regi\u00f3n en la que se cultiva, a la historia de los conocimientos y m\u00e9todos que se aplican para su cuidado, a las cualidades del suelo y las condiciones clim\u00e1ticas.<br \/>\nEl alcaucil y sus t\u00e9cnicas de cultivo llegaron de la mano de los inmigrantes italianos que se instalaron en Arana, Abasto y Etcheverry en la d\u00e9cada del cuarenta. All\u00ed trabajaron en sus quintas y huertas, transformando a la zona en una de las \u00e1reas hort\u00edcolas m\u00e1s destacadas del pa\u00eds.<\/p>\n<p>La fiesta revive la tradici\u00f3n europea de agradecer y compartir con la comunidad la nueva cosecha.<\/p>\n<p><a title=\"Pizza con alcaucil y esp\u00e1rragos\" href=\"http:\/\/live.staticflickr.com\/65535\/50404556431_f236c88dcd_s.jpg\" rel=\"\"><img loading=\"lazy\" decoding=\"async\" class=\"aligncenter\" title=\"Pizza con alcaucil y esp\u00e1rragos\" src=\"http:\/\/live.staticflickr.com\/65535\/50404556431_f236c88dcd_c.jpg\" alt=\"Pizza con alcaucil y esp\u00e1rragos\" width=\"780\" height=\"668\" \/><\/a><\/p>\n<p><strong>Platenses con valor y prestigio<\/strong><br \/>\n\u201cLos principales chefs de la Argentina vienen a buscar los alcauciles a La Plata\u201d, afirm\u00f3 el experto en cocina platense Diego Cortes, quien desde hace seis a\u00f1os comenz\u00f3 a trabajar junto a Adriana Riccetti \u201cpara darle una identidad m\u00e1s gastron\u00f3mica a la fiesta y otorgarle mayor protagonismo al alcaucil\u201d.<\/p>\n<p>\u201cEn La Plata m\u00e1s del 80 por ciento de los productores tiene una tradici\u00f3n en el cultivo y por eso consiguen un producto logrado y singular\u201d, sostuvo Diego quien a la hora de elaborar platos en su cocina no duda en elegir productos locales tratados con t\u00e9cnicas de la agroecolog\u00eda.<\/p>\n<p>Un cl\u00e1sico es comer las br\u00e1cteas, parte superficial de la alcachofa, con aceite y lim\u00f3n. Tambi\u00e9n se puede trocear el coraz\u00f3n e incluirlo en salsas, tortillas y rellenos.<\/p>\n<p>\u201cEl alcaucil es muy vers\u00e1til\u201d, sentenci\u00f3 este gastron\u00f3mico platense y recomend\u00f3 hervirlo completo y aprovechar todo el producto.<\/p>\n<p>Otra de sus sugerencias es la elaboraci\u00f3n de las l\u00e1minas de alcaucil fritas, acompa\u00f1adas con alguna salsa como una opci\u00f3n saludable de aperitivo.<\/p>\n<p>Una de las elaboraciones de Diego Cortes es la pizza de salsa pomodoro, ajo, pimientos asados y asados, alcaparras, albahaca, olivas negras y alcauciles. Tambi\u00e9n se usa como relleno de empanadas.<\/p>\n<p>El especialista explic\u00f3 que el \u201ccomplejo y dual sabor del alcaucil con su \u00e1cido y cierto dulzor\u201d, invita adem\u00e1s a la preparaci\u00f3n de postres como tallitos en alm\u00edbar, flan y mousse de alcachofa con bizcocho de mandarina.<\/p>\n<p>La edici\u00f3n virtual de la Fiesta del Alcaucil ser\u00e1 una gran posibilidad de trascender los l\u00edmites f\u00edsicos y que otras regiones del territorio nacional, y tambi\u00e9n del mundo, conozcan este alimento con sus propiedades e historia.<\/p>\n","protected":false},"excerpt":{"rendered":"<p>Este alimento goza de un gran prestigio entre los mejores chefs de pa\u00eds y se cultiva a partir de m\u00e9todos transmitidos de una generaci\u00f3n a otra dentro de las familias italianas que encontraron, en las caracter\u00edsticas clim\u00e1ticas del cord\u00f3n hort\u00edcola de La Plata, el lugar propicio para convertir a la alcachofa en un producto codiciado [&hellip;]<\/p>\n","protected":false},"author":3,"featured_media":0,"comment_status":"closed","ping_status":"open","sticky":false,"template":"","format":"standard","meta":{"footnotes":""},"categories":[25],"tags":[],"class_list":["post-47500","post","type-post","status-publish","format-standard","hentry","category-uncategorized"],"yoast_head":"<!-- This site is optimized with the Yoast SEO plugin v25.9 - https:\/\/yoast.com\/wordpress\/plugins\/seo\/ -->\n<title>El alcaucil platense: el valor de un noble producto de la tierra y la tradici\u00f3n - Noticias Radio Reflejos<\/title>\n<meta name=\"robots\" content=\"index, follow, max-snippet:-1, max-image-preview:large, max-video-preview:-1\" \/>\n<link rel=\"canonical\" href=\"https:\/\/www.noticiasradioreflejos.com.ar\/2021\/el-alcaucil-platense-el-valor-de-un-noble-producto-de-la-tierra-y-la-tradicion\/\" \/>\n<meta property=\"og:locale\" content=\"es_ES\" \/>\n<meta property=\"og:type\" content=\"article\" \/>\n<meta property=\"og:title\" content=\"El alcaucil platense: el valor de un noble producto de la tierra y la tradici\u00f3n - Noticias Radio Reflejos\" \/>\n<meta property=\"og:description\" content=\"Este alimento goza de un gran prestigio entre los mejores chefs de pa\u00eds y se cultiva a partir de m\u00e9todos transmitidos de una generaci\u00f3n a otra dentro de las familias italianas que encontraron, en las caracter\u00edsticas clim\u00e1ticas del cord\u00f3n hort\u00edcola de La Plata, el lugar propicio para convertir a la alcachofa en un producto codiciado [&hellip;]\" \/>\n<meta property=\"og:url\" content=\"https:\/\/www.noticiasradioreflejos.com.ar\/2021\/el-alcaucil-platense-el-valor-de-un-noble-producto-de-la-tierra-y-la-tradicion\/\" \/>\n<meta property=\"og:site_name\" content=\"Noticias Radio Reflejos\" \/>\n<meta property=\"article:published_time\" content=\"2020-10-01T13:55:55+00:00\" \/>\n<meta property=\"og:image\" content=\"http:\/\/live.staticflickr.com\/65535\/50404556431_f236c88dcd_c.jpg\" \/>\n<meta name=\"author\" content=\"Arnaldo Botto\" \/>\n<meta name=\"twitter:card\" content=\"summary_large_image\" \/>\n<script type=\"application\/ld+json\" class=\"yoast-schema-graph\">{\"@context\":\"https:\/\/schema.org\",\"@graph\":[{\"@type\":\"WebPage\",\"@id\":\"https:\/\/www.noticiasradioreflejos.com.ar\/2021\/el-alcaucil-platense-el-valor-de-un-noble-producto-de-la-tierra-y-la-tradicion\/\",\"url\":\"https:\/\/www.noticiasradioreflejos.com.ar\/2021\/el-alcaucil-platense-el-valor-de-un-noble-producto-de-la-tierra-y-la-tradicion\/\",\"name\":\"El alcaucil platense: el valor de un noble producto de la tierra y la tradici\u00f3n - Noticias Radio Reflejos\",\"isPartOf\":{\"@id\":\"https:\/\/www.noticiasradioreflejos.com.ar\/2021\/#website\"},\"primaryImageOfPage\":{\"@id\":\"https:\/\/www.noticiasradioreflejos.com.ar\/2021\/el-alcaucil-platense-el-valor-de-un-noble-producto-de-la-tierra-y-la-tradicion\/#primaryimage\"},\"image\":{\"@id\":\"https:\/\/www.noticiasradioreflejos.com.ar\/2021\/el-alcaucil-platense-el-valor-de-un-noble-producto-de-la-tierra-y-la-tradicion\/#primaryimage\"},\"thumbnailUrl\":\"http:\/\/live.staticflickr.com\/65535\/50404556431_f236c88dcd_c.jpg\",\"datePublished\":\"2020-10-01T13:55:55+00:00\",\"author\":{\"@id\":\"https:\/\/www.noticiasradioreflejos.com.ar\/2021\/#\/schema\/person\/ad82545263dcc5ec0996818884fd5fb1\"},\"breadcrumb\":{\"@id\":\"https:\/\/www.noticiasradioreflejos.com.ar\/2021\/el-alcaucil-platense-el-valor-de-un-noble-producto-de-la-tierra-y-la-tradicion\/#breadcrumb\"},\"inLanguage\":\"es\",\"potentialAction\":[{\"@type\":\"ReadAction\",\"target\":[\"https:\/\/www.noticiasradioreflejos.com.ar\/2021\/el-alcaucil-platense-el-valor-de-un-noble-producto-de-la-tierra-y-la-tradicion\/\"]}]},{\"@type\":\"ImageObject\",\"inLanguage\":\"es\",\"@id\":\"https:\/\/www.noticiasradioreflejos.com.ar\/2021\/el-alcaucil-platense-el-valor-de-un-noble-producto-de-la-tierra-y-la-tradicion\/#primaryimage\",\"url\":\"http:\/\/live.staticflickr.com\/65535\/50404556431_f236c88dcd_c.jpg\",\"contentUrl\":\"http:\/\/live.staticflickr.com\/65535\/50404556431_f236c88dcd_c.jpg\"},{\"@type\":\"BreadcrumbList\",\"@id\":\"https:\/\/www.noticiasradioreflejos.com.ar\/2021\/el-alcaucil-platense-el-valor-de-un-noble-producto-de-la-tierra-y-la-tradicion\/#breadcrumb\",\"itemListElement\":[{\"@type\":\"ListItem\",\"position\":1,\"name\":\"Portada\",\"item\":\"https:\/\/www.noticiasradioreflejos.com.ar\/2021\/\"},{\"@type\":\"ListItem\",\"position\":2,\"name\":\"El alcaucil platense: el valor de un noble producto de la tierra y la tradici\u00f3n\"}]},{\"@type\":\"WebSite\",\"@id\":\"https:\/\/www.noticiasradioreflejos.com.ar\/2021\/#website\",\"url\":\"https:\/\/www.noticiasradioreflejos.com.ar\/2021\/\",\"name\":\"Noticias Radio Reflejos\",\"description\":\"Las noticias de mi comarca\",\"potentialAction\":[{\"@type\":\"SearchAction\",\"target\":{\"@type\":\"EntryPoint\",\"urlTemplate\":\"https:\/\/www.noticiasradioreflejos.com.ar\/2021\/?s={search_term_string}\"},\"query-input\":{\"@type\":\"PropertyValueSpecification\",\"valueRequired\":true,\"valueName\":\"search_term_string\"}}],\"inLanguage\":\"es\"},{\"@type\":\"Person\",\"@id\":\"https:\/\/www.noticiasradioreflejos.com.ar\/2021\/#\/schema\/person\/ad82545263dcc5ec0996818884fd5fb1\",\"name\":\"Arnaldo Botto\",\"image\":{\"@type\":\"ImageObject\",\"inLanguage\":\"es\",\"@id\":\"https:\/\/www.noticiasradioreflejos.com.ar\/2021\/#\/schema\/person\/image\/\",\"url\":\"https:\/\/secure.gravatar.com\/avatar\/55cb5e37c1efa326397366e6974cb338056df65cb50e7d64d1cf314e87504837?s=96&d=mm&r=g\",\"contentUrl\":\"https:\/\/secure.gravatar.com\/avatar\/55cb5e37c1efa326397366e6974cb338056df65cb50e7d64d1cf314e87504837?s=96&d=mm&r=g\",\"caption\":\"Arnaldo Botto\"},\"url\":\"https:\/\/www.noticiasradioreflejos.com.ar\/2021\/author\/arnaldo\/\"}]}<\/script>\n<!-- \/ Yoast SEO plugin. -->","yoast_head_json":{"title":"El alcaucil platense: el valor de un noble producto de la tierra y la tradici\u00f3n - Noticias Radio Reflejos","robots":{"index":"index","follow":"follow","max-snippet":"max-snippet:-1","max-image-preview":"max-image-preview:large","max-video-preview":"max-video-preview:-1"},"canonical":"https:\/\/www.noticiasradioreflejos.com.ar\/2021\/el-alcaucil-platense-el-valor-de-un-noble-producto-de-la-tierra-y-la-tradicion\/","og_locale":"es_ES","og_type":"article","og_title":"El alcaucil platense: el valor de un noble producto de la tierra y la tradici\u00f3n - Noticias Radio Reflejos","og_description":"Este alimento goza de un gran prestigio entre los mejores chefs de pa\u00eds y se cultiva a partir de m\u00e9todos transmitidos de una generaci\u00f3n a otra dentro de las familias italianas que encontraron, en las caracter\u00edsticas clim\u00e1ticas del cord\u00f3n hort\u00edcola de La Plata, el lugar propicio para convertir a la alcachofa en un producto codiciado [&hellip;]","og_url":"https:\/\/www.noticiasradioreflejos.com.ar\/2021\/el-alcaucil-platense-el-valor-de-un-noble-producto-de-la-tierra-y-la-tradicion\/","og_site_name":"Noticias Radio Reflejos","article_published_time":"2020-10-01T13:55:55+00:00","og_image":[{"url":"http:\/\/live.staticflickr.com\/65535\/50404556431_f236c88dcd_c.jpg","type":"","width":"","height":""}],"author":"Arnaldo Botto","twitter_card":"summary_large_image","schema":{"@context":"https:\/\/schema.org","@graph":[{"@type":"WebPage","@id":"https:\/\/www.noticiasradioreflejos.com.ar\/2021\/el-alcaucil-platense-el-valor-de-un-noble-producto-de-la-tierra-y-la-tradicion\/","url":"https:\/\/www.noticiasradioreflejos.com.ar\/2021\/el-alcaucil-platense-el-valor-de-un-noble-producto-de-la-tierra-y-la-tradicion\/","name":"El alcaucil platense: el valor de un noble producto de la tierra y la tradici\u00f3n - Noticias Radio Reflejos","isPartOf":{"@id":"https:\/\/www.noticiasradioreflejos.com.ar\/2021\/#website"},"primaryImageOfPage":{"@id":"https:\/\/www.noticiasradioreflejos.com.ar\/2021\/el-alcaucil-platense-el-valor-de-un-noble-producto-de-la-tierra-y-la-tradicion\/#primaryimage"},"image":{"@id":"https:\/\/www.noticiasradioreflejos.com.ar\/2021\/el-alcaucil-platense-el-valor-de-un-noble-producto-de-la-tierra-y-la-tradicion\/#primaryimage"},"thumbnailUrl":"http:\/\/live.staticflickr.com\/65535\/50404556431_f236c88dcd_c.jpg","datePublished":"2020-10-01T13:55:55+00:00","author":{"@id":"https:\/\/www.noticiasradioreflejos.com.ar\/2021\/#\/schema\/person\/ad82545263dcc5ec0996818884fd5fb1"},"breadcrumb":{"@id":"https:\/\/www.noticiasradioreflejos.com.ar\/2021\/el-alcaucil-platense-el-valor-de-un-noble-producto-de-la-tierra-y-la-tradicion\/#breadcrumb"},"inLanguage":"es","potentialAction":[{"@type":"ReadAction","target":["https:\/\/www.noticiasradioreflejos.com.ar\/2021\/el-alcaucil-platense-el-valor-de-un-noble-producto-de-la-tierra-y-la-tradicion\/"]}]},{"@type":"ImageObject","inLanguage":"es","@id":"https:\/\/www.noticiasradioreflejos.com.ar\/2021\/el-alcaucil-platense-el-valor-de-un-noble-producto-de-la-tierra-y-la-tradicion\/#primaryimage","url":"http:\/\/live.staticflickr.com\/65535\/50404556431_f236c88dcd_c.jpg","contentUrl":"http:\/\/live.staticflickr.com\/65535\/50404556431_f236c88dcd_c.jpg"},{"@type":"BreadcrumbList","@id":"https:\/\/www.noticiasradioreflejos.com.ar\/2021\/el-alcaucil-platense-el-valor-de-un-noble-producto-de-la-tierra-y-la-tradicion\/#breadcrumb","itemListElement":[{"@type":"ListItem","position":1,"name":"Portada","item":"https:\/\/www.noticiasradioreflejos.com.ar\/2021\/"},{"@type":"ListItem","position":2,"name":"El alcaucil platense: el valor de un noble producto de la tierra y la tradici\u00f3n"}]},{"@type":"WebSite","@id":"https:\/\/www.noticiasradioreflejos.com.ar\/2021\/#website","url":"https:\/\/www.noticiasradioreflejos.com.ar\/2021\/","name":"Noticias Radio Reflejos","description":"Las noticias de mi comarca","potentialAction":[{"@type":"SearchAction","target":{"@type":"EntryPoint","urlTemplate":"https:\/\/www.noticiasradioreflejos.com.ar\/2021\/?s={search_term_string}"},"query-input":{"@type":"PropertyValueSpecification","valueRequired":true,"valueName":"search_term_string"}}],"inLanguage":"es"},{"@type":"Person","@id":"https:\/\/www.noticiasradioreflejos.com.ar\/2021\/#\/schema\/person\/ad82545263dcc5ec0996818884fd5fb1","name":"Arnaldo Botto","image":{"@type":"ImageObject","inLanguage":"es","@id":"https:\/\/www.noticiasradioreflejos.com.ar\/2021\/#\/schema\/person\/image\/","url":"https:\/\/secure.gravatar.com\/avatar\/55cb5e37c1efa326397366e6974cb338056df65cb50e7d64d1cf314e87504837?s=96&d=mm&r=g","contentUrl":"https:\/\/secure.gravatar.com\/avatar\/55cb5e37c1efa326397366e6974cb338056df65cb50e7d64d1cf314e87504837?s=96&d=mm&r=g","caption":"Arnaldo Botto"},"url":"https:\/\/www.noticiasradioreflejos.com.ar\/2021\/author\/arnaldo\/"}]}},"_links":{"self":[{"href":"https:\/\/www.noticiasradioreflejos.com.ar\/2021\/wp-json\/wp\/v2\/posts\/47500","targetHints":{"allow":["GET"]}}],"collection":[{"href":"https:\/\/www.noticiasradioreflejos.com.ar\/2021\/wp-json\/wp\/v2\/posts"}],"about":[{"href":"https:\/\/www.noticiasradioreflejos.com.ar\/2021\/wp-json\/wp\/v2\/types\/post"}],"author":[{"embeddable":true,"href":"https:\/\/www.noticiasradioreflejos.com.ar\/2021\/wp-json\/wp\/v2\/users\/3"}],"replies":[{"embeddable":true,"href":"https:\/\/www.noticiasradioreflejos.com.ar\/2021\/wp-json\/wp\/v2\/comments?post=47500"}],"version-history":[{"count":0,"href":"https:\/\/www.noticiasradioreflejos.com.ar\/2021\/wp-json\/wp\/v2\/posts\/47500\/revisions"}],"wp:attachment":[{"href":"https:\/\/www.noticiasradioreflejos.com.ar\/2021\/wp-json\/wp\/v2\/media?parent=47500"}],"wp:term":[{"taxonomy":"category","embeddable":true,"href":"https:\/\/www.noticiasradioreflejos.com.ar\/2021\/wp-json\/wp\/v2\/categories?post=47500"},{"taxonomy":"post_tag","embeddable":true,"href":"https:\/\/www.noticiasradioreflejos.com.ar\/2021\/wp-json\/wp\/v2\/tags?post=47500"}],"curies":[{"name":"wp","href":"https:\/\/api.w.org\/{rel}","templated":true}]}}