{"id":47493,"date":"2020-10-01T08:45:41","date_gmt":"2020-10-01T11:45:41","guid":{"rendered":"http:\/\/www.noticiasradioreflejos.com.ar\/noticias\/?p=47493"},"modified":"2020-10-01T08:45:41","modified_gmt":"2020-10-01T11:45:41","slug":"bordoni-proyectos-gestiones-economia-y-actualidad-politica","status":"publish","type":"post","link":"https:\/\/www.noticiasradioreflejos.com.ar\/2021\/bordoni-proyectos-gestiones-economia-y-actualidad-politica\/","title":{"rendered":"Bordoni: Proyectos, gestiones, econom\u00eda y actualidad pol\u00edtica"},"content":{"rendered":"<p>El Intendente de Tornquist di\u00f3 un amplio informe en el canal de TV de la ciudad cabecera durante el d\u00eda de ayer informando de gestiones, el avance de proyectos y la actualidad econ\u00f3mica y pol\u00edtica del muncipio.<!--more--><\/p>\n<p>\u00abEstamos a punto de arrancar con el FIM 2020 que es la continuaci\u00f3n del Hosp\u00ectal Municipal de Tornquist m\u00e1s las 5\/6 cuadras de la Avda. Ernesto Tornquist de Sierra de la Ventana, que era una obra que hab\u00eda quedado inconclusa del 2017 y los desag\u00fces pluviales que est\u00e1n en revisi\u00f3n t\u00e9cnica de Vialidad y pronto a salir para que comiencen a enviar los desembolsos\u00bb Explic\u00f3 el Intendente Municipal Sergio Bordoni al referirse a distintos proyectos que se encuentran en gesti\u00f3n, varios de ellos avanzados y otros a punto de comenzar a concretarse.<\/p>\n<p><strong>Asfalto para la Avda. Sarmiento y ampliaci\u00f3n de la red de gas<\/strong><\/p>\n<p>\u00abTenemos ya firmado el convenio para la pavimentaci\u00f3n de la Avda. Sarmiento hasta finalizar la ciudad y la ampliaci\u00f3n del servicio de gas en calles Lavalle y Moreno de la ciudad cabecera, incluyendo las 10 viviendas del barrio pr\u00f3ximo a concluir\u00bb explic\u00f3 Bordoni.<\/p>\n<p><strong>40 Cuadras de cloacas en Tornquist<\/strong><\/p>\n<p>\u00abEst\u00e1 a punto de firmarse con el ENOSA el convenio para la ampliaci\u00f3n del servicio de cloacas que alcanzar\u00eda a 40 nuevas cuadras en la ciudad cabecera, con lo cual cubrir\u00edamos la ciudad pr\u00e1acticamente en un 100% con este servicio\u00bb<\/p>\n<p>\u00abEsta obra demandar\u00e1 una inversi\u00f3n de alrededor de 32 millones de pesos\u00bb asegur\u00f3 el jefe comunal.<\/p>\n<p><strong>Agua corriente en Villa Serrana La Gruta<\/strong><\/p>\n<p>\u00abLa firma Ecotech, de la ciudad de Pigue, est\u00e1 haciendo el proyecto para dotar del servicio de agua corriente a Villa Serrana La Gruta\u00bb destac\u00f3 Bordoni.<\/p>\n<p>\u00abHabia un proyecto muy ambicioso que se est\u00e1 reformando\u00bb agreg\u00f3 Bordoni.<\/p>\n<p><strong>Cloacas en Sierra de la Ventana<\/strong><\/p>\n<p>Respecto a la continuidad de la instalaci\u00f3n del servicio de cloacas en Sierra de la Ventana, Bordoni sostuvo que \u00abse enterraron los ca\u00f1os y falta hacer la planta depuradora. Hay que hace una revisi\u00f3n de lo que est\u00e1 hecho y se est\u00e1 haciendo\u00bb afirm\u00f3.<\/p>\n<p>\u00abTambi\u00e9n se est\u00e1 trabajando en la elaboraci\u00f3n del proyecto de cloacas para Villa Ventana y Saldungaray\u00bb dijo Bordoni.<\/p>\n<p><strong>Dotaci\u00f3n de servicios a los terrenos adquiridos para barrios de viviendas<\/strong><\/p>\n<p>\u00abA trav\u00e9s del Plan Nacional de Suelos Urbanos se est\u00e1 trabajando para dotar de servicios a los terrenos adquiridos para barrios de viviendas. Hab\u00edamos comenzado con esa tarea y seguimos avanzando con la presentaci\u00f3n de toda la documentaci\u00f3n requerida\u00bb<\/p>\n<p><strong>Erradicaci\u00f3n de los basureros a cielo abierto<\/strong><\/p>\n<p>\u00abEn treinta d\u00edas estar\u00eda saliendo la licitaci\u00f3n para la compra de la primer maquinaria que es una retroescabadora para comenzar con los trabajos de erradicaci\u00f3n de los basureros a cielo abierto de Tornquist y Sierra de la Ventana-Saldungaray\u00bb<\/p>\n<p>Bordoni explic\u00f3 que se contin\u00faa enviando documentaci\u00f3n al Ministerio de Medio Ambiente de la Naci\u00f3n para, en un futuro no lejano, poder hacer realidad la erradicaci\u00f3n definitiva de los basureros a cielo abierto en el distrito.<\/p>\n<p><strong>Viviendas en el distrito<\/strong><\/p>\n<p>Respecto al barrio de viviendas construido en la localidad de Chasic\u00f3, Bordoni sostuvo que ya est\u00e1n para ser adjudicadas. \u00abYa se abri\u00f3 la inscripci\u00f3n para que la gente se anote\u00bb agreg\u00f3.<\/p>\n<p>El intendente se refiri\u00f3 tambi\u00e9n a la construcci\u00f3n de viviendas en la localidad de Saldungaray \u00abEstamos haciendo un cambio de localizaci\u00f3n, ya que se iban a construir en tierras del Instituto Maria Auxiliadora y se decidi\u00f3 que esas tierras cumplan una funci\u00f3n institucional para la comunidad. Estamos gestionando una manzana donde se construir\u00e1n esas 14 viviendas\u00bb<\/p>\n<p>Respecto a las 20 viviendas que se comenzaron a construir hace tiempo en el barrio sur de nuestra ciudad, Bordoni inform\u00f3 que \u00abno resta mucho para que se pueda abrir la inscripci\u00f3n de las primeras 10 viviendas. Faltar\u00eda llegar con el gas para que cuenten con todos los servicios\u00bb agreg\u00f3.<\/p>\n<p><strong>Futuros barrios de viviendas<\/strong><\/p>\n<p>\u00abA trav\u00e9s del Ministerio del Interior de la Naci\u00f3n, tengo una reuni\u00f3n para gestionar la construcci\u00f3n de viviendas en el loteo que hemos adquirido a la familia Raising\u00bb<\/p>\n<p>Seg\u00fan explic\u00f3 Bordoni, en principio, se gestionar\u00eda la posibilidad de construir entre 50 y 100 viviendas del tipo social.<\/p>\n<p>\u00abUna vez que dotemos de servicios a esos terrenos continuamos con la idea de ofrecerlo a los distintos sindicatos, Cooperativa El\u00e9ctrica, incluso la misma polic\u00eda que podr\u00eda tener acceso a cr\u00e9dito blandos\u00bb<\/p>\n<p>\u00abTratamos de conseguir los fondos para lo antes posible dotar a esos terrenos de los servicios esenciales\u00bb sostuvo Bordoni.<\/p>\n<p><strong>Proyectos para dotar de fibra \u00f3ptica a instituciones de Villa Ventana y La Gruta<\/strong><\/p>\n<p>\u00abA trav\u00e9s del ENACOM. en un proyecto que desarrollamos con la Cooperativa El\u00e9ctrica de Torquist, se va a llevar la fibra \u00f3ptica a distintos puntos de Villa Ventana y Villa Serrana La Gruta. Es otro de los proyectos en los que se est\u00e1 avanzando y muy pronto vamos a tener novedades\u00bb asegur\u00f3 Bordoni.<\/p>\n<p><strong>Demanda energ\u00e9tica en el distrito<\/strong><\/p>\n<p>\u00abEstoy haciendo gestiones para pedir una audiencia con el nuevo Ministro de Energ\u00eda de la Naci\u00f3n Dario Mart\u00ednez, para plantear la necesidad de ampliar la subestaci\u00f3n de 15 a 45 megas, sumando uno de 30 megas\u00bb<\/p>\n<p>\u00abEsto es posible siempre y cuando haya una decisi\u00f3n pol\u00edtica de poder llevarla a cabo. Si hoy quisi\u00e9ramos hacerlo, y no hay una decisi\u00f3n pol\u00edtica, la construcci\u00f3n de un transformador te demanda entre uno y dos a\u00f1os. Estando la decisi\u00f3n pol\u00edtica se puede lograr ubicar un transformador ya funcionando. Necesitamos esa decisi\u00f3n pol\u00edtica para resolver el tema lo antes posible por que sino es dif\u00edcil pensar en un desarrollo\u00bb<\/p>\n<p>\u00abAdem\u00e1s se acerca la temporada estival y este a\u00f1o con mas raz\u00f3n tendremos necesidad ante mayores consumos\u00bb a\u00f1adi\u00f3 Bordoni,<\/p>\n<p><strong>Respecto a su paso al Massismo<\/strong><\/p>\n<p>\u00abYo sigo trabajando de la misma forma con el gobierno provincial y nacional mas all\u00e1 del anuncio de haber dejado cambiemos\u00bb dijo Bordoni al ser consultado sobre la actual relaci\u00f3n con el massismo.<\/p>\n<p>El Intendente del distrito de Tornquist confirm\u00f3 que el d\u00eda 5 de octubre tiene prevista una reuni\u00f3n con el Gobernador de la Provincia de Buenos Aires Axel Kicilof.<\/p>\n<p>\u00abMas all\u00e1 del color pol\u00edtico se sigue trabajando de la misma manera que antes del anuncio que yo est\u00e9 en otro lugar . Lo imjportante es seguir gestionando cosas para Tornquist que es lo \u00fanico que me mueve en este momento y poder realizar obras para que la gente est\u00e9 mejor\u00bb se\u00f1al\u00f3 Bordoni.<\/p>\n<p><strong>Situaci\u00f3n econ\u00f3mica del Municipio<\/strong><\/p>\n<p>\u00abLa situaci\u00f3n econ\u00f3mica del Municipio es inc\u00f3moda pero no desesperante. Estamos haciendo lo posible para subsistir como todos los municipios de la Provincia de Buenos Aires\u00bb<\/p>\n<p>\u00abHacemos lo imposible para cumplir con los proveedores, el tema salud no est\u00e1 llevando mucho dinero y es entendible que hoy se vuelque la mayor\u00eda del presupuesto municipal a lo que es salud\u00bb cerro Sergio Bordoni.<\/p>\n<p><iframe loading=\"lazy\" src=\"https:\/\/www.youtube.com\/embed\/xtSYR6mrvxs\" width=\"560\" height=\"315\" frameborder=\"0\" allowfullscreen=\"allowfullscreen\"><\/iframe><\/p>\n","protected":false},"excerpt":{"rendered":"<p>El Intendente de Tornquist di\u00f3 un amplio informe en el canal de TV de la ciudad cabecera durante el d\u00eda de ayer informando de gestiones, el avance de proyectos y la actualidad econ\u00f3mica y pol\u00edtica del muncipio.<\/p>\n","protected":false},"author":3,"featured_media":0,"comment_status":"closed","ping_status":"open","sticky":false,"template":"","format":"standard","meta":{"footnotes":""},"categories":[24],"tags":[],"class_list":["post-47493","post","type-post","status-publish","format-standard","hentry","category-politica"],"yoast_head":"<!-- This site is optimized with the Yoast SEO plugin v25.9 - https:\/\/yoast.com\/wordpress\/plugins\/seo\/ -->\n<title>Bordoni: Proyectos, gestiones, econom\u00eda y actualidad pol\u00edtica - Noticias Radio Reflejos<\/title>\n<meta name=\"robots\" content=\"index, follow, max-snippet:-1, max-image-preview:large, max-video-preview:-1\" \/>\n<link rel=\"canonical\" href=\"https:\/\/www.noticiasradioreflejos.com.ar\/2021\/bordoni-proyectos-gestiones-economia-y-actualidad-politica\/\" \/>\n<meta property=\"og:locale\" content=\"es_ES\" \/>\n<meta property=\"og:type\" content=\"article\" \/>\n<meta property=\"og:title\" content=\"Bordoni: Proyectos, gestiones, econom\u00eda y actualidad pol\u00edtica - Noticias Radio Reflejos\" \/>\n<meta property=\"og:description\" content=\"El Intendente de Tornquist di\u00f3 un amplio informe en el canal de TV de la ciudad cabecera durante el d\u00eda de ayer informando de gestiones, el avance de proyectos y la actualidad econ\u00f3mica y pol\u00edtica del muncipio.\" \/>\n<meta property=\"og:url\" content=\"https:\/\/www.noticiasradioreflejos.com.ar\/2021\/bordoni-proyectos-gestiones-economia-y-actualidad-politica\/\" \/>\n<meta property=\"og:site_name\" content=\"Noticias Radio Reflejos\" \/>\n<meta property=\"article:published_time\" content=\"2020-10-01T11:45:41+00:00\" \/>\n<meta property=\"og:image\" content=\"https:\/\/www.noticiasradioreflejos.com.ar\/2021\/wp-content\/uploads\/2021\/07\/logosol300x200.png\" \/>\n\t<meta property=\"og:image:width\" content=\"300\" \/>\n\t<meta property=\"og:image:height\" content=\"200\" \/>\n\t<meta property=\"og:image:type\" content=\"image\/png\" \/>\n<meta name=\"author\" content=\"Arnaldo Botto\" \/>\n<meta name=\"twitter:card\" content=\"summary_large_image\" \/>\n<script type=\"application\/ld+json\" class=\"yoast-schema-graph\">{\"@context\":\"https:\/\/schema.org\",\"@graph\":[{\"@type\":\"WebPage\",\"@id\":\"https:\/\/www.noticiasradioreflejos.com.ar\/2021\/bordoni-proyectos-gestiones-economia-y-actualidad-politica\/\",\"url\":\"https:\/\/www.noticiasradioreflejos.com.ar\/2021\/bordoni-proyectos-gestiones-economia-y-actualidad-politica\/\",\"name\":\"Bordoni: Proyectos, gestiones, econom\u00eda y actualidad pol\u00edtica - Noticias Radio Reflejos\",\"isPartOf\":{\"@id\":\"https:\/\/www.noticiasradioreflejos.com.ar\/2021\/#website\"},\"datePublished\":\"2020-10-01T11:45:41+00:00\",\"author\":{\"@id\":\"https:\/\/www.noticiasradioreflejos.com.ar\/2021\/#\/schema\/person\/ad82545263dcc5ec0996818884fd5fb1\"},\"breadcrumb\":{\"@id\":\"https:\/\/www.noticiasradioreflejos.com.ar\/2021\/bordoni-proyectos-gestiones-economia-y-actualidad-politica\/#breadcrumb\"},\"inLanguage\":\"es\",\"potentialAction\":[{\"@type\":\"ReadAction\",\"target\":[\"https:\/\/www.noticiasradioreflejos.com.ar\/2021\/bordoni-proyectos-gestiones-economia-y-actualidad-politica\/\"]}]},{\"@type\":\"BreadcrumbList\",\"@id\":\"https:\/\/www.noticiasradioreflejos.com.ar\/2021\/bordoni-proyectos-gestiones-economia-y-actualidad-politica\/#breadcrumb\",\"itemListElement\":[{\"@type\":\"ListItem\",\"position\":1,\"name\":\"Portada\",\"item\":\"https:\/\/www.noticiasradioreflejos.com.ar\/2021\/\"},{\"@type\":\"ListItem\",\"position\":2,\"name\":\"Bordoni: Proyectos, gestiones, econom\u00eda y actualidad pol\u00edtica\"}]},{\"@type\":\"WebSite\",\"@id\":\"https:\/\/www.noticiasradioreflejos.com.ar\/2021\/#website\",\"url\":\"https:\/\/www.noticiasradioreflejos.com.ar\/2021\/\",\"name\":\"Noticias Radio Reflejos\",\"description\":\"Las noticias de mi comarca\",\"potentialAction\":[{\"@type\":\"SearchAction\",\"target\":{\"@type\":\"EntryPoint\",\"urlTemplate\":\"https:\/\/www.noticiasradioreflejos.com.ar\/2021\/?s={search_term_string}\"},\"query-input\":{\"@type\":\"PropertyValueSpecification\",\"valueRequired\":true,\"valueName\":\"search_term_string\"}}],\"inLanguage\":\"es\"},{\"@type\":\"Person\",\"@id\":\"https:\/\/www.noticiasradioreflejos.com.ar\/2021\/#\/schema\/person\/ad82545263dcc5ec0996818884fd5fb1\",\"name\":\"Arnaldo Botto\",\"image\":{\"@type\":\"ImageObject\",\"inLanguage\":\"es\",\"@id\":\"https:\/\/www.noticiasradioreflejos.com.ar\/2021\/#\/schema\/person\/image\/\",\"url\":\"https:\/\/secure.gravatar.com\/avatar\/55cb5e37c1efa326397366e6974cb338056df65cb50e7d64d1cf314e87504837?s=96&d=mm&r=g\",\"contentUrl\":\"https:\/\/secure.gravatar.com\/avatar\/55cb5e37c1efa326397366e6974cb338056df65cb50e7d64d1cf314e87504837?s=96&d=mm&r=g\",\"caption\":\"Arnaldo Botto\"},\"url\":\"https:\/\/www.noticiasradioreflejos.com.ar\/2021\/author\/arnaldo\/\"}]}<\/script>\n<!-- \/ Yoast SEO plugin. -->","yoast_head_json":{"title":"Bordoni: Proyectos, gestiones, econom\u00eda y actualidad pol\u00edtica - Noticias Radio Reflejos","robots":{"index":"index","follow":"follow","max-snippet":"max-snippet:-1","max-image-preview":"max-image-preview:large","max-video-preview":"max-video-preview:-1"},"canonical":"https:\/\/www.noticiasradioreflejos.com.ar\/2021\/bordoni-proyectos-gestiones-economia-y-actualidad-politica\/","og_locale":"es_ES","og_type":"article","og_title":"Bordoni: Proyectos, gestiones, econom\u00eda y actualidad pol\u00edtica - Noticias Radio Reflejos","og_description":"El Intendente de Tornquist di\u00f3 un amplio informe en el canal de TV de la ciudad cabecera durante el d\u00eda de ayer informando de gestiones, el avance de proyectos y la actualidad econ\u00f3mica y pol\u00edtica del muncipio.","og_url":"https:\/\/www.noticiasradioreflejos.com.ar\/2021\/bordoni-proyectos-gestiones-economia-y-actualidad-politica\/","og_site_name":"Noticias Radio Reflejos","article_published_time":"2020-10-01T11:45:41+00:00","og_image":[{"width":300,"height":200,"url":"https:\/\/www.noticiasradioreflejos.com.ar\/2021\/wp-content\/uploads\/2021\/07\/logosol300x200.png","type":"image\/png"}],"author":"Arnaldo Botto","twitter_card":"summary_large_image","schema":{"@context":"https:\/\/schema.org","@graph":[{"@type":"WebPage","@id":"https:\/\/www.noticiasradioreflejos.com.ar\/2021\/bordoni-proyectos-gestiones-economia-y-actualidad-politica\/","url":"https:\/\/www.noticiasradioreflejos.com.ar\/2021\/bordoni-proyectos-gestiones-economia-y-actualidad-politica\/","name":"Bordoni: Proyectos, gestiones, econom\u00eda y actualidad pol\u00edtica - Noticias Radio Reflejos","isPartOf":{"@id":"https:\/\/www.noticiasradioreflejos.com.ar\/2021\/#website"},"datePublished":"2020-10-01T11:45:41+00:00","author":{"@id":"https:\/\/www.noticiasradioreflejos.com.ar\/2021\/#\/schema\/person\/ad82545263dcc5ec0996818884fd5fb1"},"breadcrumb":{"@id":"https:\/\/www.noticiasradioreflejos.com.ar\/2021\/bordoni-proyectos-gestiones-economia-y-actualidad-politica\/#breadcrumb"},"inLanguage":"es","potentialAction":[{"@type":"ReadAction","target":["https:\/\/www.noticiasradioreflejos.com.ar\/2021\/bordoni-proyectos-gestiones-economia-y-actualidad-politica\/"]}]},{"@type":"BreadcrumbList","@id":"https:\/\/www.noticiasradioreflejos.com.ar\/2021\/bordoni-proyectos-gestiones-economia-y-actualidad-politica\/#breadcrumb","itemListElement":[{"@type":"ListItem","position":1,"name":"Portada","item":"https:\/\/www.noticiasradioreflejos.com.ar\/2021\/"},{"@type":"ListItem","position":2,"name":"Bordoni: Proyectos, gestiones, econom\u00eda y actualidad pol\u00edtica"}]},{"@type":"WebSite","@id":"https:\/\/www.noticiasradioreflejos.com.ar\/2021\/#website","url":"https:\/\/www.noticiasradioreflejos.com.ar\/2021\/","name":"Noticias Radio Reflejos","description":"Las noticias de mi comarca","potentialAction":[{"@type":"SearchAction","target":{"@type":"EntryPoint","urlTemplate":"https:\/\/www.noticiasradioreflejos.com.ar\/2021\/?s={search_term_string}"},"query-input":{"@type":"PropertyValueSpecification","valueRequired":true,"valueName":"search_term_string"}}],"inLanguage":"es"},{"@type":"Person","@id":"https:\/\/www.noticiasradioreflejos.com.ar\/2021\/#\/schema\/person\/ad82545263dcc5ec0996818884fd5fb1","name":"Arnaldo Botto","image":{"@type":"ImageObject","inLanguage":"es","@id":"https:\/\/www.noticiasradioreflejos.com.ar\/2021\/#\/schema\/person\/image\/","url":"https:\/\/secure.gravatar.com\/avatar\/55cb5e37c1efa326397366e6974cb338056df65cb50e7d64d1cf314e87504837?s=96&d=mm&r=g","contentUrl":"https:\/\/secure.gravatar.com\/avatar\/55cb5e37c1efa326397366e6974cb338056df65cb50e7d64d1cf314e87504837?s=96&d=mm&r=g","caption":"Arnaldo Botto"},"url":"https:\/\/www.noticiasradioreflejos.com.ar\/2021\/author\/arnaldo\/"}]}},"_links":{"self":[{"href":"https:\/\/www.noticiasradioreflejos.com.ar\/2021\/wp-json\/wp\/v2\/posts\/47493","targetHints":{"allow":["GET"]}}],"collection":[{"href":"https:\/\/www.noticiasradioreflejos.com.ar\/2021\/wp-json\/wp\/v2\/posts"}],"about":[{"href":"https:\/\/www.noticiasradioreflejos.com.ar\/2021\/wp-json\/wp\/v2\/types\/post"}],"author":[{"embeddable":true,"href":"https:\/\/www.noticiasradioreflejos.com.ar\/2021\/wp-json\/wp\/v2\/users\/3"}],"replies":[{"embeddable":true,"href":"https:\/\/www.noticiasradioreflejos.com.ar\/2021\/wp-json\/wp\/v2\/comments?post=47493"}],"version-history":[{"count":0,"href":"https:\/\/www.noticiasradioreflejos.com.ar\/2021\/wp-json\/wp\/v2\/posts\/47493\/revisions"}],"wp:attachment":[{"href":"https:\/\/www.noticiasradioreflejos.com.ar\/2021\/wp-json\/wp\/v2\/media?parent=47493"}],"wp:term":[{"taxonomy":"category","embeddable":true,"href":"https:\/\/www.noticiasradioreflejos.com.ar\/2021\/wp-json\/wp\/v2\/categories?post=47493"},{"taxonomy":"post_tag","embeddable":true,"href":"https:\/\/www.noticiasradioreflejos.com.ar\/2021\/wp-json\/wp\/v2\/tags?post=47493"}],"curies":[{"name":"wp","href":"https:\/\/api.w.org\/{rel}","templated":true}]}}