{"id":47484,"date":"2020-10-01T08:00:33","date_gmt":"2020-10-01T11:00:33","guid":{"rendered":"http:\/\/www.noticiasradioreflejos.com.ar\/noticias\/?p=47484"},"modified":"2020-10-01T08:00:33","modified_gmt":"2020-10-01T11:00:33","slug":"el-gobierno-extendio-los-creditos-a-tasa-0-para-monotributistas-y-autonomos","status":"publish","type":"post","link":"https:\/\/www.noticiasradioreflejos.com.ar\/2021\/el-gobierno-extendio-los-creditos-a-tasa-0-para-monotributistas-y-autonomos\/","title":{"rendered":"El Gobierno extendi\u00f3 los cr\u00e9ditos a tasa 0 para monotributistas y aut\u00f3nomos"},"content":{"rendered":"<p>El jefe de Gabinete de Ministros de la Naci\u00f3n, Santiago Cafiero, encabez\u00f3 esta ma\u00f1ana una nueva reuni\u00f3n del Gabinete Econ\u00f3mico en el Sal\u00f3n de los Cient\u00edficos de la Casa Rosada, donde se resolvi\u00f3 la extensi\u00f3n de los cr\u00e9ditos a tasa 0 para monotributistas y aut\u00f3nomos.<!--more--><br \/>\nEl Gobierno resolvi\u00f3 hoy la extensi\u00f3n de los cr\u00e9ditos a tasa 0 para monotributistas y aut\u00f3nomos hasta el 31 de octubre, y lo mismo ocurrir\u00e1 para la misma l\u00ednea destinada al sector de cultura pero con vigencia hasta el 31 de diciembre, de acuerdo a lo que se defini\u00f3 en el encuentro de gabinete econ\u00f3mico.<\/p>\n<p>La reuni\u00f3n que encabez\u00f3 en la Casa Rosada el jefe de Gabinete, Santiago Cafiero, tambi\u00e9n permiti\u00f3 repasar que en el programa de Asistencia al Trabajo y la Producci\u00f3n (ATP) se inscribieron hasta el momento 135.758 empresas para ser alcanzadas por el beneficio en la sexta ronda que se har\u00e1 efectiva en octubre.<\/p>\n<p>De la reuni\u00f3n tomaron parte los ministros de Econom\u00eda, Mart\u00edn Guzm\u00e1n; de Trabajo, Claudio Moroni; de Desarrollo Productivo, Mat\u00edas Kulfas; Mujeres, G\u00e9neros y Diversidad, Elizabeth G\u00f3mez Alcorta; la titular de la AFIP, Mercedes Marc\u00f3 del Pont; y la vicejefa de Gabinete, Cecilia Todesca Bocco.<\/p>\n<p>El habitual encuentro de funcionarios del gabinete econ\u00f3mico, que se realiz\u00f3 en el Sal\u00f3n de los Cient\u00edficos de la sede gubernamental, resolvi\u00f3 la extensi\u00f3n de los cr\u00e9ditos a tasa 0 para monotributistas y aut\u00f3nomos hasta el 31 de octubre pr\u00f3ximo, se inform\u00f3 oficialmente esta tarde.<\/p>\n<p>Estos pr\u00e9stamos permitieron asistir a m\u00e1s de 640.000 trabajadores independientes por un monto total mayor a $68.600 millones.<\/p>\n<p>En la reuni\u00f3n tambi\u00e9n se resolvi\u00f3 la continuidad hasta el 31 de diciembre de este a\u00f1o de los cr\u00e9ditos a tasa 0 destinados al sector de cultura, particularmente afectado por las medidas de aislamiento y distanciamiento social.<\/p>\n<p>Con respecto al programa ATP, la AFIP inform\u00f3 que 135.758 empresas se inscribieron hasta el momento en la sexta ronda del programa, lo que representa un universo de 1.524.423 trabajadores.<\/p>\n<p>Tambi\u00e9n se ratific\u00f3 que la inscripci\u00f3n para el ATP 6 continuar\u00e1 abierta hasta el viernes 2 de octubre.<\/p>\n<p>Del total de empresas que han solicitado la asistencia, se registraron 83.729 con facturaci\u00f3n negativa con una n\u00f3mina de trabajadores de 1.014.383, en tanto, las que ya registran variaciones nominales positivas en la facturaci\u00f3n y han aplicado al cr\u00e9dito para pago de salarios son 29.864, con un universo de empleados de 310.484.<\/p>\n<p>Tambi\u00e9n se subray\u00f3 que el Estado argentino lleva invertidos cerca de $ 194.000 millones en el ATP para sostener los puestos de trabajo del sector privado.<\/p>\n<p>El programa de asistencia prev\u00e9 que aquellos empleadores con una variaci\u00f3n nominal negativa en su facturaci\u00f3n entre agosto de 2020 y de 2019 accedan al salario complementario, equivalente al 50% del salario neto.<\/p>\n<p>Por su parte, las firmas que presenten una variaci\u00f3n nominal positiva en su facturaci\u00f3n de entre 0% y 40% podr\u00e1n solicitar un cr\u00e9dito a tasa subsidiada, cuya tasa de inter\u00e9s ser\u00e1 en todos los casos del 15%.<\/p>\n<p>A fines de la semana pasada, el Gobierno declar\u00f3 15 nuevos sectores como cr\u00edticos, y los incluy\u00f3 en el Programa ATP,.<\/p>\n<p>Asimismo, se adoptaron las recomendaciones del Acta 21 del Comit\u00e9 de Evaluaci\u00f3n y Monitoreo del ATP, que destac\u00f3 la necesidad de incrementar el actual piso de un salario m\u00ednimo, vital y m\u00f3vil (SMVM), equivalente a $ 16.875; a 1,25 SMVM, es decir, $ 21.093,75; para otorgar el beneficio de salario complementario.<\/p>\n<p>En esta reuni\u00f3n del gabinete econ\u00f3mico se cont\u00f3 con la presencia de la ministra G\u00f3mez Alcorta, que expuso los contenidos del Programa Nacional \u00abIgualar\u00bb, cuyo objetivo central es avanzar en la igualdad de g\u00e9nero en el mundo del trabajo y la producci\u00f3n.<\/p>\n<p>Las distintas iniciativas del programa est\u00e1n dise\u00f1adas para poder colaborar con las empresas, el sector p\u00fablico, los sindicatos y la econom\u00eda popular para poder incrementar la participaci\u00f3n de las mujeres y personas LGBTI+ en el mundo del trabajo en condiciones de igualdad.<\/p>\n<p>Al respecto, G\u00f3mez Alcorta subray\u00f3 la importancia que tiene el programa, ya que \u201ctrabaja centralmente para generar pol\u00edticas que achiquen las brechas de desigualdad en el mundo del trabajo, el empleo y la producci\u00f3n\u201d.<\/p>\n<p>La funcionaria explic\u00f3 que \u201chay desigualdades en t\u00e9rminos del acceso al mundo del trabajo y las mujeres somos las m\u00e1s desempleadas, las m\u00e1s precarizadas\u201d y detall\u00f3 que se trabaja con todos los ministerios \u201cpara que las pol\u00edticas de salida de la pandemia tengan perspectiva de g\u00e9nero\u00bb.<\/p>\n<p>(Telam)<\/p>\n","protected":false},"excerpt":{"rendered":"<p>El jefe de Gabinete de Ministros de la Naci\u00f3n, Santiago Cafiero, encabez\u00f3 esta ma\u00f1ana una nueva reuni\u00f3n del Gabinete Econ\u00f3mico en el Sal\u00f3n de los Cient\u00edficos de la Casa Rosada, donde se resolvi\u00f3 la extensi\u00f3n de los cr\u00e9ditos a tasa 0 para monotributistas y aut\u00f3nomos.<\/p>\n","protected":false},"author":3,"featured_media":0,"comment_status":"closed","ping_status":"open","sticky":false,"template":"","format":"standard","meta":{"footnotes":""},"categories":[36],"tags":[],"class_list":["post-47484","post","type-post","status-publish","format-standard","hentry","category-economia"],"yoast_head":"<!-- This site is optimized with the Yoast SEO plugin v25.9 - https:\/\/yoast.com\/wordpress\/plugins\/seo\/ -->\n<title>El Gobierno extendi\u00f3 los cr\u00e9ditos a tasa 0 para monotributistas y aut\u00f3nomos - Noticias Radio Reflejos<\/title>\n<meta name=\"robots\" content=\"index, follow, max-snippet:-1, max-image-preview:large, max-video-preview:-1\" \/>\n<link rel=\"canonical\" href=\"https:\/\/www.noticiasradioreflejos.com.ar\/2021\/el-gobierno-extendio-los-creditos-a-tasa-0-para-monotributistas-y-autonomos\/\" \/>\n<meta property=\"og:locale\" content=\"es_ES\" \/>\n<meta property=\"og:type\" content=\"article\" \/>\n<meta property=\"og:title\" content=\"El Gobierno extendi\u00f3 los cr\u00e9ditos a tasa 0 para monotributistas y aut\u00f3nomos - Noticias Radio Reflejos\" \/>\n<meta property=\"og:description\" content=\"El jefe de Gabinete de Ministros de la Naci\u00f3n, Santiago Cafiero, encabez\u00f3 esta ma\u00f1ana una nueva reuni\u00f3n del Gabinete Econ\u00f3mico en el Sal\u00f3n de los Cient\u00edficos de la Casa Rosada, donde se resolvi\u00f3 la extensi\u00f3n de los cr\u00e9ditos a tasa 0 para monotributistas y aut\u00f3nomos.\" \/>\n<meta property=\"og:url\" content=\"https:\/\/www.noticiasradioreflejos.com.ar\/2021\/el-gobierno-extendio-los-creditos-a-tasa-0-para-monotributistas-y-autonomos\/\" \/>\n<meta property=\"og:site_name\" content=\"Noticias Radio Reflejos\" \/>\n<meta property=\"article:published_time\" content=\"2020-10-01T11:00:33+00:00\" \/>\n<meta property=\"og:image\" content=\"https:\/\/www.noticiasradioreflejos.com.ar\/2021\/wp-content\/uploads\/2021\/07\/logosol300x200.png\" \/>\n\t<meta property=\"og:image:width\" content=\"300\" \/>\n\t<meta property=\"og:image:height\" content=\"200\" \/>\n\t<meta property=\"og:image:type\" content=\"image\/png\" \/>\n<meta name=\"author\" content=\"Arnaldo Botto\" \/>\n<meta name=\"twitter:card\" content=\"summary_large_image\" \/>\n<script type=\"application\/ld+json\" class=\"yoast-schema-graph\">{\"@context\":\"https:\/\/schema.org\",\"@graph\":[{\"@type\":\"WebPage\",\"@id\":\"https:\/\/www.noticiasradioreflejos.com.ar\/2021\/el-gobierno-extendio-los-creditos-a-tasa-0-para-monotributistas-y-autonomos\/\",\"url\":\"https:\/\/www.noticiasradioreflejos.com.ar\/2021\/el-gobierno-extendio-los-creditos-a-tasa-0-para-monotributistas-y-autonomos\/\",\"name\":\"El Gobierno extendi\u00f3 los cr\u00e9ditos a tasa 0 para monotributistas y aut\u00f3nomos - Noticias Radio Reflejos\",\"isPartOf\":{\"@id\":\"https:\/\/www.noticiasradioreflejos.com.ar\/2021\/#website\"},\"datePublished\":\"2020-10-01T11:00:33+00:00\",\"author\":{\"@id\":\"https:\/\/www.noticiasradioreflejos.com.ar\/2021\/#\/schema\/person\/ad82545263dcc5ec0996818884fd5fb1\"},\"breadcrumb\":{\"@id\":\"https:\/\/www.noticiasradioreflejos.com.ar\/2021\/el-gobierno-extendio-los-creditos-a-tasa-0-para-monotributistas-y-autonomos\/#breadcrumb\"},\"inLanguage\":\"es\",\"potentialAction\":[{\"@type\":\"ReadAction\",\"target\":[\"https:\/\/www.noticiasradioreflejos.com.ar\/2021\/el-gobierno-extendio-los-creditos-a-tasa-0-para-monotributistas-y-autonomos\/\"]}]},{\"@type\":\"BreadcrumbList\",\"@id\":\"https:\/\/www.noticiasradioreflejos.com.ar\/2021\/el-gobierno-extendio-los-creditos-a-tasa-0-para-monotributistas-y-autonomos\/#breadcrumb\",\"itemListElement\":[{\"@type\":\"ListItem\",\"position\":1,\"name\":\"Portada\",\"item\":\"https:\/\/www.noticiasradioreflejos.com.ar\/2021\/\"},{\"@type\":\"ListItem\",\"position\":2,\"name\":\"El Gobierno extendi\u00f3 los cr\u00e9ditos a tasa 0 para monotributistas y aut\u00f3nomos\"}]},{\"@type\":\"WebSite\",\"@id\":\"https:\/\/www.noticiasradioreflejos.com.ar\/2021\/#website\",\"url\":\"https:\/\/www.noticiasradioreflejos.com.ar\/2021\/\",\"name\":\"Noticias Radio Reflejos\",\"description\":\"Las noticias de mi comarca\",\"potentialAction\":[{\"@type\":\"SearchAction\",\"target\":{\"@type\":\"EntryPoint\",\"urlTemplate\":\"https:\/\/www.noticiasradioreflejos.com.ar\/2021\/?s={search_term_string}\"},\"query-input\":{\"@type\":\"PropertyValueSpecification\",\"valueRequired\":true,\"valueName\":\"search_term_string\"}}],\"inLanguage\":\"es\"},{\"@type\":\"Person\",\"@id\":\"https:\/\/www.noticiasradioreflejos.com.ar\/2021\/#\/schema\/person\/ad82545263dcc5ec0996818884fd5fb1\",\"name\":\"Arnaldo Botto\",\"image\":{\"@type\":\"ImageObject\",\"inLanguage\":\"es\",\"@id\":\"https:\/\/www.noticiasradioreflejos.com.ar\/2021\/#\/schema\/person\/image\/\",\"url\":\"https:\/\/secure.gravatar.com\/avatar\/55cb5e37c1efa326397366e6974cb338056df65cb50e7d64d1cf314e87504837?s=96&d=mm&r=g\",\"contentUrl\":\"https:\/\/secure.gravatar.com\/avatar\/55cb5e37c1efa326397366e6974cb338056df65cb50e7d64d1cf314e87504837?s=96&d=mm&r=g\",\"caption\":\"Arnaldo Botto\"},\"url\":\"https:\/\/www.noticiasradioreflejos.com.ar\/2021\/author\/arnaldo\/\"}]}<\/script>\n<!-- \/ Yoast SEO plugin. -->","yoast_head_json":{"title":"El Gobierno extendi\u00f3 los cr\u00e9ditos a tasa 0 para monotributistas y aut\u00f3nomos - Noticias Radio Reflejos","robots":{"index":"index","follow":"follow","max-snippet":"max-snippet:-1","max-image-preview":"max-image-preview:large","max-video-preview":"max-video-preview:-1"},"canonical":"https:\/\/www.noticiasradioreflejos.com.ar\/2021\/el-gobierno-extendio-los-creditos-a-tasa-0-para-monotributistas-y-autonomos\/","og_locale":"es_ES","og_type":"article","og_title":"El Gobierno extendi\u00f3 los cr\u00e9ditos a tasa 0 para monotributistas y aut\u00f3nomos - Noticias Radio Reflejos","og_description":"El jefe de Gabinete de Ministros de la Naci\u00f3n, Santiago Cafiero, encabez\u00f3 esta ma\u00f1ana una nueva reuni\u00f3n del Gabinete Econ\u00f3mico en el Sal\u00f3n de los Cient\u00edficos de la Casa Rosada, donde se resolvi\u00f3 la extensi\u00f3n de los cr\u00e9ditos a tasa 0 para monotributistas y aut\u00f3nomos.","og_url":"https:\/\/www.noticiasradioreflejos.com.ar\/2021\/el-gobierno-extendio-los-creditos-a-tasa-0-para-monotributistas-y-autonomos\/","og_site_name":"Noticias Radio Reflejos","article_published_time":"2020-10-01T11:00:33+00:00","og_image":[{"width":300,"height":200,"url":"https:\/\/www.noticiasradioreflejos.com.ar\/2021\/wp-content\/uploads\/2021\/07\/logosol300x200.png","type":"image\/png"}],"author":"Arnaldo Botto","twitter_card":"summary_large_image","schema":{"@context":"https:\/\/schema.org","@graph":[{"@type":"WebPage","@id":"https:\/\/www.noticiasradioreflejos.com.ar\/2021\/el-gobierno-extendio-los-creditos-a-tasa-0-para-monotributistas-y-autonomos\/","url":"https:\/\/www.noticiasradioreflejos.com.ar\/2021\/el-gobierno-extendio-los-creditos-a-tasa-0-para-monotributistas-y-autonomos\/","name":"El Gobierno extendi\u00f3 los cr\u00e9ditos a tasa 0 para monotributistas y aut\u00f3nomos - Noticias Radio Reflejos","isPartOf":{"@id":"https:\/\/www.noticiasradioreflejos.com.ar\/2021\/#website"},"datePublished":"2020-10-01T11:00:33+00:00","author":{"@id":"https:\/\/www.noticiasradioreflejos.com.ar\/2021\/#\/schema\/person\/ad82545263dcc5ec0996818884fd5fb1"},"breadcrumb":{"@id":"https:\/\/www.noticiasradioreflejos.com.ar\/2021\/el-gobierno-extendio-los-creditos-a-tasa-0-para-monotributistas-y-autonomos\/#breadcrumb"},"inLanguage":"es","potentialAction":[{"@type":"ReadAction","target":["https:\/\/www.noticiasradioreflejos.com.ar\/2021\/el-gobierno-extendio-los-creditos-a-tasa-0-para-monotributistas-y-autonomos\/"]}]},{"@type":"BreadcrumbList","@id":"https:\/\/www.noticiasradioreflejos.com.ar\/2021\/el-gobierno-extendio-los-creditos-a-tasa-0-para-monotributistas-y-autonomos\/#breadcrumb","itemListElement":[{"@type":"ListItem","position":1,"name":"Portada","item":"https:\/\/www.noticiasradioreflejos.com.ar\/2021\/"},{"@type":"ListItem","position":2,"name":"El Gobierno extendi\u00f3 los cr\u00e9ditos a tasa 0 para monotributistas y aut\u00f3nomos"}]},{"@type":"WebSite","@id":"https:\/\/www.noticiasradioreflejos.com.ar\/2021\/#website","url":"https:\/\/www.noticiasradioreflejos.com.ar\/2021\/","name":"Noticias Radio Reflejos","description":"Las noticias de mi comarca","potentialAction":[{"@type":"SearchAction","target":{"@type":"EntryPoint","urlTemplate":"https:\/\/www.noticiasradioreflejos.com.ar\/2021\/?s={search_term_string}"},"query-input":{"@type":"PropertyValueSpecification","valueRequired":true,"valueName":"search_term_string"}}],"inLanguage":"es"},{"@type":"Person","@id":"https:\/\/www.noticiasradioreflejos.com.ar\/2021\/#\/schema\/person\/ad82545263dcc5ec0996818884fd5fb1","name":"Arnaldo Botto","image":{"@type":"ImageObject","inLanguage":"es","@id":"https:\/\/www.noticiasradioreflejos.com.ar\/2021\/#\/schema\/person\/image\/","url":"https:\/\/secure.gravatar.com\/avatar\/55cb5e37c1efa326397366e6974cb338056df65cb50e7d64d1cf314e87504837?s=96&d=mm&r=g","contentUrl":"https:\/\/secure.gravatar.com\/avatar\/55cb5e37c1efa326397366e6974cb338056df65cb50e7d64d1cf314e87504837?s=96&d=mm&r=g","caption":"Arnaldo Botto"},"url":"https:\/\/www.noticiasradioreflejos.com.ar\/2021\/author\/arnaldo\/"}]}},"_links":{"self":[{"href":"https:\/\/www.noticiasradioreflejos.com.ar\/2021\/wp-json\/wp\/v2\/posts\/47484","targetHints":{"allow":["GET"]}}],"collection":[{"href":"https:\/\/www.noticiasradioreflejos.com.ar\/2021\/wp-json\/wp\/v2\/posts"}],"about":[{"href":"https:\/\/www.noticiasradioreflejos.com.ar\/2021\/wp-json\/wp\/v2\/types\/post"}],"author":[{"embeddable":true,"href":"https:\/\/www.noticiasradioreflejos.com.ar\/2021\/wp-json\/wp\/v2\/users\/3"}],"replies":[{"embeddable":true,"href":"https:\/\/www.noticiasradioreflejos.com.ar\/2021\/wp-json\/wp\/v2\/comments?post=47484"}],"version-history":[{"count":0,"href":"https:\/\/www.noticiasradioreflejos.com.ar\/2021\/wp-json\/wp\/v2\/posts\/47484\/revisions"}],"wp:attachment":[{"href":"https:\/\/www.noticiasradioreflejos.com.ar\/2021\/wp-json\/wp\/v2\/media?parent=47484"}],"wp:term":[{"taxonomy":"category","embeddable":true,"href":"https:\/\/www.noticiasradioreflejos.com.ar\/2021\/wp-json\/wp\/v2\/categories?post=47484"},{"taxonomy":"post_tag","embeddable":true,"href":"https:\/\/www.noticiasradioreflejos.com.ar\/2021\/wp-json\/wp\/v2\/tags?post=47484"}],"curies":[{"name":"wp","href":"https:\/\/api.w.org\/{rel}","templated":true}]}}