{"id":4748,"date":"2016-12-14T11:22:47","date_gmt":"2016-12-14T11:22:47","guid":{"rendered":"http:\/\/noticiasradioreflejos.com.ar\/noticias\/?p=4748"},"modified":"2016-12-14T11:22:47","modified_gmt":"2016-12-14T11:22:47","slug":"informe-de-sesion-del-concejo-deliberante","status":"publish","type":"post","link":"https:\/\/www.noticiasradioreflejos.com.ar\/2021\/informe-de-sesion-del-concejo-deliberante\/","title":{"rendered":"Informe de Sesi\u00f3n del Concejo Deliberante"},"content":{"rendered":"<p><a title=\"P1060507\" href=\"http:\/\/farm1.staticflickr.com\/330\/30797088984_2d80a6dc6a_z.jpg\" rel=\"\"><img loading=\"lazy\" decoding=\"async\" class=\"alignleft\" style=\"float: left;\" title=\"P1060507\" src=\"http:\/\/farm1.staticflickr.com\/330\/30797088984_2d80a6dc6a_z.jpg\" alt=\"P1060507\" width=\"355\" height=\"640\" \/><\/a>El Honorable Concejo Deliberante de Tornquist se reuni\u00f3 en sesi\u00f3n ordinaria el mi\u00e9rcoles 7 de diciembre pasado y se trat\u00f3 el siguiente orden del d\u00eda:<br \/>\nComunicaciones Oficiales y Dict\u00e1menes de las Comisiones<br \/>\nExpte. N\u00ba 4114-321\/16: &#8211; Regularizaci\u00f3n Dominial Municipal \u2013 Solicita regularizaci\u00f3n habitacional de la Pla. 10 \u2013 Mz. 121. \u201cTornquist 80 Viviendas Solidaridad\u201d.<br \/>\nPasa a las Comisiones de Obras P\u00fablicas, y Asuntos Municipales.<!--more--><br \/>\nExpte. N\u00ba 010\/08: &#8212; N.P. \u2013 Muscillo y Llanos: Solicitan regularizar situaci\u00f3n s\/adquisici\u00f3n lote municipal (Cuerpo I al IV).<br \/>\nPasa a las Comisiones de Obras P\u00fablicas y Asuntos Municipales.<br \/>\nExpte. N\u00ba 319\/15: &#8211; D.E. \u2013 Convalida La firma del Contrato de Comodato celebrado entre la Direcci\u00f3n de Prevenci\u00f3n del Delito Contra la Propiedad del Automotor y la Municipalidad.<br \/>\nPasa a las Comisiones de Asuntos Municipales, Obras P\u00fablicas, Interpretaci\u00f3n y Reglamento, y Presupuesto y Hacienda.<br \/>\nExpte. N\u00ba 317\/16: \u201cAmpliaci\u00f3n del C\u00e1lculo de Recursos y Presupuesto de Gastos \u2013 Ejercicio 2016\u201d.<br \/>\nPasa a las Comisiones de Presupuesto y Hacienda, Asuntos Municipales, e Interpretaci\u00f3n y Reglamento.<br \/>\nExpte. N\u00ba 357\/16: \u201cO.P. \u2013 \u201cBalc\u00f3n del Golf S.R.L. s\/solicitud estudio p\/aprobaci\u00f3n edilicia ampliaci\u00f3n de caba\u00f1as\u201d\u201d.<br \/>\nPasa a las Comisiones de Interpretaci\u00f3n y Reglamento, y Obras P\u00fablicas.<br \/>\nExpte. N\u00ba 361\/16: \u201cTurismo- Solicitud de Ordenanza regulaci\u00f3n de actividad guiada en cuatriciclos\u201d.<br \/>\nPasa a las Comisiones de Turismo y Desarrollo, Asuntos Municipales, e Interpretaci\u00f3n y Reglamento.<br \/>\nExpte. N\u00ba 373\/16: \u201cD.E. \u2013 C\u00f3digo Municipal Tributario 201\u201d..<br \/>\nPasa a las Comisiones de Interpretaci\u00f3n y Reglamento, y Presupuesto y Hacienda.<br \/>\nExpte. N\u00ba 374\/16: \u201cD.E. \u2013 C\u00e1lculo de Recursos y Presupuesto de Gastos \u2013 Ejercicio 2017\u201d.<br \/>\nPasa a las Comisiones de Presupuesto y Hacienda, Asuntos Municipales, e Interpretaci\u00f3n y Reglamento.<br \/>\nExpte. N\u00ba 391\/16: \u201cD.E. \u2013 Proyecto de Ordenanza: Autoriza al D.E. a otorgar la tenencia precaria de inmuebles en la ciudad de Tornquist y Saldungaray\u201d.<br \/>\nPasa a la Comisi\u00f3n de Obras P\u00fablicas.<br \/>\nExpte. N\u00ba 393\/16: \u201cA.L. \u2013 \u201cFrente para la Victoria solicita copia de las actuaciones legales de la recisi\u00f3n del Contrato \u201cUrbanismo y Construcciones S.A.\u201d\u201d.<br \/>\nPasa a las Comisiones de interpretaci\u00f3n y Reglamento, y Asuntos Municipales.<br \/>\nExpte. N\u00ba 394\/16: \u201cTurismo \u2013 Proyecto de Ordenanza: Alojamientos Tur\u00edsticos \u2013 Distrito de Tornquist\u201d.<br \/>\nPasa a las Comisiones de Turismo y Desarrollo, Producci\u00f3n, Comercio e Industria.<br \/>\nExpte. N\u00ba 6839\/16: \u201c Bloque Frente Renovador \u2013 Proyecto de Ordenanza: Ref. fiestas de car\u00e1cter privado que se realizan en el Distrito\u201d.<br \/>\nPasa a las Comisiones de Asuntos Municipales, y Producci\u00f3n, Comercio e Industria.<br \/>\nExpte. N\u00ba 6890\/16: \u201cBloques F.P.C. y S., Cambiemos Bs. As. y Corriente Renovadora- Proyecto de Ordenanza: Deroga la Ord. 15\/64 y crea el Bolet\u00edn Oficial Municipal\u201d.<br \/>\nPasa a las Comisiones de Interpretaci\u00f3n y Reglamento, y Asuntos Municipales.<br \/>\nExpte. N\u00ba 351\/16: &#8211; D.E. \u2013 Convalida la firma del Convenio celebrado entre el O.P.D.S. y el Municipio de Tornquist. P.P.E.T.<br \/>\nDe acuerdo al dictamen de las Comisiones de ASUNTOS MUNICIPALES, PRESUPUESTO Y HACIENDA E INTERPRETACI\u00d3N Y REGLAMENTO se aprueba por unanimidad la Ordenanza con el N\u00ba 2904\/16 por la que se convalida el Convenio celebrado entre el Organismo Provincial para el Desarrollo Sostenible de la Provincia de Buenos Aires y el Municipio de Tornquist, firmado por el Director Ejecutivo del Organismo, Dr. Ricardo Pagola por una parte, y la Municipalidad de Tornquist representada por su Intendente Municipal Sr. Sergio Bordoni, por la otra.-<br \/>\nPor el mismo, el O.P.D.S. se compromete a ceder al Municipio el 100% de los ingresos que perciba en la cuenta creada en el sistema RAFAM N\u00ba 12.9.08.00 denominada \u201cParque Provincial Ernesto Tornquist\u201d, por el cobro de derechos de entrada al citado parque exclusivamente. El Municipio se compromete a administrar dichos fondos y aplicarlos en la realizaci\u00f3n de acciones y obras que contribuyan a mejorar las instalaciones existentes y los servicios, debiendo efectuar la rendici\u00f3n de dichos gastos en forma anual al Honorable Concejo Deliberante antes del 31 de marzo de cada a\u00f1o;<br \/>\nExpte. N\u00ba 6828\/16: &#8211; Bloque F.P.V. \u2013 Proyecto de Ordenanza: Creaci\u00f3n en el Distrito de Tornquist de la Comisi\u00f3n Municipal de Box.<br \/>\nSe aprueba por unanimidad el dictamen de las Comisiones de SALUD P\u00daBLICA, ASUNTOS MUNICIPALES, INTERPRETACI\u00d3N Y REGLAMENTO Y PRESUPUESTO Y HACIENDA que aconseja enviarlo a la Direcci\u00f3n de Deportes para que se expida respecto al Proyecto de Ordenanza.-<br \/>\nExpte. N\u00ba 6845\/16: &#8211; Bloque F.P.V. \u2013 Pedido de Informe: Ref. estado de las cuentas de los Fondos Rotatorios a la fecha y aplicaci\u00f3n de Programas referidos a la Producci\u00f3n en el Partido de Tornquist.<br \/>\nSe aprueba por unanimidad el dictamen de las Comisiones de PRESUPUESTO Y HACIENDA Y PRODUCCI\u00d3N COMERCIO E INDUSTRIA que aconseja enviarlo a la Secretar\u00eda de Producci\u00f3n, Comercio e Industria para que actualice la informaci\u00f3n.-<br \/>\nExpte. N\u00ba 6861\/16: &#8211; Bloque F.P.V. \u2013 Minuta de Comunicaci\u00f3n: Solicita adquisici\u00f3n de un veh\u00edculo tipo 4 x 4, destinado a reforzar la flota de la Polic\u00eda Comunal de Chasic\u00f3.<br \/>\nSe aprueba por unanimidad el dictamen de las Comisiones de PRESUPUESTO Y HACIENDA Y ASUNTOS MUNICIPALES que aconseja enviarlo al Archivo.-<br \/>\nExpte. N\u00ba 6875\/16: &#8211; N.P.- Misi\u00f3n Coop. C.N.S.L.: Propuesta de Proyecto de Ordenanza: Eximir del 50% de la Tasa Municipal de emisi\u00f3n de licencia de conducir, a quienes realicen el curso \u201cPor un cambio cultural vial\u201d y quienes asistan al curso \u201cMi Primer Licencia de Conductor\u201d.<br \/>\nSe aprueba por unanimidad el dictamen de la Comisi\u00f3n de ASUNTOS MUNICIPALES que aconseja enviar el mismo al Archivo ya que se ha aprobado y promulgado la Ordenanza correspondiente.-<br \/>\nExpte. N\u00ba 6881\/16: &#8211; Bloques F.P.C. y S., Cambiemos Bs. As. y Corriente Renovadora \u2013 Proyecto de Ordenanza: Ref. creaci\u00f3n del Registro Municipal de Cultos.<br \/>\nSe aprueba por unanimidad el dictamen de las Comisiones de ASUNTOS MUNICIPALES e INTERPRETACI\u00d3N Y REGLAMENTO que aconseja enviar el mismo al Archivo.-<br \/>\nExpte. N\u00ba 6898\/16: &#8211; Bloque F.P.V.- Proyecto de Resoluci\u00f3n: Ref. mal funcionamiento del servicio de telefon\u00eda m\u00f3vil.<br \/>\nSeg\u00fan el dictamen de las Comisiones de ASUNTOS MUNICIPALES Y OBRAS P\u00daBLICAS se aprueba por unanimidad la Resoluci\u00f3n con el N\u00ba 34\/16 por la que Solicita al Sr. Intendente Municipal la gesti\u00f3n ante el Ministerio de Comunicaciones de la Naci\u00f3n Argentina, a fin de dar soluci\u00f3n a esta dificultad que sufren los vecinos y visitantes de nuestro Distrito. Se requiere informaci\u00f3n a las empresas Movistar Argentina, Claro y Personal sobre los servicios disponibles en el Distrito de Tornquist. Adem\u00e1s se informe sobre las estructuras y\/o antenas instaladas en el Partido mencionado. Se solicita realicen las inversiones necesarias para que se cuente en el Distrito de Tornquist con el servicio de 4G, promocionado y ofrecido a los vecinos usuarios de esa empresa. Se env\u00eda copia a la ENaCom Delegaci\u00f3n Bah\u00eda Blanca, al Ministerio de Comunicaciones de la Naci\u00f3n Argentina, a las C\u00e1maras de Comercio, Industria y Turismo del Distrito.<br \/>\nExpte. N\u00ba 6899\/16: &#8211; Bloque F.P.V. \u2013 Proyecto de Resoluci\u00f3n: Solicita se\u00f1alizaci\u00f3n vertical y horizontal sobre la Ruta 76 Km. 229.<br \/>\nSeg\u00fan el dictamen de las Comisiones de ASUNTOS MUNICIPALES Y OBRAS P\u00daBLICAS se aprueba por unanimidad la Resoluci\u00f3n con el N\u00ba 35\/16 por la que se solicita al Sr. Intendente Municipal Sergio Bordoni que arbitre los medios para que se coloquen sobre la Ruta 76 km. 229 se\u00f1alizaci\u00f3n vertical y horizontal alertando sobre la urbanizaci\u00f3n del sector, limitando la velocidad seg\u00fan las normas viales vigentes. SE env\u00eda copia a la Direcci\u00f3n Provincial de Vialidad y a la Comisi\u00f3n de Fomento de Villa Serrana la Gruta.<br \/>\nExpte. N\u00ba 6901\/16: &#8211; Bloques F.P.V. y P.J. \u2013 Proyecto de Resoluci\u00f3n: Solicita al Sr. Intendente gesti\u00f3n ante el Gobierno de la Pcia. de Bs. As. la declaraci\u00f3n de \u201cFiesta Provincial de la Cabalgata en las Sierras de Tornquist\u201d.<br \/>\nSeg\u00fan el dictamen de la Comisi\u00f3n de ASUNTOS MUNICIPALES se aprueba por unanimidad la Resoluci\u00f3n con el N\u00ba 36\/16 por la cual se requiere al Sr. Intendente Municipal Sergio Bordoni gestione ante el gobierno de la Provincia de Buenos Aires la Declaraci\u00f3n de \u201cFiesta Provincial de la Cabalgata en las Sierras de Tornquist\u201d al evento que se organiza cada a\u00f1o durante el primer fin de semana de noviembre en la localidad de Tornquist. Se env\u00eda copia a la Gobernadora Mar\u00eda Eugenia Vidal, a la Honorable Legislatura Bonaerense, a la C\u00e1mara de Comercio, Industria y Turismo Ernesto Tornquist.<br \/>\nExpte. N\u00ba 6903\/16: &#8211; N.P. &#8211; Asoc. Prestadores Tur\u00edsticos y Comerciantes de Villa Ventana: Ref. solicita informaci\u00f3n sobre Partidas 14597 y 14598 de Villa Ventana para proyecto de balneario y sede social.<br \/>\nSe aprueba por unanimidad el dictamen de las Comisiones de ASUNTOS MUNICIPALES Y OBRAS P\u00daBLICAS que aconseja enviar el mismo a Obras P\u00fablicas para dar respuesta a la nota obrante en el Expediente.<br \/>\nExpte. N\u00ba 6904\/16: &#8211; N.P.- CAMCOTISAS \u2013 Ref. veredas transitables, mixtas y unificadas en Sierra de la Ventana.<br \/>\nSe aprueba por unanimidad el dictamen de la Comisi\u00f3n de ASUNTOS MUNICIPALES que aconseja enviarlo al \u00e1rea de Obras P\u00fablicas para que se d\u00e9 cumplimiento a lo solicitado.-<br \/>\n<a title=\"P1060516\" href=\"http:\/\/farm1.staticflickr.com\/496\/31638758575_e894c7f24a_z.jpg\" rel=\"\"><img loading=\"lazy\" decoding=\"async\" class=\"aligncenter\" title=\"P1060516\" src=\"http:\/\/farm1.staticflickr.com\/496\/31638758575_e894c7f24a_z.jpg\" alt=\"P1060516\" width=\"640\" height=\"480\" \/><\/a><br \/>\nProyectos Presentados<br \/>\nBloques Frente Progresista C\u00edvico y Social, Cambiemos Bs. As. y Corriente Renovadora- Proyecto de Ordenanza: Deroga la Ordenanza N\u00ba 2599\/13. Declara al Distrito de Tornquist libre de toda exploraci\u00f3n o explotaci\u00f3n no convencional de hidrocarburos a trav\u00e9s de las t\u00e9cnicas de fractura hidr\u00e1ulica (Fracking) o gasificaci\u00f3n subterr\u00e1nea del carb\u00f3n (UCG).<br \/>\nSe solicita formaci\u00f3n de Expediente y pase a Comisi\u00f3n.<br \/>\nHonorable Concejo Deliberante- Proyecto de Ordenanza: Deroga en su totalidad la Ordenanza N\u00ba 2722\/14. Faculta al Departamento Ejecutivo a emprender una \u201cCampa\u00f1a de Preservaci\u00f3n y Uso Eficiente del Agua\u201d. Prior\u00edcese la utilizaci\u00f3n del agua de red para consumo humano.-<br \/>\nDentro del articulado del Proyecto se establece:<br \/>\nProhibir el riego con agua de red en todas sus forma excepto el riego de plantas con sistema de goteo o con recipientes, cubos o baldes, el cual s\u00f3lo est\u00e1 permitido en el horario de 22:00 hs a 8:00 hs. En el caso de los espacios p\u00fablicos, fac\u00faltese al Departamento Ejecutivo a realizar el riego en la forma y horarios adecuados para optimizar el mismo en las diferentes localidades a trav\u00e9s de los responsables del servicio de agua, qui\u00e9nes informar\u00e1n a la Secretar\u00eda de Obras y Servicios P\u00fablicos sobre el tema de referencia.-<br \/>\nEl lavado de veredas y veh\u00edculos de peque\u00f1o, gran porte, maquinarias y equipamiento o animales, deber\u00e1 efectuarse \u00fanicamente con recipientes, cubos o baldes de manera que el desperdicio de agua se reduzca al m\u00ednimo, respetando el horario estipulado en el Art\u00edculo 3\u00ba. En el caso de los lavaderos de veh\u00edculos de peque\u00f1o \/ gran porte, maquinarias y equipos, los responsables deber\u00e1n informar al Municipio respecto de las prevenciones adoptadas para garantizar la optimizaci\u00f3n del recurso, con expresa indicaci\u00f3n de la perforaci\u00f3n o fuente de provisi\u00f3n de agua.-<br \/>\nDeben ser declaradas todas las perforaciones, piscinas y piletas que superen los 10.000 litros de capacidad ubicadas en la zona urbana, ante la Secretar\u00eda de Obras y Servicios P\u00fablicos de la Municipalidad de Tornquist. Aquellas existentes al momento de la sanci\u00f3n de la presente, tendr\u00e1n diez d\u00edas a partir de la puesta en vigencia de esta Ordenanza, para ser incorporadas al registro.<br \/>\nSe solicita formaci\u00f3n de Expediente y pase a Comisi\u00f3n.<br \/>\nHonorable Concejo Deliberante- Proyecto de Ordenanza: Dispone la creaci\u00f3n de la Bandera Oficial del Distrito de Tornquist. Las Bases y Condiciones del presente concurso se incorporar\u00e1n como Anexo I. Designa a la Direcci\u00f3n de Cultura de la Municipalidad de Tornquist como organismo responsable del concurso. Desde la Direcci\u00f3n de Cultura se entregar\u00e1n las Bases y Condiciones mencionadas Faculta al Poder Ejecutivo a realizar las gestiones y erogaciones correspondientes para la realizaci\u00f3n del concurso incluyendo la compra de sendos premios para el\/los creadores del dise\u00f1o ganador y tambi\u00e9n para la instituci\u00f3n a la que pertenezcan asistan los mismos.<br \/>\nLa difusi\u00f3n y concientizaci\u00f3n del concurso estar\u00e1 a cargo de la Direcci\u00f3n de Cultura.<br \/>\nSe solicita formaci\u00f3n de Expediente y pase a Comisi\u00f3n.<br \/>\nBloque Frente para la Victoria- Pedido de Informes: Solicita al Departamento Ejecutivo se informe de manera fehaciente cual\/cuales fueron los motivos que derivaron en la suspensi\u00f3n de la obra \u201cRepavimentaci\u00f3n de calles colectoras en Avenida del Libertador General San Mart\u00edn de la localidad de Sierra de la Ventana\u201d.<br \/>\nSe solicita formaci\u00f3n de Expediente y pase a Comisi\u00f3n.<br \/>\nAsuntos Particulares<br \/>\nN.P. Vecinos de Villa Ventana: Plantean inconvenientes por la puesta de carteler\u00eda de contramano en la calle Tres Picos.<br \/>\nSolicita adjuntar la nota al Expediente N\u00ba 6902\/16.<br \/>\nN.P. Comisi\u00f3n Directiva de la Sociedad Germ\u00e1nica de Tornquist: Solicita se declare de \u201cInter\u00e9s Hist\u00f3rico Cultural\u201d al edificio de la instituci\u00f3n sito en Avenida Belgrano N\u00ba 137 de la localidad.<br \/>\nSolicita formaci\u00f3n de Expediente y pase a Comisi\u00f3n.<br \/>\nN.P. Frente Popular 25 de Febrero: Reclamo en relaci\u00f3n a la respuesta de FERROBAIRES, por la interrupci\u00f3n del servicio de trenes.<br \/>\nSolicita formaci\u00f3n de Expediente y pase a Comisi\u00f3n.<br \/>\nN.P. Integrantes de la Mesa Local contra la Violencia de G\u00e9nero: Informan sobre la creaci\u00f3n de dicha Mesa, el inter\u00e9s del tema que ha despertado en diferentes organismos, instituciones del Distrito y vecinos. Solicitan destinar una partida presupuestaria para el a\u00f1o 2017 a esta agrupaci\u00f3n.<br \/>\nSolicita formaci\u00f3n de Expediente y pase a Comisi\u00f3n.<br \/>\nN.P. Sergio Sebasti\u00e1n Commisso, Director de la Direcci\u00f3n de Informaci\u00f3n al P\u00fablico- Ministerio de Transporte: Pone a conocimiento del Cuerpo lo dispuesto mediante Nota de la Direcci\u00f3n Nacional de Vialidad N\u00ba 87, en la que comunica que dentro del Plan Vial Federal previsto para estos cuatro a\u00f1os fue proyectada una intervenci\u00f3n en el tramo entre Pig\u00fc\u00e9 y Bah\u00eda Blanca de la Ruta Nacional N\u00ba 33. Se acondicionar\u00e1 la ruta para transformarla en Ruta Segura, contar\u00e1 con dos carriles de 2,35 metros cada uno, banquina pavimentada, un tercer carril de sobrepaso donde haga falta, y se\u00f1alizaci\u00f3n horizontal y vertical.<br \/>\nSe solicita adjuntar la nota al Expediente N\u00ba 6838\/16.-<br \/>\nN.P. Secretar\u00eda de Producci\u00f3n y Medio Ambiente de Tornquist: Comunica los pasos a seguir en relaci\u00f3n a la Ordenanza N\u00ba 2894\/16 referida al Plan de Gesti\u00f3n diferenciada de los Residuos S\u00f3lidos Urbanos. Solicita que los proyectos en relaci\u00f3n a temas que trabaja la Secretar\u00eda sean envidados a la misma previo a su aprobaci\u00f3n.<br \/>\nSe solicita adjuntar la nota al Expediente N\u00ba 6864\/16.-<br \/>\nAlocuciones de los se\u00f1ores Concejales:<br \/>\nConcejal De Larena Sonia:<br \/>\n\u201cBueno, la verdad que quer\u00eda felicitar a dos ni\u00f1as de Sierra de la Ventana Juana Mar\u00edn y Agustina G\u00f3mez que han salido Campeonas Provinciales en Gimnasia Art\u00edstica en Valeria del Mar. La verdad que ha sido un honor y ha sido una alegr\u00eda muy grande para todo el distrito. Y tambi\u00e9n quer\u00eda felicitar o reconocer a un nativo de ac\u00e1, de Tornquist. A los que realmente nos gusta el folklore tenemos que reconocerle, yo no lo conozco al muchacho, se llama Marcelo Gisler, y ha sido el autor de un proyecto que ya es ley, de haber declarado a nivel nacional el D\u00eda del Cantor Orillero, y bueno, ha salido de un nativo de ac\u00e1 de Tornquist. As\u00ed que todos los que estamos fanatizados con ese tipo de canciones estamos muy contentos. Nada m\u00e1s se\u00f1or Presidente\u201d.<br \/>\nConcejal Ant\u00f3n V\u00edctor:<br \/>\n\u201cBien, yo voy a hacer referencia al informe de la Sesi\u00f3n Extraordinaria del d\u00eda 23\/11 donde tuvimos la presencia del Secretario de Gobierno, y hacer algunas reflexiones sobre sus dichos, sobre lo que nos ha dejado la informaci\u00f3n que trajo, pero fundamentalmente, hay algunas cuestiones a tener en cuenta. En principio, no ha respetado los plazos que se prev\u00e9n en la Ordenanza. Recuerdo una Ordenanza de la que fueron autores los Bloques oficialistas, porque no hemos recibido por escrito, tal cual \u00e9l se compromete en varias partes de las actas que tengo aqu\u00ed conmigo, a enviar la informaci\u00f3n que le faltaba el d\u00eda que vino, y alguna otra que le solicit\u00e1ramos. Pero adem\u00e1s, hay algunas respuestas que vienen a confirmar lo que nosotros previamente ven\u00edamos diciendo en varios de los temas. Por ejemplo, cuando habla del Fondo Educativo nosotros en ese momento o cuando hicimos las preguntas hab\u00edamos pedido que se deje o que se traiga un informe por escrito donde especifique cu\u00e1l eran las instituciones que hab\u00edan sido beneficiadas y cu\u00e1les eran los montos. Entonces, en ese momento el Secretario de Gobierno contesta que quiz\u00e1s, voy a leer textual, \u2026 \u201cquiz\u00e1s me equivoque, pero no considero justo que al menos en esta Sesi\u00f3n, a viva voz tengamos que decir cu\u00e1nto dinero espec\u00edficamente se le dio a cada establecimiento educativo\u2026 Entonces, yo no s\u00e9 si ustedes recordar\u00e1n, pero en plena campa\u00f1a, cuando defenestraban al ex Intendente Trankels en los medios de comunicaci\u00f3n, hicieron un Excel y lo publicaron en todos los medios locales y regionales diciendo cu\u00e1nto se hab\u00eda otorgado por cada una de las instituciones. Entonces, antes s\u00ed era justo mostrarle a la comunidad cu\u00e1nto se le hab\u00eda otorgado a las instituciones, en este momento no, no es justo para no exponer a la instituci\u00f3n. Me parece, considero que est\u00e1 bien que no expongamos a las instituciones, de haber tenido el informe nosotros no lo hubi\u00e9semos publicado, pero nuevamente es contradecirse con hechos y acciones, o con dichos y acciones. Antes se pod\u00eda hacer, ahora que est\u00e1n en el Ejecutivo no. Despu\u00e9s, otro tema importante, el tema de la Plaza Ernesto Tornquist. Siempre reclamamos los informes t\u00e9cnicos de por qu\u00e9 se sacaban los ejemplares y nunca nos contestaron. Siempre reclamamos que nos traigan el proyecto que iban a realizar y nunca lo trajeron. Y ahora queda en evidencia que el proyecto no lo tienen, porque en una parte el Secretario de Gobierno dice que es un proyecto a tres o cuatro a\u00f1os, que va a ir en etapas. Pero un poquito m\u00e1s adelante dice: \u201ccon respecto a qu\u00e9 es lo proyectado m\u00e1s adelante, les soy sincero, ni siquiera Fidelle nos ha acercado a nosotros esa parte\u201d, entonces \u00bfc\u00f3mo vamos a empezar a trabajar en un proyecto, en el Emblema de nuestra ciudad, que es la Plaza, que un tema que fue tan discutido ac\u00e1 y con los vecinos, y no sabemos qu\u00e9 es lo que va a hacer? \u00bfNo saben qu\u00e9 es lo que va a hacer Fidelle de ac\u00e1 a tres a\u00f1os? Est\u00e1 dicho por el propio Secretario de Gobierno, que no conocen el proyecto. Claro, c\u00f3mo lo \u00edbamos a conocer nosotros que lo venimos reclamando hace meses si ni siquiera el Ejecutivo conoce qu\u00e9 es lo que van a hacer en la Plaza. Pero la verdad que no me extra\u00f1a, porque, como dije \u00bfno?, cada cosa que vamos diciendo y que nos dicen que criticamos y que somos destructivos, se va cumpliendo. Y en este caso, nuevamente, es muy f\u00e1cil echarle la culpa al gobierno anterior, porque el Secretario de Gobierno dice textualmente: \u201cque, precisamente, porque hubo un error\u201d, hablando, voy a volver un poquito para atr\u00e1s porque omit\u00ed decir cu\u00e1l es el tema, hablando de las colectoras de la Avenida General San Mart\u00edn de Sierra de la Ventana, dice:\u2026 \u201cPrecisamente, porque hubo un error, y esto si est\u00e1 confirmado, en la elaboraci\u00f3n del pliego por parte de la anterior Secretaria de Obras P\u00fablicas, que al momento de la elaboraci\u00f3n del pliego puso que la obra consist\u00eda en el asfalto y el cord\u00f3n cuneta de la colectora\u201d\u2026, bueno, no voy a extenderme m\u00e1s, el Acta est\u00e1, la tienen todos y la pueden ver. Y yo quisiera saber en este caso, si el Secretario de Gobierno no estaba informado o nos minti\u00f3. Porque tiempo tuvo para informarse, porque las preguntas las tuvo con bastante anticipaci\u00f3n, entonces yo quisiera saber si se puede leer por secretar\u00eda este informe t\u00e9cnico que existe en el Expediente de las colectoras de la Avenida General San Mart\u00edn, y despu\u00e9s voy a hacer una referencia m\u00e1s de algo que tiene que ver con el tema\u201d. (Se pone a consideraci\u00f3n del Cuerpo la lectura del informe t\u00e9cnico. Es aprobado por unanimidad) Es una sola hoja, est\u00e1 en dos hojas porque una es m\u00e1s grande\u201d.<br \/>\nSecretaria Legislativa Nyez Valentina:<br \/>\n\u201cLicitaci\u00f3n P\u00fablica 04\/2015. Adjudicaci\u00f3n de Obra seg\u00fan Decreto Municipal N\u00ba 1266\/2015. Expediente Municipal N\u00ba 229\/2015 (O.P.). Obra: Repavimentaci\u00f3n de calles colectoras en Avenida del Libertador General San Mart\u00edn de la localidad de Sierra de la Ventana- Distrito de Tornquist- Provincia de Buenos Aires. Informe T\u00e9cnico: El presente informe tiene como objetivo abordar ciertos aspectos t\u00e9cnicos vinculados a la obra de referencia. Tal como puede apreciarse en el Pliego de Bases y Condiciones objeto de la Licitaci\u00f3n P\u00fablica de referencia, uno de los \u00edtems de obra corresponde a la construcci\u00f3n de cord\u00f3n cuneta en un total de 2800 metros lineales. Conforme a lo establecido en el referido Pliego de Bases y Condiciones, esta Secretar\u00eda procede a la realizaci\u00f3n de tareas de nivelaci\u00f3n previas al comienzo de la ejecuci\u00f3n de la obra. Estas tareas comprenden un relevamiento de hechos existentes y tareas de nivelaci\u00f3n para el estudio del correcto escurrimiento de las aguas pluviales. Esta etapa se complementa con el an\u00e1lisis de la documentaci\u00f3n t\u00e9cnica disponible en estas dependencias, vinculada a las obras de referencia. En este marco, esta Secretar\u00eda analiza el Proyecto oportunamente elaborado por la Direcci\u00f3n Provincial de Saneamiento y Obras Hidr\u00e1ulicas vinculado a la obra: \u201cDesag\u00fces Pluviales en Sierra de la Ventana\u201d. Asimismo, se toma conocimiento que el gobierno provincial, a trav\u00e9s de su Ministerio de Infraestructura ha tomado la iniciativa de llevar a cabo la concreci\u00f3n de esta obra en la localidad de Sierra de la Ventana, hecho que ha quedado plasmado en Expediente N\u00ba 2406-4567\/12, mediante el cual se tramita la Licitaci\u00f3n P\u00fablica para la posterior adjudicaci\u00f3n y materializaci\u00f3n de la misma. Considerando que la construcci\u00f3n de cord\u00f3n cuneta en la Avenida del Libertador Gral. San Mart\u00edn de la localidad de Sierra de la Ventana forma parte de la definici\u00f3n del sistema integral de escurrimiento de los desag\u00fces pluviales de la localidad, es que esta secretar\u00eda considera oportuno suprimir el \u00edtem de obra en cuesti\u00f3n (\u00cdtem 5- Construcci\u00f3n de Cord\u00f3n Cuneta) contemplado en la Licitaci\u00f3n P\u00fablica de referencia, destinando el presupuesto afectado a ese \u00edtem, a la Construcci\u00f3n de Carpeta Asf\u00e1ltica en caliente de 0,04 m. de espesor (\u00cdtem 4) De esta forma, el presupuesto final para la elaboraci\u00f3n del Contrato de Obra quedar\u00e1 redactado seg\u00fan Planilla de Presupuesto adjunta que pasa a formar parte del presente Informe T\u00e9cnico. Esta Secretar\u00eda deja claramente establecido que la superficie de carpeta asf\u00e1ltica en caliente de 0,04 m. de espesor que se incorpora a la obra (seg\u00fan lo indicado en inciso anterior) ser\u00e1 exclusivamente destinado a la Repavimentaci\u00f3n dela Avenida Islas Malvinas de la localidad de Sierra de la Ventana, desde la Avda. del Libertador Gral. San Mart\u00edn hasta Avda. Juan Bautista Alberdi, y tramos de \u00e9sta \u00faltima y aquellos sectores pertenecientes a Ruta Pcial. N\u00ba 72 que presenten estado de deterioro, hasta alcanzar el puente sobre el Arroyo San Bernardo. Estas arterias presentan un avanzado estado de deterioro producto de su vida \u00fatil, motivo por el cual su repavimentaci\u00f3n se establece como prioritaria a los efectos de definir su inclusi\u00f3n en la presente obra. Asimismo, queda claramente establecido que el sistema a utilizar para la Certificaci\u00f3n de avance de obra y pago de los distintos \u00edtems de obra comprendidos en la Licitaci\u00f3n P\u00fablica de referencia, ser\u00e1 el de UNIDAD DE MEDIDA. Secretar\u00eda de Obras y Servicios P\u00fablicos- Municipalidad de Tornquist- Tornquist, 20 de noviembre de 2015\u201d.<br \/>\nConcejal Ant\u00f3n V\u00edctor:<br \/>\n\u201cBueno, para hacerlo sencillo, este Acta que obra en el Expediente de construcci\u00f3n o de reasfaltado de las colectoras, est\u00e1 diciendo ni m\u00e1s ni menos, que lo que era un error seg\u00fan el Secretario de Gobierno, no era un error, era un acuerdo con la Empresa, para ahorrar fondos ya que se estaba iniciando, o se estaba para hacer la obra de desag\u00fces pluviales y por eso se cambi\u00f3 por asfalto, que era lo que necesitaba, en acuerdo con la Empresa, no es que hubo errores, entonces, cuando, como dec\u00eda \u00bfno?, es f\u00e1cil echarle la culpa al gobierno anterior. Hoy por hoy todas las obras que dice ah\u00ed, incluso la pavimentaci\u00f3n de la Avenida Malvinas est\u00e1 terminada, y en una conversaci\u00f3n que hoy hemos tenido con la Secretaria de Obras P\u00fablicas nos ha indicado que en varias oportunidades se perdieron los certificados, y que el Ministerio no est\u00e1 enviando la plata, que es por eso que la obra est\u00e1 parada, no porque hubo alg\u00fan error de la gesti\u00f3n anterior. Entonces, tenemos que ser claros cuando damos esta informaci\u00f3n, y mucho m\u00e1s el Secretario de Gobierno en esta Sesi\u00f3n informativa que ha tenido y que nos ha dejado, este, vamos a llamarlo error. Nada m\u00e1s se\u00f1or Presidente\u201d.<br \/>\n<a title=\"P1060514\" href=\"http:\/\/farm1.staticflickr.com\/532\/31638759225_c7b87e97e3_z.jpg\" rel=\"\"><img loading=\"lazy\" decoding=\"async\" class=\"aligncenter\" title=\"P1060514\" src=\"http:\/\/farm1.staticflickr.com\/532\/31638759225_c7b87e97e3_z.jpg\" alt=\"P1060514\" width=\"640\" height=\"480\" \/><\/a><br \/>\nConcejal Baier Noelia:<br \/>\n\u201cBueno, con respecto a este tema, supongo, estoy convencida de que las explicaciones van a llegar. La semana pasada hubo alg\u00fan miembro, Secretario, que estuvo ausente, y tambi\u00e9n eso puede ser parte de la demora, y todas las explicaciones seguramente estar\u00e1n llegando. Cambio de tema, quer\u00eda, no s\u00e9 si es recordar la palabra, pero bueno, estamos ante un fin de semana largo, hay mucha actividad en el Distrito, y ma\u00f1ana se va a realizar la apertura de temporada en el Balneario Municipal de Tornquist. Quer\u00eda simplemente invitar a toda la gente del Distrito y la que no es del Distrito por supuesto que tambi\u00e9n, para que vean en el estado que ha quedado el balneario. Falta mucho, nosotros estuvimos aproximadamente hace diez d\u00edas recorriendo las instalaciones para ver c\u00f3mo se estaba trabajando, y realmente nos llevamos una sorpresa m\u00e1s que grata. Y quiero decir desde mi lugar, que, puedo decir que no nos equivocamos en acompa\u00f1ar desde nuestros Bloques, la designaci\u00f3n del se\u00f1or Rodr\u00edguez como concesionario, y tampoco nos equivocamos cuando dec\u00edamos que lo que necesitaba el balneario, que consider\u00e1bamos primordial, era la fuerte inversi\u00f3n inicial. Realmente el cambio es radical, no solamente en lo que es imagen, sino los cambios en la infraestructura. Techo completamente nuevo, los que alguna vez estuvimos o estamos construyendo sabemos qu\u00e9 pasa cuando uno levanta una chapa, ya lo dije en el momento de defender el proyecto, o cuando argumentamos por qu\u00e9 acompa\u00f1\u00e1bamos. Se han levantado chapas como nos contaba el se\u00f1or Rodr\u00edguez, y los tirantes que estaban en malas condiciones, se cambi\u00f3 totalmente, instalaci\u00f3n el\u00e9ctrica nueva, sanitarios nuevos, hab\u00eda una bater\u00eda de ba\u00f1os en la zona de camping que realmente dejaba mucho que desear y se le colocaron los sanitarios, inodoros, mochilas con agua para el drenaje, y bueno, y la limpieza que se ha realizado en el sector de abajo, cuarenta y ocho camiones de todo tipo de suciedad. Esperamos simplemente que el clima acompa\u00f1e, porque sabemos que ante una inversi\u00f3n tan fuerte un par de fines de semana que el clima no nos acompa\u00f1e tambi\u00e9n ser\u00eda contraproducente. Pero realmente, es radical como dije reci\u00e9n, el cambio en el balneario, y nos ha dejado m\u00e1s que satisfechos por lo menos en esta primera etapa para la temporada que comienza ma\u00f1ana. Nada m\u00e1s\u201d.<br \/>\nConcejal Ant\u00f3n V\u00edctor:<br \/>\n\u201cSi, respecto de la ausencia o no de alg\u00fan Secretario no es excusa para que el Secretario de Gobierno tenga que responder, porque el plazo de la Ordenanza dice 5 d\u00edas h\u00e1biles, y lo escribieron ustedes. Entonces, si falta alg\u00fan Secretario alguien se tendr\u00e1 que hacer cargo de entregar esa informaci\u00f3n para que llegue en tiempo y en forma al Concejo. En principio, y yendo al tema de Parque Norte, yo quiero dejar aclarado una vez m\u00e1s, y esto ya lo hemos hablado con el se\u00f1or Rodr\u00edguez, que en ning\u00fan momento nos opusimos a que el se\u00f1or Rodr\u00edguez, o de manera personal en contra del Se\u00f1or Hugo Rodr\u00edguez. Ac\u00e1 hab\u00eda un tema administrativo que no se cumpl\u00eda, igual que no se est\u00e1 cumpliendo con el plazo de presentaci\u00f3n de la documentaci\u00f3n, de la Ordenanza que acabamos de mencionar. Hay un tema administrativo que no cumpl\u00eda el pliego para formar parte de los posibles oferentes, o los posibles adjudicatarios del Balneario Parque Norte. El resto, tambi\u00e9n he ido al Balneario Parque Norte, y s\u00e9 que est\u00e1n trabajando mucho, conozco a Rodr\u00edguez y conozco a la gente que lo est\u00e1 acompa\u00f1ando en la cantina, y la verdad es que desde este Bloque esperamos que le vaya muy bien, por el bien de ellos y por el bien del Distrito. Pero dejar expresado de que de ninguna manera desde este Bloque tuvimos encono en contra del se\u00f1or Rodr\u00edguez, sino de c\u00f3mo se hizo administrativamente la operaci\u00f3n, o la licitaci\u00f3n, tanto en el Balneario Parque Norte como en el Parque Omar Cleppe, que es por eso que pedimos la intervenci\u00f3n o la consulta al Honorable Tribunal de Cuentas. Nada m\u00e1s se\u00f1or Presidente\u201d.<br \/>\nConcejal Sagredo M\u00f3nica:<br \/>\n\u201cQuer\u00eda agregar a las palabras del Concejal Ant\u00f3n, lo mismo sucede en el Parque Cleppe, el se\u00f1or que result\u00f3 adjudicatario est\u00e1 trabajando, est\u00e1 invirtiendo, se ve muy lindo el Parque. Eso no quita que no se hayan cumplido los pasos administrativos correspondientes, que no se haya, no cumplido con el Pliegos de Bases y Condiciones que fue lo que nosotros cuestionamos, y no a la persona en s\u00ed. Quer\u00eda agregar, porque se da la misma situaci\u00f3n. Nada m\u00e1s se\u00f1or Presidente\u201d.<br \/>\nHONORABLE CONCEJO DELIBERANTE<\/p>\n","protected":false},"excerpt":{"rendered":"<p>El Honorable Concejo Deliberante de Tornquist se reuni\u00f3 en sesi\u00f3n ordinaria el mi\u00e9rcoles 7 de diciembre pasado y se trat\u00f3 el siguiente orden del d\u00eda: Comunicaciones Oficiales y Dict\u00e1menes de las Comisiones Expte. N\u00ba 4114-321\/16: &#8211; Regularizaci\u00f3n Dominial Municipal \u2013 Solicita regularizaci\u00f3n habitacional de la Pla. 10 \u2013 Mz. 121. \u201cTornquist 80 Viviendas Solidaridad\u201d. Pasa [&hellip;]<\/p>\n","protected":false},"author":3,"featured_media":0,"comment_status":"closed","ping_status":"open","sticky":false,"template":"","format":"standard","meta":{"footnotes":""},"categories":[28],"tags":[],"class_list":["post-4748","post","type-post","status-publish","format-standard","hentry","category-municipales"],"yoast_head":"<!-- This site is optimized with the Yoast SEO plugin v25.9 - https:\/\/yoast.com\/wordpress\/plugins\/seo\/ -->\n<title>Informe de Sesi\u00f3n del Concejo Deliberante - Noticias Radio Reflejos<\/title>\n<meta name=\"robots\" content=\"index, follow, max-snippet:-1, max-image-preview:large, max-video-preview:-1\" \/>\n<link rel=\"canonical\" href=\"https:\/\/www.noticiasradioreflejos.com.ar\/2021\/informe-de-sesion-del-concejo-deliberante\/\" \/>\n<meta property=\"og:locale\" content=\"es_ES\" \/>\n<meta property=\"og:type\" content=\"article\" \/>\n<meta property=\"og:title\" content=\"Informe de Sesi\u00f3n del Concejo Deliberante - Noticias Radio Reflejos\" \/>\n<meta property=\"og:description\" content=\"El Honorable Concejo Deliberante de Tornquist se reuni\u00f3 en sesi\u00f3n ordinaria el mi\u00e9rcoles 7 de diciembre pasado y se trat\u00f3 el siguiente orden del d\u00eda: Comunicaciones Oficiales y Dict\u00e1menes de las Comisiones Expte. N\u00ba 4114-321\/16: &#8211; Regularizaci\u00f3n Dominial Municipal \u2013 Solicita regularizaci\u00f3n habitacional de la Pla. 10 \u2013 Mz. 121. \u201cTornquist 80 Viviendas Solidaridad\u201d. Pasa [&hellip;]\" \/>\n<meta property=\"og:url\" content=\"https:\/\/www.noticiasradioreflejos.com.ar\/2021\/informe-de-sesion-del-concejo-deliberante\/\" \/>\n<meta property=\"og:site_name\" content=\"Noticias Radio Reflejos\" \/>\n<meta property=\"article:published_time\" content=\"2016-12-14T11:22:47+00:00\" \/>\n<meta property=\"og:image\" content=\"http:\/\/farm1.staticflickr.com\/330\/30797088984_2d80a6dc6a_z.jpg\" \/>\n<meta name=\"author\" content=\"Arnaldo Botto\" \/>\n<meta name=\"twitter:card\" content=\"summary_large_image\" \/>\n<script type=\"application\/ld+json\" class=\"yoast-schema-graph\">{\"@context\":\"https:\/\/schema.org\",\"@graph\":[{\"@type\":\"WebPage\",\"@id\":\"https:\/\/www.noticiasradioreflejos.com.ar\/2021\/informe-de-sesion-del-concejo-deliberante\/\",\"url\":\"https:\/\/www.noticiasradioreflejos.com.ar\/2021\/informe-de-sesion-del-concejo-deliberante\/\",\"name\":\"Informe de Sesi\u00f3n del Concejo Deliberante - Noticias Radio Reflejos\",\"isPartOf\":{\"@id\":\"https:\/\/www.noticiasradioreflejos.com.ar\/2021\/#website\"},\"primaryImageOfPage\":{\"@id\":\"https:\/\/www.noticiasradioreflejos.com.ar\/2021\/informe-de-sesion-del-concejo-deliberante\/#primaryimage\"},\"image\":{\"@id\":\"https:\/\/www.noticiasradioreflejos.com.ar\/2021\/informe-de-sesion-del-concejo-deliberante\/#primaryimage\"},\"thumbnailUrl\":\"http:\/\/farm1.staticflickr.com\/330\/30797088984_2d80a6dc6a_z.jpg\",\"datePublished\":\"2016-12-14T11:22:47+00:00\",\"author\":{\"@id\":\"https:\/\/www.noticiasradioreflejos.com.ar\/2021\/#\/schema\/person\/ad82545263dcc5ec0996818884fd5fb1\"},\"breadcrumb\":{\"@id\":\"https:\/\/www.noticiasradioreflejos.com.ar\/2021\/informe-de-sesion-del-concejo-deliberante\/#breadcrumb\"},\"inLanguage\":\"es\",\"potentialAction\":[{\"@type\":\"ReadAction\",\"target\":[\"https:\/\/www.noticiasradioreflejos.com.ar\/2021\/informe-de-sesion-del-concejo-deliberante\/\"]}]},{\"@type\":\"ImageObject\",\"inLanguage\":\"es\",\"@id\":\"https:\/\/www.noticiasradioreflejos.com.ar\/2021\/informe-de-sesion-del-concejo-deliberante\/#primaryimage\",\"url\":\"http:\/\/farm1.staticflickr.com\/330\/30797088984_2d80a6dc6a_z.jpg\",\"contentUrl\":\"http:\/\/farm1.staticflickr.com\/330\/30797088984_2d80a6dc6a_z.jpg\"},{\"@type\":\"BreadcrumbList\",\"@id\":\"https:\/\/www.noticiasradioreflejos.com.ar\/2021\/informe-de-sesion-del-concejo-deliberante\/#breadcrumb\",\"itemListElement\":[{\"@type\":\"ListItem\",\"position\":1,\"name\":\"Portada\",\"item\":\"https:\/\/www.noticiasradioreflejos.com.ar\/2021\/\"},{\"@type\":\"ListItem\",\"position\":2,\"name\":\"Informe de Sesi\u00f3n del Concejo Deliberante\"}]},{\"@type\":\"WebSite\",\"@id\":\"https:\/\/www.noticiasradioreflejos.com.ar\/2021\/#website\",\"url\":\"https:\/\/www.noticiasradioreflejos.com.ar\/2021\/\",\"name\":\"Noticias Radio Reflejos\",\"description\":\"Las noticias de mi comarca\",\"potentialAction\":[{\"@type\":\"SearchAction\",\"target\":{\"@type\":\"EntryPoint\",\"urlTemplate\":\"https:\/\/www.noticiasradioreflejos.com.ar\/2021\/?s={search_term_string}\"},\"query-input\":{\"@type\":\"PropertyValueSpecification\",\"valueRequired\":true,\"valueName\":\"search_term_string\"}}],\"inLanguage\":\"es\"},{\"@type\":\"Person\",\"@id\":\"https:\/\/www.noticiasradioreflejos.com.ar\/2021\/#\/schema\/person\/ad82545263dcc5ec0996818884fd5fb1\",\"name\":\"Arnaldo Botto\",\"image\":{\"@type\":\"ImageObject\",\"inLanguage\":\"es\",\"@id\":\"https:\/\/www.noticiasradioreflejos.com.ar\/2021\/#\/schema\/person\/image\/\",\"url\":\"https:\/\/secure.gravatar.com\/avatar\/55cb5e37c1efa326397366e6974cb338056df65cb50e7d64d1cf314e87504837?s=96&d=mm&r=g\",\"contentUrl\":\"https:\/\/secure.gravatar.com\/avatar\/55cb5e37c1efa326397366e6974cb338056df65cb50e7d64d1cf314e87504837?s=96&d=mm&r=g\",\"caption\":\"Arnaldo Botto\"},\"url\":\"https:\/\/www.noticiasradioreflejos.com.ar\/2021\/author\/arnaldo\/\"}]}<\/script>\n<!-- \/ Yoast SEO plugin. -->","yoast_head_json":{"title":"Informe de Sesi\u00f3n del Concejo Deliberante - Noticias Radio Reflejos","robots":{"index":"index","follow":"follow","max-snippet":"max-snippet:-1","max-image-preview":"max-image-preview:large","max-video-preview":"max-video-preview:-1"},"canonical":"https:\/\/www.noticiasradioreflejos.com.ar\/2021\/informe-de-sesion-del-concejo-deliberante\/","og_locale":"es_ES","og_type":"article","og_title":"Informe de Sesi\u00f3n del Concejo Deliberante - Noticias Radio Reflejos","og_description":"El Honorable Concejo Deliberante de Tornquist se reuni\u00f3 en sesi\u00f3n ordinaria el mi\u00e9rcoles 7 de diciembre pasado y se trat\u00f3 el siguiente orden del d\u00eda: Comunicaciones Oficiales y Dict\u00e1menes de las Comisiones Expte. N\u00ba 4114-321\/16: &#8211; Regularizaci\u00f3n Dominial Municipal \u2013 Solicita regularizaci\u00f3n habitacional de la Pla. 10 \u2013 Mz. 121. \u201cTornquist 80 Viviendas Solidaridad\u201d. Pasa [&hellip;]","og_url":"https:\/\/www.noticiasradioreflejos.com.ar\/2021\/informe-de-sesion-del-concejo-deliberante\/","og_site_name":"Noticias Radio Reflejos","article_published_time":"2016-12-14T11:22:47+00:00","og_image":[{"url":"http:\/\/farm1.staticflickr.com\/330\/30797088984_2d80a6dc6a_z.jpg","type":"","width":"","height":""}],"author":"Arnaldo Botto","twitter_card":"summary_large_image","schema":{"@context":"https:\/\/schema.org","@graph":[{"@type":"WebPage","@id":"https:\/\/www.noticiasradioreflejos.com.ar\/2021\/informe-de-sesion-del-concejo-deliberante\/","url":"https:\/\/www.noticiasradioreflejos.com.ar\/2021\/informe-de-sesion-del-concejo-deliberante\/","name":"Informe de Sesi\u00f3n del Concejo Deliberante - Noticias Radio Reflejos","isPartOf":{"@id":"https:\/\/www.noticiasradioreflejos.com.ar\/2021\/#website"},"primaryImageOfPage":{"@id":"https:\/\/www.noticiasradioreflejos.com.ar\/2021\/informe-de-sesion-del-concejo-deliberante\/#primaryimage"},"image":{"@id":"https:\/\/www.noticiasradioreflejos.com.ar\/2021\/informe-de-sesion-del-concejo-deliberante\/#primaryimage"},"thumbnailUrl":"http:\/\/farm1.staticflickr.com\/330\/30797088984_2d80a6dc6a_z.jpg","datePublished":"2016-12-14T11:22:47+00:00","author":{"@id":"https:\/\/www.noticiasradioreflejos.com.ar\/2021\/#\/schema\/person\/ad82545263dcc5ec0996818884fd5fb1"},"breadcrumb":{"@id":"https:\/\/www.noticiasradioreflejos.com.ar\/2021\/informe-de-sesion-del-concejo-deliberante\/#breadcrumb"},"inLanguage":"es","potentialAction":[{"@type":"ReadAction","target":["https:\/\/www.noticiasradioreflejos.com.ar\/2021\/informe-de-sesion-del-concejo-deliberante\/"]}]},{"@type":"ImageObject","inLanguage":"es","@id":"https:\/\/www.noticiasradioreflejos.com.ar\/2021\/informe-de-sesion-del-concejo-deliberante\/#primaryimage","url":"http:\/\/farm1.staticflickr.com\/330\/30797088984_2d80a6dc6a_z.jpg","contentUrl":"http:\/\/farm1.staticflickr.com\/330\/30797088984_2d80a6dc6a_z.jpg"},{"@type":"BreadcrumbList","@id":"https:\/\/www.noticiasradioreflejos.com.ar\/2021\/informe-de-sesion-del-concejo-deliberante\/#breadcrumb","itemListElement":[{"@type":"ListItem","position":1,"name":"Portada","item":"https:\/\/www.noticiasradioreflejos.com.ar\/2021\/"},{"@type":"ListItem","position":2,"name":"Informe de Sesi\u00f3n del Concejo Deliberante"}]},{"@type":"WebSite","@id":"https:\/\/www.noticiasradioreflejos.com.ar\/2021\/#website","url":"https:\/\/www.noticiasradioreflejos.com.ar\/2021\/","name":"Noticias Radio Reflejos","description":"Las noticias de mi comarca","potentialAction":[{"@type":"SearchAction","target":{"@type":"EntryPoint","urlTemplate":"https:\/\/www.noticiasradioreflejos.com.ar\/2021\/?s={search_term_string}"},"query-input":{"@type":"PropertyValueSpecification","valueRequired":true,"valueName":"search_term_string"}}],"inLanguage":"es"},{"@type":"Person","@id":"https:\/\/www.noticiasradioreflejos.com.ar\/2021\/#\/schema\/person\/ad82545263dcc5ec0996818884fd5fb1","name":"Arnaldo Botto","image":{"@type":"ImageObject","inLanguage":"es","@id":"https:\/\/www.noticiasradioreflejos.com.ar\/2021\/#\/schema\/person\/image\/","url":"https:\/\/secure.gravatar.com\/avatar\/55cb5e37c1efa326397366e6974cb338056df65cb50e7d64d1cf314e87504837?s=96&d=mm&r=g","contentUrl":"https:\/\/secure.gravatar.com\/avatar\/55cb5e37c1efa326397366e6974cb338056df65cb50e7d64d1cf314e87504837?s=96&d=mm&r=g","caption":"Arnaldo Botto"},"url":"https:\/\/www.noticiasradioreflejos.com.ar\/2021\/author\/arnaldo\/"}]}},"_links":{"self":[{"href":"https:\/\/www.noticiasradioreflejos.com.ar\/2021\/wp-json\/wp\/v2\/posts\/4748","targetHints":{"allow":["GET"]}}],"collection":[{"href":"https:\/\/www.noticiasradioreflejos.com.ar\/2021\/wp-json\/wp\/v2\/posts"}],"about":[{"href":"https:\/\/www.noticiasradioreflejos.com.ar\/2021\/wp-json\/wp\/v2\/types\/post"}],"author":[{"embeddable":true,"href":"https:\/\/www.noticiasradioreflejos.com.ar\/2021\/wp-json\/wp\/v2\/users\/3"}],"replies":[{"embeddable":true,"href":"https:\/\/www.noticiasradioreflejos.com.ar\/2021\/wp-json\/wp\/v2\/comments?post=4748"}],"version-history":[{"count":0,"href":"https:\/\/www.noticiasradioreflejos.com.ar\/2021\/wp-json\/wp\/v2\/posts\/4748\/revisions"}],"wp:attachment":[{"href":"https:\/\/www.noticiasradioreflejos.com.ar\/2021\/wp-json\/wp\/v2\/media?parent=4748"}],"wp:term":[{"taxonomy":"category","embeddable":true,"href":"https:\/\/www.noticiasradioreflejos.com.ar\/2021\/wp-json\/wp\/v2\/categories?post=4748"},{"taxonomy":"post_tag","embeddable":true,"href":"https:\/\/www.noticiasradioreflejos.com.ar\/2021\/wp-json\/wp\/v2\/tags?post=4748"}],"curies":[{"name":"wp","href":"https:\/\/api.w.org\/{rel}","templated":true}]}}