{"id":47479,"date":"2020-09-30T21:54:28","date_gmt":"2020-10-01T00:54:28","guid":{"rendered":"http:\/\/www.noticiasradioreflejos.com.ar\/noticias\/?p=47479"},"modified":"2020-09-30T21:54:28","modified_gmt":"2020-10-01T00:54:28","slug":"nuevo-autobomba-para-los-bomberos-voluntarios-de-villa-ventana","status":"publish","type":"post","link":"https:\/\/www.noticiasradioreflejos.com.ar\/2021\/nuevo-autobomba-para-los-bomberos-voluntarios-de-villa-ventana\/","title":{"rendered":"Nuevo autobomba para los Bomberos Voluntarios de Villa Ventana."},"content":{"rendered":"<p>En el d\u00eda de ayer alrededor de las 21 horas se vivieron momentos de mucha alegr\u00eda en el ingreso de Villa Ventana debido a la llegada del nuevo autobomba procedente de la Aduana en Z\u00e1rate. <!--more--><\/p>\n<p>Una comitiva del Cuartel hab\u00eda viajado en la b\u00fasqueda de dicho veh\u00edculo, y era l\u00f3gica la ansiedad del resto de los integrantes del Cuerpo Activo y de la Comisi\u00f3n Directiva de la Asociaci\u00f3n aguardando su llegada.<br \/>\n<a title=\"2020-09-30_09-47-25\" href=\"http:\/\/live.staticflickr.com\/65535\/50402992556_9c56b51522_s.jpg\" rel=\"\"><img loading=\"lazy\" decoding=\"async\" class=\"aligncenter\" title=\"2020-09-30_09-47-25\" src=\"http:\/\/live.staticflickr.com\/65535\/50402992556_9c56b51522_b.jpg\" alt=\"2020-09-30_09-47-25\" width=\"1024\" height=\"512\" \/><\/a><br \/>\nUna extensa caravana de autom\u00f3viles se congreg\u00f3 para recibirlos y haciendo sonar las bocinas acompa\u00f1aron a la nueva unidad hasta las puertas del Cuartel que esperaba con los portones levantados y con todo su esplendor esta llegada.<br \/>\nLa Asociaci\u00f3n de Bomberos Voluntarios de Villa Ventana hab\u00eda elegido esta unidad por internet teniendo en cuenta el asesoramiento de la Jefatura del Cuartel y la disponibilidad de fondos para efectuar la inversi\u00f3n. El mismo fue adquirido en Holanda, luego hubo que efectuar todos los tr\u00e1mites aduaneros pertinentes, esperar que el mismo fuera embarcado y el transcurrir de los d\u00edas para su arribo a Argentina. Es la segunda experiencia de compra en el exterior que se tiene.<br \/>\n<a title=\"2020-09-30_09-47-32\" href=\"http:\/\/live.staticflickr.com\/65535\/50402992811_b9d25349fa_s.jpg\" rel=\"\"><img loading=\"lazy\" decoding=\"async\" class=\"aligncenter\" title=\"2020-09-30_09-47-32\" src=\"http:\/\/live.staticflickr.com\/65535\/50402992811_8b32c90a12_o.jpg\" alt=\"2020-09-30_09-47-32\" width=\"1040\" height=\"520\" \/><\/a><br \/>\nEl veh\u00edculo que se adquiri\u00f3 es:<br \/>\nUn autobomba marca VOLVO FL 615, Modelo 2002, con bomba de media y alta presi\u00f3n, tanque de 2000 litros de agua, con equipamiento para rescate y combate de incendios.<br \/>\nEl equipo est\u00e1 equipado con herramientas hidr\u00e1ulicas Holmatro de rescate, c\u00e1mara t\u00e9rmica, tacos para estabilizaci\u00f3n, mangas varias medidas, motosierra, sierra sable, y numerosas herramientas manuales y otros accesorios.<br \/>\nEl mismo despu\u00e9s de retirado de la Aduana tuvo que pasar por la Verificaci\u00f3n T\u00e9cnica Vehicular, pasando la misma sin objeciones.<br \/>\nEn un veh\u00edculo con muy buen mantenimiento, estando ya en condiciones operativas. Antes de ponerlo en funciones, se debe efectuar su inscripci\u00f3n en el Registro Automotor. Luego s\u00f3lo restar\u00eda efectuarle el correspondiente ploteado, identific\u00e1ndolo con el Cuartel.<br \/>\nEsta unidad pudo adquirirse gracias a los subsidios que se reciben de los gobiernos nacional, provincial y municipal. Los mismos administrados en forma eficiente por la Asociaci\u00f3n permiten realizar este tipo de inversiones. El uso de los subsidios no es libre, est\u00e1n establecidos los porcentajes disponibles para cada tipo de inversi\u00f3n.<\/p>\n<p style=\"text-align: center;\"><a title=\"2020-09-30_09-52-51\" href=\"http:\/\/live.staticflickr.com\/65535\/50403005501_b37d8c072f_s.jpg\" rel=\"\"><img loading=\"lazy\" decoding=\"async\" class=\"aligncenter\" title=\"2020-09-30_09-52-51\" src=\"http:\/\/live.staticflickr.com\/65535\/50403005501_b37d8c072f_b.jpg\" alt=\"2020-09-30_09-52-51\" width=\"768\" height=\"1024\" \/><\/a><\/p>\n","protected":false},"excerpt":{"rendered":"<p>En el d\u00eda de ayer alrededor de las 21 horas se vivieron momentos de mucha alegr\u00eda en el ingreso de Villa Ventana debido a la llegada del nuevo autobomba procedente de la Aduana en Z\u00e1rate.<\/p>\n","protected":false},"author":3,"featured_media":0,"comment_status":"closed","ping_status":"open","sticky":false,"template":"","format":"standard","meta":{"footnotes":""},"categories":[26],"tags":[],"class_list":["post-47479","post","type-post","status-publish","format-standard","hentry","category-sociedad"],"yoast_head":"<!-- This site is optimized with the Yoast SEO plugin v25.9 - https:\/\/yoast.com\/wordpress\/plugins\/seo\/ -->\n<title>Nuevo autobomba para los Bomberos Voluntarios de Villa Ventana. - Noticias Radio Reflejos<\/title>\n<meta name=\"robots\" content=\"index, follow, max-snippet:-1, max-image-preview:large, max-video-preview:-1\" \/>\n<link rel=\"canonical\" href=\"https:\/\/www.noticiasradioreflejos.com.ar\/2021\/nuevo-autobomba-para-los-bomberos-voluntarios-de-villa-ventana\/\" \/>\n<meta property=\"og:locale\" content=\"es_ES\" \/>\n<meta property=\"og:type\" content=\"article\" \/>\n<meta property=\"og:title\" content=\"Nuevo autobomba para los Bomberos Voluntarios de Villa Ventana. - Noticias Radio Reflejos\" \/>\n<meta property=\"og:description\" content=\"En el d\u00eda de ayer alrededor de las 21 horas se vivieron momentos de mucha alegr\u00eda en el ingreso de Villa Ventana debido a la llegada del nuevo autobomba procedente de la Aduana en Z\u00e1rate.\" \/>\n<meta property=\"og:url\" content=\"https:\/\/www.noticiasradioreflejos.com.ar\/2021\/nuevo-autobomba-para-los-bomberos-voluntarios-de-villa-ventana\/\" \/>\n<meta property=\"og:site_name\" content=\"Noticias Radio Reflejos\" \/>\n<meta property=\"article:published_time\" content=\"2020-10-01T00:54:28+00:00\" \/>\n<meta property=\"og:image\" content=\"http:\/\/live.staticflickr.com\/65535\/50402992556_9c56b51522_b.jpg\" \/>\n<meta name=\"author\" content=\"Arnaldo Botto\" \/>\n<meta name=\"twitter:card\" content=\"summary_large_image\" \/>\n<script type=\"application\/ld+json\" class=\"yoast-schema-graph\">{\"@context\":\"https:\/\/schema.org\",\"@graph\":[{\"@type\":\"WebPage\",\"@id\":\"https:\/\/www.noticiasradioreflejos.com.ar\/2021\/nuevo-autobomba-para-los-bomberos-voluntarios-de-villa-ventana\/\",\"url\":\"https:\/\/www.noticiasradioreflejos.com.ar\/2021\/nuevo-autobomba-para-los-bomberos-voluntarios-de-villa-ventana\/\",\"name\":\"Nuevo autobomba para los Bomberos Voluntarios de Villa Ventana. - Noticias Radio Reflejos\",\"isPartOf\":{\"@id\":\"https:\/\/www.noticiasradioreflejos.com.ar\/2021\/#website\"},\"primaryImageOfPage\":{\"@id\":\"https:\/\/www.noticiasradioreflejos.com.ar\/2021\/nuevo-autobomba-para-los-bomberos-voluntarios-de-villa-ventana\/#primaryimage\"},\"image\":{\"@id\":\"https:\/\/www.noticiasradioreflejos.com.ar\/2021\/nuevo-autobomba-para-los-bomberos-voluntarios-de-villa-ventana\/#primaryimage\"},\"thumbnailUrl\":\"http:\/\/live.staticflickr.com\/65535\/50402992556_9c56b51522_b.jpg\",\"datePublished\":\"2020-10-01T00:54:28+00:00\",\"author\":{\"@id\":\"https:\/\/www.noticiasradioreflejos.com.ar\/2021\/#\/schema\/person\/ad82545263dcc5ec0996818884fd5fb1\"},\"breadcrumb\":{\"@id\":\"https:\/\/www.noticiasradioreflejos.com.ar\/2021\/nuevo-autobomba-para-los-bomberos-voluntarios-de-villa-ventana\/#breadcrumb\"},\"inLanguage\":\"es\",\"potentialAction\":[{\"@type\":\"ReadAction\",\"target\":[\"https:\/\/www.noticiasradioreflejos.com.ar\/2021\/nuevo-autobomba-para-los-bomberos-voluntarios-de-villa-ventana\/\"]}]},{\"@type\":\"ImageObject\",\"inLanguage\":\"es\",\"@id\":\"https:\/\/www.noticiasradioreflejos.com.ar\/2021\/nuevo-autobomba-para-los-bomberos-voluntarios-de-villa-ventana\/#primaryimage\",\"url\":\"http:\/\/live.staticflickr.com\/65535\/50402992556_9c56b51522_b.jpg\",\"contentUrl\":\"http:\/\/live.staticflickr.com\/65535\/50402992556_9c56b51522_b.jpg\"},{\"@type\":\"BreadcrumbList\",\"@id\":\"https:\/\/www.noticiasradioreflejos.com.ar\/2021\/nuevo-autobomba-para-los-bomberos-voluntarios-de-villa-ventana\/#breadcrumb\",\"itemListElement\":[{\"@type\":\"ListItem\",\"position\":1,\"name\":\"Portada\",\"item\":\"https:\/\/www.noticiasradioreflejos.com.ar\/2021\/\"},{\"@type\":\"ListItem\",\"position\":2,\"name\":\"Nuevo autobomba para los Bomberos Voluntarios de Villa Ventana.\"}]},{\"@type\":\"WebSite\",\"@id\":\"https:\/\/www.noticiasradioreflejos.com.ar\/2021\/#website\",\"url\":\"https:\/\/www.noticiasradioreflejos.com.ar\/2021\/\",\"name\":\"Noticias Radio Reflejos\",\"description\":\"Las noticias de mi comarca\",\"potentialAction\":[{\"@type\":\"SearchAction\",\"target\":{\"@type\":\"EntryPoint\",\"urlTemplate\":\"https:\/\/www.noticiasradioreflejos.com.ar\/2021\/?s={search_term_string}\"},\"query-input\":{\"@type\":\"PropertyValueSpecification\",\"valueRequired\":true,\"valueName\":\"search_term_string\"}}],\"inLanguage\":\"es\"},{\"@type\":\"Person\",\"@id\":\"https:\/\/www.noticiasradioreflejos.com.ar\/2021\/#\/schema\/person\/ad82545263dcc5ec0996818884fd5fb1\",\"name\":\"Arnaldo Botto\",\"image\":{\"@type\":\"ImageObject\",\"inLanguage\":\"es\",\"@id\":\"https:\/\/www.noticiasradioreflejos.com.ar\/2021\/#\/schema\/person\/image\/\",\"url\":\"https:\/\/secure.gravatar.com\/avatar\/55cb5e37c1efa326397366e6974cb338056df65cb50e7d64d1cf314e87504837?s=96&d=mm&r=g\",\"contentUrl\":\"https:\/\/secure.gravatar.com\/avatar\/55cb5e37c1efa326397366e6974cb338056df65cb50e7d64d1cf314e87504837?s=96&d=mm&r=g\",\"caption\":\"Arnaldo Botto\"},\"url\":\"https:\/\/www.noticiasradioreflejos.com.ar\/2021\/author\/arnaldo\/\"}]}<\/script>\n<!-- \/ Yoast SEO plugin. -->","yoast_head_json":{"title":"Nuevo autobomba para los Bomberos Voluntarios de Villa Ventana. - Noticias Radio Reflejos","robots":{"index":"index","follow":"follow","max-snippet":"max-snippet:-1","max-image-preview":"max-image-preview:large","max-video-preview":"max-video-preview:-1"},"canonical":"https:\/\/www.noticiasradioreflejos.com.ar\/2021\/nuevo-autobomba-para-los-bomberos-voluntarios-de-villa-ventana\/","og_locale":"es_ES","og_type":"article","og_title":"Nuevo autobomba para los Bomberos Voluntarios de Villa Ventana. - Noticias Radio Reflejos","og_description":"En el d\u00eda de ayer alrededor de las 21 horas se vivieron momentos de mucha alegr\u00eda en el ingreso de Villa Ventana debido a la llegada del nuevo autobomba procedente de la Aduana en Z\u00e1rate.","og_url":"https:\/\/www.noticiasradioreflejos.com.ar\/2021\/nuevo-autobomba-para-los-bomberos-voluntarios-de-villa-ventana\/","og_site_name":"Noticias Radio Reflejos","article_published_time":"2020-10-01T00:54:28+00:00","og_image":[{"url":"http:\/\/live.staticflickr.com\/65535\/50402992556_9c56b51522_b.jpg","type":"","width":"","height":""}],"author":"Arnaldo Botto","twitter_card":"summary_large_image","schema":{"@context":"https:\/\/schema.org","@graph":[{"@type":"WebPage","@id":"https:\/\/www.noticiasradioreflejos.com.ar\/2021\/nuevo-autobomba-para-los-bomberos-voluntarios-de-villa-ventana\/","url":"https:\/\/www.noticiasradioreflejos.com.ar\/2021\/nuevo-autobomba-para-los-bomberos-voluntarios-de-villa-ventana\/","name":"Nuevo autobomba para los Bomberos Voluntarios de Villa Ventana. - Noticias Radio Reflejos","isPartOf":{"@id":"https:\/\/www.noticiasradioreflejos.com.ar\/2021\/#website"},"primaryImageOfPage":{"@id":"https:\/\/www.noticiasradioreflejos.com.ar\/2021\/nuevo-autobomba-para-los-bomberos-voluntarios-de-villa-ventana\/#primaryimage"},"image":{"@id":"https:\/\/www.noticiasradioreflejos.com.ar\/2021\/nuevo-autobomba-para-los-bomberos-voluntarios-de-villa-ventana\/#primaryimage"},"thumbnailUrl":"http:\/\/live.staticflickr.com\/65535\/50402992556_9c56b51522_b.jpg","datePublished":"2020-10-01T00:54:28+00:00","author":{"@id":"https:\/\/www.noticiasradioreflejos.com.ar\/2021\/#\/schema\/person\/ad82545263dcc5ec0996818884fd5fb1"},"breadcrumb":{"@id":"https:\/\/www.noticiasradioreflejos.com.ar\/2021\/nuevo-autobomba-para-los-bomberos-voluntarios-de-villa-ventana\/#breadcrumb"},"inLanguage":"es","potentialAction":[{"@type":"ReadAction","target":["https:\/\/www.noticiasradioreflejos.com.ar\/2021\/nuevo-autobomba-para-los-bomberos-voluntarios-de-villa-ventana\/"]}]},{"@type":"ImageObject","inLanguage":"es","@id":"https:\/\/www.noticiasradioreflejos.com.ar\/2021\/nuevo-autobomba-para-los-bomberos-voluntarios-de-villa-ventana\/#primaryimage","url":"http:\/\/live.staticflickr.com\/65535\/50402992556_9c56b51522_b.jpg","contentUrl":"http:\/\/live.staticflickr.com\/65535\/50402992556_9c56b51522_b.jpg"},{"@type":"BreadcrumbList","@id":"https:\/\/www.noticiasradioreflejos.com.ar\/2021\/nuevo-autobomba-para-los-bomberos-voluntarios-de-villa-ventana\/#breadcrumb","itemListElement":[{"@type":"ListItem","position":1,"name":"Portada","item":"https:\/\/www.noticiasradioreflejos.com.ar\/2021\/"},{"@type":"ListItem","position":2,"name":"Nuevo autobomba para los Bomberos Voluntarios de Villa Ventana."}]},{"@type":"WebSite","@id":"https:\/\/www.noticiasradioreflejos.com.ar\/2021\/#website","url":"https:\/\/www.noticiasradioreflejos.com.ar\/2021\/","name":"Noticias Radio Reflejos","description":"Las noticias de mi comarca","potentialAction":[{"@type":"SearchAction","target":{"@type":"EntryPoint","urlTemplate":"https:\/\/www.noticiasradioreflejos.com.ar\/2021\/?s={search_term_string}"},"query-input":{"@type":"PropertyValueSpecification","valueRequired":true,"valueName":"search_term_string"}}],"inLanguage":"es"},{"@type":"Person","@id":"https:\/\/www.noticiasradioreflejos.com.ar\/2021\/#\/schema\/person\/ad82545263dcc5ec0996818884fd5fb1","name":"Arnaldo Botto","image":{"@type":"ImageObject","inLanguage":"es","@id":"https:\/\/www.noticiasradioreflejos.com.ar\/2021\/#\/schema\/person\/image\/","url":"https:\/\/secure.gravatar.com\/avatar\/55cb5e37c1efa326397366e6974cb338056df65cb50e7d64d1cf314e87504837?s=96&d=mm&r=g","contentUrl":"https:\/\/secure.gravatar.com\/avatar\/55cb5e37c1efa326397366e6974cb338056df65cb50e7d64d1cf314e87504837?s=96&d=mm&r=g","caption":"Arnaldo Botto"},"url":"https:\/\/www.noticiasradioreflejos.com.ar\/2021\/author\/arnaldo\/"}]}},"_links":{"self":[{"href":"https:\/\/www.noticiasradioreflejos.com.ar\/2021\/wp-json\/wp\/v2\/posts\/47479","targetHints":{"allow":["GET"]}}],"collection":[{"href":"https:\/\/www.noticiasradioreflejos.com.ar\/2021\/wp-json\/wp\/v2\/posts"}],"about":[{"href":"https:\/\/www.noticiasradioreflejos.com.ar\/2021\/wp-json\/wp\/v2\/types\/post"}],"author":[{"embeddable":true,"href":"https:\/\/www.noticiasradioreflejos.com.ar\/2021\/wp-json\/wp\/v2\/users\/3"}],"replies":[{"embeddable":true,"href":"https:\/\/www.noticiasradioreflejos.com.ar\/2021\/wp-json\/wp\/v2\/comments?post=47479"}],"version-history":[{"count":0,"href":"https:\/\/www.noticiasradioreflejos.com.ar\/2021\/wp-json\/wp\/v2\/posts\/47479\/revisions"}],"wp:attachment":[{"href":"https:\/\/www.noticiasradioreflejos.com.ar\/2021\/wp-json\/wp\/v2\/media?parent=47479"}],"wp:term":[{"taxonomy":"category","embeddable":true,"href":"https:\/\/www.noticiasradioreflejos.com.ar\/2021\/wp-json\/wp\/v2\/categories?post=47479"},{"taxonomy":"post_tag","embeddable":true,"href":"https:\/\/www.noticiasradioreflejos.com.ar\/2021\/wp-json\/wp\/v2\/tags?post=47479"}],"curies":[{"name":"wp","href":"https:\/\/api.w.org\/{rel}","templated":true}]}}