{"id":47467,"date":"2020-09-30T12:23:06","date_gmt":"2020-09-30T15:23:06","guid":{"rendered":"http:\/\/www.noticiasradioreflejos.com.ar\/noticias\/?p=47467"},"modified":"2020-09-30T12:23:06","modified_gmt":"2020-09-30T15:23:06","slug":"octubre-rosa-se-realizaran-mamografias-gratuitas","status":"publish","type":"post","link":"https:\/\/www.noticiasradioreflejos.com.ar\/2021\/octubre-rosa-se-realizaran-mamografias-gratuitas\/","title":{"rendered":"Octubre Rosa: se realizar\u00e1n mamograf\u00edas gratuitas"},"content":{"rendered":"<p><a title=\"WhatsApp Image 2020-09-30 at 10.52.53 (1)\" href=\"http:\/\/live.staticflickr.com\/65535\/50401422661_f405268287_s.jpg\" rel=\"\"><img loading=\"lazy\" decoding=\"async\" class=\"alignleft\" style=\"float: left;\" title=\"WhatsApp Image 2020-09-30 at 10.52.53 (1)\" src=\"http:\/\/live.staticflickr.com\/65535\/50401422661_f405268287.jpg\" alt=\"WhatsApp Image 2020-09-30 at 10.52.53 (1)\" width=\"500\" height=\"500\" \/><\/a>Con el objetivo de continuar sensibilizando y fomentando la detecci\u00f3n temprana del c\u00e1ncer de mama, la Secretar\u00eda de Salud Municipal, se suma nuevamente a la campa\u00f1a de la OMS, que determin\u00f3 Octubre el mes de la concientizaci\u00f3n. <!--more--><br \/>\nEste a\u00f1o, la cartera de salud, realizar\u00e1 en el Hospital Municipal \u201cDr. Alberto Castro\u201d, durante todo todos los mi\u00e9rcoles del mes de octubre, mamograf\u00edas gratuitas para todas aquellas personas que no cuenten con obra social.<br \/>\nRequisitos:<br \/>\n\u2022 Prescripci\u00f3n M\u00e9dica<br \/>\n\u2022 Certificaci\u00f3n negativa de Anses<br \/>\n\u2022 Aprobaci\u00f3n para obras sociales de Empleadas Dom\u00e9sticas (Tramitar autorizaci\u00f3n con trabajadoras sociales de tu localidad de residencia)<br \/>\nPodes solicitar tu turno de lunes a viernes de 7 a 14hs, al 4940.407 o 4941.020.<br \/>\nPara todas aquellas que poseen obra social, recordamos que los d\u00edas lunes se continuar\u00e1n realizando los chequeos con normalidad.<\/p>\n<p><a title=\"WhatsApp Image 2020-09-30 at 10.52.53\" href=\"http:\/\/live.staticflickr.com\/65535\/50400728978_8e2085dd68_s.jpg\" rel=\"\"><img loading=\"lazy\" decoding=\"async\" class=\"aligncenter\" title=\"WhatsApp Image 2020-09-30 at 10.52.53\" src=\"http:\/\/live.staticflickr.com\/65535\/50400728978_8e2085dd68_c.jpg\" alt=\"WhatsApp Image 2020-09-30 at 10.52.53\" width=\"800\" height=\"800\" \/><\/a><\/p>\n","protected":false},"excerpt":{"rendered":"<p>Con el objetivo de continuar sensibilizando y fomentando la detecci\u00f3n temprana del c\u00e1ncer de mama, la Secretar\u00eda de Salud Municipal, se suma nuevamente a la campa\u00f1a de la OMS, que determin\u00f3 Octubre el mes de la concientizaci\u00f3n.<\/p>\n","protected":false},"author":3,"featured_media":0,"comment_status":"closed","ping_status":"open","sticky":false,"template":"","format":"standard","meta":{"footnotes":""},"categories":[30],"tags":[],"class_list":["post-47467","post","type-post","status-publish","format-standard","hentry","category-salud"],"yoast_head":"<!-- This site is optimized with the Yoast SEO plugin v25.9 - https:\/\/yoast.com\/wordpress\/plugins\/seo\/ -->\n<title>Octubre Rosa: se realizar\u00e1n mamograf\u00edas gratuitas - Noticias Radio Reflejos<\/title>\n<meta name=\"robots\" content=\"index, follow, max-snippet:-1, max-image-preview:large, max-video-preview:-1\" \/>\n<link rel=\"canonical\" href=\"https:\/\/www.noticiasradioreflejos.com.ar\/2021\/octubre-rosa-se-realizaran-mamografias-gratuitas\/\" \/>\n<meta property=\"og:locale\" content=\"es_ES\" \/>\n<meta property=\"og:type\" content=\"article\" \/>\n<meta property=\"og:title\" content=\"Octubre Rosa: se realizar\u00e1n mamograf\u00edas gratuitas - Noticias Radio Reflejos\" \/>\n<meta property=\"og:description\" content=\"Con el objetivo de continuar sensibilizando y fomentando la detecci\u00f3n temprana del c\u00e1ncer de mama, la Secretar\u00eda de Salud Municipal, se suma nuevamente a la campa\u00f1a de la OMS, que determin\u00f3 Octubre el mes de la concientizaci\u00f3n.\" \/>\n<meta property=\"og:url\" content=\"https:\/\/www.noticiasradioreflejos.com.ar\/2021\/octubre-rosa-se-realizaran-mamografias-gratuitas\/\" \/>\n<meta property=\"og:site_name\" content=\"Noticias Radio Reflejos\" \/>\n<meta property=\"article:published_time\" content=\"2020-09-30T15:23:06+00:00\" \/>\n<meta property=\"og:image\" content=\"http:\/\/live.staticflickr.com\/65535\/50401422661_f405268287.jpg\" \/>\n<meta name=\"author\" content=\"Arnaldo Botto\" \/>\n<meta name=\"twitter:card\" content=\"summary_large_image\" \/>\n<script type=\"application\/ld+json\" class=\"yoast-schema-graph\">{\"@context\":\"https:\/\/schema.org\",\"@graph\":[{\"@type\":\"WebPage\",\"@id\":\"https:\/\/www.noticiasradioreflejos.com.ar\/2021\/octubre-rosa-se-realizaran-mamografias-gratuitas\/\",\"url\":\"https:\/\/www.noticiasradioreflejos.com.ar\/2021\/octubre-rosa-se-realizaran-mamografias-gratuitas\/\",\"name\":\"Octubre Rosa: se realizar\u00e1n mamograf\u00edas gratuitas - Noticias Radio Reflejos\",\"isPartOf\":{\"@id\":\"https:\/\/www.noticiasradioreflejos.com.ar\/2021\/#website\"},\"primaryImageOfPage\":{\"@id\":\"https:\/\/www.noticiasradioreflejos.com.ar\/2021\/octubre-rosa-se-realizaran-mamografias-gratuitas\/#primaryimage\"},\"image\":{\"@id\":\"https:\/\/www.noticiasradioreflejos.com.ar\/2021\/octubre-rosa-se-realizaran-mamografias-gratuitas\/#primaryimage\"},\"thumbnailUrl\":\"http:\/\/live.staticflickr.com\/65535\/50401422661_f405268287.jpg\",\"datePublished\":\"2020-09-30T15:23:06+00:00\",\"author\":{\"@id\":\"https:\/\/www.noticiasradioreflejos.com.ar\/2021\/#\/schema\/person\/ad82545263dcc5ec0996818884fd5fb1\"},\"breadcrumb\":{\"@id\":\"https:\/\/www.noticiasradioreflejos.com.ar\/2021\/octubre-rosa-se-realizaran-mamografias-gratuitas\/#breadcrumb\"},\"inLanguage\":\"es\",\"potentialAction\":[{\"@type\":\"ReadAction\",\"target\":[\"https:\/\/www.noticiasradioreflejos.com.ar\/2021\/octubre-rosa-se-realizaran-mamografias-gratuitas\/\"]}]},{\"@type\":\"ImageObject\",\"inLanguage\":\"es\",\"@id\":\"https:\/\/www.noticiasradioreflejos.com.ar\/2021\/octubre-rosa-se-realizaran-mamografias-gratuitas\/#primaryimage\",\"url\":\"http:\/\/live.staticflickr.com\/65535\/50401422661_f405268287.jpg\",\"contentUrl\":\"http:\/\/live.staticflickr.com\/65535\/50401422661_f405268287.jpg\"},{\"@type\":\"BreadcrumbList\",\"@id\":\"https:\/\/www.noticiasradioreflejos.com.ar\/2021\/octubre-rosa-se-realizaran-mamografias-gratuitas\/#breadcrumb\",\"itemListElement\":[{\"@type\":\"ListItem\",\"position\":1,\"name\":\"Portada\",\"item\":\"https:\/\/www.noticiasradioreflejos.com.ar\/2021\/\"},{\"@type\":\"ListItem\",\"position\":2,\"name\":\"Octubre Rosa: se realizar\u00e1n mamograf\u00edas gratuitas\"}]},{\"@type\":\"WebSite\",\"@id\":\"https:\/\/www.noticiasradioreflejos.com.ar\/2021\/#website\",\"url\":\"https:\/\/www.noticiasradioreflejos.com.ar\/2021\/\",\"name\":\"Noticias Radio Reflejos\",\"description\":\"Las noticias de mi comarca\",\"potentialAction\":[{\"@type\":\"SearchAction\",\"target\":{\"@type\":\"EntryPoint\",\"urlTemplate\":\"https:\/\/www.noticiasradioreflejos.com.ar\/2021\/?s={search_term_string}\"},\"query-input\":{\"@type\":\"PropertyValueSpecification\",\"valueRequired\":true,\"valueName\":\"search_term_string\"}}],\"inLanguage\":\"es\"},{\"@type\":\"Person\",\"@id\":\"https:\/\/www.noticiasradioreflejos.com.ar\/2021\/#\/schema\/person\/ad82545263dcc5ec0996818884fd5fb1\",\"name\":\"Arnaldo Botto\",\"image\":{\"@type\":\"ImageObject\",\"inLanguage\":\"es\",\"@id\":\"https:\/\/www.noticiasradioreflejos.com.ar\/2021\/#\/schema\/person\/image\/\",\"url\":\"https:\/\/secure.gravatar.com\/avatar\/55cb5e37c1efa326397366e6974cb338056df65cb50e7d64d1cf314e87504837?s=96&d=mm&r=g\",\"contentUrl\":\"https:\/\/secure.gravatar.com\/avatar\/55cb5e37c1efa326397366e6974cb338056df65cb50e7d64d1cf314e87504837?s=96&d=mm&r=g\",\"caption\":\"Arnaldo Botto\"},\"url\":\"https:\/\/www.noticiasradioreflejos.com.ar\/2021\/author\/arnaldo\/\"}]}<\/script>\n<!-- \/ Yoast SEO plugin. -->","yoast_head_json":{"title":"Octubre Rosa: se realizar\u00e1n mamograf\u00edas gratuitas - Noticias Radio Reflejos","robots":{"index":"index","follow":"follow","max-snippet":"max-snippet:-1","max-image-preview":"max-image-preview:large","max-video-preview":"max-video-preview:-1"},"canonical":"https:\/\/www.noticiasradioreflejos.com.ar\/2021\/octubre-rosa-se-realizaran-mamografias-gratuitas\/","og_locale":"es_ES","og_type":"article","og_title":"Octubre Rosa: se realizar\u00e1n mamograf\u00edas gratuitas - Noticias Radio Reflejos","og_description":"Con el objetivo de continuar sensibilizando y fomentando la detecci\u00f3n temprana del c\u00e1ncer de mama, la Secretar\u00eda de Salud Municipal, se suma nuevamente a la campa\u00f1a de la OMS, que determin\u00f3 Octubre el mes de la concientizaci\u00f3n.","og_url":"https:\/\/www.noticiasradioreflejos.com.ar\/2021\/octubre-rosa-se-realizaran-mamografias-gratuitas\/","og_site_name":"Noticias Radio Reflejos","article_published_time":"2020-09-30T15:23:06+00:00","og_image":[{"url":"http:\/\/live.staticflickr.com\/65535\/50401422661_f405268287.jpg","type":"","width":"","height":""}],"author":"Arnaldo Botto","twitter_card":"summary_large_image","schema":{"@context":"https:\/\/schema.org","@graph":[{"@type":"WebPage","@id":"https:\/\/www.noticiasradioreflejos.com.ar\/2021\/octubre-rosa-se-realizaran-mamografias-gratuitas\/","url":"https:\/\/www.noticiasradioreflejos.com.ar\/2021\/octubre-rosa-se-realizaran-mamografias-gratuitas\/","name":"Octubre Rosa: se realizar\u00e1n mamograf\u00edas gratuitas - Noticias Radio Reflejos","isPartOf":{"@id":"https:\/\/www.noticiasradioreflejos.com.ar\/2021\/#website"},"primaryImageOfPage":{"@id":"https:\/\/www.noticiasradioreflejos.com.ar\/2021\/octubre-rosa-se-realizaran-mamografias-gratuitas\/#primaryimage"},"image":{"@id":"https:\/\/www.noticiasradioreflejos.com.ar\/2021\/octubre-rosa-se-realizaran-mamografias-gratuitas\/#primaryimage"},"thumbnailUrl":"http:\/\/live.staticflickr.com\/65535\/50401422661_f405268287.jpg","datePublished":"2020-09-30T15:23:06+00:00","author":{"@id":"https:\/\/www.noticiasradioreflejos.com.ar\/2021\/#\/schema\/person\/ad82545263dcc5ec0996818884fd5fb1"},"breadcrumb":{"@id":"https:\/\/www.noticiasradioreflejos.com.ar\/2021\/octubre-rosa-se-realizaran-mamografias-gratuitas\/#breadcrumb"},"inLanguage":"es","potentialAction":[{"@type":"ReadAction","target":["https:\/\/www.noticiasradioreflejos.com.ar\/2021\/octubre-rosa-se-realizaran-mamografias-gratuitas\/"]}]},{"@type":"ImageObject","inLanguage":"es","@id":"https:\/\/www.noticiasradioreflejos.com.ar\/2021\/octubre-rosa-se-realizaran-mamografias-gratuitas\/#primaryimage","url":"http:\/\/live.staticflickr.com\/65535\/50401422661_f405268287.jpg","contentUrl":"http:\/\/live.staticflickr.com\/65535\/50401422661_f405268287.jpg"},{"@type":"BreadcrumbList","@id":"https:\/\/www.noticiasradioreflejos.com.ar\/2021\/octubre-rosa-se-realizaran-mamografias-gratuitas\/#breadcrumb","itemListElement":[{"@type":"ListItem","position":1,"name":"Portada","item":"https:\/\/www.noticiasradioreflejos.com.ar\/2021\/"},{"@type":"ListItem","position":2,"name":"Octubre Rosa: se realizar\u00e1n mamograf\u00edas gratuitas"}]},{"@type":"WebSite","@id":"https:\/\/www.noticiasradioreflejos.com.ar\/2021\/#website","url":"https:\/\/www.noticiasradioreflejos.com.ar\/2021\/","name":"Noticias Radio Reflejos","description":"Las noticias de mi comarca","potentialAction":[{"@type":"SearchAction","target":{"@type":"EntryPoint","urlTemplate":"https:\/\/www.noticiasradioreflejos.com.ar\/2021\/?s={search_term_string}"},"query-input":{"@type":"PropertyValueSpecification","valueRequired":true,"valueName":"search_term_string"}}],"inLanguage":"es"},{"@type":"Person","@id":"https:\/\/www.noticiasradioreflejos.com.ar\/2021\/#\/schema\/person\/ad82545263dcc5ec0996818884fd5fb1","name":"Arnaldo Botto","image":{"@type":"ImageObject","inLanguage":"es","@id":"https:\/\/www.noticiasradioreflejos.com.ar\/2021\/#\/schema\/person\/image\/","url":"https:\/\/secure.gravatar.com\/avatar\/55cb5e37c1efa326397366e6974cb338056df65cb50e7d64d1cf314e87504837?s=96&d=mm&r=g","contentUrl":"https:\/\/secure.gravatar.com\/avatar\/55cb5e37c1efa326397366e6974cb338056df65cb50e7d64d1cf314e87504837?s=96&d=mm&r=g","caption":"Arnaldo Botto"},"url":"https:\/\/www.noticiasradioreflejos.com.ar\/2021\/author\/arnaldo\/"}]}},"_links":{"self":[{"href":"https:\/\/www.noticiasradioreflejos.com.ar\/2021\/wp-json\/wp\/v2\/posts\/47467","targetHints":{"allow":["GET"]}}],"collection":[{"href":"https:\/\/www.noticiasradioreflejos.com.ar\/2021\/wp-json\/wp\/v2\/posts"}],"about":[{"href":"https:\/\/www.noticiasradioreflejos.com.ar\/2021\/wp-json\/wp\/v2\/types\/post"}],"author":[{"embeddable":true,"href":"https:\/\/www.noticiasradioreflejos.com.ar\/2021\/wp-json\/wp\/v2\/users\/3"}],"replies":[{"embeddable":true,"href":"https:\/\/www.noticiasradioreflejos.com.ar\/2021\/wp-json\/wp\/v2\/comments?post=47467"}],"version-history":[{"count":0,"href":"https:\/\/www.noticiasradioreflejos.com.ar\/2021\/wp-json\/wp\/v2\/posts\/47467\/revisions"}],"wp:attachment":[{"href":"https:\/\/www.noticiasradioreflejos.com.ar\/2021\/wp-json\/wp\/v2\/media?parent=47467"}],"wp:term":[{"taxonomy":"category","embeddable":true,"href":"https:\/\/www.noticiasradioreflejos.com.ar\/2021\/wp-json\/wp\/v2\/categories?post=47467"},{"taxonomy":"post_tag","embeddable":true,"href":"https:\/\/www.noticiasradioreflejos.com.ar\/2021\/wp-json\/wp\/v2\/tags?post=47467"}],"curies":[{"name":"wp","href":"https:\/\/api.w.org\/{rel}","templated":true}]}}