{"id":47465,"date":"2020-09-30T12:13:42","date_gmt":"2020-09-30T15:13:42","guid":{"rendered":"http:\/\/www.noticiasradioreflejos.com.ar\/noticias\/?p=47465"},"modified":"2020-09-30T12:13:42","modified_gmt":"2020-09-30T15:13:42","slug":"lammens-tenemos-la-decision-politica-de-que-haya-temporada-de-verano","status":"publish","type":"post","link":"https:\/\/www.noticiasradioreflejos.com.ar\/2021\/lammens-tenemos-la-decision-politica-de-que-haya-temporada-de-verano\/","title":{"rendered":"Lammens: \u00abTenemos la decisi\u00f3n pol\u00edtica de que haya temporada de verano\u00bb"},"content":{"rendered":"<p>El ministro de Turismo y Deportes, Mat\u00edas Lammens, asegur\u00f3 hoy que su cartera tiene la \u00abdecisi\u00f3n pol\u00edtica de que haya temporada de verano\u00bb, aunque aclar\u00f3 que \u00abser\u00e1 una temporada distinta, con muchos cuidados\u00bb, en el contexto de pandemia de coronavirus.<!--more--><br \/>\nLammens indic\u00f3 que el Ministerio que encabeza \u00abescuch\u00f3 a los que saben de salud y luego tom\u00f3 la decisi\u00f3n pol\u00edtica de que haya temporada, ya que ser\u00eda dur\u00edsimo el impacto de no tenerla\u00bb.<br \/>\nEn di\u00e1logo con la radio AM 1110, el funcionario dijo que \u00abimagina una temporada distinta, en la que no se ver\u00e1n las fotos de las playas repletas y personas una al lado de la otra\u00bb.<br \/>\nEn este sentido, adelant\u00f3 que se lanzar\u00e1 en los pr\u00f3ximos d\u00edas un programa para estimular el turismo interno, que implica una devoluci\u00f3n del 50% del monto gastado.<br \/>\n\u00abSi una persona quiere viajar el a\u00f1o que viene y saca su paquete tur\u00edstico entre octubre y diciembre, le vamos a devolver el 50% a trav\u00e9s de una tarjeta del Banco Naci\u00f3n\u00bb, explic\u00f3.<\/p>\n<p>Al analizar el impacto del coronavirus sobre el sector tur\u00edstico, Lammens indic\u00f3 que, \u00abel a\u00f1o pasado, el sector gener\u00f3 divisas por 6.000 millones de d\u00f3lares en Argentina y, este a\u00f1o, se llegar\u00e1 a los 1.500 millones, pero porque tuvimos un buen arranque en enero y febrero\u00bb.<\/p>\n<p>Consultado sobre los viajes de egresados, el ministro manifest\u00f3 que la dependencia que dirige \u00abest\u00e1 sacando una reglamentaci\u00f3n que contempla la reprogramaci\u00f3n por 12 meses, mientras que quien decida no hacer el viaje tendr\u00e1 un reintegro\u00bb.<\/p>\n<p>Sobre la posibilidad de volver a practicar distintos deportes, afirm\u00f3 que \u00abes una decisi\u00f3n que van tomando cada una de las jurisdicciones, evaluando la situaci\u00f3n epidemiol\u00f3gica\u00bb.<\/p>\n<p>En torno al eventual regreso del torneo de f\u00fatbol de primera divisi\u00f3n, Lammens indic\u00f3 que el organismo \u00abque tiene que tomar las medidas es el Ministerio de Salud\u00bb.<\/p>\n<p>\u00abA m\u00ed me gustar\u00eda que vuelva el f\u00fatbol, que vuelva r\u00e1pido, pero es una decisi\u00f3n que la tienen que tomar los que saben de la cuesti\u00f3n sanitaria y eso lo tenemos que respetar todos\u00bb, concluy\u00f3.<\/p>\n","protected":false},"excerpt":{"rendered":"<p>El ministro de Turismo y Deportes, Mat\u00edas Lammens, asegur\u00f3 hoy que su cartera tiene la \u00abdecisi\u00f3n pol\u00edtica de que haya temporada de verano\u00bb, aunque aclar\u00f3 que \u00abser\u00e1 una temporada distinta, con muchos cuidados\u00bb, en el contexto de pandemia de coronavirus.<\/p>\n","protected":false},"author":3,"featured_media":9152,"comment_status":"closed","ping_status":"open","sticky":false,"template":"","format":"standard","meta":{"footnotes":""},"categories":[33],"tags":[],"class_list":["post-47465","post","type-post","status-publish","format-standard","has-post-thumbnail","hentry","category-turismo"],"yoast_head":"<!-- This site is optimized with the Yoast SEO plugin v25.9 - https:\/\/yoast.com\/wordpress\/plugins\/seo\/ -->\n<title>Lammens: &quot;Tenemos la decisi\u00f3n pol\u00edtica de que haya temporada de verano&quot; - Noticias Radio Reflejos<\/title>\n<meta name=\"robots\" content=\"index, follow, max-snippet:-1, max-image-preview:large, max-video-preview:-1\" \/>\n<link rel=\"canonical\" href=\"https:\/\/www.noticiasradioreflejos.com.ar\/2021\/lammens-tenemos-la-decision-politica-de-que-haya-temporada-de-verano\/\" \/>\n<meta property=\"og:locale\" content=\"es_ES\" \/>\n<meta property=\"og:type\" content=\"article\" \/>\n<meta property=\"og:title\" content=\"Lammens: &quot;Tenemos la decisi\u00f3n pol\u00edtica de que haya temporada de verano&quot; - Noticias Radio Reflejos\" \/>\n<meta property=\"og:description\" content=\"El ministro de Turismo y Deportes, Mat\u00edas Lammens, asegur\u00f3 hoy que su cartera tiene la \u00abdecisi\u00f3n pol\u00edtica de que haya temporada de verano\u00bb, aunque aclar\u00f3 que \u00abser\u00e1 una temporada distinta, con muchos cuidados\u00bb, en el contexto de pandemia de coronavirus.\" \/>\n<meta property=\"og:url\" content=\"https:\/\/www.noticiasradioreflejos.com.ar\/2021\/lammens-tenemos-la-decision-politica-de-que-haya-temporada-de-verano\/\" \/>\n<meta property=\"og:site_name\" content=\"Noticias Radio Reflejos\" \/>\n<meta property=\"article:published_time\" content=\"2020-09-30T15:13:42+00:00\" \/>\n<meta property=\"og:image\" content=\"https:\/\/www.noticiasradioreflejos.com.ar\/2021\/wp-content\/uploads\/2017\/04\/IMG_20170414_161600021-2.jpg\" \/>\n\t<meta property=\"og:image:width\" content=\"1024\" \/>\n\t<meta property=\"og:image:height\" content=\"768\" \/>\n\t<meta property=\"og:image:type\" content=\"image\/jpeg\" \/>\n<meta name=\"author\" content=\"Arnaldo Botto\" \/>\n<meta name=\"twitter:card\" content=\"summary_large_image\" \/>\n<script type=\"application\/ld+json\" class=\"yoast-schema-graph\">{\"@context\":\"https:\/\/schema.org\",\"@graph\":[{\"@type\":\"WebPage\",\"@id\":\"https:\/\/www.noticiasradioreflejos.com.ar\/2021\/lammens-tenemos-la-decision-politica-de-que-haya-temporada-de-verano\/\",\"url\":\"https:\/\/www.noticiasradioreflejos.com.ar\/2021\/lammens-tenemos-la-decision-politica-de-que-haya-temporada-de-verano\/\",\"name\":\"Lammens: \\\"Tenemos la decisi\u00f3n pol\u00edtica de que haya temporada de verano\\\" - Noticias Radio Reflejos\",\"isPartOf\":{\"@id\":\"https:\/\/www.noticiasradioreflejos.com.ar\/2021\/#website\"},\"primaryImageOfPage\":{\"@id\":\"https:\/\/www.noticiasradioreflejos.com.ar\/2021\/lammens-tenemos-la-decision-politica-de-que-haya-temporada-de-verano\/#primaryimage\"},\"image\":{\"@id\":\"https:\/\/www.noticiasradioreflejos.com.ar\/2021\/lammens-tenemos-la-decision-politica-de-que-haya-temporada-de-verano\/#primaryimage\"},\"thumbnailUrl\":\"https:\/\/www.noticiasradioreflejos.com.ar\/2021\/wp-content\/uploads\/2017\/04\/IMG_20170414_161600021-2.jpg\",\"datePublished\":\"2020-09-30T15:13:42+00:00\",\"author\":{\"@id\":\"https:\/\/www.noticiasradioreflejos.com.ar\/2021\/#\/schema\/person\/ad82545263dcc5ec0996818884fd5fb1\"},\"breadcrumb\":{\"@id\":\"https:\/\/www.noticiasradioreflejos.com.ar\/2021\/lammens-tenemos-la-decision-politica-de-que-haya-temporada-de-verano\/#breadcrumb\"},\"inLanguage\":\"es\",\"potentialAction\":[{\"@type\":\"ReadAction\",\"target\":[\"https:\/\/www.noticiasradioreflejos.com.ar\/2021\/lammens-tenemos-la-decision-politica-de-que-haya-temporada-de-verano\/\"]}]},{\"@type\":\"ImageObject\",\"inLanguage\":\"es\",\"@id\":\"https:\/\/www.noticiasradioreflejos.com.ar\/2021\/lammens-tenemos-la-decision-politica-de-que-haya-temporada-de-verano\/#primaryimage\",\"url\":\"https:\/\/www.noticiasradioreflejos.com.ar\/2021\/wp-content\/uploads\/2017\/04\/IMG_20170414_161600021-2.jpg\",\"contentUrl\":\"https:\/\/www.noticiasradioreflejos.com.ar\/2021\/wp-content\/uploads\/2017\/04\/IMG_20170414_161600021-2.jpg\",\"width\":1024,\"height\":768},{\"@type\":\"BreadcrumbList\",\"@id\":\"https:\/\/www.noticiasradioreflejos.com.ar\/2021\/lammens-tenemos-la-decision-politica-de-que-haya-temporada-de-verano\/#breadcrumb\",\"itemListElement\":[{\"@type\":\"ListItem\",\"position\":1,\"name\":\"Portada\",\"item\":\"https:\/\/www.noticiasradioreflejos.com.ar\/2021\/\"},{\"@type\":\"ListItem\",\"position\":2,\"name\":\"Lammens: \u00abTenemos la decisi\u00f3n pol\u00edtica de que haya temporada de verano\u00bb\"}]},{\"@type\":\"WebSite\",\"@id\":\"https:\/\/www.noticiasradioreflejos.com.ar\/2021\/#website\",\"url\":\"https:\/\/www.noticiasradioreflejos.com.ar\/2021\/\",\"name\":\"Noticias Radio Reflejos\",\"description\":\"Las noticias de mi comarca\",\"potentialAction\":[{\"@type\":\"SearchAction\",\"target\":{\"@type\":\"EntryPoint\",\"urlTemplate\":\"https:\/\/www.noticiasradioreflejos.com.ar\/2021\/?s={search_term_string}\"},\"query-input\":{\"@type\":\"PropertyValueSpecification\",\"valueRequired\":true,\"valueName\":\"search_term_string\"}}],\"inLanguage\":\"es\"},{\"@type\":\"Person\",\"@id\":\"https:\/\/www.noticiasradioreflejos.com.ar\/2021\/#\/schema\/person\/ad82545263dcc5ec0996818884fd5fb1\",\"name\":\"Arnaldo Botto\",\"image\":{\"@type\":\"ImageObject\",\"inLanguage\":\"es\",\"@id\":\"https:\/\/www.noticiasradioreflejos.com.ar\/2021\/#\/schema\/person\/image\/\",\"url\":\"https:\/\/secure.gravatar.com\/avatar\/55cb5e37c1efa326397366e6974cb338056df65cb50e7d64d1cf314e87504837?s=96&d=mm&r=g\",\"contentUrl\":\"https:\/\/secure.gravatar.com\/avatar\/55cb5e37c1efa326397366e6974cb338056df65cb50e7d64d1cf314e87504837?s=96&d=mm&r=g\",\"caption\":\"Arnaldo Botto\"},\"url\":\"https:\/\/www.noticiasradioreflejos.com.ar\/2021\/author\/arnaldo\/\"}]}<\/script>\n<!-- \/ Yoast SEO plugin. -->","yoast_head_json":{"title":"Lammens: \"Tenemos la decisi\u00f3n pol\u00edtica de que haya temporada de verano\" - Noticias Radio Reflejos","robots":{"index":"index","follow":"follow","max-snippet":"max-snippet:-1","max-image-preview":"max-image-preview:large","max-video-preview":"max-video-preview:-1"},"canonical":"https:\/\/www.noticiasradioreflejos.com.ar\/2021\/lammens-tenemos-la-decision-politica-de-que-haya-temporada-de-verano\/","og_locale":"es_ES","og_type":"article","og_title":"Lammens: \"Tenemos la decisi\u00f3n pol\u00edtica de que haya temporada de verano\" - Noticias Radio Reflejos","og_description":"El ministro de Turismo y Deportes, Mat\u00edas Lammens, asegur\u00f3 hoy que su cartera tiene la \u00abdecisi\u00f3n pol\u00edtica de que haya temporada de verano\u00bb, aunque aclar\u00f3 que \u00abser\u00e1 una temporada distinta, con muchos cuidados\u00bb, en el contexto de pandemia de coronavirus.","og_url":"https:\/\/www.noticiasradioreflejos.com.ar\/2021\/lammens-tenemos-la-decision-politica-de-que-haya-temporada-de-verano\/","og_site_name":"Noticias Radio Reflejos","article_published_time":"2020-09-30T15:13:42+00:00","og_image":[{"width":1024,"height":768,"url":"https:\/\/www.noticiasradioreflejos.com.ar\/2021\/wp-content\/uploads\/2017\/04\/IMG_20170414_161600021-2.jpg","type":"image\/jpeg"}],"author":"Arnaldo Botto","twitter_card":"summary_large_image","schema":{"@context":"https:\/\/schema.org","@graph":[{"@type":"WebPage","@id":"https:\/\/www.noticiasradioreflejos.com.ar\/2021\/lammens-tenemos-la-decision-politica-de-que-haya-temporada-de-verano\/","url":"https:\/\/www.noticiasradioreflejos.com.ar\/2021\/lammens-tenemos-la-decision-politica-de-que-haya-temporada-de-verano\/","name":"Lammens: \"Tenemos la decisi\u00f3n pol\u00edtica de que haya temporada de verano\" - Noticias Radio Reflejos","isPartOf":{"@id":"https:\/\/www.noticiasradioreflejos.com.ar\/2021\/#website"},"primaryImageOfPage":{"@id":"https:\/\/www.noticiasradioreflejos.com.ar\/2021\/lammens-tenemos-la-decision-politica-de-que-haya-temporada-de-verano\/#primaryimage"},"image":{"@id":"https:\/\/www.noticiasradioreflejos.com.ar\/2021\/lammens-tenemos-la-decision-politica-de-que-haya-temporada-de-verano\/#primaryimage"},"thumbnailUrl":"https:\/\/www.noticiasradioreflejos.com.ar\/2021\/wp-content\/uploads\/2017\/04\/IMG_20170414_161600021-2.jpg","datePublished":"2020-09-30T15:13:42+00:00","author":{"@id":"https:\/\/www.noticiasradioreflejos.com.ar\/2021\/#\/schema\/person\/ad82545263dcc5ec0996818884fd5fb1"},"breadcrumb":{"@id":"https:\/\/www.noticiasradioreflejos.com.ar\/2021\/lammens-tenemos-la-decision-politica-de-que-haya-temporada-de-verano\/#breadcrumb"},"inLanguage":"es","potentialAction":[{"@type":"ReadAction","target":["https:\/\/www.noticiasradioreflejos.com.ar\/2021\/lammens-tenemos-la-decision-politica-de-que-haya-temporada-de-verano\/"]}]},{"@type":"ImageObject","inLanguage":"es","@id":"https:\/\/www.noticiasradioreflejos.com.ar\/2021\/lammens-tenemos-la-decision-politica-de-que-haya-temporada-de-verano\/#primaryimage","url":"https:\/\/www.noticiasradioreflejos.com.ar\/2021\/wp-content\/uploads\/2017\/04\/IMG_20170414_161600021-2.jpg","contentUrl":"https:\/\/www.noticiasradioreflejos.com.ar\/2021\/wp-content\/uploads\/2017\/04\/IMG_20170414_161600021-2.jpg","width":1024,"height":768},{"@type":"BreadcrumbList","@id":"https:\/\/www.noticiasradioreflejos.com.ar\/2021\/lammens-tenemos-la-decision-politica-de-que-haya-temporada-de-verano\/#breadcrumb","itemListElement":[{"@type":"ListItem","position":1,"name":"Portada","item":"https:\/\/www.noticiasradioreflejos.com.ar\/2021\/"},{"@type":"ListItem","position":2,"name":"Lammens: \u00abTenemos la decisi\u00f3n pol\u00edtica de que haya temporada de verano\u00bb"}]},{"@type":"WebSite","@id":"https:\/\/www.noticiasradioreflejos.com.ar\/2021\/#website","url":"https:\/\/www.noticiasradioreflejos.com.ar\/2021\/","name":"Noticias Radio Reflejos","description":"Las noticias de mi comarca","potentialAction":[{"@type":"SearchAction","target":{"@type":"EntryPoint","urlTemplate":"https:\/\/www.noticiasradioreflejos.com.ar\/2021\/?s={search_term_string}"},"query-input":{"@type":"PropertyValueSpecification","valueRequired":true,"valueName":"search_term_string"}}],"inLanguage":"es"},{"@type":"Person","@id":"https:\/\/www.noticiasradioreflejos.com.ar\/2021\/#\/schema\/person\/ad82545263dcc5ec0996818884fd5fb1","name":"Arnaldo Botto","image":{"@type":"ImageObject","inLanguage":"es","@id":"https:\/\/www.noticiasradioreflejos.com.ar\/2021\/#\/schema\/person\/image\/","url":"https:\/\/secure.gravatar.com\/avatar\/55cb5e37c1efa326397366e6974cb338056df65cb50e7d64d1cf314e87504837?s=96&d=mm&r=g","contentUrl":"https:\/\/secure.gravatar.com\/avatar\/55cb5e37c1efa326397366e6974cb338056df65cb50e7d64d1cf314e87504837?s=96&d=mm&r=g","caption":"Arnaldo Botto"},"url":"https:\/\/www.noticiasradioreflejos.com.ar\/2021\/author\/arnaldo\/"}]}},"_links":{"self":[{"href":"https:\/\/www.noticiasradioreflejos.com.ar\/2021\/wp-json\/wp\/v2\/posts\/47465","targetHints":{"allow":["GET"]}}],"collection":[{"href":"https:\/\/www.noticiasradioreflejos.com.ar\/2021\/wp-json\/wp\/v2\/posts"}],"about":[{"href":"https:\/\/www.noticiasradioreflejos.com.ar\/2021\/wp-json\/wp\/v2\/types\/post"}],"author":[{"embeddable":true,"href":"https:\/\/www.noticiasradioreflejos.com.ar\/2021\/wp-json\/wp\/v2\/users\/3"}],"replies":[{"embeddable":true,"href":"https:\/\/www.noticiasradioreflejos.com.ar\/2021\/wp-json\/wp\/v2\/comments?post=47465"}],"version-history":[{"count":0,"href":"https:\/\/www.noticiasradioreflejos.com.ar\/2021\/wp-json\/wp\/v2\/posts\/47465\/revisions"}],"wp:featuredmedia":[{"embeddable":true,"href":"https:\/\/www.noticiasradioreflejos.com.ar\/2021\/wp-json\/wp\/v2\/media\/9152"}],"wp:attachment":[{"href":"https:\/\/www.noticiasradioreflejos.com.ar\/2021\/wp-json\/wp\/v2\/media?parent=47465"}],"wp:term":[{"taxonomy":"category","embeddable":true,"href":"https:\/\/www.noticiasradioreflejos.com.ar\/2021\/wp-json\/wp\/v2\/categories?post=47465"},{"taxonomy":"post_tag","embeddable":true,"href":"https:\/\/www.noticiasradioreflejos.com.ar\/2021\/wp-json\/wp\/v2\/tags?post=47465"}],"curies":[{"name":"wp","href":"https:\/\/api.w.org\/{rel}","templated":true}]}}