{"id":47461,"date":"2020-09-30T12:08:06","date_gmt":"2020-09-30T15:08:06","guid":{"rendered":"http:\/\/www.noticiasradioreflejos.com.ar\/noticias\/?p=47461"},"modified":"2020-09-30T12:08:06","modified_gmt":"2020-09-30T15:08:06","slug":"murio-quino-el-creador-de-mafalda","status":"publish","type":"post","link":"https:\/\/www.noticiasradioreflejos.com.ar\/2021\/murio-quino-el-creador-de-mafalda\/","title":{"rendered":"Muri\u00f3 Quino, el creador de Mafalda"},"content":{"rendered":"<p>El dibujante y humorista gr\u00e1fico Joaqu\u00edn Salvador Lavado, conocido como \u00abQuino\u00bb, creador de la emblem\u00e1tica tira Mafalda, muri\u00f3 hoy a los 88 a\u00f1os, seg\u00fan anunci\u00f3 en su Twitter su editor Daniel Divinsky.<!--more--><br \/>\n\u00abSe muri\u00f3 Quino. Toda la gente buena en el pa\u00eds y en el mundo, lo llorar\u00e1\u00bb, inform\u00f3 el editor Daniel Divinsky, quien estuvo al frente de Ediciones La Flor.<\/p>\n<p>Mafalda, creada en 1964, ilumin\u00f3 las primeras reflexiones sobre la sociedad y la pol\u00edtica, y de esa manera lleg\u00f3 al coraz\u00f3n de millones de personas al ser traducida a 40 idiomas, trascendiendo generaciones, pa\u00edses y culturas.<\/p>\n<p>El humor de Quino era t\u00edpicamente \u00e1cido e incluso c\u00ednico y ahondaba en la miseria y el absurdo de la condici\u00f3n humana, lo que lo llevaba a abordar temas como la burocracia, los errores de la autoridad, las instituciones in\u00fatiles a trav\u00e9s del absurdo.<\/p>\n<p>De un car\u00e1cter tr\u00e1gico y un humor negro propio de Andaluc\u00eda, de donde proced\u00edan sus padres, Quino hab\u00eda nacido en Mendoza, el 17 de julio de 1932, cuando sus padres llegaron al pa\u00eds.<\/p>\n<p>En 1945, al morir su madre, inici\u00f3 estudios de dibujo en la Escuela de Bellas Artes de Mendoza, pero cuatro a\u00f1os despu\u00e9s abandon\u00f3 al decantarse por el mundo gr\u00e1fico y la historieta con el nombre de Quino, como le llamaban de peque\u00f1o para distinguirlo de su t\u00edo, el ilustrador Joaqu\u00edn, quien despert\u00f3 su vocaci\u00f3n de dibujante.<\/p>\n<p>Ese mismo a\u00f1o se traslad\u00f3 a Buenos Aires, y pudo publicar su primera p\u00e1gina de humor gr\u00e1fico en el semanario \u00abEsto es\u00bb. A partir de 1957 public\u00f3 regularmente en medios como \u00abRico Tipo\u00bb, \u00abDr. Merengue\u00bb o \u00abT\u00eda Vicenta\u00bb y tambi\u00e9n en ilustraciones de campa\u00f1as publicitarias.<\/p>\n<p>Mafalda apareci\u00f3 por primera vez en \u00abGregorio\u00bb, el suplemento de humor de la revista \u00abLeopl\u00e1n\u00bb el 29 de septiembre de 1964, y comenz\u00f3 a publicarse todas las semanas en \u00abPrimera Plana\u00bb, de Buenos Aires.<\/p>\n<p>La historieta pas\u00f3 a ser uno de los mayores \u00edconos de la cultura popular, naci\u00f3 de un encargo para una compa\u00f1\u00eda de electrodom\u00e9sticos, y posteriormente fue creciendo como la ni\u00f1a rebelde y cuestionadora que reflejaba el mundo de los a\u00f1os 60: las inquietudes sociales y pol\u00edticas de la clase media argentina, y los temas de impacto social como la injusticia, la guerra, el racismo.<\/p>\n<p>Junto a Mafalda aparecieron sus amigos, el materialista Manolito, el so\u00f1ador Felipe, la chismosa Susanita, el inocente Miguelito, el tierno Guille y la izquierdista Libertad, ayudaron al componer un mosaico social que trascendi\u00f3 fronteras, pues las tiras fueron traducidas a 30 idiomas y llevadas al cine y la televisi\u00f3n.<\/p>\n<p>Con el \u00e9xito que fue alcanzando Mafalda en marzo de 1965 comenz\u00f3 a aparecer en el diario El Mundo hasta diciembre de 1967, despu\u00e9s continu\u00f3 en el semanario Siete d\u00edas.<\/p>\n<p>En 1969 se public\u00f3 el primer libro de Mafalda fuera de Argentina (\u00abMafalda la contestataria\u00bb) en Italia; en 1970 lleg\u00f3 a Espa\u00f1a, y en 1972 Quino public\u00f3 su segundo libro de humor gr\u00e1fico titulado \u00abA m\u00ed no me grite\u00bb y en 1973, el tercero: \u00abYo que usted\u00bb.<\/p>\n<p>Ese mismo a\u00f1o, dej\u00f3 de dibujar Mafalda, si bien recuper\u00f3 el personaje en varias ocasiones por causas ben\u00e9ficas.<\/p>\n<p>Galardonado en 2014 con el Premio Pr\u00edncipe de Asturias de Comunicaci\u00f3n y Humanidades, a lo largo de su trayectoria recibi\u00f3 infinidad de distinciones como la Encomienda de Isabel la Cat\u00f3lica de Espa\u00f1a y la Medalla de la Orden de la Artes y las Letras de Francia y la insignia de oficial de la Legi\u00f3n de Honor francesa.<\/p>\n<p>En 2012 la tira Mafalda lleg\u00f3 en formato eBook a la Tienda Kindle de Estados Unidos en espa\u00f1ol, y en diciembre de 2012 hace su llegada oficial a las redes sociales, con las cuentas en Twitter, Facebook y Pinterest.<\/p>\n<p>Las \u00faltimas lenguas en las que se public\u00f3 la historieta fueron el braille y el guaran\u00ed.<\/p>\n<p><a title=\"buenos-aires-fotografa_702796\" href=\"http:\/\/live.staticflickr.com\/65535\/50401534722_1f5c3eb700_s.jpg\" rel=\"\"><img loading=\"lazy\" decoding=\"async\" class=\"aligncenter\" title=\"buenos-aires-fotografa_702796\" src=\"http:\/\/live.staticflickr.com\/65535\/50401534722_1f5c3eb700_b.jpg\" alt=\"buenos-aires-fotografa_702796\" width=\"731\" height=\"1024\" \/><\/a><\/p>\n","protected":false},"excerpt":{"rendered":"<p>El dibujante y humorista gr\u00e1fico Joaqu\u00edn Salvador Lavado, conocido como \u00abQuino\u00bb, creador de la emblem\u00e1tica tira Mafalda, muri\u00f3 hoy a los 88 a\u00f1os, seg\u00fan anunci\u00f3 en su Twitter su editor Daniel Divinsky.<\/p>\n","protected":false},"author":3,"featured_media":0,"comment_status":"closed","ping_status":"open","sticky":false,"template":"","format":"standard","meta":{"footnotes":""},"categories":[26],"tags":[],"class_list":["post-47461","post","type-post","status-publish","format-standard","hentry","category-sociedad"],"yoast_head":"<!-- This site is optimized with the Yoast SEO plugin v25.9 - https:\/\/yoast.com\/wordpress\/plugins\/seo\/ -->\n<title>Muri\u00f3 Quino, el creador de Mafalda - Noticias Radio Reflejos<\/title>\n<meta name=\"robots\" content=\"index, follow, max-snippet:-1, max-image-preview:large, max-video-preview:-1\" \/>\n<link rel=\"canonical\" href=\"https:\/\/www.noticiasradioreflejos.com.ar\/2021\/murio-quino-el-creador-de-mafalda\/\" \/>\n<meta property=\"og:locale\" content=\"es_ES\" \/>\n<meta property=\"og:type\" content=\"article\" \/>\n<meta property=\"og:title\" content=\"Muri\u00f3 Quino, el creador de Mafalda - Noticias Radio Reflejos\" \/>\n<meta property=\"og:description\" content=\"El dibujante y humorista gr\u00e1fico Joaqu\u00edn Salvador Lavado, conocido como \u00abQuino\u00bb, creador de la emblem\u00e1tica tira Mafalda, muri\u00f3 hoy a los 88 a\u00f1os, seg\u00fan anunci\u00f3 en su Twitter su editor Daniel Divinsky.\" \/>\n<meta property=\"og:url\" content=\"https:\/\/www.noticiasradioreflejos.com.ar\/2021\/murio-quino-el-creador-de-mafalda\/\" \/>\n<meta property=\"og:site_name\" content=\"Noticias Radio Reflejos\" \/>\n<meta property=\"article:published_time\" content=\"2020-09-30T15:08:06+00:00\" \/>\n<meta property=\"og:image\" content=\"http:\/\/live.staticflickr.com\/65535\/50401534722_1f5c3eb700_b.jpg\" \/>\n<meta name=\"author\" content=\"Arnaldo Botto\" \/>\n<meta name=\"twitter:card\" content=\"summary_large_image\" \/>\n<script type=\"application\/ld+json\" class=\"yoast-schema-graph\">{\"@context\":\"https:\/\/schema.org\",\"@graph\":[{\"@type\":\"WebPage\",\"@id\":\"https:\/\/www.noticiasradioreflejos.com.ar\/2021\/murio-quino-el-creador-de-mafalda\/\",\"url\":\"https:\/\/www.noticiasradioreflejos.com.ar\/2021\/murio-quino-el-creador-de-mafalda\/\",\"name\":\"Muri\u00f3 Quino, el creador de Mafalda - Noticias Radio Reflejos\",\"isPartOf\":{\"@id\":\"https:\/\/www.noticiasradioreflejos.com.ar\/2021\/#website\"},\"primaryImageOfPage\":{\"@id\":\"https:\/\/www.noticiasradioreflejos.com.ar\/2021\/murio-quino-el-creador-de-mafalda\/#primaryimage\"},\"image\":{\"@id\":\"https:\/\/www.noticiasradioreflejos.com.ar\/2021\/murio-quino-el-creador-de-mafalda\/#primaryimage\"},\"thumbnailUrl\":\"http:\/\/live.staticflickr.com\/65535\/50401534722_1f5c3eb700_b.jpg\",\"datePublished\":\"2020-09-30T15:08:06+00:00\",\"author\":{\"@id\":\"https:\/\/www.noticiasradioreflejos.com.ar\/2021\/#\/schema\/person\/ad82545263dcc5ec0996818884fd5fb1\"},\"breadcrumb\":{\"@id\":\"https:\/\/www.noticiasradioreflejos.com.ar\/2021\/murio-quino-el-creador-de-mafalda\/#breadcrumb\"},\"inLanguage\":\"es\",\"potentialAction\":[{\"@type\":\"ReadAction\",\"target\":[\"https:\/\/www.noticiasradioreflejos.com.ar\/2021\/murio-quino-el-creador-de-mafalda\/\"]}]},{\"@type\":\"ImageObject\",\"inLanguage\":\"es\",\"@id\":\"https:\/\/www.noticiasradioreflejos.com.ar\/2021\/murio-quino-el-creador-de-mafalda\/#primaryimage\",\"url\":\"http:\/\/live.staticflickr.com\/65535\/50401534722_1f5c3eb700_b.jpg\",\"contentUrl\":\"http:\/\/live.staticflickr.com\/65535\/50401534722_1f5c3eb700_b.jpg\"},{\"@type\":\"BreadcrumbList\",\"@id\":\"https:\/\/www.noticiasradioreflejos.com.ar\/2021\/murio-quino-el-creador-de-mafalda\/#breadcrumb\",\"itemListElement\":[{\"@type\":\"ListItem\",\"position\":1,\"name\":\"Portada\",\"item\":\"https:\/\/www.noticiasradioreflejos.com.ar\/2021\/\"},{\"@type\":\"ListItem\",\"position\":2,\"name\":\"Muri\u00f3 Quino, el creador de Mafalda\"}]},{\"@type\":\"WebSite\",\"@id\":\"https:\/\/www.noticiasradioreflejos.com.ar\/2021\/#website\",\"url\":\"https:\/\/www.noticiasradioreflejos.com.ar\/2021\/\",\"name\":\"Noticias Radio Reflejos\",\"description\":\"Las noticias de mi comarca\",\"potentialAction\":[{\"@type\":\"SearchAction\",\"target\":{\"@type\":\"EntryPoint\",\"urlTemplate\":\"https:\/\/www.noticiasradioreflejos.com.ar\/2021\/?s={search_term_string}\"},\"query-input\":{\"@type\":\"PropertyValueSpecification\",\"valueRequired\":true,\"valueName\":\"search_term_string\"}}],\"inLanguage\":\"es\"},{\"@type\":\"Person\",\"@id\":\"https:\/\/www.noticiasradioreflejos.com.ar\/2021\/#\/schema\/person\/ad82545263dcc5ec0996818884fd5fb1\",\"name\":\"Arnaldo Botto\",\"image\":{\"@type\":\"ImageObject\",\"inLanguage\":\"es\",\"@id\":\"https:\/\/www.noticiasradioreflejos.com.ar\/2021\/#\/schema\/person\/image\/\",\"url\":\"https:\/\/secure.gravatar.com\/avatar\/55cb5e37c1efa326397366e6974cb338056df65cb50e7d64d1cf314e87504837?s=96&d=mm&r=g\",\"contentUrl\":\"https:\/\/secure.gravatar.com\/avatar\/55cb5e37c1efa326397366e6974cb338056df65cb50e7d64d1cf314e87504837?s=96&d=mm&r=g\",\"caption\":\"Arnaldo Botto\"},\"url\":\"https:\/\/www.noticiasradioreflejos.com.ar\/2021\/author\/arnaldo\/\"}]}<\/script>\n<!-- \/ Yoast SEO plugin. -->","yoast_head_json":{"title":"Muri\u00f3 Quino, el creador de Mafalda - Noticias Radio Reflejos","robots":{"index":"index","follow":"follow","max-snippet":"max-snippet:-1","max-image-preview":"max-image-preview:large","max-video-preview":"max-video-preview:-1"},"canonical":"https:\/\/www.noticiasradioreflejos.com.ar\/2021\/murio-quino-el-creador-de-mafalda\/","og_locale":"es_ES","og_type":"article","og_title":"Muri\u00f3 Quino, el creador de Mafalda - Noticias Radio Reflejos","og_description":"El dibujante y humorista gr\u00e1fico Joaqu\u00edn Salvador Lavado, conocido como \u00abQuino\u00bb, creador de la emblem\u00e1tica tira Mafalda, muri\u00f3 hoy a los 88 a\u00f1os, seg\u00fan anunci\u00f3 en su Twitter su editor Daniel Divinsky.","og_url":"https:\/\/www.noticiasradioreflejos.com.ar\/2021\/murio-quino-el-creador-de-mafalda\/","og_site_name":"Noticias Radio Reflejos","article_published_time":"2020-09-30T15:08:06+00:00","og_image":[{"url":"http:\/\/live.staticflickr.com\/65535\/50401534722_1f5c3eb700_b.jpg","type":"","width":"","height":""}],"author":"Arnaldo Botto","twitter_card":"summary_large_image","schema":{"@context":"https:\/\/schema.org","@graph":[{"@type":"WebPage","@id":"https:\/\/www.noticiasradioreflejos.com.ar\/2021\/murio-quino-el-creador-de-mafalda\/","url":"https:\/\/www.noticiasradioreflejos.com.ar\/2021\/murio-quino-el-creador-de-mafalda\/","name":"Muri\u00f3 Quino, el creador de Mafalda - Noticias Radio Reflejos","isPartOf":{"@id":"https:\/\/www.noticiasradioreflejos.com.ar\/2021\/#website"},"primaryImageOfPage":{"@id":"https:\/\/www.noticiasradioreflejos.com.ar\/2021\/murio-quino-el-creador-de-mafalda\/#primaryimage"},"image":{"@id":"https:\/\/www.noticiasradioreflejos.com.ar\/2021\/murio-quino-el-creador-de-mafalda\/#primaryimage"},"thumbnailUrl":"http:\/\/live.staticflickr.com\/65535\/50401534722_1f5c3eb700_b.jpg","datePublished":"2020-09-30T15:08:06+00:00","author":{"@id":"https:\/\/www.noticiasradioreflejos.com.ar\/2021\/#\/schema\/person\/ad82545263dcc5ec0996818884fd5fb1"},"breadcrumb":{"@id":"https:\/\/www.noticiasradioreflejos.com.ar\/2021\/murio-quino-el-creador-de-mafalda\/#breadcrumb"},"inLanguage":"es","potentialAction":[{"@type":"ReadAction","target":["https:\/\/www.noticiasradioreflejos.com.ar\/2021\/murio-quino-el-creador-de-mafalda\/"]}]},{"@type":"ImageObject","inLanguage":"es","@id":"https:\/\/www.noticiasradioreflejos.com.ar\/2021\/murio-quino-el-creador-de-mafalda\/#primaryimage","url":"http:\/\/live.staticflickr.com\/65535\/50401534722_1f5c3eb700_b.jpg","contentUrl":"http:\/\/live.staticflickr.com\/65535\/50401534722_1f5c3eb700_b.jpg"},{"@type":"BreadcrumbList","@id":"https:\/\/www.noticiasradioreflejos.com.ar\/2021\/murio-quino-el-creador-de-mafalda\/#breadcrumb","itemListElement":[{"@type":"ListItem","position":1,"name":"Portada","item":"https:\/\/www.noticiasradioreflejos.com.ar\/2021\/"},{"@type":"ListItem","position":2,"name":"Muri\u00f3 Quino, el creador de Mafalda"}]},{"@type":"WebSite","@id":"https:\/\/www.noticiasradioreflejos.com.ar\/2021\/#website","url":"https:\/\/www.noticiasradioreflejos.com.ar\/2021\/","name":"Noticias Radio Reflejos","description":"Las noticias de mi comarca","potentialAction":[{"@type":"SearchAction","target":{"@type":"EntryPoint","urlTemplate":"https:\/\/www.noticiasradioreflejos.com.ar\/2021\/?s={search_term_string}"},"query-input":{"@type":"PropertyValueSpecification","valueRequired":true,"valueName":"search_term_string"}}],"inLanguage":"es"},{"@type":"Person","@id":"https:\/\/www.noticiasradioreflejos.com.ar\/2021\/#\/schema\/person\/ad82545263dcc5ec0996818884fd5fb1","name":"Arnaldo Botto","image":{"@type":"ImageObject","inLanguage":"es","@id":"https:\/\/www.noticiasradioreflejos.com.ar\/2021\/#\/schema\/person\/image\/","url":"https:\/\/secure.gravatar.com\/avatar\/55cb5e37c1efa326397366e6974cb338056df65cb50e7d64d1cf314e87504837?s=96&d=mm&r=g","contentUrl":"https:\/\/secure.gravatar.com\/avatar\/55cb5e37c1efa326397366e6974cb338056df65cb50e7d64d1cf314e87504837?s=96&d=mm&r=g","caption":"Arnaldo Botto"},"url":"https:\/\/www.noticiasradioreflejos.com.ar\/2021\/author\/arnaldo\/"}]}},"_links":{"self":[{"href":"https:\/\/www.noticiasradioreflejos.com.ar\/2021\/wp-json\/wp\/v2\/posts\/47461","targetHints":{"allow":["GET"]}}],"collection":[{"href":"https:\/\/www.noticiasradioreflejos.com.ar\/2021\/wp-json\/wp\/v2\/posts"}],"about":[{"href":"https:\/\/www.noticiasradioreflejos.com.ar\/2021\/wp-json\/wp\/v2\/types\/post"}],"author":[{"embeddable":true,"href":"https:\/\/www.noticiasradioreflejos.com.ar\/2021\/wp-json\/wp\/v2\/users\/3"}],"replies":[{"embeddable":true,"href":"https:\/\/www.noticiasradioreflejos.com.ar\/2021\/wp-json\/wp\/v2\/comments?post=47461"}],"version-history":[{"count":0,"href":"https:\/\/www.noticiasradioreflejos.com.ar\/2021\/wp-json\/wp\/v2\/posts\/47461\/revisions"}],"wp:attachment":[{"href":"https:\/\/www.noticiasradioreflejos.com.ar\/2021\/wp-json\/wp\/v2\/media?parent=47461"}],"wp:term":[{"taxonomy":"category","embeddable":true,"href":"https:\/\/www.noticiasradioreflejos.com.ar\/2021\/wp-json\/wp\/v2\/categories?post=47461"},{"taxonomy":"post_tag","embeddable":true,"href":"https:\/\/www.noticiasradioreflejos.com.ar\/2021\/wp-json\/wp\/v2\/tags?post=47461"}],"curies":[{"name":"wp","href":"https:\/\/api.w.org\/{rel}","templated":true}]}}