{"id":47451,"date":"2020-09-30T08:30:52","date_gmt":"2020-09-30T11:30:52","guid":{"rendered":"http:\/\/www.noticiasradioreflejos.com.ar\/noticias\/?p=47451"},"modified":"2020-09-30T08:30:52","modified_gmt":"2020-09-30T11:30:52","slug":"la-afip-extendio-a-septiembre-la-suspension-de-bajas-por-falta-de-pago-de-monotributistas","status":"publish","type":"post","link":"https:\/\/www.noticiasradioreflejos.com.ar\/2021\/la-afip-extendio-a-septiembre-la-suspension-de-bajas-por-falta-de-pago-de-monotributistas\/","title":{"rendered":"La AFIP extendi\u00f3 a septiembre la suspensi\u00f3n de bajas por falta de pago de monotributistas"},"content":{"rendered":"<p>La Administraci\u00f3n Federal de Ingresos P\u00fablicos (AFIP) prorrog\u00f3 la vigencia a septiembre de la suspensi\u00f3n de las bajas autom\u00e1ticas al r\u00e9gimen de monotributo en caso de falta de pago de los contribuyentes, una medida que se viene aplicando ante el impacto econ\u00f3mico de la pandemia de coronavirus.<!--more--><br \/>\nAs\u00ed lo estableci\u00f3 a trav\u00e9s de la Resoluci\u00f3n General 4825\/2020 publicada hoy en el Bolet\u00edn Oficial, que extendi\u00f3 los beneficios vigentes desde marzo pasado.<\/p>\n<p>Con el objetivo de amortiguar los efectos del aislamiento social, preventivo y obligatorio sobre los peque\u00f1os contribuyentes, el organismo tambi\u00e9n suspendi\u00f3 las exclusiones de monotributistas correspondientes a este mes.<\/p>\n<p>La normativa actual establece la baja del r\u00e9gimen cuando no se abonan diez cuotas consecutivas.<\/p>\n<p>La AFIP resolvi\u00f3 que septiembre no ser\u00e1 computado a los efectos de contabilizar el per\u00edodo necesario para la aplicaci\u00f3n de las bajas autom\u00e1ticas.<\/p>\n<p>Existen distintas situaciones previstas en la ley que generan la baja del r\u00e9gimen, y la m\u00e1s extendida es cuando la suma de los ingresos brutos del contribuyente excede el m\u00e1ximo establecido por la categor\u00eda m\u00e1xima disponible.<\/p>\n<p>La AFIP defini\u00f3 que esos cruces sist\u00e9micos no ser\u00e1n utilizados en setiembre para proceder a exclusiones de oficio.<\/p>\n","protected":false},"excerpt":{"rendered":"<p>La Administraci\u00f3n Federal de Ingresos P\u00fablicos (AFIP) prorrog\u00f3 la vigencia a septiembre de la suspensi\u00f3n de las bajas autom\u00e1ticas al r\u00e9gimen de monotributo en caso de falta de pago de los contribuyentes, una medida que se viene aplicando ante el impacto econ\u00f3mico de la pandemia de coronavirus.<\/p>\n","protected":false},"author":3,"featured_media":39606,"comment_status":"closed","ping_status":"open","sticky":false,"template":"","format":"standard","meta":{"footnotes":""},"categories":[36],"tags":[],"class_list":["post-47451","post","type-post","status-publish","format-standard","has-post-thumbnail","hentry","category-economia"],"yoast_head":"<!-- This site is optimized with the Yoast SEO plugin v25.9 - https:\/\/yoast.com\/wordpress\/plugins\/seo\/ -->\n<title>La AFIP extendi\u00f3 a septiembre la suspensi\u00f3n de bajas por falta de pago de monotributistas - Noticias Radio Reflejos<\/title>\n<meta name=\"robots\" content=\"index, follow, max-snippet:-1, max-image-preview:large, max-video-preview:-1\" \/>\n<link rel=\"canonical\" href=\"https:\/\/www.noticiasradioreflejos.com.ar\/2021\/la-afip-extendio-a-septiembre-la-suspension-de-bajas-por-falta-de-pago-de-monotributistas\/\" \/>\n<meta property=\"og:locale\" content=\"es_ES\" \/>\n<meta property=\"og:type\" content=\"article\" \/>\n<meta property=\"og:title\" content=\"La AFIP extendi\u00f3 a septiembre la suspensi\u00f3n de bajas por falta de pago de monotributistas - Noticias Radio Reflejos\" \/>\n<meta property=\"og:description\" content=\"La Administraci\u00f3n Federal de Ingresos P\u00fablicos (AFIP) prorrog\u00f3 la vigencia a septiembre de la suspensi\u00f3n de las bajas autom\u00e1ticas al r\u00e9gimen de monotributo en caso de falta de pago de los contribuyentes, una medida que se viene aplicando ante el impacto econ\u00f3mico de la pandemia de coronavirus.\" \/>\n<meta property=\"og:url\" content=\"https:\/\/www.noticiasradioreflejos.com.ar\/2021\/la-afip-extendio-a-septiembre-la-suspension-de-bajas-por-falta-de-pago-de-monotributistas\/\" \/>\n<meta property=\"og:site_name\" content=\"Noticias Radio Reflejos\" \/>\n<meta property=\"article:published_time\" content=\"2020-09-30T11:30:52+00:00\" \/>\n<meta property=\"og:image\" content=\"https:\/\/www.noticiasradioreflejos.com.ar\/2021\/wp-content\/uploads\/2020\/03\/AFIP.jpg\" \/>\n\t<meta property=\"og:image:width\" content=\"780\" \/>\n\t<meta property=\"og:image:height\" content=\"300\" \/>\n\t<meta property=\"og:image:type\" content=\"image\/jpeg\" \/>\n<meta name=\"author\" content=\"Arnaldo Botto\" \/>\n<meta name=\"twitter:card\" content=\"summary_large_image\" \/>\n<script type=\"application\/ld+json\" class=\"yoast-schema-graph\">{\"@context\":\"https:\/\/schema.org\",\"@graph\":[{\"@type\":\"WebPage\",\"@id\":\"https:\/\/www.noticiasradioreflejos.com.ar\/2021\/la-afip-extendio-a-septiembre-la-suspension-de-bajas-por-falta-de-pago-de-monotributistas\/\",\"url\":\"https:\/\/www.noticiasradioreflejos.com.ar\/2021\/la-afip-extendio-a-septiembre-la-suspension-de-bajas-por-falta-de-pago-de-monotributistas\/\",\"name\":\"La AFIP extendi\u00f3 a septiembre la suspensi\u00f3n de bajas por falta de pago de monotributistas - Noticias Radio Reflejos\",\"isPartOf\":{\"@id\":\"https:\/\/www.noticiasradioreflejos.com.ar\/2021\/#website\"},\"primaryImageOfPage\":{\"@id\":\"https:\/\/www.noticiasradioreflejos.com.ar\/2021\/la-afip-extendio-a-septiembre-la-suspension-de-bajas-por-falta-de-pago-de-monotributistas\/#primaryimage\"},\"image\":{\"@id\":\"https:\/\/www.noticiasradioreflejos.com.ar\/2021\/la-afip-extendio-a-septiembre-la-suspension-de-bajas-por-falta-de-pago-de-monotributistas\/#primaryimage\"},\"thumbnailUrl\":\"https:\/\/www.noticiasradioreflejos.com.ar\/2021\/wp-content\/uploads\/2020\/03\/AFIP.jpg\",\"datePublished\":\"2020-09-30T11:30:52+00:00\",\"author\":{\"@id\":\"https:\/\/www.noticiasradioreflejos.com.ar\/2021\/#\/schema\/person\/ad82545263dcc5ec0996818884fd5fb1\"},\"breadcrumb\":{\"@id\":\"https:\/\/www.noticiasradioreflejos.com.ar\/2021\/la-afip-extendio-a-septiembre-la-suspension-de-bajas-por-falta-de-pago-de-monotributistas\/#breadcrumb\"},\"inLanguage\":\"es\",\"potentialAction\":[{\"@type\":\"ReadAction\",\"target\":[\"https:\/\/www.noticiasradioreflejos.com.ar\/2021\/la-afip-extendio-a-septiembre-la-suspension-de-bajas-por-falta-de-pago-de-monotributistas\/\"]}]},{\"@type\":\"ImageObject\",\"inLanguage\":\"es\",\"@id\":\"https:\/\/www.noticiasradioreflejos.com.ar\/2021\/la-afip-extendio-a-septiembre-la-suspension-de-bajas-por-falta-de-pago-de-monotributistas\/#primaryimage\",\"url\":\"https:\/\/www.noticiasradioreflejos.com.ar\/2021\/wp-content\/uploads\/2020\/03\/AFIP.jpg\",\"contentUrl\":\"https:\/\/www.noticiasradioreflejos.com.ar\/2021\/wp-content\/uploads\/2020\/03\/AFIP.jpg\",\"width\":780,\"height\":300},{\"@type\":\"BreadcrumbList\",\"@id\":\"https:\/\/www.noticiasradioreflejos.com.ar\/2021\/la-afip-extendio-a-septiembre-la-suspension-de-bajas-por-falta-de-pago-de-monotributistas\/#breadcrumb\",\"itemListElement\":[{\"@type\":\"ListItem\",\"position\":1,\"name\":\"Portada\",\"item\":\"https:\/\/www.noticiasradioreflejos.com.ar\/2021\/\"},{\"@type\":\"ListItem\",\"position\":2,\"name\":\"La AFIP extendi\u00f3 a septiembre la suspensi\u00f3n de bajas por falta de pago de monotributistas\"}]},{\"@type\":\"WebSite\",\"@id\":\"https:\/\/www.noticiasradioreflejos.com.ar\/2021\/#website\",\"url\":\"https:\/\/www.noticiasradioreflejos.com.ar\/2021\/\",\"name\":\"Noticias Radio Reflejos\",\"description\":\"Las noticias de mi comarca\",\"potentialAction\":[{\"@type\":\"SearchAction\",\"target\":{\"@type\":\"EntryPoint\",\"urlTemplate\":\"https:\/\/www.noticiasradioreflejos.com.ar\/2021\/?s={search_term_string}\"},\"query-input\":{\"@type\":\"PropertyValueSpecification\",\"valueRequired\":true,\"valueName\":\"search_term_string\"}}],\"inLanguage\":\"es\"},{\"@type\":\"Person\",\"@id\":\"https:\/\/www.noticiasradioreflejos.com.ar\/2021\/#\/schema\/person\/ad82545263dcc5ec0996818884fd5fb1\",\"name\":\"Arnaldo Botto\",\"image\":{\"@type\":\"ImageObject\",\"inLanguage\":\"es\",\"@id\":\"https:\/\/www.noticiasradioreflejos.com.ar\/2021\/#\/schema\/person\/image\/\",\"url\":\"https:\/\/secure.gravatar.com\/avatar\/55cb5e37c1efa326397366e6974cb338056df65cb50e7d64d1cf314e87504837?s=96&d=mm&r=g\",\"contentUrl\":\"https:\/\/secure.gravatar.com\/avatar\/55cb5e37c1efa326397366e6974cb338056df65cb50e7d64d1cf314e87504837?s=96&d=mm&r=g\",\"caption\":\"Arnaldo Botto\"},\"url\":\"https:\/\/www.noticiasradioreflejos.com.ar\/2021\/author\/arnaldo\/\"}]}<\/script>\n<!-- \/ Yoast SEO plugin. -->","yoast_head_json":{"title":"La AFIP extendi\u00f3 a septiembre la suspensi\u00f3n de bajas por falta de pago de monotributistas - Noticias Radio Reflejos","robots":{"index":"index","follow":"follow","max-snippet":"max-snippet:-1","max-image-preview":"max-image-preview:large","max-video-preview":"max-video-preview:-1"},"canonical":"https:\/\/www.noticiasradioreflejos.com.ar\/2021\/la-afip-extendio-a-septiembre-la-suspension-de-bajas-por-falta-de-pago-de-monotributistas\/","og_locale":"es_ES","og_type":"article","og_title":"La AFIP extendi\u00f3 a septiembre la suspensi\u00f3n de bajas por falta de pago de monotributistas - Noticias Radio Reflejos","og_description":"La Administraci\u00f3n Federal de Ingresos P\u00fablicos (AFIP) prorrog\u00f3 la vigencia a septiembre de la suspensi\u00f3n de las bajas autom\u00e1ticas al r\u00e9gimen de monotributo en caso de falta de pago de los contribuyentes, una medida que se viene aplicando ante el impacto econ\u00f3mico de la pandemia de coronavirus.","og_url":"https:\/\/www.noticiasradioreflejos.com.ar\/2021\/la-afip-extendio-a-septiembre-la-suspension-de-bajas-por-falta-de-pago-de-monotributistas\/","og_site_name":"Noticias Radio Reflejos","article_published_time":"2020-09-30T11:30:52+00:00","og_image":[{"width":780,"height":300,"url":"https:\/\/www.noticiasradioreflejos.com.ar\/2021\/wp-content\/uploads\/2020\/03\/AFIP.jpg","type":"image\/jpeg"}],"author":"Arnaldo Botto","twitter_card":"summary_large_image","schema":{"@context":"https:\/\/schema.org","@graph":[{"@type":"WebPage","@id":"https:\/\/www.noticiasradioreflejos.com.ar\/2021\/la-afip-extendio-a-septiembre-la-suspension-de-bajas-por-falta-de-pago-de-monotributistas\/","url":"https:\/\/www.noticiasradioreflejos.com.ar\/2021\/la-afip-extendio-a-septiembre-la-suspension-de-bajas-por-falta-de-pago-de-monotributistas\/","name":"La AFIP extendi\u00f3 a septiembre la suspensi\u00f3n de bajas por falta de pago de monotributistas - Noticias Radio Reflejos","isPartOf":{"@id":"https:\/\/www.noticiasradioreflejos.com.ar\/2021\/#website"},"primaryImageOfPage":{"@id":"https:\/\/www.noticiasradioreflejos.com.ar\/2021\/la-afip-extendio-a-septiembre-la-suspension-de-bajas-por-falta-de-pago-de-monotributistas\/#primaryimage"},"image":{"@id":"https:\/\/www.noticiasradioreflejos.com.ar\/2021\/la-afip-extendio-a-septiembre-la-suspension-de-bajas-por-falta-de-pago-de-monotributistas\/#primaryimage"},"thumbnailUrl":"https:\/\/www.noticiasradioreflejos.com.ar\/2021\/wp-content\/uploads\/2020\/03\/AFIP.jpg","datePublished":"2020-09-30T11:30:52+00:00","author":{"@id":"https:\/\/www.noticiasradioreflejos.com.ar\/2021\/#\/schema\/person\/ad82545263dcc5ec0996818884fd5fb1"},"breadcrumb":{"@id":"https:\/\/www.noticiasradioreflejos.com.ar\/2021\/la-afip-extendio-a-septiembre-la-suspension-de-bajas-por-falta-de-pago-de-monotributistas\/#breadcrumb"},"inLanguage":"es","potentialAction":[{"@type":"ReadAction","target":["https:\/\/www.noticiasradioreflejos.com.ar\/2021\/la-afip-extendio-a-septiembre-la-suspension-de-bajas-por-falta-de-pago-de-monotributistas\/"]}]},{"@type":"ImageObject","inLanguage":"es","@id":"https:\/\/www.noticiasradioreflejos.com.ar\/2021\/la-afip-extendio-a-septiembre-la-suspension-de-bajas-por-falta-de-pago-de-monotributistas\/#primaryimage","url":"https:\/\/www.noticiasradioreflejos.com.ar\/2021\/wp-content\/uploads\/2020\/03\/AFIP.jpg","contentUrl":"https:\/\/www.noticiasradioreflejos.com.ar\/2021\/wp-content\/uploads\/2020\/03\/AFIP.jpg","width":780,"height":300},{"@type":"BreadcrumbList","@id":"https:\/\/www.noticiasradioreflejos.com.ar\/2021\/la-afip-extendio-a-septiembre-la-suspension-de-bajas-por-falta-de-pago-de-monotributistas\/#breadcrumb","itemListElement":[{"@type":"ListItem","position":1,"name":"Portada","item":"https:\/\/www.noticiasradioreflejos.com.ar\/2021\/"},{"@type":"ListItem","position":2,"name":"La AFIP extendi\u00f3 a septiembre la suspensi\u00f3n de bajas por falta de pago de monotributistas"}]},{"@type":"WebSite","@id":"https:\/\/www.noticiasradioreflejos.com.ar\/2021\/#website","url":"https:\/\/www.noticiasradioreflejos.com.ar\/2021\/","name":"Noticias Radio Reflejos","description":"Las noticias de mi comarca","potentialAction":[{"@type":"SearchAction","target":{"@type":"EntryPoint","urlTemplate":"https:\/\/www.noticiasradioreflejos.com.ar\/2021\/?s={search_term_string}"},"query-input":{"@type":"PropertyValueSpecification","valueRequired":true,"valueName":"search_term_string"}}],"inLanguage":"es"},{"@type":"Person","@id":"https:\/\/www.noticiasradioreflejos.com.ar\/2021\/#\/schema\/person\/ad82545263dcc5ec0996818884fd5fb1","name":"Arnaldo Botto","image":{"@type":"ImageObject","inLanguage":"es","@id":"https:\/\/www.noticiasradioreflejos.com.ar\/2021\/#\/schema\/person\/image\/","url":"https:\/\/secure.gravatar.com\/avatar\/55cb5e37c1efa326397366e6974cb338056df65cb50e7d64d1cf314e87504837?s=96&d=mm&r=g","contentUrl":"https:\/\/secure.gravatar.com\/avatar\/55cb5e37c1efa326397366e6974cb338056df65cb50e7d64d1cf314e87504837?s=96&d=mm&r=g","caption":"Arnaldo Botto"},"url":"https:\/\/www.noticiasradioreflejos.com.ar\/2021\/author\/arnaldo\/"}]}},"_links":{"self":[{"href":"https:\/\/www.noticiasradioreflejos.com.ar\/2021\/wp-json\/wp\/v2\/posts\/47451","targetHints":{"allow":["GET"]}}],"collection":[{"href":"https:\/\/www.noticiasradioreflejos.com.ar\/2021\/wp-json\/wp\/v2\/posts"}],"about":[{"href":"https:\/\/www.noticiasradioreflejos.com.ar\/2021\/wp-json\/wp\/v2\/types\/post"}],"author":[{"embeddable":true,"href":"https:\/\/www.noticiasradioreflejos.com.ar\/2021\/wp-json\/wp\/v2\/users\/3"}],"replies":[{"embeddable":true,"href":"https:\/\/www.noticiasradioreflejos.com.ar\/2021\/wp-json\/wp\/v2\/comments?post=47451"}],"version-history":[{"count":0,"href":"https:\/\/www.noticiasradioreflejos.com.ar\/2021\/wp-json\/wp\/v2\/posts\/47451\/revisions"}],"wp:featuredmedia":[{"embeddable":true,"href":"https:\/\/www.noticiasradioreflejos.com.ar\/2021\/wp-json\/wp\/v2\/media\/39606"}],"wp:attachment":[{"href":"https:\/\/www.noticiasradioreflejos.com.ar\/2021\/wp-json\/wp\/v2\/media?parent=47451"}],"wp:term":[{"taxonomy":"category","embeddable":true,"href":"https:\/\/www.noticiasradioreflejos.com.ar\/2021\/wp-json\/wp\/v2\/categories?post=47451"},{"taxonomy":"post_tag","embeddable":true,"href":"https:\/\/www.noticiasradioreflejos.com.ar\/2021\/wp-json\/wp\/v2\/tags?post=47451"}],"curies":[{"name":"wp","href":"https:\/\/api.w.org\/{rel}","templated":true}]}}