{"id":47447,"date":"2020-09-30T08:07:01","date_gmt":"2020-09-30T11:07:01","guid":{"rendered":"http:\/\/www.noticiasradioreflejos.com.ar\/noticias\/?p=47447"},"modified":"2020-09-30T08:07:01","modified_gmt":"2020-09-30T11:07:01","slug":"coronavirus-en-cnel-suarez-23-positivos-nuevos-positivos-elevan-a-84-los-casos-activos","status":"publish","type":"post","link":"https:\/\/www.noticiasradioreflejos.com.ar\/2021\/coronavirus-en-cnel-suarez-23-positivos-nuevos-positivos-elevan-a-84-los-casos-activos\/","title":{"rendered":"Coronavirus en Cnel Suarez: 23 nuevos positivos elevan a 84 los casos activos."},"content":{"rendered":"<p><a title=\"covid-9\" href=\"http:\/\/live.staticflickr.com\/65535\/50400923597_6f51e5cc21_s.jpg\" rel=\"\"><img loading=\"lazy\" decoding=\"async\" class=\"alignleft\" style=\"float: left;\" title=\"covid-9\" src=\"http:\/\/live.staticflickr.com\/65535\/50400923597_6f51e5cc21.jpg\" alt=\"covid-9\" width=\"500\" height=\"500\" \/><\/a>Parte 172 correspondiente al 29 de septiembre 23.59 horas. Se confirmaron 23 nuevos positivos Covid-19. Suman 84 los casos activos. <!--more--><br \/>\n23 positivos COVID-19 pacientes de Coronel Su\u00e1rez en su mayor\u00eda contactos estrechos de otros positivos. Actualmente 9 pacientes con COVID-19 se encuentran internados por criterio m\u00e9dico, dos de los cuales lo hacen en la Unidad de Cuidados Intensivos (UCI). El resto de los casos activos se encuentran cursando la enfermedad aislados en sus domicilios. Tenemos 9 nuevos pacientes recuperados y 15 estudios descartados. El equipo m\u00e9dico que atiende la pandemia se encuentra realizando el mapeo epidemiol\u00f3gico.<\/p>\n<p>CASOS POSITIVOS ACTIVOS: 84 Coronel Su\u00e1rez: 83 \/ Huanguel\u00e9n: 1<br \/>\nCasos RECUPERADOS: 86<br \/>\nTOTAL casos en ESTUDIO: 45 Coronel Su\u00e1rez: 45 \/ Huanguel\u00e9n: 0<br \/>\nTOTAL Casos DESCARTADOS: 519<br \/>\nPersonas en AISLAMIENTO por contacto ESTRECHO: 352 Coronel Su\u00e1rez: 338 \/ Huanguel\u00e9n: 14<br \/>\nPersonas en cuarentena por arribar de ciudades del resto del pa\u00eds: 95 + 45 de Huanguel\u00e9n<br \/>\nPersonas que FINALIZARON CUARENTENA llegados resto del pa\u00eds: 1562<\/p>\n","protected":false},"excerpt":{"rendered":"<p>Parte 172 correspondiente al 29 de septiembre 23.59 horas. Se confirmaron 23 nuevos positivos Covid-19. Suman 84 los casos activos.<\/p>\n","protected":false},"author":3,"featured_media":0,"comment_status":"closed","ping_status":"open","sticky":false,"template":"","format":"standard","meta":{"footnotes":""},"categories":[30],"tags":[],"class_list":["post-47447","post","type-post","status-publish","format-standard","hentry","category-salud"],"yoast_head":"<!-- This site is optimized with the Yoast SEO plugin v25.9 - https:\/\/yoast.com\/wordpress\/plugins\/seo\/ -->\n<title>Coronavirus en Cnel Suarez: 23 nuevos positivos elevan a 84 los casos activos. - Noticias Radio Reflejos<\/title>\n<meta name=\"robots\" content=\"index, follow, max-snippet:-1, max-image-preview:large, max-video-preview:-1\" \/>\n<link rel=\"canonical\" href=\"https:\/\/www.noticiasradioreflejos.com.ar\/2021\/coronavirus-en-cnel-suarez-23-positivos-nuevos-positivos-elevan-a-84-los-casos-activos\/\" \/>\n<meta property=\"og:locale\" content=\"es_ES\" \/>\n<meta property=\"og:type\" content=\"article\" \/>\n<meta property=\"og:title\" content=\"Coronavirus en Cnel Suarez: 23 nuevos positivos elevan a 84 los casos activos. - Noticias Radio Reflejos\" \/>\n<meta property=\"og:description\" content=\"Parte 172 correspondiente al 29 de septiembre 23.59 horas. Se confirmaron 23 nuevos positivos Covid-19. Suman 84 los casos activos.\" \/>\n<meta property=\"og:url\" content=\"https:\/\/www.noticiasradioreflejos.com.ar\/2021\/coronavirus-en-cnel-suarez-23-positivos-nuevos-positivos-elevan-a-84-los-casos-activos\/\" \/>\n<meta property=\"og:site_name\" content=\"Noticias Radio Reflejos\" \/>\n<meta property=\"article:published_time\" content=\"2020-09-30T11:07:01+00:00\" \/>\n<meta property=\"og:image\" content=\"http:\/\/live.staticflickr.com\/65535\/50400923597_6f51e5cc21.jpg\" \/>\n<meta name=\"author\" content=\"Arnaldo Botto\" \/>\n<meta name=\"twitter:card\" content=\"summary_large_image\" \/>\n<script type=\"application\/ld+json\" class=\"yoast-schema-graph\">{\"@context\":\"https:\/\/schema.org\",\"@graph\":[{\"@type\":\"WebPage\",\"@id\":\"https:\/\/www.noticiasradioreflejos.com.ar\/2021\/coronavirus-en-cnel-suarez-23-positivos-nuevos-positivos-elevan-a-84-los-casos-activos\/\",\"url\":\"https:\/\/www.noticiasradioreflejos.com.ar\/2021\/coronavirus-en-cnel-suarez-23-positivos-nuevos-positivos-elevan-a-84-los-casos-activos\/\",\"name\":\"Coronavirus en Cnel Suarez: 23 nuevos positivos elevan a 84 los casos activos. - Noticias Radio Reflejos\",\"isPartOf\":{\"@id\":\"https:\/\/www.noticiasradioreflejos.com.ar\/2021\/#website\"},\"primaryImageOfPage\":{\"@id\":\"https:\/\/www.noticiasradioreflejos.com.ar\/2021\/coronavirus-en-cnel-suarez-23-positivos-nuevos-positivos-elevan-a-84-los-casos-activos\/#primaryimage\"},\"image\":{\"@id\":\"https:\/\/www.noticiasradioreflejos.com.ar\/2021\/coronavirus-en-cnel-suarez-23-positivos-nuevos-positivos-elevan-a-84-los-casos-activos\/#primaryimage\"},\"thumbnailUrl\":\"http:\/\/live.staticflickr.com\/65535\/50400923597_6f51e5cc21.jpg\",\"datePublished\":\"2020-09-30T11:07:01+00:00\",\"author\":{\"@id\":\"https:\/\/www.noticiasradioreflejos.com.ar\/2021\/#\/schema\/person\/ad82545263dcc5ec0996818884fd5fb1\"},\"breadcrumb\":{\"@id\":\"https:\/\/www.noticiasradioreflejos.com.ar\/2021\/coronavirus-en-cnel-suarez-23-positivos-nuevos-positivos-elevan-a-84-los-casos-activos\/#breadcrumb\"},\"inLanguage\":\"es\",\"potentialAction\":[{\"@type\":\"ReadAction\",\"target\":[\"https:\/\/www.noticiasradioreflejos.com.ar\/2021\/coronavirus-en-cnel-suarez-23-positivos-nuevos-positivos-elevan-a-84-los-casos-activos\/\"]}]},{\"@type\":\"ImageObject\",\"inLanguage\":\"es\",\"@id\":\"https:\/\/www.noticiasradioreflejos.com.ar\/2021\/coronavirus-en-cnel-suarez-23-positivos-nuevos-positivos-elevan-a-84-los-casos-activos\/#primaryimage\",\"url\":\"http:\/\/live.staticflickr.com\/65535\/50400923597_6f51e5cc21.jpg\",\"contentUrl\":\"http:\/\/live.staticflickr.com\/65535\/50400923597_6f51e5cc21.jpg\"},{\"@type\":\"BreadcrumbList\",\"@id\":\"https:\/\/www.noticiasradioreflejos.com.ar\/2021\/coronavirus-en-cnel-suarez-23-positivos-nuevos-positivos-elevan-a-84-los-casos-activos\/#breadcrumb\",\"itemListElement\":[{\"@type\":\"ListItem\",\"position\":1,\"name\":\"Portada\",\"item\":\"https:\/\/www.noticiasradioreflejos.com.ar\/2021\/\"},{\"@type\":\"ListItem\",\"position\":2,\"name\":\"Coronavirus en Cnel Suarez: 23 nuevos positivos elevan a 84 los casos activos.\"}]},{\"@type\":\"WebSite\",\"@id\":\"https:\/\/www.noticiasradioreflejos.com.ar\/2021\/#website\",\"url\":\"https:\/\/www.noticiasradioreflejos.com.ar\/2021\/\",\"name\":\"Noticias Radio Reflejos\",\"description\":\"Las noticias de mi comarca\",\"potentialAction\":[{\"@type\":\"SearchAction\",\"target\":{\"@type\":\"EntryPoint\",\"urlTemplate\":\"https:\/\/www.noticiasradioreflejos.com.ar\/2021\/?s={search_term_string}\"},\"query-input\":{\"@type\":\"PropertyValueSpecification\",\"valueRequired\":true,\"valueName\":\"search_term_string\"}}],\"inLanguage\":\"es\"},{\"@type\":\"Person\",\"@id\":\"https:\/\/www.noticiasradioreflejos.com.ar\/2021\/#\/schema\/person\/ad82545263dcc5ec0996818884fd5fb1\",\"name\":\"Arnaldo Botto\",\"image\":{\"@type\":\"ImageObject\",\"inLanguage\":\"es\",\"@id\":\"https:\/\/www.noticiasradioreflejos.com.ar\/2021\/#\/schema\/person\/image\/\",\"url\":\"https:\/\/secure.gravatar.com\/avatar\/55cb5e37c1efa326397366e6974cb338056df65cb50e7d64d1cf314e87504837?s=96&d=mm&r=g\",\"contentUrl\":\"https:\/\/secure.gravatar.com\/avatar\/55cb5e37c1efa326397366e6974cb338056df65cb50e7d64d1cf314e87504837?s=96&d=mm&r=g\",\"caption\":\"Arnaldo Botto\"},\"url\":\"https:\/\/www.noticiasradioreflejos.com.ar\/2021\/author\/arnaldo\/\"}]}<\/script>\n<!-- \/ Yoast SEO plugin. -->","yoast_head_json":{"title":"Coronavirus en Cnel Suarez: 23 nuevos positivos elevan a 84 los casos activos. - Noticias Radio Reflejos","robots":{"index":"index","follow":"follow","max-snippet":"max-snippet:-1","max-image-preview":"max-image-preview:large","max-video-preview":"max-video-preview:-1"},"canonical":"https:\/\/www.noticiasradioreflejos.com.ar\/2021\/coronavirus-en-cnel-suarez-23-positivos-nuevos-positivos-elevan-a-84-los-casos-activos\/","og_locale":"es_ES","og_type":"article","og_title":"Coronavirus en Cnel Suarez: 23 nuevos positivos elevan a 84 los casos activos. - Noticias Radio Reflejos","og_description":"Parte 172 correspondiente al 29 de septiembre 23.59 horas. Se confirmaron 23 nuevos positivos Covid-19. Suman 84 los casos activos.","og_url":"https:\/\/www.noticiasradioreflejos.com.ar\/2021\/coronavirus-en-cnel-suarez-23-positivos-nuevos-positivos-elevan-a-84-los-casos-activos\/","og_site_name":"Noticias Radio Reflejos","article_published_time":"2020-09-30T11:07:01+00:00","og_image":[{"url":"http:\/\/live.staticflickr.com\/65535\/50400923597_6f51e5cc21.jpg","type":"","width":"","height":""}],"author":"Arnaldo Botto","twitter_card":"summary_large_image","schema":{"@context":"https:\/\/schema.org","@graph":[{"@type":"WebPage","@id":"https:\/\/www.noticiasradioreflejos.com.ar\/2021\/coronavirus-en-cnel-suarez-23-positivos-nuevos-positivos-elevan-a-84-los-casos-activos\/","url":"https:\/\/www.noticiasradioreflejos.com.ar\/2021\/coronavirus-en-cnel-suarez-23-positivos-nuevos-positivos-elevan-a-84-los-casos-activos\/","name":"Coronavirus en Cnel Suarez: 23 nuevos positivos elevan a 84 los casos activos. - Noticias Radio Reflejos","isPartOf":{"@id":"https:\/\/www.noticiasradioreflejos.com.ar\/2021\/#website"},"primaryImageOfPage":{"@id":"https:\/\/www.noticiasradioreflejos.com.ar\/2021\/coronavirus-en-cnel-suarez-23-positivos-nuevos-positivos-elevan-a-84-los-casos-activos\/#primaryimage"},"image":{"@id":"https:\/\/www.noticiasradioreflejos.com.ar\/2021\/coronavirus-en-cnel-suarez-23-positivos-nuevos-positivos-elevan-a-84-los-casos-activos\/#primaryimage"},"thumbnailUrl":"http:\/\/live.staticflickr.com\/65535\/50400923597_6f51e5cc21.jpg","datePublished":"2020-09-30T11:07:01+00:00","author":{"@id":"https:\/\/www.noticiasradioreflejos.com.ar\/2021\/#\/schema\/person\/ad82545263dcc5ec0996818884fd5fb1"},"breadcrumb":{"@id":"https:\/\/www.noticiasradioreflejos.com.ar\/2021\/coronavirus-en-cnel-suarez-23-positivos-nuevos-positivos-elevan-a-84-los-casos-activos\/#breadcrumb"},"inLanguage":"es","potentialAction":[{"@type":"ReadAction","target":["https:\/\/www.noticiasradioreflejos.com.ar\/2021\/coronavirus-en-cnel-suarez-23-positivos-nuevos-positivos-elevan-a-84-los-casos-activos\/"]}]},{"@type":"ImageObject","inLanguage":"es","@id":"https:\/\/www.noticiasradioreflejos.com.ar\/2021\/coronavirus-en-cnel-suarez-23-positivos-nuevos-positivos-elevan-a-84-los-casos-activos\/#primaryimage","url":"http:\/\/live.staticflickr.com\/65535\/50400923597_6f51e5cc21.jpg","contentUrl":"http:\/\/live.staticflickr.com\/65535\/50400923597_6f51e5cc21.jpg"},{"@type":"BreadcrumbList","@id":"https:\/\/www.noticiasradioreflejos.com.ar\/2021\/coronavirus-en-cnel-suarez-23-positivos-nuevos-positivos-elevan-a-84-los-casos-activos\/#breadcrumb","itemListElement":[{"@type":"ListItem","position":1,"name":"Portada","item":"https:\/\/www.noticiasradioreflejos.com.ar\/2021\/"},{"@type":"ListItem","position":2,"name":"Coronavirus en Cnel Suarez: 23 nuevos positivos elevan a 84 los casos activos."}]},{"@type":"WebSite","@id":"https:\/\/www.noticiasradioreflejos.com.ar\/2021\/#website","url":"https:\/\/www.noticiasradioreflejos.com.ar\/2021\/","name":"Noticias Radio Reflejos","description":"Las noticias de mi comarca","potentialAction":[{"@type":"SearchAction","target":{"@type":"EntryPoint","urlTemplate":"https:\/\/www.noticiasradioreflejos.com.ar\/2021\/?s={search_term_string}"},"query-input":{"@type":"PropertyValueSpecification","valueRequired":true,"valueName":"search_term_string"}}],"inLanguage":"es"},{"@type":"Person","@id":"https:\/\/www.noticiasradioreflejos.com.ar\/2021\/#\/schema\/person\/ad82545263dcc5ec0996818884fd5fb1","name":"Arnaldo Botto","image":{"@type":"ImageObject","inLanguage":"es","@id":"https:\/\/www.noticiasradioreflejos.com.ar\/2021\/#\/schema\/person\/image\/","url":"https:\/\/secure.gravatar.com\/avatar\/55cb5e37c1efa326397366e6974cb338056df65cb50e7d64d1cf314e87504837?s=96&d=mm&r=g","contentUrl":"https:\/\/secure.gravatar.com\/avatar\/55cb5e37c1efa326397366e6974cb338056df65cb50e7d64d1cf314e87504837?s=96&d=mm&r=g","caption":"Arnaldo Botto"},"url":"https:\/\/www.noticiasradioreflejos.com.ar\/2021\/author\/arnaldo\/"}]}},"_links":{"self":[{"href":"https:\/\/www.noticiasradioreflejos.com.ar\/2021\/wp-json\/wp\/v2\/posts\/47447","targetHints":{"allow":["GET"]}}],"collection":[{"href":"https:\/\/www.noticiasradioreflejos.com.ar\/2021\/wp-json\/wp\/v2\/posts"}],"about":[{"href":"https:\/\/www.noticiasradioreflejos.com.ar\/2021\/wp-json\/wp\/v2\/types\/post"}],"author":[{"embeddable":true,"href":"https:\/\/www.noticiasradioreflejos.com.ar\/2021\/wp-json\/wp\/v2\/users\/3"}],"replies":[{"embeddable":true,"href":"https:\/\/www.noticiasradioreflejos.com.ar\/2021\/wp-json\/wp\/v2\/comments?post=47447"}],"version-history":[{"count":0,"href":"https:\/\/www.noticiasradioreflejos.com.ar\/2021\/wp-json\/wp\/v2\/posts\/47447\/revisions"}],"wp:attachment":[{"href":"https:\/\/www.noticiasradioreflejos.com.ar\/2021\/wp-json\/wp\/v2\/media?parent=47447"}],"wp:term":[{"taxonomy":"category","embeddable":true,"href":"https:\/\/www.noticiasradioreflejos.com.ar\/2021\/wp-json\/wp\/v2\/categories?post=47447"},{"taxonomy":"post_tag","embeddable":true,"href":"https:\/\/www.noticiasradioreflejos.com.ar\/2021\/wp-json\/wp\/v2\/tags?post=47447"}],"curies":[{"name":"wp","href":"https:\/\/api.w.org\/{rel}","templated":true}]}}