{"id":47444,"date":"2020-09-29T19:45:48","date_gmt":"2020-09-29T22:45:48","guid":{"rendered":"http:\/\/www.noticiasradioreflejos.com.ar\/noticias\/?p=47444"},"modified":"2020-09-29T19:45:48","modified_gmt":"2020-09-29T22:45:48","slug":"se-presento-el-plan-bonaerense-de-suelo-y-habitat-2020-2023","status":"publish","type":"post","link":"https:\/\/www.noticiasradioreflejos.com.ar\/2021\/se-presento-el-plan-bonaerense-de-suelo-y-habitat-2020-2023\/","title":{"rendered":"Se present\u00f3 el Plan Bonaerense de Suelo y H\u00e1bitat 2020- 2023"},"content":{"rendered":"<p>\u201cEl problema habitacional no es un tema coyuntural, es un tema estructural, hist\u00f3rico y profundo, al que hay que darle una respuesta multidimensional\u201d, manifest\u00f3 el gobernador de la provincia de Buenos Aires, Axel Kicillof, este martes durante la presentaci\u00f3n del Plan Bonaerense de Suelo, Vivienda y H\u00e1bitat que prev\u00e9 una inversi\u00f3n total de $190.186 millones entre 2020 y 2023.<!--more--><\/p>\n<p>En la presentaci\u00f3n, que se llev\u00f3 a cabo en el Sal\u00f3n Dorado de la Gobernaci\u00f3n, Kicillof estuvo acompa\u00f1ado por la vicegobernadora, Ver\u00f3nica Magario; la titular de la ANSES, Fernanda Raverta; la ministra nacional de Desarrollo Territorial y H\u00e1bitat, Mar\u00eda Eugenia Bielsa; y la ministra de Gobierno bonaerense, Teresa Garc\u00eda.<\/p>\n<p>\u201cLa pandemia puso a la vista el problema de acceso a derecho a la vivienda\u201d, expres\u00f3 Kicillof y resalt\u00f3: \u201cLo que estamos haciendo a cada paso, es abordar los problemas y poner en marcha un proceso de soluci\u00f3n\u201d.<\/p>\n<p>El Plan prev\u00e9 una inversi\u00f3n total de $190.186 millones, destinados a la construcci\u00f3n de 33.600 viviendas nuevas; la reactivaci\u00f3n de 9.738 obras de viviendas cuya edificaci\u00f3n se encuentra frenada; el desarrollo de 85.353 lotes con servicios; 18.426 obras de mejoras habitacionales y de h\u00e1bitat; 507 proyectos integrales de urbanizaci\u00f3n en barrios populares; y la construcci\u00f3n de 6.213 viviendas y 5.846 lotes como parte del programa Procrear.<\/p>\n<p>\u201cLas cuestiones del ordenamiento territorial, de la producci\u00f3n de tierra urbana, de la construcci\u00f3n de viviendas, como tambi\u00e9n el acceso al cr\u00e9dito y la tierra, no se van a resolver a trav\u00e9s del libre mercado y la desregulaci\u00f3n, se necesita la acci\u00f3n del Estado\u201d, enfatiz\u00f3 el Gobernador.<\/p>\n<p>El Plan Bonaerense de Suelo, Vivienda y H\u00e1bitat implica la creaci\u00f3n de la Unidad Provincial de Tierra y Vivienda que tendr\u00e1 como objetivo coordinar las pol\u00edticas de generaci\u00f3n de suelo urbano y desarrollo de soluciones habitacionales en la Provincia. Dicha unidad ser\u00e1 coordinada por el Ministerio de Gobierno; y estar\u00e1 integrada por los ministerios de Infraestructura y Servicios P\u00fablicos, Desarrollo de la Comunidad, Hacienda y Finanzas, Justicia y Derechos Humanos; as\u00ed como tambi\u00e9n por la Agencia de Recaudaci\u00f3n de la Provincia de Buenos Aires (ARBA) y el Organismo Provincial para la Integraci\u00f3n Social y Urbana (OPISU).<\/p>\n<p>Al respecto, el Gobernador se\u00f1al\u00f3 la importancia de \u201ccrear una Unidad Provincial para articular a varios ministerios y \u00e1reas\u201d que dinamicen su capacidad de acci\u00f3n, ya que \u201ctodas las \u00e1reas intervinientes se encontraban divididas\u201d. Adem\u00e1s, subray\u00f3 que el Gobierno provincial \u201csolo puede conocer y planificar el uso del suelo con la intervenci\u00f3n de los intendentes de la Provincia, que son quienes conocen d\u00f3nde hay necesidad de producci\u00f3n de tierra\u201d.<\/p>\n<p>Adem\u00e1s, Kicillof explic\u00f3 que esta pol\u00edtica tiene como objetivo la regularizaci\u00f3n de 154.747 actas y escrituras de forma gratuita; un programa de Registro de suelo urbano, y la creaci\u00f3n de un Registro provincial de demanda habitacional.<\/p>\n<p>\u00abTiene que haber una respuesta a esta problem\u00e1tica, aunque no sea inmediata, porque la ausencia del Estado genera reacciones que no resuelven el problema de la vivienda y que van contra el derecho del otro\u00bb, explic\u00f3 el Gobernador, y finaliz\u00f3: \u00abPor eso hoy la Provincia decide abordar la situaci\u00f3n, junto al Estado nacional y los municipios, as\u00ed como lo hemos hecho con todos los problemas estructurales que encontramos\u201d.<\/p>\n<p>Del encuentro tambi\u00e9n participaron intendentes, legisladores y ministros del gabinete provincial.<\/p>\n","protected":false},"excerpt":{"rendered":"<p>\u201cEl problema habitacional no es un tema coyuntural, es un tema estructural, hist\u00f3rico y profundo, al que hay que darle una respuesta multidimensional\u201d, manifest\u00f3 el gobernador de la provincia de Buenos Aires, Axel Kicillof, este martes durante la presentaci\u00f3n del Plan Bonaerense de Suelo, Vivienda y H\u00e1bitat que prev\u00e9 una inversi\u00f3n total de $190.186 millones [&hellip;]<\/p>\n","protected":false},"author":3,"featured_media":0,"comment_status":"closed","ping_status":"open","sticky":false,"template":"","format":"standard","meta":{"footnotes":""},"categories":[24],"tags":[],"class_list":["post-47444","post","type-post","status-publish","format-standard","hentry","category-politica"],"yoast_head":"<!-- This site is optimized with the Yoast SEO plugin v25.9 - https:\/\/yoast.com\/wordpress\/plugins\/seo\/ -->\n<title>Se present\u00f3 el Plan Bonaerense de Suelo y H\u00e1bitat 2020- 2023 - Noticias Radio Reflejos<\/title>\n<meta name=\"robots\" content=\"index, follow, max-snippet:-1, max-image-preview:large, max-video-preview:-1\" \/>\n<link rel=\"canonical\" href=\"https:\/\/www.noticiasradioreflejos.com.ar\/2021\/se-presento-el-plan-bonaerense-de-suelo-y-habitat-2020-2023\/\" \/>\n<meta property=\"og:locale\" content=\"es_ES\" \/>\n<meta property=\"og:type\" content=\"article\" \/>\n<meta property=\"og:title\" content=\"Se present\u00f3 el Plan Bonaerense de Suelo y H\u00e1bitat 2020- 2023 - Noticias Radio Reflejos\" \/>\n<meta property=\"og:description\" content=\"\u201cEl problema habitacional no es un tema coyuntural, es un tema estructural, hist\u00f3rico y profundo, al que hay que darle una respuesta multidimensional\u201d, manifest\u00f3 el gobernador de la provincia de Buenos Aires, Axel Kicillof, este martes durante la presentaci\u00f3n del Plan Bonaerense de Suelo, Vivienda y H\u00e1bitat que prev\u00e9 una inversi\u00f3n total de $190.186 millones [&hellip;]\" \/>\n<meta property=\"og:url\" content=\"https:\/\/www.noticiasradioreflejos.com.ar\/2021\/se-presento-el-plan-bonaerense-de-suelo-y-habitat-2020-2023\/\" \/>\n<meta property=\"og:site_name\" content=\"Noticias Radio Reflejos\" \/>\n<meta property=\"article:published_time\" content=\"2020-09-29T22:45:48+00:00\" \/>\n<meta property=\"og:image\" content=\"https:\/\/www.noticiasradioreflejos.com.ar\/2021\/wp-content\/uploads\/2021\/07\/logosol300x200.png\" \/>\n\t<meta property=\"og:image:width\" content=\"300\" \/>\n\t<meta property=\"og:image:height\" content=\"200\" \/>\n\t<meta property=\"og:image:type\" content=\"image\/png\" \/>\n<meta name=\"author\" content=\"Arnaldo Botto\" \/>\n<meta name=\"twitter:card\" content=\"summary_large_image\" \/>\n<script type=\"application\/ld+json\" class=\"yoast-schema-graph\">{\"@context\":\"https:\/\/schema.org\",\"@graph\":[{\"@type\":\"WebPage\",\"@id\":\"https:\/\/www.noticiasradioreflejos.com.ar\/2021\/se-presento-el-plan-bonaerense-de-suelo-y-habitat-2020-2023\/\",\"url\":\"https:\/\/www.noticiasradioreflejos.com.ar\/2021\/se-presento-el-plan-bonaerense-de-suelo-y-habitat-2020-2023\/\",\"name\":\"Se present\u00f3 el Plan Bonaerense de Suelo y H\u00e1bitat 2020- 2023 - Noticias Radio Reflejos\",\"isPartOf\":{\"@id\":\"https:\/\/www.noticiasradioreflejos.com.ar\/2021\/#website\"},\"datePublished\":\"2020-09-29T22:45:48+00:00\",\"author\":{\"@id\":\"https:\/\/www.noticiasradioreflejos.com.ar\/2021\/#\/schema\/person\/ad82545263dcc5ec0996818884fd5fb1\"},\"breadcrumb\":{\"@id\":\"https:\/\/www.noticiasradioreflejos.com.ar\/2021\/se-presento-el-plan-bonaerense-de-suelo-y-habitat-2020-2023\/#breadcrumb\"},\"inLanguage\":\"es\",\"potentialAction\":[{\"@type\":\"ReadAction\",\"target\":[\"https:\/\/www.noticiasradioreflejos.com.ar\/2021\/se-presento-el-plan-bonaerense-de-suelo-y-habitat-2020-2023\/\"]}]},{\"@type\":\"BreadcrumbList\",\"@id\":\"https:\/\/www.noticiasradioreflejos.com.ar\/2021\/se-presento-el-plan-bonaerense-de-suelo-y-habitat-2020-2023\/#breadcrumb\",\"itemListElement\":[{\"@type\":\"ListItem\",\"position\":1,\"name\":\"Portada\",\"item\":\"https:\/\/www.noticiasradioreflejos.com.ar\/2021\/\"},{\"@type\":\"ListItem\",\"position\":2,\"name\":\"Se present\u00f3 el Plan Bonaerense de Suelo y H\u00e1bitat 2020- 2023\"}]},{\"@type\":\"WebSite\",\"@id\":\"https:\/\/www.noticiasradioreflejos.com.ar\/2021\/#website\",\"url\":\"https:\/\/www.noticiasradioreflejos.com.ar\/2021\/\",\"name\":\"Noticias Radio Reflejos\",\"description\":\"Las noticias de mi comarca\",\"potentialAction\":[{\"@type\":\"SearchAction\",\"target\":{\"@type\":\"EntryPoint\",\"urlTemplate\":\"https:\/\/www.noticiasradioreflejos.com.ar\/2021\/?s={search_term_string}\"},\"query-input\":{\"@type\":\"PropertyValueSpecification\",\"valueRequired\":true,\"valueName\":\"search_term_string\"}}],\"inLanguage\":\"es\"},{\"@type\":\"Person\",\"@id\":\"https:\/\/www.noticiasradioreflejos.com.ar\/2021\/#\/schema\/person\/ad82545263dcc5ec0996818884fd5fb1\",\"name\":\"Arnaldo Botto\",\"image\":{\"@type\":\"ImageObject\",\"inLanguage\":\"es\",\"@id\":\"https:\/\/www.noticiasradioreflejos.com.ar\/2021\/#\/schema\/person\/image\/\",\"url\":\"https:\/\/secure.gravatar.com\/avatar\/55cb5e37c1efa326397366e6974cb338056df65cb50e7d64d1cf314e87504837?s=96&d=mm&r=g\",\"contentUrl\":\"https:\/\/secure.gravatar.com\/avatar\/55cb5e37c1efa326397366e6974cb338056df65cb50e7d64d1cf314e87504837?s=96&d=mm&r=g\",\"caption\":\"Arnaldo Botto\"},\"url\":\"https:\/\/www.noticiasradioreflejos.com.ar\/2021\/author\/arnaldo\/\"}]}<\/script>\n<!-- \/ Yoast SEO plugin. -->","yoast_head_json":{"title":"Se present\u00f3 el Plan Bonaerense de Suelo y H\u00e1bitat 2020- 2023 - Noticias Radio Reflejos","robots":{"index":"index","follow":"follow","max-snippet":"max-snippet:-1","max-image-preview":"max-image-preview:large","max-video-preview":"max-video-preview:-1"},"canonical":"https:\/\/www.noticiasradioreflejos.com.ar\/2021\/se-presento-el-plan-bonaerense-de-suelo-y-habitat-2020-2023\/","og_locale":"es_ES","og_type":"article","og_title":"Se present\u00f3 el Plan Bonaerense de Suelo y H\u00e1bitat 2020- 2023 - Noticias Radio Reflejos","og_description":"\u201cEl problema habitacional no es un tema coyuntural, es un tema estructural, hist\u00f3rico y profundo, al que hay que darle una respuesta multidimensional\u201d, manifest\u00f3 el gobernador de la provincia de Buenos Aires, Axel Kicillof, este martes durante la presentaci\u00f3n del Plan Bonaerense de Suelo, Vivienda y H\u00e1bitat que prev\u00e9 una inversi\u00f3n total de $190.186 millones [&hellip;]","og_url":"https:\/\/www.noticiasradioreflejos.com.ar\/2021\/se-presento-el-plan-bonaerense-de-suelo-y-habitat-2020-2023\/","og_site_name":"Noticias Radio Reflejos","article_published_time":"2020-09-29T22:45:48+00:00","og_image":[{"width":300,"height":200,"url":"https:\/\/www.noticiasradioreflejos.com.ar\/2021\/wp-content\/uploads\/2021\/07\/logosol300x200.png","type":"image\/png"}],"author":"Arnaldo Botto","twitter_card":"summary_large_image","schema":{"@context":"https:\/\/schema.org","@graph":[{"@type":"WebPage","@id":"https:\/\/www.noticiasradioreflejos.com.ar\/2021\/se-presento-el-plan-bonaerense-de-suelo-y-habitat-2020-2023\/","url":"https:\/\/www.noticiasradioreflejos.com.ar\/2021\/se-presento-el-plan-bonaerense-de-suelo-y-habitat-2020-2023\/","name":"Se present\u00f3 el Plan Bonaerense de Suelo y H\u00e1bitat 2020- 2023 - Noticias Radio Reflejos","isPartOf":{"@id":"https:\/\/www.noticiasradioreflejos.com.ar\/2021\/#website"},"datePublished":"2020-09-29T22:45:48+00:00","author":{"@id":"https:\/\/www.noticiasradioreflejos.com.ar\/2021\/#\/schema\/person\/ad82545263dcc5ec0996818884fd5fb1"},"breadcrumb":{"@id":"https:\/\/www.noticiasradioreflejos.com.ar\/2021\/se-presento-el-plan-bonaerense-de-suelo-y-habitat-2020-2023\/#breadcrumb"},"inLanguage":"es","potentialAction":[{"@type":"ReadAction","target":["https:\/\/www.noticiasradioreflejos.com.ar\/2021\/se-presento-el-plan-bonaerense-de-suelo-y-habitat-2020-2023\/"]}]},{"@type":"BreadcrumbList","@id":"https:\/\/www.noticiasradioreflejos.com.ar\/2021\/se-presento-el-plan-bonaerense-de-suelo-y-habitat-2020-2023\/#breadcrumb","itemListElement":[{"@type":"ListItem","position":1,"name":"Portada","item":"https:\/\/www.noticiasradioreflejos.com.ar\/2021\/"},{"@type":"ListItem","position":2,"name":"Se present\u00f3 el Plan Bonaerense de Suelo y H\u00e1bitat 2020- 2023"}]},{"@type":"WebSite","@id":"https:\/\/www.noticiasradioreflejos.com.ar\/2021\/#website","url":"https:\/\/www.noticiasradioreflejos.com.ar\/2021\/","name":"Noticias Radio Reflejos","description":"Las noticias de mi comarca","potentialAction":[{"@type":"SearchAction","target":{"@type":"EntryPoint","urlTemplate":"https:\/\/www.noticiasradioreflejos.com.ar\/2021\/?s={search_term_string}"},"query-input":{"@type":"PropertyValueSpecification","valueRequired":true,"valueName":"search_term_string"}}],"inLanguage":"es"},{"@type":"Person","@id":"https:\/\/www.noticiasradioreflejos.com.ar\/2021\/#\/schema\/person\/ad82545263dcc5ec0996818884fd5fb1","name":"Arnaldo Botto","image":{"@type":"ImageObject","inLanguage":"es","@id":"https:\/\/www.noticiasradioreflejos.com.ar\/2021\/#\/schema\/person\/image\/","url":"https:\/\/secure.gravatar.com\/avatar\/55cb5e37c1efa326397366e6974cb338056df65cb50e7d64d1cf314e87504837?s=96&d=mm&r=g","contentUrl":"https:\/\/secure.gravatar.com\/avatar\/55cb5e37c1efa326397366e6974cb338056df65cb50e7d64d1cf314e87504837?s=96&d=mm&r=g","caption":"Arnaldo Botto"},"url":"https:\/\/www.noticiasradioreflejos.com.ar\/2021\/author\/arnaldo\/"}]}},"_links":{"self":[{"href":"https:\/\/www.noticiasradioreflejos.com.ar\/2021\/wp-json\/wp\/v2\/posts\/47444","targetHints":{"allow":["GET"]}}],"collection":[{"href":"https:\/\/www.noticiasradioreflejos.com.ar\/2021\/wp-json\/wp\/v2\/posts"}],"about":[{"href":"https:\/\/www.noticiasradioreflejos.com.ar\/2021\/wp-json\/wp\/v2\/types\/post"}],"author":[{"embeddable":true,"href":"https:\/\/www.noticiasradioreflejos.com.ar\/2021\/wp-json\/wp\/v2\/users\/3"}],"replies":[{"embeddable":true,"href":"https:\/\/www.noticiasradioreflejos.com.ar\/2021\/wp-json\/wp\/v2\/comments?post=47444"}],"version-history":[{"count":0,"href":"https:\/\/www.noticiasradioreflejos.com.ar\/2021\/wp-json\/wp\/v2\/posts\/47444\/revisions"}],"wp:attachment":[{"href":"https:\/\/www.noticiasradioreflejos.com.ar\/2021\/wp-json\/wp\/v2\/media?parent=47444"}],"wp:term":[{"taxonomy":"category","embeddable":true,"href":"https:\/\/www.noticiasradioreflejos.com.ar\/2021\/wp-json\/wp\/v2\/categories?post=47444"},{"taxonomy":"post_tag","embeddable":true,"href":"https:\/\/www.noticiasradioreflejos.com.ar\/2021\/wp-json\/wp\/v2\/tags?post=47444"}],"curies":[{"name":"wp","href":"https:\/\/api.w.org\/{rel}","templated":true}]}}