{"id":47428,"date":"2020-09-29T12:20:48","date_gmt":"2020-09-29T15:20:48","guid":{"rendered":"http:\/\/www.noticiasradioreflejos.com.ar\/noticias\/?p=47428"},"modified":"2020-09-29T12:20:48","modified_gmt":"2020-09-29T15:20:48","slug":"sergio-bordoni-y-la-dra-veronica-castro-alertaron-sobre-la-situacion-de-la-pandemia-en-el-distrito","status":"publish","type":"post","link":"https:\/\/www.noticiasradioreflejos.com.ar\/2021\/sergio-bordoni-y-la-dra-veronica-castro-alertaron-sobre-la-situacion-de-la-pandemia-en-el-distrito\/","title":{"rendered":"Sergio Bordoni y la Dra. Ver\u00f3nica Castro alertaron sobre la situaci\u00f3n de la pandemia en el distrito."},"content":{"rendered":"<p>Minutos antes del mediod\u00eda, se realiz\u00f3 una conferencia de prensa en el despacho del Intendente Municipal donde se expresaron las preocupaciones de las autoridades en materia de salud ante el avance paulatino de contagios en la ciudad cabecera del distrito.<!--more--><\/p>\n<p>\u00abLa pandemia es algo que nos afecta a todos y queramos o no, nos tenemos que cuidar todos\u00bb resalt\u00f3 el Intendente al recordarle a la poblaci\u00f3n que el trabajo duro lo est\u00e1 haciendo el personal de salud, quienes, a esta altura de las circunstancias, tienen un desgaste f\u00edsico y mental abrumador. \u00abEl personal no se puede reemplazar como una m\u00e1quina, si no tenemos al personal, esto se nos va a volver muy dif\u00edcil\u00bb sostuvo.<\/p>\n<p>\u00abVa a llegar un momento en el que va a colapsar todo, y no porque no estemos haciendo nuestro trabajo, sino por el relajamiento de las personas que poco a poco se van cansando y dejan de cuidarse\u00bb mencion\u00f3. \u00abSi seguimos as\u00ed, vamos a pasar todo un verano con el virus circulando en espacios tur\u00edsticos, y en este momento no se me ocurren protocolos para permitirle a la gente ir a la pileta, por ejemplo\u00bb.<\/p>\n<p>El Intendente durante la nota resalta la importancia del cumplimiento del aislamiento, sobre todo de los casos positivos. \u00abSi vemos que hay vecinos que no cumplen con el aislamiento obligatorio, no me va a quedar otra alternativa que enviarle efectivos policiales. Es una medida que no quiero tomar porque ac\u00e1 nos conocemos todos, pero hay que cumplir con el aislamiento, se nos va a poner dif\u00edcil\u00bb expres\u00f3.<\/p>\n<p>Por otro lado, estuvo hablando la Dra. Ver\u00f3nica Castro, encargada de la situaci\u00f3n epidemiol\u00f3gica en la ciudad de Tornquist. \u00abEl personal de salud se expone permanentemente al contagio, sin embargo, no nos contagiamos tanto porque tomamos las medidas necesarias\u00bb comenz\u00f3 aclarando la m\u00e9dica. \u00abEl problema que tenemos hoy es hacer un poco de mano dura con la comunidad, porque la comunidad no ha entendido que la responsabilidad es individual\u00bb sostuvo.<\/p>\n<p>\u00abLa gente no ha entendido que tenemos que aprender a convivir con esto, y que las nuevas normas sociales son antip\u00e1ticas. La \u00fanica manera es el barbijo obligatorio. La gente no cumple y necesitamos que la autoridad ponga una mano dura para que cumpla\u00bb menciona firmemente Ver\u00f3nica. Adem\u00e1s, agrega las razones: \u00absiempre se ve la necesidad de explicar el por qu\u00e9. \u00bfPor qu\u00e9? Porque no hay tratamiento\u00bb.<\/p>\n<p>Ver\u00f3nica explica que el nivel infeccioso del virus es tan alto y se propaga tan r\u00e1pido, que al mismo tiempo se van a infectar quienes tengan s\u00edntomas leves, moderados y graves. \u00abSi al mismo tiempo nos caen todos los que son vulnerables, no vamos a poder atenderlos\u00bb avis\u00f3.<\/p>\n<p>\u00abIncorporemos el barbijo como una parte m\u00e1s de la vestimenta. Y en las reuniones sociales, mantengan distancia, porque se pueden contagiar en cualquier momento\u00bb aclar\u00f3. \u00abPor favor, ay\u00fandennos a transitar esto en forma gradual\u00bb.<\/p>\n<p><iframe loading=\"lazy\" src=\"https:\/\/w.soundcloud.com\/player\/?url=https%3A\/\/api.soundcloud.com\/tracks\/901636372&amp;color=%23ff5500&amp;auto_play=false&amp;hide_related=false&amp;show_comments=true&amp;show_user=true&amp;show_reposts=false&amp;show_teaser=true&amp;visual=true\" width=\"100%\" height=\"300\" frameborder=\"no\" scrolling=\"no\"><\/iframe><\/p>\n<div style=\"font-size: 10px; color: #cccccc; line-break: anywhere; word-break: normal; overflow: hidden; white-space: nowrap; text-overflow: ellipsis; font-family: Interstate,Lucida Grande,Lucida Sans Unicode,Lucida Sans,Garuda,Verdana,Tahoma,sans-serif; font-weight: 100;\"><a style=\"color: #cccccc; text-decoration: none;\" title=\"fmreflejos 103.7\" href=\"https:\/\/soundcloud.com\/fmreflejos-103-7\" target=\"_blank\" rel=\"noopener\">fmreflejos 103.7<\/a> \u00b7 <a style=\"color: #cccccc; text-decoration: none;\" title=\"Conferencia De Prensa\" href=\"https:\/\/soundcloud.com\/fmreflejos-103-7\/conferencia-de-prensa-2\" target=\"_blank\" rel=\"noopener\">Conferencia De Prensa<\/a><\/div>\n","protected":false},"excerpt":{"rendered":"<p>Minutos antes del mediod\u00eda, se realiz\u00f3 una conferencia de prensa en el despacho del Intendente Municipal donde se expresaron las preocupaciones de las autoridades en materia de salud ante el avance paulatino de contagios en la ciudad cabecera del distrito.<\/p>\n","protected":false},"author":3,"featured_media":0,"comment_status":"closed","ping_status":"open","sticky":false,"template":"","format":"standard","meta":{"footnotes":""},"categories":[30],"tags":[],"class_list":["post-47428","post","type-post","status-publish","format-standard","hentry","category-salud"],"yoast_head":"<!-- This site is optimized with the Yoast SEO plugin v25.9 - https:\/\/yoast.com\/wordpress\/plugins\/seo\/ -->\n<title>Sergio Bordoni y la Dra. Ver\u00f3nica Castro alertaron sobre la situaci\u00f3n de la pandemia en el distrito. - Noticias Radio Reflejos<\/title>\n<meta name=\"robots\" content=\"index, follow, max-snippet:-1, max-image-preview:large, max-video-preview:-1\" \/>\n<link rel=\"canonical\" href=\"https:\/\/www.noticiasradioreflejos.com.ar\/2021\/sergio-bordoni-y-la-dra-veronica-castro-alertaron-sobre-la-situacion-de-la-pandemia-en-el-distrito\/\" \/>\n<meta property=\"og:locale\" content=\"es_ES\" \/>\n<meta property=\"og:type\" content=\"article\" \/>\n<meta property=\"og:title\" content=\"Sergio Bordoni y la Dra. Ver\u00f3nica Castro alertaron sobre la situaci\u00f3n de la pandemia en el distrito. - Noticias Radio Reflejos\" \/>\n<meta property=\"og:description\" content=\"Minutos antes del mediod\u00eda, se realiz\u00f3 una conferencia de prensa en el despacho del Intendente Municipal donde se expresaron las preocupaciones de las autoridades en materia de salud ante el avance paulatino de contagios en la ciudad cabecera del distrito.\" \/>\n<meta property=\"og:url\" content=\"https:\/\/www.noticiasradioreflejos.com.ar\/2021\/sergio-bordoni-y-la-dra-veronica-castro-alertaron-sobre-la-situacion-de-la-pandemia-en-el-distrito\/\" \/>\n<meta property=\"og:site_name\" content=\"Noticias Radio Reflejos\" \/>\n<meta property=\"article:published_time\" content=\"2020-09-29T15:20:48+00:00\" \/>\n<meta property=\"og:image\" content=\"https:\/\/www.noticiasradioreflejos.com.ar\/2021\/wp-content\/uploads\/2021\/07\/logosol300x200.png\" \/>\n\t<meta property=\"og:image:width\" content=\"300\" \/>\n\t<meta property=\"og:image:height\" content=\"200\" \/>\n\t<meta property=\"og:image:type\" content=\"image\/png\" \/>\n<meta name=\"author\" content=\"Arnaldo Botto\" \/>\n<meta name=\"twitter:card\" content=\"summary_large_image\" \/>\n<script type=\"application\/ld+json\" class=\"yoast-schema-graph\">{\"@context\":\"https:\/\/schema.org\",\"@graph\":[{\"@type\":\"WebPage\",\"@id\":\"https:\/\/www.noticiasradioreflejos.com.ar\/2021\/sergio-bordoni-y-la-dra-veronica-castro-alertaron-sobre-la-situacion-de-la-pandemia-en-el-distrito\/\",\"url\":\"https:\/\/www.noticiasradioreflejos.com.ar\/2021\/sergio-bordoni-y-la-dra-veronica-castro-alertaron-sobre-la-situacion-de-la-pandemia-en-el-distrito\/\",\"name\":\"Sergio Bordoni y la Dra. Ver\u00f3nica Castro alertaron sobre la situaci\u00f3n de la pandemia en el distrito. - Noticias Radio Reflejos\",\"isPartOf\":{\"@id\":\"https:\/\/www.noticiasradioreflejos.com.ar\/2021\/#website\"},\"datePublished\":\"2020-09-29T15:20:48+00:00\",\"author\":{\"@id\":\"https:\/\/www.noticiasradioreflejos.com.ar\/2021\/#\/schema\/person\/ad82545263dcc5ec0996818884fd5fb1\"},\"breadcrumb\":{\"@id\":\"https:\/\/www.noticiasradioreflejos.com.ar\/2021\/sergio-bordoni-y-la-dra-veronica-castro-alertaron-sobre-la-situacion-de-la-pandemia-en-el-distrito\/#breadcrumb\"},\"inLanguage\":\"es\",\"potentialAction\":[{\"@type\":\"ReadAction\",\"target\":[\"https:\/\/www.noticiasradioreflejos.com.ar\/2021\/sergio-bordoni-y-la-dra-veronica-castro-alertaron-sobre-la-situacion-de-la-pandemia-en-el-distrito\/\"]}]},{\"@type\":\"BreadcrumbList\",\"@id\":\"https:\/\/www.noticiasradioreflejos.com.ar\/2021\/sergio-bordoni-y-la-dra-veronica-castro-alertaron-sobre-la-situacion-de-la-pandemia-en-el-distrito\/#breadcrumb\",\"itemListElement\":[{\"@type\":\"ListItem\",\"position\":1,\"name\":\"Portada\",\"item\":\"https:\/\/www.noticiasradioreflejos.com.ar\/2021\/\"},{\"@type\":\"ListItem\",\"position\":2,\"name\":\"Sergio Bordoni y la Dra. Ver\u00f3nica Castro alertaron sobre la situaci\u00f3n de la pandemia en el distrito.\"}]},{\"@type\":\"WebSite\",\"@id\":\"https:\/\/www.noticiasradioreflejos.com.ar\/2021\/#website\",\"url\":\"https:\/\/www.noticiasradioreflejos.com.ar\/2021\/\",\"name\":\"Noticias Radio Reflejos\",\"description\":\"Las noticias de mi comarca\",\"potentialAction\":[{\"@type\":\"SearchAction\",\"target\":{\"@type\":\"EntryPoint\",\"urlTemplate\":\"https:\/\/www.noticiasradioreflejos.com.ar\/2021\/?s={search_term_string}\"},\"query-input\":{\"@type\":\"PropertyValueSpecification\",\"valueRequired\":true,\"valueName\":\"search_term_string\"}}],\"inLanguage\":\"es\"},{\"@type\":\"Person\",\"@id\":\"https:\/\/www.noticiasradioreflejos.com.ar\/2021\/#\/schema\/person\/ad82545263dcc5ec0996818884fd5fb1\",\"name\":\"Arnaldo Botto\",\"image\":{\"@type\":\"ImageObject\",\"inLanguage\":\"es\",\"@id\":\"https:\/\/www.noticiasradioreflejos.com.ar\/2021\/#\/schema\/person\/image\/\",\"url\":\"https:\/\/secure.gravatar.com\/avatar\/55cb5e37c1efa326397366e6974cb338056df65cb50e7d64d1cf314e87504837?s=96&d=mm&r=g\",\"contentUrl\":\"https:\/\/secure.gravatar.com\/avatar\/55cb5e37c1efa326397366e6974cb338056df65cb50e7d64d1cf314e87504837?s=96&d=mm&r=g\",\"caption\":\"Arnaldo Botto\"},\"url\":\"https:\/\/www.noticiasradioreflejos.com.ar\/2021\/author\/arnaldo\/\"}]}<\/script>\n<!-- \/ Yoast SEO plugin. -->","yoast_head_json":{"title":"Sergio Bordoni y la Dra. Ver\u00f3nica Castro alertaron sobre la situaci\u00f3n de la pandemia en el distrito. - Noticias Radio Reflejos","robots":{"index":"index","follow":"follow","max-snippet":"max-snippet:-1","max-image-preview":"max-image-preview:large","max-video-preview":"max-video-preview:-1"},"canonical":"https:\/\/www.noticiasradioreflejos.com.ar\/2021\/sergio-bordoni-y-la-dra-veronica-castro-alertaron-sobre-la-situacion-de-la-pandemia-en-el-distrito\/","og_locale":"es_ES","og_type":"article","og_title":"Sergio Bordoni y la Dra. Ver\u00f3nica Castro alertaron sobre la situaci\u00f3n de la pandemia en el distrito. - Noticias Radio Reflejos","og_description":"Minutos antes del mediod\u00eda, se realiz\u00f3 una conferencia de prensa en el despacho del Intendente Municipal donde se expresaron las preocupaciones de las autoridades en materia de salud ante el avance paulatino de contagios en la ciudad cabecera del distrito.","og_url":"https:\/\/www.noticiasradioreflejos.com.ar\/2021\/sergio-bordoni-y-la-dra-veronica-castro-alertaron-sobre-la-situacion-de-la-pandemia-en-el-distrito\/","og_site_name":"Noticias Radio Reflejos","article_published_time":"2020-09-29T15:20:48+00:00","og_image":[{"width":300,"height":200,"url":"https:\/\/www.noticiasradioreflejos.com.ar\/2021\/wp-content\/uploads\/2021\/07\/logosol300x200.png","type":"image\/png"}],"author":"Arnaldo Botto","twitter_card":"summary_large_image","schema":{"@context":"https:\/\/schema.org","@graph":[{"@type":"WebPage","@id":"https:\/\/www.noticiasradioreflejos.com.ar\/2021\/sergio-bordoni-y-la-dra-veronica-castro-alertaron-sobre-la-situacion-de-la-pandemia-en-el-distrito\/","url":"https:\/\/www.noticiasradioreflejos.com.ar\/2021\/sergio-bordoni-y-la-dra-veronica-castro-alertaron-sobre-la-situacion-de-la-pandemia-en-el-distrito\/","name":"Sergio Bordoni y la Dra. Ver\u00f3nica Castro alertaron sobre la situaci\u00f3n de la pandemia en el distrito. - Noticias Radio Reflejos","isPartOf":{"@id":"https:\/\/www.noticiasradioreflejos.com.ar\/2021\/#website"},"datePublished":"2020-09-29T15:20:48+00:00","author":{"@id":"https:\/\/www.noticiasradioreflejos.com.ar\/2021\/#\/schema\/person\/ad82545263dcc5ec0996818884fd5fb1"},"breadcrumb":{"@id":"https:\/\/www.noticiasradioreflejos.com.ar\/2021\/sergio-bordoni-y-la-dra-veronica-castro-alertaron-sobre-la-situacion-de-la-pandemia-en-el-distrito\/#breadcrumb"},"inLanguage":"es","potentialAction":[{"@type":"ReadAction","target":["https:\/\/www.noticiasradioreflejos.com.ar\/2021\/sergio-bordoni-y-la-dra-veronica-castro-alertaron-sobre-la-situacion-de-la-pandemia-en-el-distrito\/"]}]},{"@type":"BreadcrumbList","@id":"https:\/\/www.noticiasradioreflejos.com.ar\/2021\/sergio-bordoni-y-la-dra-veronica-castro-alertaron-sobre-la-situacion-de-la-pandemia-en-el-distrito\/#breadcrumb","itemListElement":[{"@type":"ListItem","position":1,"name":"Portada","item":"https:\/\/www.noticiasradioreflejos.com.ar\/2021\/"},{"@type":"ListItem","position":2,"name":"Sergio Bordoni y la Dra. Ver\u00f3nica Castro alertaron sobre la situaci\u00f3n de la pandemia en el distrito."}]},{"@type":"WebSite","@id":"https:\/\/www.noticiasradioreflejos.com.ar\/2021\/#website","url":"https:\/\/www.noticiasradioreflejos.com.ar\/2021\/","name":"Noticias Radio Reflejos","description":"Las noticias de mi comarca","potentialAction":[{"@type":"SearchAction","target":{"@type":"EntryPoint","urlTemplate":"https:\/\/www.noticiasradioreflejos.com.ar\/2021\/?s={search_term_string}"},"query-input":{"@type":"PropertyValueSpecification","valueRequired":true,"valueName":"search_term_string"}}],"inLanguage":"es"},{"@type":"Person","@id":"https:\/\/www.noticiasradioreflejos.com.ar\/2021\/#\/schema\/person\/ad82545263dcc5ec0996818884fd5fb1","name":"Arnaldo Botto","image":{"@type":"ImageObject","inLanguage":"es","@id":"https:\/\/www.noticiasradioreflejos.com.ar\/2021\/#\/schema\/person\/image\/","url":"https:\/\/secure.gravatar.com\/avatar\/55cb5e37c1efa326397366e6974cb338056df65cb50e7d64d1cf314e87504837?s=96&d=mm&r=g","contentUrl":"https:\/\/secure.gravatar.com\/avatar\/55cb5e37c1efa326397366e6974cb338056df65cb50e7d64d1cf314e87504837?s=96&d=mm&r=g","caption":"Arnaldo Botto"},"url":"https:\/\/www.noticiasradioreflejos.com.ar\/2021\/author\/arnaldo\/"}]}},"_links":{"self":[{"href":"https:\/\/www.noticiasradioreflejos.com.ar\/2021\/wp-json\/wp\/v2\/posts\/47428","targetHints":{"allow":["GET"]}}],"collection":[{"href":"https:\/\/www.noticiasradioreflejos.com.ar\/2021\/wp-json\/wp\/v2\/posts"}],"about":[{"href":"https:\/\/www.noticiasradioreflejos.com.ar\/2021\/wp-json\/wp\/v2\/types\/post"}],"author":[{"embeddable":true,"href":"https:\/\/www.noticiasradioreflejos.com.ar\/2021\/wp-json\/wp\/v2\/users\/3"}],"replies":[{"embeddable":true,"href":"https:\/\/www.noticiasradioreflejos.com.ar\/2021\/wp-json\/wp\/v2\/comments?post=47428"}],"version-history":[{"count":0,"href":"https:\/\/www.noticiasradioreflejos.com.ar\/2021\/wp-json\/wp\/v2\/posts\/47428\/revisions"}],"wp:attachment":[{"href":"https:\/\/www.noticiasradioreflejos.com.ar\/2021\/wp-json\/wp\/v2\/media?parent=47428"}],"wp:term":[{"taxonomy":"category","embeddable":true,"href":"https:\/\/www.noticiasradioreflejos.com.ar\/2021\/wp-json\/wp\/v2\/categories?post=47428"},{"taxonomy":"post_tag","embeddable":true,"href":"https:\/\/www.noticiasradioreflejos.com.ar\/2021\/wp-json\/wp\/v2\/tags?post=47428"}],"curies":[{"name":"wp","href":"https:\/\/api.w.org\/{rel}","templated":true}]}}