{"id":47427,"date":"2020-09-29T15:24:32","date_gmt":"2020-09-29T18:24:32","guid":{"rendered":"http:\/\/www.noticiasradioreflejos.com.ar\/noticias\/?p=47427"},"modified":"2020-09-29T15:24:32","modified_gmt":"2020-09-29T18:24:32","slug":"esta-bueno-que-la-gente-se-alegre-por-estas-buenas-noticias-de-volver-a-encontrar-una-especie-josefina-moroncini","status":"publish","type":"post","link":"https:\/\/www.noticiasradioreflejos.com.ar\/2021\/esta-bueno-que-la-gente-se-alegre-por-estas-buenas-noticias-de-volver-a-encontrar-una-especie-josefina-moroncini\/","title":{"rendered":"\u00abEsta bueno que la gente se alegre por estas buenas noticias de volver a encontrar una especie\u00bb &#8211; Josefina Moroncini."},"content":{"rendered":"<p>A partir de la reaparici\u00f3n de la especie aut\u00f3ctona \u00ab\u00bb, que se cre\u00eda extinguida, esta ma\u00f1ana entrevistamos a Josefina Moroncini, Licenciada en Ciencias Biol\u00f3gicas. Josefina escribi\u00f3 una tesis sobre esta planta reaparecida en nuestra zona, lo que la hace muy conocedora de los individuos avistados en la Reserva Natural de Sierras Grandes.<!--more--><br \/>\n<a title=\"WhatsApp Image 2020-09-29 at 10.35.47\" href=\"http:\/\/live.staticflickr.com\/65535\/50397147748_bc58d698c8_s.jpg\" rel=\"\"><img loading=\"lazy\" decoding=\"async\" class=\"aligncenter\" title=\"WhatsApp Image 2020-09-29 at 10.35.47\" src=\"http:\/\/live.staticflickr.com\/65535\/50397147748_bc58d698c8_b.jpg\" alt=\"WhatsApp Image 2020-09-29 at 10.35.47\" width=\"1024\" height=\"768\" \/><\/a><br \/>\n\u00abSoy de Tornquist, en 2003 me fui a Bah\u00eda Blanca a estudiar la Licenciatura en Ciencias Biol\u00f3gicas. Conoc\u00eda poco y nada de la riqueza de este lugar. Cuando me fui a Bah\u00eda entre a un grupo de estudio y me involucr\u00e9 en el proyecto del jard\u00edn bot\u00e1nico \u00abPillahuinc\u00f3\u00bb. A partir de ah\u00ed hac\u00edamos tareas de educaci\u00f3n con jardines y escuelas y tambi\u00e9n cultivamos las especies aut\u00f3ctonas. Luego, cuando me toc\u00f3 hacer mi tesis para la licenciatura, una especie de la que hab\u00eda poca informaci\u00f3n era la Mostacillastrum Ventanense y me gust\u00f3 la idea de poder aportar un poco a su conocimiento y su conservaci\u00f3n\u00bb mencion\u00f3 Josefina al contar su trayectoria y su pasado como estudiante.<\/p>\n<p>\u00abDesde que tengo recuerdo me interesa la conservaci\u00f3n y el cuidado de la naturaleza\u00bb expres\u00f3 Josefina cuando le preguntamos si su trabajo de investigaci\u00f3n se di\u00f3 a partir de su vocaci\u00f3n con el medio ambiente. \u00abEstudiar lo que estudi\u00e9 fue una de las mejores decisiones que tom\u00e9 en mi vida. Es una carrera que te abre mucho la cabeza y te presenta muchas cosas nuevas\u00bb.<\/p>\n<p><a title=\"WhatsApp Image 2020-09-29 at 10.32.13\" href=\"http:\/\/live.staticflickr.com\/65535\/50397147808_ea1bda6ac6_s.jpg\" rel=\"\"><img loading=\"lazy\" decoding=\"async\" class=\"aligncenter\" title=\"WhatsApp Image 2020-09-29 at 10.32.13\" src=\"http:\/\/live.staticflickr.com\/65535\/50397147808_ea1bda6ac6_b.jpg\" alt=\"WhatsApp Image 2020-09-29 at 10.32.13\" width=\"1024\" height=\"768\" \/><\/a><\/p>\n<p>El Jard\u00edn Bot\u00e1nico se empez\u00f3 a abrir al p\u00fablico en el a\u00f1o 2005, cuando Josefina comenz\u00f3 a trabajar all\u00ed. \u00abNaci\u00f3 con la necesidad de demostrar cu\u00e1l es la diversidad nativa y poder conservarla. En el a\u00f1o 98 se hizo un relevamiento de la flora del Parque Provincial, cuyo resultado es el primer acercamiento hacia las especies que habitan las \u00e1reas protegidas y que habitaron en otro momento de la historia\u00bb explica Josefina.<\/p>\n<p>Josefina menciona que \u00abcuando hay pocos individuos de una especie, la reproducci\u00f3n sexual no resulta completa porque si se reproducen hermanos con hermanos, las semillas no son buenas y f\u00e9rtiles\u00bb. Es por eso que la conservaci\u00f3n de una especie en peligro de extinci\u00f3n es tan compleja y dif\u00edcil.<\/p>\n<p>Seg\u00fan Josefina, quien estudi\u00f3 la planta en profundidad, la Mostacillastrum Ventanense es un sub-arbusto que puede medir hasta 50 cent\u00edmetros. Es le\u00f1osa, de hojas verdes carnosas, similares a las de r\u00facula. Adem\u00e1s, tiene flores blancas. Es una especie que, al gustarle tanto al ganado, ha quedado relegada a roquedales donde los animales no pueden acceder. Siempre se ha encontrado en lugares dif\u00edciles de acceder.<\/p>\n<p><a title=\"WhatsApp Image 2020-09-29 at 10.39.07\" href=\"http:\/\/live.staticflickr.com\/65535\/50397837006_38e4fa0154_s.jpg\" rel=\"\"><img loading=\"lazy\" decoding=\"async\" class=\"aligncenter\" title=\"WhatsApp Image 2020-09-29 at 10.39.07\" src=\"http:\/\/live.staticflickr.com\/65535\/50397837006_38e4fa0154_b.jpg\" alt=\"WhatsApp Image 2020-09-29 at 10.39.07\" width=\"1024\" height=\"768\" \/><\/a><\/p>\n<p>\u00abEn los \u00faltimos a\u00f1os hab\u00eda estado desaparecida, y en este relevamiento que se hizo en el 98 descubrieron una poblaci\u00f3n en el Cerro Bah\u00eda Blanca. A partir de ah\u00ed, se conocieron otras poblaciones. En el 2007, se encontraron en el Cerro Calvario. Tambi\u00e9n en el Cord\u00f3n Esmeralda del Parque Provincial. El hallazgo en Sierras Grandes fue un descubrimiento muy positivo\u00bb inform\u00f3 Josefina.<\/p>\n<p><a title=\"WhatsApp Image 2020-09-29 at 10.33.59\" href=\"http:\/\/live.staticflickr.com\/65535\/50397837081_6ed10363bd_s.jpg\" rel=\"\"><img loading=\"lazy\" decoding=\"async\" class=\"aligncenter\" title=\"WhatsApp Image 2020-09-29 at 10.33.59\" src=\"http:\/\/live.staticflickr.com\/65535\/50397837081_6ed10363bd_b.jpg\" alt=\"WhatsApp Image 2020-09-29 at 10.33.59\" width=\"1024\" height=\"768\" \/><\/a><\/p>\n<p>Cuando Josefina estudi\u00f3 los ejemplares, descubri\u00f3 que el poder germinativo de las semillas de la Mostacillastrum Ventanense era muy bueno. \u00abEn el Cerro Calvario, donde durante mucho tiempo no hubo pastoreo, a alguien se le ocurri\u00f3 dejar entrar vacas y eso casi que termin\u00f3 con la poblaci\u00f3n\u00bb mencion\u00f3 al presentar una de las posibles razones por las cuales la especie no se volvi\u00f3 a avistar.<\/p>\n<p>\u00abEl trabajo de demostrar las especies a la gente es un trabajo de hormiga, y esta bueno que la gente se alegre por estas buenas noticias de volver a encontrar una especie\u00bb expres\u00f3 finalmente.<\/p>\n<p>Nota completa a continuaci\u00f3n:<br \/>\n<iframe loading=\"lazy\" src=\"https:\/\/w.soundcloud.com\/player\/?url=https%3A\/\/api.soundcloud.com\/tracks\/901613044&amp;color=%23ff5500&amp;auto_play=false&amp;hide_related=false&amp;show_comments=true&amp;show_user=true&amp;show_reposts=false&amp;show_teaser=true\" width=\"100%\" height=\"166\" frameborder=\"no\" scrolling=\"no\"><\/iframe><\/p>\n<div style=\"font-size: 10px; color: #cccccc; line-break: anywhere; word-break: normal; overflow: hidden; white-space: nowrap; text-overflow: ellipsis; font-family: Interstate,Lucida Grande,Lucida Sans Unicode,Lucida Sans,Garuda,Verdana,Tahoma,sans-serif; font-weight: 100;\"><a style=\"color: #cccccc; text-decoration: none;\" title=\"fmreflejos 103.7\" href=\"https:\/\/soundcloud.com\/fmreflejos-103-7\" target=\"_blank\" rel=\"noopener\">fmreflejos 103.7<\/a> \u00b7 <a style=\"color: #cccccc; text-decoration: none;\" title=\"Josefina Moroncini\" href=\"https:\/\/soundcloud.com\/fmreflejos-103-7\/josefina-moroncini-1\" target=\"_blank\" rel=\"noopener\">Josefina Moroncini<\/a><\/div>\n","protected":false},"excerpt":{"rendered":"<p>A partir de la reaparici\u00f3n de la especie aut\u00f3ctona \u00ab\u00bb, que se cre\u00eda extinguida, esta ma\u00f1ana entrevistamos a Josefina Moroncini, Licenciada en Ciencias Biol\u00f3gicas. Josefina escribi\u00f3 una tesis sobre esta planta reaparecida en nuestra zona, lo que la hace muy conocedora de los individuos avistados en la Reserva Natural de Sierras Grandes.<\/p>\n","protected":false},"author":3,"featured_media":0,"comment_status":"closed","ping_status":"open","sticky":false,"template":"","format":"standard","meta":{"footnotes":""},"categories":[26,33],"tags":[],"class_list":["post-47427","post","type-post","status-publish","format-standard","hentry","category-sociedad","category-turismo"],"yoast_head":"<!-- This site is optimized with the Yoast SEO plugin v25.9 - https:\/\/yoast.com\/wordpress\/plugins\/seo\/ -->\n<title>&quot;Esta bueno que la gente se alegre por estas buenas noticias de volver a encontrar una especie&quot; - Josefina Moroncini. - Noticias Radio Reflejos<\/title>\n<meta name=\"robots\" content=\"index, follow, max-snippet:-1, max-image-preview:large, max-video-preview:-1\" \/>\n<link rel=\"canonical\" href=\"https:\/\/www.noticiasradioreflejos.com.ar\/2021\/esta-bueno-que-la-gente-se-alegre-por-estas-buenas-noticias-de-volver-a-encontrar-una-especie-josefina-moroncini\/\" \/>\n<meta property=\"og:locale\" content=\"es_ES\" \/>\n<meta property=\"og:type\" content=\"article\" \/>\n<meta property=\"og:title\" content=\"&quot;Esta bueno que la gente se alegre por estas buenas noticias de volver a encontrar una especie&quot; - Josefina Moroncini. - Noticias Radio Reflejos\" \/>\n<meta property=\"og:description\" content=\"A partir de la reaparici\u00f3n de la especie aut\u00f3ctona \u00ab\u00bb, que se cre\u00eda extinguida, esta ma\u00f1ana entrevistamos a Josefina Moroncini, Licenciada en Ciencias Biol\u00f3gicas. Josefina escribi\u00f3 una tesis sobre esta planta reaparecida en nuestra zona, lo que la hace muy conocedora de los individuos avistados en la Reserva Natural de Sierras Grandes.\" \/>\n<meta property=\"og:url\" content=\"https:\/\/www.noticiasradioreflejos.com.ar\/2021\/esta-bueno-que-la-gente-se-alegre-por-estas-buenas-noticias-de-volver-a-encontrar-una-especie-josefina-moroncini\/\" \/>\n<meta property=\"og:site_name\" content=\"Noticias Radio Reflejos\" \/>\n<meta property=\"article:published_time\" content=\"2020-09-29T18:24:32+00:00\" \/>\n<meta property=\"og:image\" content=\"http:\/\/live.staticflickr.com\/65535\/50397147748_bc58d698c8_b.jpg\" \/>\n<meta name=\"author\" content=\"Arnaldo Botto\" \/>\n<meta name=\"twitter:card\" content=\"summary_large_image\" \/>\n<script type=\"application\/ld+json\" class=\"yoast-schema-graph\">{\"@context\":\"https:\/\/schema.org\",\"@graph\":[{\"@type\":\"WebPage\",\"@id\":\"https:\/\/www.noticiasradioreflejos.com.ar\/2021\/esta-bueno-que-la-gente-se-alegre-por-estas-buenas-noticias-de-volver-a-encontrar-una-especie-josefina-moroncini\/\",\"url\":\"https:\/\/www.noticiasradioreflejos.com.ar\/2021\/esta-bueno-que-la-gente-se-alegre-por-estas-buenas-noticias-de-volver-a-encontrar-una-especie-josefina-moroncini\/\",\"name\":\"\\\"Esta bueno que la gente se alegre por estas buenas noticias de volver a encontrar una especie\\\" - Josefina Moroncini. - Noticias Radio Reflejos\",\"isPartOf\":{\"@id\":\"https:\/\/www.noticiasradioreflejos.com.ar\/2021\/#website\"},\"primaryImageOfPage\":{\"@id\":\"https:\/\/www.noticiasradioreflejos.com.ar\/2021\/esta-bueno-que-la-gente-se-alegre-por-estas-buenas-noticias-de-volver-a-encontrar-una-especie-josefina-moroncini\/#primaryimage\"},\"image\":{\"@id\":\"https:\/\/www.noticiasradioreflejos.com.ar\/2021\/esta-bueno-que-la-gente-se-alegre-por-estas-buenas-noticias-de-volver-a-encontrar-una-especie-josefina-moroncini\/#primaryimage\"},\"thumbnailUrl\":\"http:\/\/live.staticflickr.com\/65535\/50397147748_bc58d698c8_b.jpg\",\"datePublished\":\"2020-09-29T18:24:32+00:00\",\"author\":{\"@id\":\"https:\/\/www.noticiasradioreflejos.com.ar\/2021\/#\/schema\/person\/ad82545263dcc5ec0996818884fd5fb1\"},\"breadcrumb\":{\"@id\":\"https:\/\/www.noticiasradioreflejos.com.ar\/2021\/esta-bueno-que-la-gente-se-alegre-por-estas-buenas-noticias-de-volver-a-encontrar-una-especie-josefina-moroncini\/#breadcrumb\"},\"inLanguage\":\"es\",\"potentialAction\":[{\"@type\":\"ReadAction\",\"target\":[\"https:\/\/www.noticiasradioreflejos.com.ar\/2021\/esta-bueno-que-la-gente-se-alegre-por-estas-buenas-noticias-de-volver-a-encontrar-una-especie-josefina-moroncini\/\"]}]},{\"@type\":\"ImageObject\",\"inLanguage\":\"es\",\"@id\":\"https:\/\/www.noticiasradioreflejos.com.ar\/2021\/esta-bueno-que-la-gente-se-alegre-por-estas-buenas-noticias-de-volver-a-encontrar-una-especie-josefina-moroncini\/#primaryimage\",\"url\":\"http:\/\/live.staticflickr.com\/65535\/50397147748_bc58d698c8_b.jpg\",\"contentUrl\":\"http:\/\/live.staticflickr.com\/65535\/50397147748_bc58d698c8_b.jpg\"},{\"@type\":\"BreadcrumbList\",\"@id\":\"https:\/\/www.noticiasradioreflejos.com.ar\/2021\/esta-bueno-que-la-gente-se-alegre-por-estas-buenas-noticias-de-volver-a-encontrar-una-especie-josefina-moroncini\/#breadcrumb\",\"itemListElement\":[{\"@type\":\"ListItem\",\"position\":1,\"name\":\"Portada\",\"item\":\"https:\/\/www.noticiasradioreflejos.com.ar\/2021\/\"},{\"@type\":\"ListItem\",\"position\":2,\"name\":\"\u00abEsta bueno que la gente se alegre por estas buenas noticias de volver a encontrar una especie\u00bb &#8211; Josefina Moroncini.\"}]},{\"@type\":\"WebSite\",\"@id\":\"https:\/\/www.noticiasradioreflejos.com.ar\/2021\/#website\",\"url\":\"https:\/\/www.noticiasradioreflejos.com.ar\/2021\/\",\"name\":\"Noticias Radio Reflejos\",\"description\":\"Las noticias de mi comarca\",\"potentialAction\":[{\"@type\":\"SearchAction\",\"target\":{\"@type\":\"EntryPoint\",\"urlTemplate\":\"https:\/\/www.noticiasradioreflejos.com.ar\/2021\/?s={search_term_string}\"},\"query-input\":{\"@type\":\"PropertyValueSpecification\",\"valueRequired\":true,\"valueName\":\"search_term_string\"}}],\"inLanguage\":\"es\"},{\"@type\":\"Person\",\"@id\":\"https:\/\/www.noticiasradioreflejos.com.ar\/2021\/#\/schema\/person\/ad82545263dcc5ec0996818884fd5fb1\",\"name\":\"Arnaldo Botto\",\"image\":{\"@type\":\"ImageObject\",\"inLanguage\":\"es\",\"@id\":\"https:\/\/www.noticiasradioreflejos.com.ar\/2021\/#\/schema\/person\/image\/\",\"url\":\"https:\/\/secure.gravatar.com\/avatar\/55cb5e37c1efa326397366e6974cb338056df65cb50e7d64d1cf314e87504837?s=96&d=mm&r=g\",\"contentUrl\":\"https:\/\/secure.gravatar.com\/avatar\/55cb5e37c1efa326397366e6974cb338056df65cb50e7d64d1cf314e87504837?s=96&d=mm&r=g\",\"caption\":\"Arnaldo Botto\"},\"url\":\"https:\/\/www.noticiasradioreflejos.com.ar\/2021\/author\/arnaldo\/\"}]}<\/script>\n<!-- \/ Yoast SEO plugin. -->","yoast_head_json":{"title":"\"Esta bueno que la gente se alegre por estas buenas noticias de volver a encontrar una especie\" - Josefina Moroncini. - Noticias Radio Reflejos","robots":{"index":"index","follow":"follow","max-snippet":"max-snippet:-1","max-image-preview":"max-image-preview:large","max-video-preview":"max-video-preview:-1"},"canonical":"https:\/\/www.noticiasradioreflejos.com.ar\/2021\/esta-bueno-que-la-gente-se-alegre-por-estas-buenas-noticias-de-volver-a-encontrar-una-especie-josefina-moroncini\/","og_locale":"es_ES","og_type":"article","og_title":"\"Esta bueno que la gente se alegre por estas buenas noticias de volver a encontrar una especie\" - Josefina Moroncini. - Noticias Radio Reflejos","og_description":"A partir de la reaparici\u00f3n de la especie aut\u00f3ctona \u00ab\u00bb, que se cre\u00eda extinguida, esta ma\u00f1ana entrevistamos a Josefina Moroncini, Licenciada en Ciencias Biol\u00f3gicas. Josefina escribi\u00f3 una tesis sobre esta planta reaparecida en nuestra zona, lo que la hace muy conocedora de los individuos avistados en la Reserva Natural de Sierras Grandes.","og_url":"https:\/\/www.noticiasradioreflejos.com.ar\/2021\/esta-bueno-que-la-gente-se-alegre-por-estas-buenas-noticias-de-volver-a-encontrar-una-especie-josefina-moroncini\/","og_site_name":"Noticias Radio Reflejos","article_published_time":"2020-09-29T18:24:32+00:00","og_image":[{"url":"http:\/\/live.staticflickr.com\/65535\/50397147748_bc58d698c8_b.jpg","type":"","width":"","height":""}],"author":"Arnaldo Botto","twitter_card":"summary_large_image","schema":{"@context":"https:\/\/schema.org","@graph":[{"@type":"WebPage","@id":"https:\/\/www.noticiasradioreflejos.com.ar\/2021\/esta-bueno-que-la-gente-se-alegre-por-estas-buenas-noticias-de-volver-a-encontrar-una-especie-josefina-moroncini\/","url":"https:\/\/www.noticiasradioreflejos.com.ar\/2021\/esta-bueno-que-la-gente-se-alegre-por-estas-buenas-noticias-de-volver-a-encontrar-una-especie-josefina-moroncini\/","name":"\"Esta bueno que la gente se alegre por estas buenas noticias de volver a encontrar una especie\" - Josefina Moroncini. - Noticias Radio Reflejos","isPartOf":{"@id":"https:\/\/www.noticiasradioreflejos.com.ar\/2021\/#website"},"primaryImageOfPage":{"@id":"https:\/\/www.noticiasradioreflejos.com.ar\/2021\/esta-bueno-que-la-gente-se-alegre-por-estas-buenas-noticias-de-volver-a-encontrar-una-especie-josefina-moroncini\/#primaryimage"},"image":{"@id":"https:\/\/www.noticiasradioreflejos.com.ar\/2021\/esta-bueno-que-la-gente-se-alegre-por-estas-buenas-noticias-de-volver-a-encontrar-una-especie-josefina-moroncini\/#primaryimage"},"thumbnailUrl":"http:\/\/live.staticflickr.com\/65535\/50397147748_bc58d698c8_b.jpg","datePublished":"2020-09-29T18:24:32+00:00","author":{"@id":"https:\/\/www.noticiasradioreflejos.com.ar\/2021\/#\/schema\/person\/ad82545263dcc5ec0996818884fd5fb1"},"breadcrumb":{"@id":"https:\/\/www.noticiasradioreflejos.com.ar\/2021\/esta-bueno-que-la-gente-se-alegre-por-estas-buenas-noticias-de-volver-a-encontrar-una-especie-josefina-moroncini\/#breadcrumb"},"inLanguage":"es","potentialAction":[{"@type":"ReadAction","target":["https:\/\/www.noticiasradioreflejos.com.ar\/2021\/esta-bueno-que-la-gente-se-alegre-por-estas-buenas-noticias-de-volver-a-encontrar-una-especie-josefina-moroncini\/"]}]},{"@type":"ImageObject","inLanguage":"es","@id":"https:\/\/www.noticiasradioreflejos.com.ar\/2021\/esta-bueno-que-la-gente-se-alegre-por-estas-buenas-noticias-de-volver-a-encontrar-una-especie-josefina-moroncini\/#primaryimage","url":"http:\/\/live.staticflickr.com\/65535\/50397147748_bc58d698c8_b.jpg","contentUrl":"http:\/\/live.staticflickr.com\/65535\/50397147748_bc58d698c8_b.jpg"},{"@type":"BreadcrumbList","@id":"https:\/\/www.noticiasradioreflejos.com.ar\/2021\/esta-bueno-que-la-gente-se-alegre-por-estas-buenas-noticias-de-volver-a-encontrar-una-especie-josefina-moroncini\/#breadcrumb","itemListElement":[{"@type":"ListItem","position":1,"name":"Portada","item":"https:\/\/www.noticiasradioreflejos.com.ar\/2021\/"},{"@type":"ListItem","position":2,"name":"\u00abEsta bueno que la gente se alegre por estas buenas noticias de volver a encontrar una especie\u00bb &#8211; Josefina Moroncini."}]},{"@type":"WebSite","@id":"https:\/\/www.noticiasradioreflejos.com.ar\/2021\/#website","url":"https:\/\/www.noticiasradioreflejos.com.ar\/2021\/","name":"Noticias Radio Reflejos","description":"Las noticias de mi comarca","potentialAction":[{"@type":"SearchAction","target":{"@type":"EntryPoint","urlTemplate":"https:\/\/www.noticiasradioreflejos.com.ar\/2021\/?s={search_term_string}"},"query-input":{"@type":"PropertyValueSpecification","valueRequired":true,"valueName":"search_term_string"}}],"inLanguage":"es"},{"@type":"Person","@id":"https:\/\/www.noticiasradioreflejos.com.ar\/2021\/#\/schema\/person\/ad82545263dcc5ec0996818884fd5fb1","name":"Arnaldo Botto","image":{"@type":"ImageObject","inLanguage":"es","@id":"https:\/\/www.noticiasradioreflejos.com.ar\/2021\/#\/schema\/person\/image\/","url":"https:\/\/secure.gravatar.com\/avatar\/55cb5e37c1efa326397366e6974cb338056df65cb50e7d64d1cf314e87504837?s=96&d=mm&r=g","contentUrl":"https:\/\/secure.gravatar.com\/avatar\/55cb5e37c1efa326397366e6974cb338056df65cb50e7d64d1cf314e87504837?s=96&d=mm&r=g","caption":"Arnaldo Botto"},"url":"https:\/\/www.noticiasradioreflejos.com.ar\/2021\/author\/arnaldo\/"}]}},"_links":{"self":[{"href":"https:\/\/www.noticiasradioreflejos.com.ar\/2021\/wp-json\/wp\/v2\/posts\/47427","targetHints":{"allow":["GET"]}}],"collection":[{"href":"https:\/\/www.noticiasradioreflejos.com.ar\/2021\/wp-json\/wp\/v2\/posts"}],"about":[{"href":"https:\/\/www.noticiasradioreflejos.com.ar\/2021\/wp-json\/wp\/v2\/types\/post"}],"author":[{"embeddable":true,"href":"https:\/\/www.noticiasradioreflejos.com.ar\/2021\/wp-json\/wp\/v2\/users\/3"}],"replies":[{"embeddable":true,"href":"https:\/\/www.noticiasradioreflejos.com.ar\/2021\/wp-json\/wp\/v2\/comments?post=47427"}],"version-history":[{"count":0,"href":"https:\/\/www.noticiasradioreflejos.com.ar\/2021\/wp-json\/wp\/v2\/posts\/47427\/revisions"}],"wp:attachment":[{"href":"https:\/\/www.noticiasradioreflejos.com.ar\/2021\/wp-json\/wp\/v2\/media?parent=47427"}],"wp:term":[{"taxonomy":"category","embeddable":true,"href":"https:\/\/www.noticiasradioreflejos.com.ar\/2021\/wp-json\/wp\/v2\/categories?post=47427"},{"taxonomy":"post_tag","embeddable":true,"href":"https:\/\/www.noticiasradioreflejos.com.ar\/2021\/wp-json\/wp\/v2\/tags?post=47427"}],"curies":[{"name":"wp","href":"https:\/\/api.w.org\/{rel}","templated":true}]}}