{"id":47424,"date":"2020-09-29T10:44:51","date_gmt":"2020-09-29T13:44:51","guid":{"rendered":"http:\/\/www.noticiasradioreflejos.com.ar\/noticias\/?p=47424"},"modified":"2020-09-29T10:44:51","modified_gmt":"2020-09-29T13:44:51","slug":"resumen-conclusiones-plenario-distrital-frente-grande-frente-popular-25-de-febrero","status":"publish","type":"post","link":"https:\/\/www.noticiasradioreflejos.com.ar\/2021\/resumen-conclusiones-plenario-distrital-frente-grande-frente-popular-25-de-febrero\/","title":{"rendered":"Resumen conclusiones plenario distrital Frente Grande &#8211; Frente Popular \u201c25 de febrero\u201d"},"content":{"rendered":"<p>El 27 de septiembre, a partir de la convocatoria del Frente Popular 25 de Febrero, un conjunto de vecinos de casi todas las localidades del distrito, pudimos reunirnos virtualmente y poner en com\u00fan nuestras ideas y acciones para construir en tornquist un distrito mejor para TODOS.<!--more--><br \/>\nSe ha tomado la decisi\u00f3n de incorporarnos al partido FRENTE GRANDE, que ser\u00e1 nuestro \u00f3rgano rector y decisorio desde el punto de vista pol\u00edtico y electoral.<br \/>\nTrabajamos a partir de un diagn\u00f3stico compartido que da cuenta de los problemas de nuestro distrito. Esas situaciones negativas que nos afectan y que son de p\u00fablico conocimiento, hicieron que en 2015 nuestros vecinos buscaran una soluci\u00f3n en la propuesta de CAMBIEMOS (PRO \u2013 UCR &#8211; COALICION C\u00cdVICA); y luego de 4 a\u00f1os y nueve meses de gobierno, nos encontramos peor que antes, principalmente por la incapacidad del actual equipo de gobierno municipal, sumadas las malas pol\u00edticas del gobierno nacional y provincial de Macri y Vidal.<br \/>\nEsas condiciones agravadas por la pandemia han desnudado mucho m\u00e1s las limitaciones, carencias, y la falta de gesti\u00f3n y capacidad del ejecutivo municipal, por lo que creemos necesario y urgente UN CAMBIO DE GESTION fundado en la tolerancia y el dialogo y que logre la realizaci\u00f3n de un plan rector distrital que atienda las necesidades de cada localidad y articule las respuestas involucrando la mayor participaci\u00f3n popular y de las instituciones en la resoluci\u00f3n de los problemas. Las cosas funcionaban mejor cuando los vecinos nos encontr\u00e1bamos para construir soluciones entre TODOS.<br \/>\nLas problem\u00e1ticas que m\u00e1s impactan en nuestra vida cotidiana requieren que hagamos m\u00e1s presente la voluntad expresada por Alberto y Axel y las acertadas pol\u00edticas provinciales y nacionales; no como acciones aisladas y discontinuas, sino en un plan organizado, para que en una ARGENTINA UNIDA, concretemos acciones que den respuestas a los numerosos problemas en el distrito. Junto a nuestros concejales nos encontramos comprometidos en \u00e9sta tarea y seguros que podremos profundizar y mejorar nuestros canales de interacci\u00f3n para el bien de TODOS nuestros vecinos.<br \/>\nSeguiremos aunando esfuerzos para fortalecer el espacio democr\u00e1tico nacional, popular progresista, feminista y latinoamericanista que hoy es el Frente de Todos. Coherentes con nuestres conductores Mario Secco y Cristina Fern\u00e1ndez, nuestra energ\u00eda evitar\u00e1 los personalismos est\u00e9riles y estar\u00e1 puesta en trabajar para que Tornquist como nuestro pa\u00eds pueda superar sus deudas de siempre, y vuelva a ser una tierra de trabajo y oportunidades especialmente para nuestros\/as j\u00f3venes.<br \/>\nPor \u00faltimo al cumplirse el pr\u00f3ximo 17 de octubre, el 75 aniversario del d\u00eda de la lealtad; y al memorarse el 27 de Octubre el decimo aniversario del fallecimiento de Nestor Carlos Kirchner, y un a\u00f1o de la victoria del Frente de Todos; propondremos acciones que permitan conmemorar estas fechas mientras seguimos construyendo un Tornquist mas inclusivo y desarrollado para TODOS.<br \/>\nFRENTE GRANDE TORNQUIST. Claudio Adrian Masson, presidente. Norma Blanca Ferrn\u00e1ndez, vicepresidenta.<\/p>\n<p>&nbsp;<\/p>\n<p><a title=\"mario susana y eduardo\" href=\"http:\/\/live.staticflickr.com\/65535\/50396986088_d9dfc5663e_s.jpg\" rel=\"\"><img loading=\"lazy\" decoding=\"async\" class=\"aligncenter\" title=\"mario susana y eduardo\" src=\"http:\/\/live.staticflickr.com\/65535\/50396986088_5eaebc15bd_o.jpg\" alt=\"mario susana y eduardo\" width=\"261\" height=\"146\" \/><\/a><\/p>\n","protected":false},"excerpt":{"rendered":"<p>El 27 de septiembre, a partir de la convocatoria del Frente Popular 25 de Febrero, un conjunto de vecinos de casi todas las localidades del distrito, pudimos reunirnos virtualmente y poner en com\u00fan nuestras ideas y acciones para construir en tornquist un distrito mejor para TODOS.<\/p>\n","protected":false},"author":3,"featured_media":0,"comment_status":"closed","ping_status":"open","sticky":false,"template":"","format":"standard","meta":{"footnotes":""},"categories":[24],"tags":[],"class_list":["post-47424","post","type-post","status-publish","format-standard","hentry","category-politica"],"yoast_head":"<!-- This site is optimized with the Yoast SEO plugin v25.9 - https:\/\/yoast.com\/wordpress\/plugins\/seo\/ -->\n<title>Resumen conclusiones plenario distrital Frente Grande - Frente Popular \u201c25 de febrero\u201d - Noticias Radio Reflejos<\/title>\n<meta name=\"robots\" content=\"index, follow, max-snippet:-1, max-image-preview:large, max-video-preview:-1\" \/>\n<link rel=\"canonical\" href=\"https:\/\/www.noticiasradioreflejos.com.ar\/2021\/resumen-conclusiones-plenario-distrital-frente-grande-frente-popular-25-de-febrero\/\" \/>\n<meta property=\"og:locale\" content=\"es_ES\" \/>\n<meta property=\"og:type\" content=\"article\" \/>\n<meta property=\"og:title\" content=\"Resumen conclusiones plenario distrital Frente Grande - Frente Popular \u201c25 de febrero\u201d - Noticias Radio Reflejos\" \/>\n<meta property=\"og:description\" content=\"El 27 de septiembre, a partir de la convocatoria del Frente Popular 25 de Febrero, un conjunto de vecinos de casi todas las localidades del distrito, pudimos reunirnos virtualmente y poner en com\u00fan nuestras ideas y acciones para construir en tornquist un distrito mejor para TODOS.\" \/>\n<meta property=\"og:url\" content=\"https:\/\/www.noticiasradioreflejos.com.ar\/2021\/resumen-conclusiones-plenario-distrital-frente-grande-frente-popular-25-de-febrero\/\" \/>\n<meta property=\"og:site_name\" content=\"Noticias Radio Reflejos\" \/>\n<meta property=\"article:published_time\" content=\"2020-09-29T13:44:51+00:00\" \/>\n<meta property=\"og:image\" content=\"http:\/\/live.staticflickr.com\/65535\/50396986088_5eaebc15bd_o.jpg\" \/>\n<meta name=\"author\" content=\"Arnaldo Botto\" \/>\n<meta name=\"twitter:card\" content=\"summary_large_image\" \/>\n<script type=\"application\/ld+json\" class=\"yoast-schema-graph\">{\"@context\":\"https:\/\/schema.org\",\"@graph\":[{\"@type\":\"WebPage\",\"@id\":\"https:\/\/www.noticiasradioreflejos.com.ar\/2021\/resumen-conclusiones-plenario-distrital-frente-grande-frente-popular-25-de-febrero\/\",\"url\":\"https:\/\/www.noticiasradioreflejos.com.ar\/2021\/resumen-conclusiones-plenario-distrital-frente-grande-frente-popular-25-de-febrero\/\",\"name\":\"Resumen conclusiones plenario distrital Frente Grande - Frente Popular \u201c25 de febrero\u201d - Noticias Radio Reflejos\",\"isPartOf\":{\"@id\":\"https:\/\/www.noticiasradioreflejos.com.ar\/2021\/#website\"},\"primaryImageOfPage\":{\"@id\":\"https:\/\/www.noticiasradioreflejos.com.ar\/2021\/resumen-conclusiones-plenario-distrital-frente-grande-frente-popular-25-de-febrero\/#primaryimage\"},\"image\":{\"@id\":\"https:\/\/www.noticiasradioreflejos.com.ar\/2021\/resumen-conclusiones-plenario-distrital-frente-grande-frente-popular-25-de-febrero\/#primaryimage\"},\"thumbnailUrl\":\"http:\/\/live.staticflickr.com\/65535\/50396986088_5eaebc15bd_o.jpg\",\"datePublished\":\"2020-09-29T13:44:51+00:00\",\"author\":{\"@id\":\"https:\/\/www.noticiasradioreflejos.com.ar\/2021\/#\/schema\/person\/ad82545263dcc5ec0996818884fd5fb1\"},\"breadcrumb\":{\"@id\":\"https:\/\/www.noticiasradioreflejos.com.ar\/2021\/resumen-conclusiones-plenario-distrital-frente-grande-frente-popular-25-de-febrero\/#breadcrumb\"},\"inLanguage\":\"es\",\"potentialAction\":[{\"@type\":\"ReadAction\",\"target\":[\"https:\/\/www.noticiasradioreflejos.com.ar\/2021\/resumen-conclusiones-plenario-distrital-frente-grande-frente-popular-25-de-febrero\/\"]}]},{\"@type\":\"ImageObject\",\"inLanguage\":\"es\",\"@id\":\"https:\/\/www.noticiasradioreflejos.com.ar\/2021\/resumen-conclusiones-plenario-distrital-frente-grande-frente-popular-25-de-febrero\/#primaryimage\",\"url\":\"http:\/\/live.staticflickr.com\/65535\/50396986088_5eaebc15bd_o.jpg\",\"contentUrl\":\"http:\/\/live.staticflickr.com\/65535\/50396986088_5eaebc15bd_o.jpg\"},{\"@type\":\"BreadcrumbList\",\"@id\":\"https:\/\/www.noticiasradioreflejos.com.ar\/2021\/resumen-conclusiones-plenario-distrital-frente-grande-frente-popular-25-de-febrero\/#breadcrumb\",\"itemListElement\":[{\"@type\":\"ListItem\",\"position\":1,\"name\":\"Portada\",\"item\":\"https:\/\/www.noticiasradioreflejos.com.ar\/2021\/\"},{\"@type\":\"ListItem\",\"position\":2,\"name\":\"Resumen conclusiones plenario distrital Frente Grande &#8211; Frente Popular \u201c25 de febrero\u201d\"}]},{\"@type\":\"WebSite\",\"@id\":\"https:\/\/www.noticiasradioreflejos.com.ar\/2021\/#website\",\"url\":\"https:\/\/www.noticiasradioreflejos.com.ar\/2021\/\",\"name\":\"Noticias Radio Reflejos\",\"description\":\"Las noticias de mi comarca\",\"potentialAction\":[{\"@type\":\"SearchAction\",\"target\":{\"@type\":\"EntryPoint\",\"urlTemplate\":\"https:\/\/www.noticiasradioreflejos.com.ar\/2021\/?s={search_term_string}\"},\"query-input\":{\"@type\":\"PropertyValueSpecification\",\"valueRequired\":true,\"valueName\":\"search_term_string\"}}],\"inLanguage\":\"es\"},{\"@type\":\"Person\",\"@id\":\"https:\/\/www.noticiasradioreflejos.com.ar\/2021\/#\/schema\/person\/ad82545263dcc5ec0996818884fd5fb1\",\"name\":\"Arnaldo Botto\",\"image\":{\"@type\":\"ImageObject\",\"inLanguage\":\"es\",\"@id\":\"https:\/\/www.noticiasradioreflejos.com.ar\/2021\/#\/schema\/person\/image\/\",\"url\":\"https:\/\/secure.gravatar.com\/avatar\/55cb5e37c1efa326397366e6974cb338056df65cb50e7d64d1cf314e87504837?s=96&d=mm&r=g\",\"contentUrl\":\"https:\/\/secure.gravatar.com\/avatar\/55cb5e37c1efa326397366e6974cb338056df65cb50e7d64d1cf314e87504837?s=96&d=mm&r=g\",\"caption\":\"Arnaldo Botto\"},\"url\":\"https:\/\/www.noticiasradioreflejos.com.ar\/2021\/author\/arnaldo\/\"}]}<\/script>\n<!-- \/ Yoast SEO plugin. -->","yoast_head_json":{"title":"Resumen conclusiones plenario distrital Frente Grande - Frente Popular \u201c25 de febrero\u201d - Noticias Radio Reflejos","robots":{"index":"index","follow":"follow","max-snippet":"max-snippet:-1","max-image-preview":"max-image-preview:large","max-video-preview":"max-video-preview:-1"},"canonical":"https:\/\/www.noticiasradioreflejos.com.ar\/2021\/resumen-conclusiones-plenario-distrital-frente-grande-frente-popular-25-de-febrero\/","og_locale":"es_ES","og_type":"article","og_title":"Resumen conclusiones plenario distrital Frente Grande - Frente Popular \u201c25 de febrero\u201d - Noticias Radio Reflejos","og_description":"El 27 de septiembre, a partir de la convocatoria del Frente Popular 25 de Febrero, un conjunto de vecinos de casi todas las localidades del distrito, pudimos reunirnos virtualmente y poner en com\u00fan nuestras ideas y acciones para construir en tornquist un distrito mejor para TODOS.","og_url":"https:\/\/www.noticiasradioreflejos.com.ar\/2021\/resumen-conclusiones-plenario-distrital-frente-grande-frente-popular-25-de-febrero\/","og_site_name":"Noticias Radio Reflejos","article_published_time":"2020-09-29T13:44:51+00:00","og_image":[{"url":"http:\/\/live.staticflickr.com\/65535\/50396986088_5eaebc15bd_o.jpg","type":"","width":"","height":""}],"author":"Arnaldo Botto","twitter_card":"summary_large_image","schema":{"@context":"https:\/\/schema.org","@graph":[{"@type":"WebPage","@id":"https:\/\/www.noticiasradioreflejos.com.ar\/2021\/resumen-conclusiones-plenario-distrital-frente-grande-frente-popular-25-de-febrero\/","url":"https:\/\/www.noticiasradioreflejos.com.ar\/2021\/resumen-conclusiones-plenario-distrital-frente-grande-frente-popular-25-de-febrero\/","name":"Resumen conclusiones plenario distrital Frente Grande - Frente Popular \u201c25 de febrero\u201d - Noticias Radio Reflejos","isPartOf":{"@id":"https:\/\/www.noticiasradioreflejos.com.ar\/2021\/#website"},"primaryImageOfPage":{"@id":"https:\/\/www.noticiasradioreflejos.com.ar\/2021\/resumen-conclusiones-plenario-distrital-frente-grande-frente-popular-25-de-febrero\/#primaryimage"},"image":{"@id":"https:\/\/www.noticiasradioreflejos.com.ar\/2021\/resumen-conclusiones-plenario-distrital-frente-grande-frente-popular-25-de-febrero\/#primaryimage"},"thumbnailUrl":"http:\/\/live.staticflickr.com\/65535\/50396986088_5eaebc15bd_o.jpg","datePublished":"2020-09-29T13:44:51+00:00","author":{"@id":"https:\/\/www.noticiasradioreflejos.com.ar\/2021\/#\/schema\/person\/ad82545263dcc5ec0996818884fd5fb1"},"breadcrumb":{"@id":"https:\/\/www.noticiasradioreflejos.com.ar\/2021\/resumen-conclusiones-plenario-distrital-frente-grande-frente-popular-25-de-febrero\/#breadcrumb"},"inLanguage":"es","potentialAction":[{"@type":"ReadAction","target":["https:\/\/www.noticiasradioreflejos.com.ar\/2021\/resumen-conclusiones-plenario-distrital-frente-grande-frente-popular-25-de-febrero\/"]}]},{"@type":"ImageObject","inLanguage":"es","@id":"https:\/\/www.noticiasradioreflejos.com.ar\/2021\/resumen-conclusiones-plenario-distrital-frente-grande-frente-popular-25-de-febrero\/#primaryimage","url":"http:\/\/live.staticflickr.com\/65535\/50396986088_5eaebc15bd_o.jpg","contentUrl":"http:\/\/live.staticflickr.com\/65535\/50396986088_5eaebc15bd_o.jpg"},{"@type":"BreadcrumbList","@id":"https:\/\/www.noticiasradioreflejos.com.ar\/2021\/resumen-conclusiones-plenario-distrital-frente-grande-frente-popular-25-de-febrero\/#breadcrumb","itemListElement":[{"@type":"ListItem","position":1,"name":"Portada","item":"https:\/\/www.noticiasradioreflejos.com.ar\/2021\/"},{"@type":"ListItem","position":2,"name":"Resumen conclusiones plenario distrital Frente Grande &#8211; Frente Popular \u201c25 de febrero\u201d"}]},{"@type":"WebSite","@id":"https:\/\/www.noticiasradioreflejos.com.ar\/2021\/#website","url":"https:\/\/www.noticiasradioreflejos.com.ar\/2021\/","name":"Noticias Radio Reflejos","description":"Las noticias de mi comarca","potentialAction":[{"@type":"SearchAction","target":{"@type":"EntryPoint","urlTemplate":"https:\/\/www.noticiasradioreflejos.com.ar\/2021\/?s={search_term_string}"},"query-input":{"@type":"PropertyValueSpecification","valueRequired":true,"valueName":"search_term_string"}}],"inLanguage":"es"},{"@type":"Person","@id":"https:\/\/www.noticiasradioreflejos.com.ar\/2021\/#\/schema\/person\/ad82545263dcc5ec0996818884fd5fb1","name":"Arnaldo Botto","image":{"@type":"ImageObject","inLanguage":"es","@id":"https:\/\/www.noticiasradioreflejos.com.ar\/2021\/#\/schema\/person\/image\/","url":"https:\/\/secure.gravatar.com\/avatar\/55cb5e37c1efa326397366e6974cb338056df65cb50e7d64d1cf314e87504837?s=96&d=mm&r=g","contentUrl":"https:\/\/secure.gravatar.com\/avatar\/55cb5e37c1efa326397366e6974cb338056df65cb50e7d64d1cf314e87504837?s=96&d=mm&r=g","caption":"Arnaldo Botto"},"url":"https:\/\/www.noticiasradioreflejos.com.ar\/2021\/author\/arnaldo\/"}]}},"_links":{"self":[{"href":"https:\/\/www.noticiasradioreflejos.com.ar\/2021\/wp-json\/wp\/v2\/posts\/47424","targetHints":{"allow":["GET"]}}],"collection":[{"href":"https:\/\/www.noticiasradioreflejos.com.ar\/2021\/wp-json\/wp\/v2\/posts"}],"about":[{"href":"https:\/\/www.noticiasradioreflejos.com.ar\/2021\/wp-json\/wp\/v2\/types\/post"}],"author":[{"embeddable":true,"href":"https:\/\/www.noticiasradioreflejos.com.ar\/2021\/wp-json\/wp\/v2\/users\/3"}],"replies":[{"embeddable":true,"href":"https:\/\/www.noticiasradioreflejos.com.ar\/2021\/wp-json\/wp\/v2\/comments?post=47424"}],"version-history":[{"count":0,"href":"https:\/\/www.noticiasradioreflejos.com.ar\/2021\/wp-json\/wp\/v2\/posts\/47424\/revisions"}],"wp:attachment":[{"href":"https:\/\/www.noticiasradioreflejos.com.ar\/2021\/wp-json\/wp\/v2\/media?parent=47424"}],"wp:term":[{"taxonomy":"category","embeddable":true,"href":"https:\/\/www.noticiasradioreflejos.com.ar\/2021\/wp-json\/wp\/v2\/categories?post=47424"},{"taxonomy":"post_tag","embeddable":true,"href":"https:\/\/www.noticiasradioreflejos.com.ar\/2021\/wp-json\/wp\/v2\/tags?post=47424"}],"curies":[{"name":"wp","href":"https:\/\/api.w.org\/{rel}","templated":true}]}}