{"id":47419,"date":"2020-09-29T08:04:15","date_gmt":"2020-09-29T11:04:15","guid":{"rendered":"http:\/\/www.noticiasradioreflejos.com.ar\/noticias\/?p=47419"},"modified":"2020-09-29T08:04:15","modified_gmt":"2020-09-29T11:04:15","slug":"continua-hoy-el-dialogo-del-gobierno-bonaerense-con-los-estatales","status":"publish","type":"post","link":"https:\/\/www.noticiasradioreflejos.com.ar\/2021\/continua-hoy-el-dialogo-del-gobierno-bonaerense-con-los-estatales\/","title":{"rendered":"Contin\u00faa hoy el di\u00e1logo del Gobierno bonaerense con los estatales"},"content":{"rendered":"<p>El Gobierno bonaerense y los gremios que representan a los trabajadores estatales continuar\u00e1n hoy -por medio de un encuentro virtual- con las negociaciones paritarias que iniciaron la semana pasada.<!--more--><br \/>\nDesde el Poder Ejecutivo provincial se anticip\u00f3 que en esas mesas de negociaci\u00f3n se acercar\u00e1n ofertas concretas de aumentos salariales, que tendr\u00e1n vigencia a partir del 1 de septiembre.<\/p>\n<p>A partir de las 10, los ministros de Trabajo, Mara Ruiz Malec, y de Hacienda y Finanzas, Pablo L\u00f3pez, mantendr\u00e1n un encuentro con los gremios estatales Fegeppba, ATE, CICOP, AMRA y UPCN.<\/p>\n<p>Durante la reuni\u00f3n que mantuvieron la semana pasada con esos sindicatos que representan a los trabajadores p\u00fablicos, el Gobierno bonaerense se comprometi\u00f3 a formular una propuesta de incremento salarial.<\/p>\n<p>Entre marzo y abril, los 126.209 estatales contemplados en la Ley 10.430 recibieron un aumento de $4.000 mientras que el personal de salud obtuvo un bono de $5.000.<\/p>\n<p>En tanto, este jueves a las 14 ser\u00e1 el turno de los maestros, con la participaci\u00f3n del Frente de Unidad Docente Bonaerense (FUDB), integrado por el Suteba, la Federaci\u00f3n de Educadores bonaerense, Udocba, UDA, AMET y Sadop.<\/p>\n<p>Por \u00faltimo, el viernes pr\u00f3ximo a las 14 el Gobierno provincial recibir\u00e1 en una mesa de di\u00e1logo a los referentes de la Asociaci\u00f3n Judicial Bonaerense (AJB), para avanzar en un acuerdo.<\/p>\n","protected":false},"excerpt":{"rendered":"<p>El Gobierno bonaerense y los gremios que representan a los trabajadores estatales continuar\u00e1n hoy -por medio de un encuentro virtual- con las negociaciones paritarias que iniciaron la semana pasada.<\/p>\n","protected":false},"author":3,"featured_media":0,"comment_status":"closed","ping_status":"open","sticky":false,"template":"","format":"standard","meta":{"footnotes":""},"categories":[24],"tags":[],"class_list":["post-47419","post","type-post","status-publish","format-standard","hentry","category-politica"],"yoast_head":"<!-- This site is optimized with the Yoast SEO plugin v25.9 - https:\/\/yoast.com\/wordpress\/plugins\/seo\/ -->\n<title>Contin\u00faa hoy el di\u00e1logo del Gobierno bonaerense con los estatales - Noticias Radio Reflejos<\/title>\n<meta name=\"robots\" content=\"index, follow, max-snippet:-1, max-image-preview:large, max-video-preview:-1\" \/>\n<link rel=\"canonical\" href=\"https:\/\/www.noticiasradioreflejos.com.ar\/2021\/continua-hoy-el-dialogo-del-gobierno-bonaerense-con-los-estatales\/\" \/>\n<meta property=\"og:locale\" content=\"es_ES\" \/>\n<meta property=\"og:type\" content=\"article\" \/>\n<meta property=\"og:title\" content=\"Contin\u00faa hoy el di\u00e1logo del Gobierno bonaerense con los estatales - Noticias Radio Reflejos\" \/>\n<meta property=\"og:description\" content=\"El Gobierno bonaerense y los gremios que representan a los trabajadores estatales continuar\u00e1n hoy -por medio de un encuentro virtual- con las negociaciones paritarias que iniciaron la semana pasada.\" \/>\n<meta property=\"og:url\" content=\"https:\/\/www.noticiasradioreflejos.com.ar\/2021\/continua-hoy-el-dialogo-del-gobierno-bonaerense-con-los-estatales\/\" \/>\n<meta property=\"og:site_name\" content=\"Noticias Radio Reflejos\" \/>\n<meta property=\"article:published_time\" content=\"2020-09-29T11:04:15+00:00\" \/>\n<meta property=\"og:image\" content=\"https:\/\/www.noticiasradioreflejos.com.ar\/2021\/wp-content\/uploads\/2021\/07\/logosol300x200.png\" \/>\n\t<meta property=\"og:image:width\" content=\"300\" \/>\n\t<meta property=\"og:image:height\" content=\"200\" \/>\n\t<meta property=\"og:image:type\" content=\"image\/png\" \/>\n<meta name=\"author\" content=\"Arnaldo Botto\" \/>\n<meta name=\"twitter:card\" content=\"summary_large_image\" \/>\n<script type=\"application\/ld+json\" class=\"yoast-schema-graph\">{\"@context\":\"https:\/\/schema.org\",\"@graph\":[{\"@type\":\"WebPage\",\"@id\":\"https:\/\/www.noticiasradioreflejos.com.ar\/2021\/continua-hoy-el-dialogo-del-gobierno-bonaerense-con-los-estatales\/\",\"url\":\"https:\/\/www.noticiasradioreflejos.com.ar\/2021\/continua-hoy-el-dialogo-del-gobierno-bonaerense-con-los-estatales\/\",\"name\":\"Contin\u00faa hoy el di\u00e1logo del Gobierno bonaerense con los estatales - Noticias Radio Reflejos\",\"isPartOf\":{\"@id\":\"https:\/\/www.noticiasradioreflejos.com.ar\/2021\/#website\"},\"datePublished\":\"2020-09-29T11:04:15+00:00\",\"author\":{\"@id\":\"https:\/\/www.noticiasradioreflejos.com.ar\/2021\/#\/schema\/person\/ad82545263dcc5ec0996818884fd5fb1\"},\"breadcrumb\":{\"@id\":\"https:\/\/www.noticiasradioreflejos.com.ar\/2021\/continua-hoy-el-dialogo-del-gobierno-bonaerense-con-los-estatales\/#breadcrumb\"},\"inLanguage\":\"es\",\"potentialAction\":[{\"@type\":\"ReadAction\",\"target\":[\"https:\/\/www.noticiasradioreflejos.com.ar\/2021\/continua-hoy-el-dialogo-del-gobierno-bonaerense-con-los-estatales\/\"]}]},{\"@type\":\"BreadcrumbList\",\"@id\":\"https:\/\/www.noticiasradioreflejos.com.ar\/2021\/continua-hoy-el-dialogo-del-gobierno-bonaerense-con-los-estatales\/#breadcrumb\",\"itemListElement\":[{\"@type\":\"ListItem\",\"position\":1,\"name\":\"Portada\",\"item\":\"https:\/\/www.noticiasradioreflejos.com.ar\/2021\/\"},{\"@type\":\"ListItem\",\"position\":2,\"name\":\"Contin\u00faa hoy el di\u00e1logo del Gobierno bonaerense con los estatales\"}]},{\"@type\":\"WebSite\",\"@id\":\"https:\/\/www.noticiasradioreflejos.com.ar\/2021\/#website\",\"url\":\"https:\/\/www.noticiasradioreflejos.com.ar\/2021\/\",\"name\":\"Noticias Radio Reflejos\",\"description\":\"Las noticias de mi comarca\",\"potentialAction\":[{\"@type\":\"SearchAction\",\"target\":{\"@type\":\"EntryPoint\",\"urlTemplate\":\"https:\/\/www.noticiasradioreflejos.com.ar\/2021\/?s={search_term_string}\"},\"query-input\":{\"@type\":\"PropertyValueSpecification\",\"valueRequired\":true,\"valueName\":\"search_term_string\"}}],\"inLanguage\":\"es\"},{\"@type\":\"Person\",\"@id\":\"https:\/\/www.noticiasradioreflejos.com.ar\/2021\/#\/schema\/person\/ad82545263dcc5ec0996818884fd5fb1\",\"name\":\"Arnaldo Botto\",\"image\":{\"@type\":\"ImageObject\",\"inLanguage\":\"es\",\"@id\":\"https:\/\/www.noticiasradioreflejos.com.ar\/2021\/#\/schema\/person\/image\/\",\"url\":\"https:\/\/secure.gravatar.com\/avatar\/55cb5e37c1efa326397366e6974cb338056df65cb50e7d64d1cf314e87504837?s=96&d=mm&r=g\",\"contentUrl\":\"https:\/\/secure.gravatar.com\/avatar\/55cb5e37c1efa326397366e6974cb338056df65cb50e7d64d1cf314e87504837?s=96&d=mm&r=g\",\"caption\":\"Arnaldo Botto\"},\"url\":\"https:\/\/www.noticiasradioreflejos.com.ar\/2021\/author\/arnaldo\/\"}]}<\/script>\n<!-- \/ Yoast SEO plugin. -->","yoast_head_json":{"title":"Contin\u00faa hoy el di\u00e1logo del Gobierno bonaerense con los estatales - Noticias Radio Reflejos","robots":{"index":"index","follow":"follow","max-snippet":"max-snippet:-1","max-image-preview":"max-image-preview:large","max-video-preview":"max-video-preview:-1"},"canonical":"https:\/\/www.noticiasradioreflejos.com.ar\/2021\/continua-hoy-el-dialogo-del-gobierno-bonaerense-con-los-estatales\/","og_locale":"es_ES","og_type":"article","og_title":"Contin\u00faa hoy el di\u00e1logo del Gobierno bonaerense con los estatales - Noticias Radio Reflejos","og_description":"El Gobierno bonaerense y los gremios que representan a los trabajadores estatales continuar\u00e1n hoy -por medio de un encuentro virtual- con las negociaciones paritarias que iniciaron la semana pasada.","og_url":"https:\/\/www.noticiasradioreflejos.com.ar\/2021\/continua-hoy-el-dialogo-del-gobierno-bonaerense-con-los-estatales\/","og_site_name":"Noticias Radio Reflejos","article_published_time":"2020-09-29T11:04:15+00:00","og_image":[{"width":300,"height":200,"url":"https:\/\/www.noticiasradioreflejos.com.ar\/2021\/wp-content\/uploads\/2021\/07\/logosol300x200.png","type":"image\/png"}],"author":"Arnaldo Botto","twitter_card":"summary_large_image","schema":{"@context":"https:\/\/schema.org","@graph":[{"@type":"WebPage","@id":"https:\/\/www.noticiasradioreflejos.com.ar\/2021\/continua-hoy-el-dialogo-del-gobierno-bonaerense-con-los-estatales\/","url":"https:\/\/www.noticiasradioreflejos.com.ar\/2021\/continua-hoy-el-dialogo-del-gobierno-bonaerense-con-los-estatales\/","name":"Contin\u00faa hoy el di\u00e1logo del Gobierno bonaerense con los estatales - Noticias Radio Reflejos","isPartOf":{"@id":"https:\/\/www.noticiasradioreflejos.com.ar\/2021\/#website"},"datePublished":"2020-09-29T11:04:15+00:00","author":{"@id":"https:\/\/www.noticiasradioreflejos.com.ar\/2021\/#\/schema\/person\/ad82545263dcc5ec0996818884fd5fb1"},"breadcrumb":{"@id":"https:\/\/www.noticiasradioreflejos.com.ar\/2021\/continua-hoy-el-dialogo-del-gobierno-bonaerense-con-los-estatales\/#breadcrumb"},"inLanguage":"es","potentialAction":[{"@type":"ReadAction","target":["https:\/\/www.noticiasradioreflejos.com.ar\/2021\/continua-hoy-el-dialogo-del-gobierno-bonaerense-con-los-estatales\/"]}]},{"@type":"BreadcrumbList","@id":"https:\/\/www.noticiasradioreflejos.com.ar\/2021\/continua-hoy-el-dialogo-del-gobierno-bonaerense-con-los-estatales\/#breadcrumb","itemListElement":[{"@type":"ListItem","position":1,"name":"Portada","item":"https:\/\/www.noticiasradioreflejos.com.ar\/2021\/"},{"@type":"ListItem","position":2,"name":"Contin\u00faa hoy el di\u00e1logo del Gobierno bonaerense con los estatales"}]},{"@type":"WebSite","@id":"https:\/\/www.noticiasradioreflejos.com.ar\/2021\/#website","url":"https:\/\/www.noticiasradioreflejos.com.ar\/2021\/","name":"Noticias Radio Reflejos","description":"Las noticias de mi comarca","potentialAction":[{"@type":"SearchAction","target":{"@type":"EntryPoint","urlTemplate":"https:\/\/www.noticiasradioreflejos.com.ar\/2021\/?s={search_term_string}"},"query-input":{"@type":"PropertyValueSpecification","valueRequired":true,"valueName":"search_term_string"}}],"inLanguage":"es"},{"@type":"Person","@id":"https:\/\/www.noticiasradioreflejos.com.ar\/2021\/#\/schema\/person\/ad82545263dcc5ec0996818884fd5fb1","name":"Arnaldo Botto","image":{"@type":"ImageObject","inLanguage":"es","@id":"https:\/\/www.noticiasradioreflejos.com.ar\/2021\/#\/schema\/person\/image\/","url":"https:\/\/secure.gravatar.com\/avatar\/55cb5e37c1efa326397366e6974cb338056df65cb50e7d64d1cf314e87504837?s=96&d=mm&r=g","contentUrl":"https:\/\/secure.gravatar.com\/avatar\/55cb5e37c1efa326397366e6974cb338056df65cb50e7d64d1cf314e87504837?s=96&d=mm&r=g","caption":"Arnaldo Botto"},"url":"https:\/\/www.noticiasradioreflejos.com.ar\/2021\/author\/arnaldo\/"}]}},"_links":{"self":[{"href":"https:\/\/www.noticiasradioreflejos.com.ar\/2021\/wp-json\/wp\/v2\/posts\/47419","targetHints":{"allow":["GET"]}}],"collection":[{"href":"https:\/\/www.noticiasradioreflejos.com.ar\/2021\/wp-json\/wp\/v2\/posts"}],"about":[{"href":"https:\/\/www.noticiasradioreflejos.com.ar\/2021\/wp-json\/wp\/v2\/types\/post"}],"author":[{"embeddable":true,"href":"https:\/\/www.noticiasradioreflejos.com.ar\/2021\/wp-json\/wp\/v2\/users\/3"}],"replies":[{"embeddable":true,"href":"https:\/\/www.noticiasradioreflejos.com.ar\/2021\/wp-json\/wp\/v2\/comments?post=47419"}],"version-history":[{"count":0,"href":"https:\/\/www.noticiasradioreflejos.com.ar\/2021\/wp-json\/wp\/v2\/posts\/47419\/revisions"}],"wp:attachment":[{"href":"https:\/\/www.noticiasradioreflejos.com.ar\/2021\/wp-json\/wp\/v2\/media?parent=47419"}],"wp:term":[{"taxonomy":"category","embeddable":true,"href":"https:\/\/www.noticiasradioreflejos.com.ar\/2021\/wp-json\/wp\/v2\/categories?post=47419"},{"taxonomy":"post_tag","embeddable":true,"href":"https:\/\/www.noticiasradioreflejos.com.ar\/2021\/wp-json\/wp\/v2\/tags?post=47419"}],"curies":[{"name":"wp","href":"https:\/\/api.w.org\/{rel}","templated":true}]}}