{"id":47416,"date":"2020-09-29T07:51:36","date_gmt":"2020-09-29T10:51:36","guid":{"rendered":"http:\/\/www.noticiasradioreflejos.com.ar\/noticias\/?p=47416"},"modified":"2020-09-29T07:51:36","modified_gmt":"2020-09-29T10:51:36","slug":"duelo-nacional-por-la-muerte-del-policia-apunalado-en-barrio-parque","status":"publish","type":"post","link":"https:\/\/www.noticiasradioreflejos.com.ar\/2021\/duelo-nacional-por-la-muerte-del-policia-apunalado-en-barrio-parque\/","title":{"rendered":"Duelo nacional por la muerte del polic\u00eda apu\u00f1alado en Barrio Parque"},"content":{"rendered":"<p>El Gbierno nacional declar\u00f3 hoy duelo nacional por el fallecimiento del inspector Juan Pablo Roldan, quien muri\u00f3 ayer en cumplimiento de sus funciones como integrante de la Polic\u00eda Federal Argentina, tras haber sido apu\u00f1alado por un hombre en situaci\u00f3n de indigencia que muri\u00f3 esta madrugada.<!--more--><\/p>\n<p>El Decreto 778\/2020 lleva la firma del presidente Alberto Fern\u00e1ndez; del jefe de Gabinete, Santiago Cafiero; y de la ministra de Seguridad, Sabina Frederic.<\/p>\n<p>El episodio ocurri\u00f3 ayer cerca de las 16.30, en la esquina de la calle San Mart\u00edn de Tours y la avenida Figueroa Alcorta, a metros del ingreso al Museo de Arte Latinoamericano de Buenos Aires (Malba).<\/p>\n<p>El inspector Rold\u00e1n recibi\u00f3 cuatro pu\u00f1aladas de arma blanca por lo que fue trasladado r\u00e1pidamente al Sanatorio Mater Dei, donde falleci\u00f3 al poco tiempo.<\/p>\n<p>En tanto, el agresor fue trasladado por el SAME al Hospital Fern\u00e1ndez, donde fue intervenido quir\u00fargicamente por los disparos aparentemente efectuados por el inspector Rold\u00e1n al defenderse del ataque, y muri\u00f3 esta madrugada.<\/p>\n<p>Fuentes policiales indicaron que Rodrigo Facundo Roza, de 51 a\u00f1os, falleci\u00f3 a las 3.30.<\/p>\n<p>En los considerandos del decreto publicado hoy, se se\u00f1ala que el inspector \u00abfue informado de la presencia de una persona, que se encontraba amedrentando a los y las transe\u00fantes en la v\u00eda p\u00fablica\u00bb y \u00abdecidi\u00f3 en cumplimiento de su deber intervenir a efectos de preservar la seguridad\u00bb de quienes se encontraban en el lugar.<\/p>\n<p>\u00abEn el intento de devolver la paz y la normalidad al espacio p\u00fablico y que el agresor deponga su actitud amenazante, de manera imprevista, fue agredido y apu\u00f1alado con un arma blanca, la que lo hiri\u00f3 de gravedad, caus\u00e1ndole horas m\u00e1s tarde la muerte, en un nosocomio de la zona\u00bb, puntualiz\u00f3 el decreto.<\/p>\n<p>Las autoridades nacionales destacaron que el Gobierno \u00abentiende el importante rol que con formidable vocaci\u00f3n de servicio cumplen las mujeres y hombres que forman parte de las fuerzas de seguridad, llegando a poner en riesgo sus propias vidas en pos de la protecci\u00f3n de los ciudadanos y ciudadanas argentinos y de todos y todas las personas que deciden habitar el suelo argentino\u00bb.<\/p>\n<p>Por lo cual, destaca la norma, resulta \u00abun deber del Gobierno Nacional honrar la memoria del Inspector Juan Pablo Roldan, con motivo de su lamentable fallecimiento en cumplimiento de su deber como integrante de las Fuerzas de Seguridad\u00bb.<\/p>\n<p>Rold\u00e1n ten\u00eda 33 a\u00f1os y era padre de un ni\u00f1o de 4 a\u00f1os.<\/p>\n","protected":false},"excerpt":{"rendered":"<p>El Gbierno nacional declar\u00f3 hoy duelo nacional por el fallecimiento del inspector Juan Pablo Roldan, quien muri\u00f3 ayer en cumplimiento de sus funciones como integrante de la Polic\u00eda Federal Argentina, tras haber sido apu\u00f1alado por un hombre en situaci\u00f3n de indigencia que muri\u00f3 esta madrugada.<\/p>\n","protected":false},"author":3,"featured_media":0,"comment_status":"closed","ping_status":"open","sticky":false,"template":"","format":"standard","meta":{"footnotes":""},"categories":[24],"tags":[],"class_list":["post-47416","post","type-post","status-publish","format-standard","hentry","category-politica"],"yoast_head":"<!-- This site is optimized with the Yoast SEO plugin v25.9 - https:\/\/yoast.com\/wordpress\/plugins\/seo\/ -->\n<title>Duelo nacional por la muerte del polic\u00eda apu\u00f1alado en Barrio Parque - Noticias Radio Reflejos<\/title>\n<meta name=\"robots\" content=\"index, follow, max-snippet:-1, max-image-preview:large, max-video-preview:-1\" \/>\n<link rel=\"canonical\" href=\"https:\/\/www.noticiasradioreflejos.com.ar\/2021\/duelo-nacional-por-la-muerte-del-policia-apunalado-en-barrio-parque\/\" \/>\n<meta property=\"og:locale\" content=\"es_ES\" \/>\n<meta property=\"og:type\" content=\"article\" \/>\n<meta property=\"og:title\" content=\"Duelo nacional por la muerte del polic\u00eda apu\u00f1alado en Barrio Parque - Noticias Radio Reflejos\" \/>\n<meta property=\"og:description\" content=\"El Gbierno nacional declar\u00f3 hoy duelo nacional por el fallecimiento del inspector Juan Pablo Roldan, quien muri\u00f3 ayer en cumplimiento de sus funciones como integrante de la Polic\u00eda Federal Argentina, tras haber sido apu\u00f1alado por un hombre en situaci\u00f3n de indigencia que muri\u00f3 esta madrugada.\" \/>\n<meta property=\"og:url\" content=\"https:\/\/www.noticiasradioreflejos.com.ar\/2021\/duelo-nacional-por-la-muerte-del-policia-apunalado-en-barrio-parque\/\" \/>\n<meta property=\"og:site_name\" content=\"Noticias Radio Reflejos\" \/>\n<meta property=\"article:published_time\" content=\"2020-09-29T10:51:36+00:00\" \/>\n<meta property=\"og:image\" content=\"https:\/\/www.noticiasradioreflejos.com.ar\/2021\/wp-content\/uploads\/2021\/07\/logosol300x200.png\" \/>\n\t<meta property=\"og:image:width\" content=\"300\" \/>\n\t<meta property=\"og:image:height\" content=\"200\" \/>\n\t<meta property=\"og:image:type\" content=\"image\/png\" \/>\n<meta name=\"author\" content=\"Arnaldo Botto\" \/>\n<meta name=\"twitter:card\" content=\"summary_large_image\" \/>\n<script type=\"application\/ld+json\" class=\"yoast-schema-graph\">{\"@context\":\"https:\/\/schema.org\",\"@graph\":[{\"@type\":\"WebPage\",\"@id\":\"https:\/\/www.noticiasradioreflejos.com.ar\/2021\/duelo-nacional-por-la-muerte-del-policia-apunalado-en-barrio-parque\/\",\"url\":\"https:\/\/www.noticiasradioreflejos.com.ar\/2021\/duelo-nacional-por-la-muerte-del-policia-apunalado-en-barrio-parque\/\",\"name\":\"Duelo nacional por la muerte del polic\u00eda apu\u00f1alado en Barrio Parque - Noticias Radio Reflejos\",\"isPartOf\":{\"@id\":\"https:\/\/www.noticiasradioreflejos.com.ar\/2021\/#website\"},\"datePublished\":\"2020-09-29T10:51:36+00:00\",\"author\":{\"@id\":\"https:\/\/www.noticiasradioreflejos.com.ar\/2021\/#\/schema\/person\/ad82545263dcc5ec0996818884fd5fb1\"},\"breadcrumb\":{\"@id\":\"https:\/\/www.noticiasradioreflejos.com.ar\/2021\/duelo-nacional-por-la-muerte-del-policia-apunalado-en-barrio-parque\/#breadcrumb\"},\"inLanguage\":\"es\",\"potentialAction\":[{\"@type\":\"ReadAction\",\"target\":[\"https:\/\/www.noticiasradioreflejos.com.ar\/2021\/duelo-nacional-por-la-muerte-del-policia-apunalado-en-barrio-parque\/\"]}]},{\"@type\":\"BreadcrumbList\",\"@id\":\"https:\/\/www.noticiasradioreflejos.com.ar\/2021\/duelo-nacional-por-la-muerte-del-policia-apunalado-en-barrio-parque\/#breadcrumb\",\"itemListElement\":[{\"@type\":\"ListItem\",\"position\":1,\"name\":\"Portada\",\"item\":\"https:\/\/www.noticiasradioreflejos.com.ar\/2021\/\"},{\"@type\":\"ListItem\",\"position\":2,\"name\":\"Duelo nacional por la muerte del polic\u00eda apu\u00f1alado en Barrio Parque\"}]},{\"@type\":\"WebSite\",\"@id\":\"https:\/\/www.noticiasradioreflejos.com.ar\/2021\/#website\",\"url\":\"https:\/\/www.noticiasradioreflejos.com.ar\/2021\/\",\"name\":\"Noticias Radio Reflejos\",\"description\":\"Las noticias de mi comarca\",\"potentialAction\":[{\"@type\":\"SearchAction\",\"target\":{\"@type\":\"EntryPoint\",\"urlTemplate\":\"https:\/\/www.noticiasradioreflejos.com.ar\/2021\/?s={search_term_string}\"},\"query-input\":{\"@type\":\"PropertyValueSpecification\",\"valueRequired\":true,\"valueName\":\"search_term_string\"}}],\"inLanguage\":\"es\"},{\"@type\":\"Person\",\"@id\":\"https:\/\/www.noticiasradioreflejos.com.ar\/2021\/#\/schema\/person\/ad82545263dcc5ec0996818884fd5fb1\",\"name\":\"Arnaldo Botto\",\"image\":{\"@type\":\"ImageObject\",\"inLanguage\":\"es\",\"@id\":\"https:\/\/www.noticiasradioreflejos.com.ar\/2021\/#\/schema\/person\/image\/\",\"url\":\"https:\/\/secure.gravatar.com\/avatar\/55cb5e37c1efa326397366e6974cb338056df65cb50e7d64d1cf314e87504837?s=96&d=mm&r=g\",\"contentUrl\":\"https:\/\/secure.gravatar.com\/avatar\/55cb5e37c1efa326397366e6974cb338056df65cb50e7d64d1cf314e87504837?s=96&d=mm&r=g\",\"caption\":\"Arnaldo Botto\"},\"url\":\"https:\/\/www.noticiasradioreflejos.com.ar\/2021\/author\/arnaldo\/\"}]}<\/script>\n<!-- \/ Yoast SEO plugin. -->","yoast_head_json":{"title":"Duelo nacional por la muerte del polic\u00eda apu\u00f1alado en Barrio Parque - Noticias Radio Reflejos","robots":{"index":"index","follow":"follow","max-snippet":"max-snippet:-1","max-image-preview":"max-image-preview:large","max-video-preview":"max-video-preview:-1"},"canonical":"https:\/\/www.noticiasradioreflejos.com.ar\/2021\/duelo-nacional-por-la-muerte-del-policia-apunalado-en-barrio-parque\/","og_locale":"es_ES","og_type":"article","og_title":"Duelo nacional por la muerte del polic\u00eda apu\u00f1alado en Barrio Parque - Noticias Radio Reflejos","og_description":"El Gbierno nacional declar\u00f3 hoy duelo nacional por el fallecimiento del inspector Juan Pablo Roldan, quien muri\u00f3 ayer en cumplimiento de sus funciones como integrante de la Polic\u00eda Federal Argentina, tras haber sido apu\u00f1alado por un hombre en situaci\u00f3n de indigencia que muri\u00f3 esta madrugada.","og_url":"https:\/\/www.noticiasradioreflejos.com.ar\/2021\/duelo-nacional-por-la-muerte-del-policia-apunalado-en-barrio-parque\/","og_site_name":"Noticias Radio Reflejos","article_published_time":"2020-09-29T10:51:36+00:00","og_image":[{"width":300,"height":200,"url":"https:\/\/www.noticiasradioreflejos.com.ar\/2021\/wp-content\/uploads\/2021\/07\/logosol300x200.png","type":"image\/png"}],"author":"Arnaldo Botto","twitter_card":"summary_large_image","schema":{"@context":"https:\/\/schema.org","@graph":[{"@type":"WebPage","@id":"https:\/\/www.noticiasradioreflejos.com.ar\/2021\/duelo-nacional-por-la-muerte-del-policia-apunalado-en-barrio-parque\/","url":"https:\/\/www.noticiasradioreflejos.com.ar\/2021\/duelo-nacional-por-la-muerte-del-policia-apunalado-en-barrio-parque\/","name":"Duelo nacional por la muerte del polic\u00eda apu\u00f1alado en Barrio Parque - Noticias Radio Reflejos","isPartOf":{"@id":"https:\/\/www.noticiasradioreflejos.com.ar\/2021\/#website"},"datePublished":"2020-09-29T10:51:36+00:00","author":{"@id":"https:\/\/www.noticiasradioreflejos.com.ar\/2021\/#\/schema\/person\/ad82545263dcc5ec0996818884fd5fb1"},"breadcrumb":{"@id":"https:\/\/www.noticiasradioreflejos.com.ar\/2021\/duelo-nacional-por-la-muerte-del-policia-apunalado-en-barrio-parque\/#breadcrumb"},"inLanguage":"es","potentialAction":[{"@type":"ReadAction","target":["https:\/\/www.noticiasradioreflejos.com.ar\/2021\/duelo-nacional-por-la-muerte-del-policia-apunalado-en-barrio-parque\/"]}]},{"@type":"BreadcrumbList","@id":"https:\/\/www.noticiasradioreflejos.com.ar\/2021\/duelo-nacional-por-la-muerte-del-policia-apunalado-en-barrio-parque\/#breadcrumb","itemListElement":[{"@type":"ListItem","position":1,"name":"Portada","item":"https:\/\/www.noticiasradioreflejos.com.ar\/2021\/"},{"@type":"ListItem","position":2,"name":"Duelo nacional por la muerte del polic\u00eda apu\u00f1alado en Barrio Parque"}]},{"@type":"WebSite","@id":"https:\/\/www.noticiasradioreflejos.com.ar\/2021\/#website","url":"https:\/\/www.noticiasradioreflejos.com.ar\/2021\/","name":"Noticias Radio Reflejos","description":"Las noticias de mi comarca","potentialAction":[{"@type":"SearchAction","target":{"@type":"EntryPoint","urlTemplate":"https:\/\/www.noticiasradioreflejos.com.ar\/2021\/?s={search_term_string}"},"query-input":{"@type":"PropertyValueSpecification","valueRequired":true,"valueName":"search_term_string"}}],"inLanguage":"es"},{"@type":"Person","@id":"https:\/\/www.noticiasradioreflejos.com.ar\/2021\/#\/schema\/person\/ad82545263dcc5ec0996818884fd5fb1","name":"Arnaldo Botto","image":{"@type":"ImageObject","inLanguage":"es","@id":"https:\/\/www.noticiasradioreflejos.com.ar\/2021\/#\/schema\/person\/image\/","url":"https:\/\/secure.gravatar.com\/avatar\/55cb5e37c1efa326397366e6974cb338056df65cb50e7d64d1cf314e87504837?s=96&d=mm&r=g","contentUrl":"https:\/\/secure.gravatar.com\/avatar\/55cb5e37c1efa326397366e6974cb338056df65cb50e7d64d1cf314e87504837?s=96&d=mm&r=g","caption":"Arnaldo Botto"},"url":"https:\/\/www.noticiasradioreflejos.com.ar\/2021\/author\/arnaldo\/"}]}},"_links":{"self":[{"href":"https:\/\/www.noticiasradioreflejos.com.ar\/2021\/wp-json\/wp\/v2\/posts\/47416","targetHints":{"allow":["GET"]}}],"collection":[{"href":"https:\/\/www.noticiasradioreflejos.com.ar\/2021\/wp-json\/wp\/v2\/posts"}],"about":[{"href":"https:\/\/www.noticiasradioreflejos.com.ar\/2021\/wp-json\/wp\/v2\/types\/post"}],"author":[{"embeddable":true,"href":"https:\/\/www.noticiasradioreflejos.com.ar\/2021\/wp-json\/wp\/v2\/users\/3"}],"replies":[{"embeddable":true,"href":"https:\/\/www.noticiasradioreflejos.com.ar\/2021\/wp-json\/wp\/v2\/comments?post=47416"}],"version-history":[{"count":0,"href":"https:\/\/www.noticiasradioreflejos.com.ar\/2021\/wp-json\/wp\/v2\/posts\/47416\/revisions"}],"wp:attachment":[{"href":"https:\/\/www.noticiasradioreflejos.com.ar\/2021\/wp-json\/wp\/v2\/media?parent=47416"}],"wp:term":[{"taxonomy":"category","embeddable":true,"href":"https:\/\/www.noticiasradioreflejos.com.ar\/2021\/wp-json\/wp\/v2\/categories?post=47416"},{"taxonomy":"post_tag","embeddable":true,"href":"https:\/\/www.noticiasradioreflejos.com.ar\/2021\/wp-json\/wp\/v2\/tags?post=47416"}],"curies":[{"name":"wp","href":"https:\/\/api.w.org\/{rel}","templated":true}]}}