{"id":47414,"date":"2020-09-28T23:09:42","date_gmt":"2020-09-29T02:09:42","guid":{"rendered":"http:\/\/www.noticiasradioreflejos.com.ar\/noticias\/?p=47414"},"modified":"2020-09-28T23:09:42","modified_gmt":"2020-09-29T02:09:42","slug":"mensaje-del-intendente-de-tornquist-a-la-comunidad","status":"publish","type":"post","link":"https:\/\/www.noticiasradioreflejos.com.ar\/2021\/mensaje-del-intendente-de-tornquist-a-la-comunidad\/","title":{"rendered":"Mensaje del Intendente de Tornquist a la comunidad."},"content":{"rendered":"<p>Ante la dif\u00edcil situaci\u00f3n que se vive por la pandemia.<!--more--><\/p>\n<p>Tornquist, 28 de Septiembre 2020-.<\/p>\n<p><strong>Queridos Vecinos<\/strong><\/p>\n<p><b><br \/>\n<\/b> Desde el 18 de Marzo vivimos una realidad muy poco com\u00fan: tanto en las relaciones con nuestra familia y amigos, como con los vecinos y los miembros de nuestra comunidad, a todos nos afecta la distancia.<br \/>\nLos primeros d\u00edas de la cuarentena nos encontraron intentando descubrir cu\u00e1l era la mejor forma de cuidarnos del COVID-19. Tanto el presidente como los gobernadores e intendentes de todo el pa\u00eds coincidimos en un primer diagn\u00f3stico: era necesaria la cuarentena para cumplir con el doble objetivo de evitar los contagios, por un lado, y de preparar el sistema de salud, por otro lado.<br \/>\nEs un orgullo que hayamos podido avanzar tanto en tan poco tiempo: nuestro hospital se prepar\u00f3 de la mejor manera para enfrentar la pandemia (adquirimos respiradores, realizamos una ampliaci\u00f3n, designando un sector de Covid exclusivo, preparamos residencias).<br \/>\nPasaron los d\u00edas y de a poco fuimos dando luz verde a la liberaci\u00f3n de nuevas actividades (salidas de esparcimiento; las obras particulares; comercios, etc). Ya entrados en la Fase 5, pudimos retomar reuniones sociales, los gimnasios y otras actividades deportivas.<br \/>\nLuego de que el foco estuviera centrado en el AMBA, la pandemia se expandi\u00f3 a todo el interior de la provincia, tuvimos nuestro primer caso y los positivos diarios aumentaron, y contin\u00faan haci\u00e9ndolo, y no s\u00f3lo esto sino que por cada caso positivo los contactos estrechos son much\u00edsimos, esto nos representa la verdadera problem\u00e1tica que nos afecta: NO NOS ESTAMOS CUIDANDO, NO RESPETAMOS LOS PROTOCOLOS NI LOS CUIDADOS QUE EL \u00c1REA DE SALUD NOS SOLICITA.<br \/>\nUstedes nos pidieron trabajar, hacer actividades deportivas y recreaciones sociales, y la \u00fanica obligaci\u00f3n como vecino es cuidarse: mantener el distanciamiento, usar tapoca, higienizar nuestras manos, y no compartir utensillos.<br \/>\nNo les pedimos EMPAT\u00cdA, se trata de supervivencia humana, porque esta forma de no cuidarnos nos va a afectar directamente en el futuro cercano. Nuestro hospital est\u00e1 preparado con cuatro camas de cuidados intensivos para COVID-19 y los centros de salud regionales, como lo es el Hospital Penna de Bah\u00eda Blanca, ya se encuentran desbordados; y al ritmo que venimos con los positivos por nexo y contactos estrechos el sistema de Salud se va a colapsar; y en \u00e9se momento es cuando tus decisiones como ciudadano te van a afectar, porque la persona que no va a poder tener un respirador va a ser tu abuela, tu viejo o tu hermano, y ya va a ser muy tarde para arrepentirte de no haberte cuidado o de echarle la culpa al enfermero, al m\u00e9dico o al Intendente.<br \/>\nS\u00e9 que es duro. S\u00e9 que estamos cansados y preocupados por la crisis econ\u00f3mica. S\u00e9 que es dif\u00edcil no compartir un mate, un beso o un abrazo. Pero no te pedimos que no salgas, ni que no veas a tu familia, s\u00f3lo te pedimos que te cuides: us\u00e1 barbijo, respet\u00e1 el distanciamiento y l\u00e1vate las manos. No es joda, es la vida de nuestros seres queridos. Para dar respuestas p\u00fablicas a esta pandemia necesitamos tambi\u00e9n del esfuerzo y del cuidado extremo de todos.<br \/>\nDe ser necesario tomaremos medidas estrictas con aquellos que no respeten los protocolos exigidos por el \u00e1rea de salud y de seguridad, no lo dudaremos. Aplicaremos sanciones severas a quienes perjudiquen el bien comunal, a sus vecinos que se cuidan y que cuidan a su familia. Por el bien de todos, resp\u00e9talos.<br \/>\nEstoy convencido de que de esto vamos a salir m\u00e1s fuertes y juntos que nunca. Les mando un fuerte abrazo!<\/p>\n<p><strong>Sergio Bordoni<\/strong><br \/>\n<strong> Intendente Municipal<\/strong><\/p>\n","protected":false},"excerpt":{"rendered":"<p>Ante la dif\u00edcil situaci\u00f3n que se vive por la pandemia.<\/p>\n","protected":false},"author":3,"featured_media":0,"comment_status":"closed","ping_status":"open","sticky":false,"template":"","format":"standard","meta":{"footnotes":""},"categories":[28],"tags":[],"class_list":["post-47414","post","type-post","status-publish","format-standard","hentry","category-municipales"],"yoast_head":"<!-- This site is optimized with the Yoast SEO plugin v25.9 - https:\/\/yoast.com\/wordpress\/plugins\/seo\/ -->\n<title>Mensaje del Intendente de Tornquist a la comunidad. - Noticias Radio Reflejos<\/title>\n<meta name=\"robots\" content=\"index, follow, max-snippet:-1, max-image-preview:large, max-video-preview:-1\" \/>\n<link rel=\"canonical\" href=\"https:\/\/www.noticiasradioreflejos.com.ar\/2021\/mensaje-del-intendente-de-tornquist-a-la-comunidad\/\" \/>\n<meta property=\"og:locale\" content=\"es_ES\" \/>\n<meta property=\"og:type\" content=\"article\" \/>\n<meta property=\"og:title\" content=\"Mensaje del Intendente de Tornquist a la comunidad. - Noticias Radio Reflejos\" \/>\n<meta property=\"og:description\" content=\"Ante la dif\u00edcil situaci\u00f3n que se vive por la pandemia.\" \/>\n<meta property=\"og:url\" content=\"https:\/\/www.noticiasradioreflejos.com.ar\/2021\/mensaje-del-intendente-de-tornquist-a-la-comunidad\/\" \/>\n<meta property=\"og:site_name\" content=\"Noticias Radio Reflejos\" \/>\n<meta property=\"article:published_time\" content=\"2020-09-29T02:09:42+00:00\" \/>\n<meta property=\"og:image\" content=\"https:\/\/www.noticiasradioreflejos.com.ar\/2021\/wp-content\/uploads\/2021\/07\/logosol300x200.png\" \/>\n\t<meta property=\"og:image:width\" content=\"300\" \/>\n\t<meta property=\"og:image:height\" content=\"200\" \/>\n\t<meta property=\"og:image:type\" content=\"image\/png\" \/>\n<meta name=\"author\" content=\"Arnaldo Botto\" \/>\n<meta name=\"twitter:card\" content=\"summary_large_image\" \/>\n<script type=\"application\/ld+json\" class=\"yoast-schema-graph\">{\"@context\":\"https:\/\/schema.org\",\"@graph\":[{\"@type\":\"WebPage\",\"@id\":\"https:\/\/www.noticiasradioreflejos.com.ar\/2021\/mensaje-del-intendente-de-tornquist-a-la-comunidad\/\",\"url\":\"https:\/\/www.noticiasradioreflejos.com.ar\/2021\/mensaje-del-intendente-de-tornquist-a-la-comunidad\/\",\"name\":\"Mensaje del Intendente de Tornquist a la comunidad. - Noticias Radio Reflejos\",\"isPartOf\":{\"@id\":\"https:\/\/www.noticiasradioreflejos.com.ar\/2021\/#website\"},\"datePublished\":\"2020-09-29T02:09:42+00:00\",\"author\":{\"@id\":\"https:\/\/www.noticiasradioreflejos.com.ar\/2021\/#\/schema\/person\/ad82545263dcc5ec0996818884fd5fb1\"},\"breadcrumb\":{\"@id\":\"https:\/\/www.noticiasradioreflejos.com.ar\/2021\/mensaje-del-intendente-de-tornquist-a-la-comunidad\/#breadcrumb\"},\"inLanguage\":\"es\",\"potentialAction\":[{\"@type\":\"ReadAction\",\"target\":[\"https:\/\/www.noticiasradioreflejos.com.ar\/2021\/mensaje-del-intendente-de-tornquist-a-la-comunidad\/\"]}]},{\"@type\":\"BreadcrumbList\",\"@id\":\"https:\/\/www.noticiasradioreflejos.com.ar\/2021\/mensaje-del-intendente-de-tornquist-a-la-comunidad\/#breadcrumb\",\"itemListElement\":[{\"@type\":\"ListItem\",\"position\":1,\"name\":\"Portada\",\"item\":\"https:\/\/www.noticiasradioreflejos.com.ar\/2021\/\"},{\"@type\":\"ListItem\",\"position\":2,\"name\":\"Mensaje del Intendente de Tornquist a la comunidad.\"}]},{\"@type\":\"WebSite\",\"@id\":\"https:\/\/www.noticiasradioreflejos.com.ar\/2021\/#website\",\"url\":\"https:\/\/www.noticiasradioreflejos.com.ar\/2021\/\",\"name\":\"Noticias Radio Reflejos\",\"description\":\"Las noticias de mi comarca\",\"potentialAction\":[{\"@type\":\"SearchAction\",\"target\":{\"@type\":\"EntryPoint\",\"urlTemplate\":\"https:\/\/www.noticiasradioreflejos.com.ar\/2021\/?s={search_term_string}\"},\"query-input\":{\"@type\":\"PropertyValueSpecification\",\"valueRequired\":true,\"valueName\":\"search_term_string\"}}],\"inLanguage\":\"es\"},{\"@type\":\"Person\",\"@id\":\"https:\/\/www.noticiasradioreflejos.com.ar\/2021\/#\/schema\/person\/ad82545263dcc5ec0996818884fd5fb1\",\"name\":\"Arnaldo Botto\",\"image\":{\"@type\":\"ImageObject\",\"inLanguage\":\"es\",\"@id\":\"https:\/\/www.noticiasradioreflejos.com.ar\/2021\/#\/schema\/person\/image\/\",\"url\":\"https:\/\/secure.gravatar.com\/avatar\/55cb5e37c1efa326397366e6974cb338056df65cb50e7d64d1cf314e87504837?s=96&d=mm&r=g\",\"contentUrl\":\"https:\/\/secure.gravatar.com\/avatar\/55cb5e37c1efa326397366e6974cb338056df65cb50e7d64d1cf314e87504837?s=96&d=mm&r=g\",\"caption\":\"Arnaldo Botto\"},\"url\":\"https:\/\/www.noticiasradioreflejos.com.ar\/2021\/author\/arnaldo\/\"}]}<\/script>\n<!-- \/ Yoast SEO plugin. -->","yoast_head_json":{"title":"Mensaje del Intendente de Tornquist a la comunidad. - Noticias Radio Reflejos","robots":{"index":"index","follow":"follow","max-snippet":"max-snippet:-1","max-image-preview":"max-image-preview:large","max-video-preview":"max-video-preview:-1"},"canonical":"https:\/\/www.noticiasradioreflejos.com.ar\/2021\/mensaje-del-intendente-de-tornquist-a-la-comunidad\/","og_locale":"es_ES","og_type":"article","og_title":"Mensaje del Intendente de Tornquist a la comunidad. - Noticias Radio Reflejos","og_description":"Ante la dif\u00edcil situaci\u00f3n que se vive por la pandemia.","og_url":"https:\/\/www.noticiasradioreflejos.com.ar\/2021\/mensaje-del-intendente-de-tornquist-a-la-comunidad\/","og_site_name":"Noticias Radio Reflejos","article_published_time":"2020-09-29T02:09:42+00:00","og_image":[{"width":300,"height":200,"url":"https:\/\/www.noticiasradioreflejos.com.ar\/2021\/wp-content\/uploads\/2021\/07\/logosol300x200.png","type":"image\/png"}],"author":"Arnaldo Botto","twitter_card":"summary_large_image","schema":{"@context":"https:\/\/schema.org","@graph":[{"@type":"WebPage","@id":"https:\/\/www.noticiasradioreflejos.com.ar\/2021\/mensaje-del-intendente-de-tornquist-a-la-comunidad\/","url":"https:\/\/www.noticiasradioreflejos.com.ar\/2021\/mensaje-del-intendente-de-tornquist-a-la-comunidad\/","name":"Mensaje del Intendente de Tornquist a la comunidad. - Noticias Radio Reflejos","isPartOf":{"@id":"https:\/\/www.noticiasradioreflejos.com.ar\/2021\/#website"},"datePublished":"2020-09-29T02:09:42+00:00","author":{"@id":"https:\/\/www.noticiasradioreflejos.com.ar\/2021\/#\/schema\/person\/ad82545263dcc5ec0996818884fd5fb1"},"breadcrumb":{"@id":"https:\/\/www.noticiasradioreflejos.com.ar\/2021\/mensaje-del-intendente-de-tornquist-a-la-comunidad\/#breadcrumb"},"inLanguage":"es","potentialAction":[{"@type":"ReadAction","target":["https:\/\/www.noticiasradioreflejos.com.ar\/2021\/mensaje-del-intendente-de-tornquist-a-la-comunidad\/"]}]},{"@type":"BreadcrumbList","@id":"https:\/\/www.noticiasradioreflejos.com.ar\/2021\/mensaje-del-intendente-de-tornquist-a-la-comunidad\/#breadcrumb","itemListElement":[{"@type":"ListItem","position":1,"name":"Portada","item":"https:\/\/www.noticiasradioreflejos.com.ar\/2021\/"},{"@type":"ListItem","position":2,"name":"Mensaje del Intendente de Tornquist a la comunidad."}]},{"@type":"WebSite","@id":"https:\/\/www.noticiasradioreflejos.com.ar\/2021\/#website","url":"https:\/\/www.noticiasradioreflejos.com.ar\/2021\/","name":"Noticias Radio Reflejos","description":"Las noticias de mi comarca","potentialAction":[{"@type":"SearchAction","target":{"@type":"EntryPoint","urlTemplate":"https:\/\/www.noticiasradioreflejos.com.ar\/2021\/?s={search_term_string}"},"query-input":{"@type":"PropertyValueSpecification","valueRequired":true,"valueName":"search_term_string"}}],"inLanguage":"es"},{"@type":"Person","@id":"https:\/\/www.noticiasradioreflejos.com.ar\/2021\/#\/schema\/person\/ad82545263dcc5ec0996818884fd5fb1","name":"Arnaldo Botto","image":{"@type":"ImageObject","inLanguage":"es","@id":"https:\/\/www.noticiasradioreflejos.com.ar\/2021\/#\/schema\/person\/image\/","url":"https:\/\/secure.gravatar.com\/avatar\/55cb5e37c1efa326397366e6974cb338056df65cb50e7d64d1cf314e87504837?s=96&d=mm&r=g","contentUrl":"https:\/\/secure.gravatar.com\/avatar\/55cb5e37c1efa326397366e6974cb338056df65cb50e7d64d1cf314e87504837?s=96&d=mm&r=g","caption":"Arnaldo Botto"},"url":"https:\/\/www.noticiasradioreflejos.com.ar\/2021\/author\/arnaldo\/"}]}},"_links":{"self":[{"href":"https:\/\/www.noticiasradioreflejos.com.ar\/2021\/wp-json\/wp\/v2\/posts\/47414","targetHints":{"allow":["GET"]}}],"collection":[{"href":"https:\/\/www.noticiasradioreflejos.com.ar\/2021\/wp-json\/wp\/v2\/posts"}],"about":[{"href":"https:\/\/www.noticiasradioreflejos.com.ar\/2021\/wp-json\/wp\/v2\/types\/post"}],"author":[{"embeddable":true,"href":"https:\/\/www.noticiasradioreflejos.com.ar\/2021\/wp-json\/wp\/v2\/users\/3"}],"replies":[{"embeddable":true,"href":"https:\/\/www.noticiasradioreflejos.com.ar\/2021\/wp-json\/wp\/v2\/comments?post=47414"}],"version-history":[{"count":0,"href":"https:\/\/www.noticiasradioreflejos.com.ar\/2021\/wp-json\/wp\/v2\/posts\/47414\/revisions"}],"wp:attachment":[{"href":"https:\/\/www.noticiasradioreflejos.com.ar\/2021\/wp-json\/wp\/v2\/media?parent=47414"}],"wp:term":[{"taxonomy":"category","embeddable":true,"href":"https:\/\/www.noticiasradioreflejos.com.ar\/2021\/wp-json\/wp\/v2\/categories?post=47414"},{"taxonomy":"post_tag","embeddable":true,"href":"https:\/\/www.noticiasradioreflejos.com.ar\/2021\/wp-json\/wp\/v2\/tags?post=47414"}],"curies":[{"name":"wp","href":"https:\/\/api.w.org\/{rel}","templated":true}]}}