{"id":47405,"date":"2020-09-28T11:48:50","date_gmt":"2020-09-28T14:48:50","guid":{"rendered":"http:\/\/www.noticiasradioreflejos.com.ar\/noticias\/?p=47405"},"modified":"2020-09-28T11:48:50","modified_gmt":"2020-09-28T14:48:50","slug":"reporte-situacion-epidemiologica-por-covid-19-28-de-septiembre","status":"publish","type":"post","link":"https:\/\/www.noticiasradioreflejos.com.ar\/2021\/reporte-situacion-epidemiologica-por-covid-19-28-de-septiembre\/","title":{"rendered":"Reporte situaci\u00f3n epidemiol\u00f3gica por covid-19 &#8211; 28 de Septiembre &#8211;"},"content":{"rendered":"<p>Tornquist Municipio, a trav\u00e9s de la Secretar\u00eda de Salud actualiza los datos sobre la situaci\u00f3n epidemiol\u00f3gica al d\u00eda de hoy, 28 de septiembre. <!--more--><br \/>\nDurante la \u00faltima semana, los casos positivos de Covid-19, continuaron aumentando en la ciudad cabecera del distrito. Si bien la curva nos muestra una ampliaci\u00f3n, la misma ha sido constante y paulatina. Por tal motivo se puede decir que la situaci\u00f3n es estable dentro de nuestro distrito, con una tendencia al aplanamiento de los casos activos.<!-- [if gte vml 1]><v:shapetype id=\"_x0000_t75\"\n coordsize=\"21600,21600\" o:spt=\"75\" o:preferrelative=\"t\" path=\"m@4@5l@4@11@9@11@9@5xe\"\n filled=\"f\" stroked=\"f\">\n <v:stroke joinstyle=\"miter\"\/>\n <v:formulas>\n  <v:f eqn=\"if lineDrawn pixelLineWidth 0\"\/>\n  <v:f eqn=\"sum @0 1 0\"\/>\n  <v:f eqn=\"sum 0 0 @1\"\/>\n  <v:f eqn=\"prod @2 1 2\"\/>\n  <v:f eqn=\"prod @3 21600 pixelWidth\"\/>\n  <v:f eqn=\"prod @3 21600 pixelHeight\"\/>\n  <v:f eqn=\"sum @0 0 1\"\/>\n  <v:f eqn=\"prod @6 1 2\"\/>\n  <v:f eqn=\"prod @7 21600 pixelWidth\"\/>\n  <v:f eqn=\"sum @8 21600 0\"\/>\n  <v:f eqn=\"prod @7 21600 pixelHeight\"\/>\n  <v:f eqn=\"sum @10 21600 0\"\/>\n <\/v:formulas>\n <v:path o:extrusionok=\"f\" gradientshapeok=\"t\" o:connecttype=\"rect\"\/>\n <o:lock v:ext=\"edit\" aspectratio=\"t\"\/>\n<\/v:shapetype><v:shape id=\"_x0000_s1026\" type=\"#_x0000_t75\" style='position:absolute;\n margin-left:96pt;margin-top:72.45pt;width:404.25pt;height:221.25pt;z-index:251658240'>\n <v:imagedata src=\"file:\/\/\/C:\\Users\\Video\\AppData\\Local\\Temp\\msohtmlclip1\\01\\clip_image001.jpg\"\n  o:title=\"WhatsApp Image 2020-09-25 at 20\"\/>\n <w:wrap type=\"square\"\/>\n<\/v:shape><![endif]--><!-- [if !vml]--><br \/>\n<!--[endif]--><\/p>\n<p><a title=\"Sin t\u00edtulo\" href=\"http:\/\/live.staticflickr.com\/65535\/50394086021_ed012221e3_s.jpg\" rel=\"\"><img loading=\"lazy\" decoding=\"async\" class=\"aligncenter\" title=\"Sin t\u00edtulo\" src=\"http:\/\/live.staticflickr.com\/65535\/50394086021_ed012221e3_z.jpg\" alt=\"Sin t\u00edtulo\" width=\"576\" height=\"333\" \/><\/a><\/p>\n<p>En este momento, como se menciona anteriormente, los casos est\u00e1n centrados en una \u00fanica localidad:<\/p>\n<p><strong><u>\u00a0<\/u><\/strong><\/p>\n<table>\n<tbody>\n<tr>\n<td width=\"196\">Tornquist<\/td>\n<td width=\"142\">37<\/td>\n<\/tr>\n<\/tbody>\n<\/table>\n<p>&nbsp;<\/p>\n<p>En lo que respecta a internaciones, hay tres pacientes en el sector Covid-19, del Hospital Municipal Dr. Alberto Castro.<\/p>\n<p>Dos de ellos, son de sexo masculino, ya determinados como casos positivos, que han recibido tratamiento con plasma, y han reaccionado favorablemente. Uno de ellos es un hombre de avanzada edad, y el otro de aproximadamente 40 a\u00f1os.<\/p>\n<p>El tercer paciente es una persona que se encuentra aguardando el resultado de su hisopado.<\/p>\n<p>En la Sala M\u00e9dica de Sierra de la Ventana, no hay pacientes internados ni sospechosos.<\/p>\n<p>Nuevamente enfatizamos que para que estos brotes que se encuentran activos en Tornquist, concluyan es fundamental la responsabilidad individual de cada residente. Evitemos el evitemos el uso compartido de utensilios y mate, respetemos el distanciamiento social, higienicemos nuestras manos constantemente y por sobre todo, recordemos que el uso del tapa boca es obligatorio.<\/p>\n","protected":false},"excerpt":{"rendered":"<p>Tornquist Municipio, a trav\u00e9s de la Secretar\u00eda de Salud actualiza los datos sobre la situaci\u00f3n epidemiol\u00f3gica al d\u00eda de hoy, 28 de septiembre.<\/p>\n","protected":false},"author":3,"featured_media":0,"comment_status":"closed","ping_status":"open","sticky":false,"template":"","format":"standard","meta":{"footnotes":""},"categories":[30],"tags":[],"class_list":["post-47405","post","type-post","status-publish","format-standard","hentry","category-salud"],"yoast_head":"<!-- This site is optimized with the Yoast SEO plugin v25.9 - https:\/\/yoast.com\/wordpress\/plugins\/seo\/ -->\n<title>Reporte situaci\u00f3n epidemiol\u00f3gica por covid-19 - 28 de Septiembre - Noticias Radio Reflejos<\/title>\n<meta name=\"robots\" content=\"index, follow, max-snippet:-1, max-image-preview:large, max-video-preview:-1\" \/>\n<link rel=\"canonical\" href=\"https:\/\/www.noticiasradioreflejos.com.ar\/2021\/reporte-situacion-epidemiologica-por-covid-19-28-de-septiembre\/\" \/>\n<meta property=\"og:locale\" content=\"es_ES\" \/>\n<meta property=\"og:type\" content=\"article\" \/>\n<meta property=\"og:title\" content=\"Reporte situaci\u00f3n epidemiol\u00f3gica por covid-19 - 28 de Septiembre - Noticias Radio Reflejos\" \/>\n<meta property=\"og:description\" content=\"Tornquist Municipio, a trav\u00e9s de la Secretar\u00eda de Salud actualiza los datos sobre la situaci\u00f3n epidemiol\u00f3gica al d\u00eda de hoy, 28 de septiembre.\" \/>\n<meta property=\"og:url\" content=\"https:\/\/www.noticiasradioreflejos.com.ar\/2021\/reporte-situacion-epidemiologica-por-covid-19-28-de-septiembre\/\" \/>\n<meta property=\"og:site_name\" content=\"Noticias Radio Reflejos\" \/>\n<meta property=\"article:published_time\" content=\"2020-09-28T14:48:50+00:00\" \/>\n<meta property=\"og:image\" content=\"http:\/\/live.staticflickr.com\/65535\/50394086021_ed012221e3_z.jpg\" \/>\n<meta name=\"author\" content=\"Arnaldo Botto\" \/>\n<meta name=\"twitter:card\" content=\"summary_large_image\" \/>\n<script type=\"application\/ld+json\" class=\"yoast-schema-graph\">{\"@context\":\"https:\/\/schema.org\",\"@graph\":[{\"@type\":\"WebPage\",\"@id\":\"https:\/\/www.noticiasradioreflejos.com.ar\/2021\/reporte-situacion-epidemiologica-por-covid-19-28-de-septiembre\/\",\"url\":\"https:\/\/www.noticiasradioreflejos.com.ar\/2021\/reporte-situacion-epidemiologica-por-covid-19-28-de-septiembre\/\",\"name\":\"Reporte situaci\u00f3n epidemiol\u00f3gica por covid-19 - 28 de Septiembre - Noticias Radio Reflejos\",\"isPartOf\":{\"@id\":\"https:\/\/www.noticiasradioreflejos.com.ar\/2021\/#website\"},\"primaryImageOfPage\":{\"@id\":\"https:\/\/www.noticiasradioreflejos.com.ar\/2021\/reporte-situacion-epidemiologica-por-covid-19-28-de-septiembre\/#primaryimage\"},\"image\":{\"@id\":\"https:\/\/www.noticiasradioreflejos.com.ar\/2021\/reporte-situacion-epidemiologica-por-covid-19-28-de-septiembre\/#primaryimage\"},\"thumbnailUrl\":\"http:\/\/live.staticflickr.com\/65535\/50394086021_ed012221e3_z.jpg\",\"datePublished\":\"2020-09-28T14:48:50+00:00\",\"author\":{\"@id\":\"https:\/\/www.noticiasradioreflejos.com.ar\/2021\/#\/schema\/person\/ad82545263dcc5ec0996818884fd5fb1\"},\"breadcrumb\":{\"@id\":\"https:\/\/www.noticiasradioreflejos.com.ar\/2021\/reporte-situacion-epidemiologica-por-covid-19-28-de-septiembre\/#breadcrumb\"},\"inLanguage\":\"es\",\"potentialAction\":[{\"@type\":\"ReadAction\",\"target\":[\"https:\/\/www.noticiasradioreflejos.com.ar\/2021\/reporte-situacion-epidemiologica-por-covid-19-28-de-septiembre\/\"]}]},{\"@type\":\"ImageObject\",\"inLanguage\":\"es\",\"@id\":\"https:\/\/www.noticiasradioreflejos.com.ar\/2021\/reporte-situacion-epidemiologica-por-covid-19-28-de-septiembre\/#primaryimage\",\"url\":\"http:\/\/live.staticflickr.com\/65535\/50394086021_ed012221e3_z.jpg\",\"contentUrl\":\"http:\/\/live.staticflickr.com\/65535\/50394086021_ed012221e3_z.jpg\"},{\"@type\":\"BreadcrumbList\",\"@id\":\"https:\/\/www.noticiasradioreflejos.com.ar\/2021\/reporte-situacion-epidemiologica-por-covid-19-28-de-septiembre\/#breadcrumb\",\"itemListElement\":[{\"@type\":\"ListItem\",\"position\":1,\"name\":\"Portada\",\"item\":\"https:\/\/www.noticiasradioreflejos.com.ar\/2021\/\"},{\"@type\":\"ListItem\",\"position\":2,\"name\":\"Reporte situaci\u00f3n epidemiol\u00f3gica por covid-19 &#8211; 28 de Septiembre &#8211;\"}]},{\"@type\":\"WebSite\",\"@id\":\"https:\/\/www.noticiasradioreflejos.com.ar\/2021\/#website\",\"url\":\"https:\/\/www.noticiasradioreflejos.com.ar\/2021\/\",\"name\":\"Noticias Radio Reflejos\",\"description\":\"Las noticias de mi comarca\",\"potentialAction\":[{\"@type\":\"SearchAction\",\"target\":{\"@type\":\"EntryPoint\",\"urlTemplate\":\"https:\/\/www.noticiasradioreflejos.com.ar\/2021\/?s={search_term_string}\"},\"query-input\":{\"@type\":\"PropertyValueSpecification\",\"valueRequired\":true,\"valueName\":\"search_term_string\"}}],\"inLanguage\":\"es\"},{\"@type\":\"Person\",\"@id\":\"https:\/\/www.noticiasradioreflejos.com.ar\/2021\/#\/schema\/person\/ad82545263dcc5ec0996818884fd5fb1\",\"name\":\"Arnaldo Botto\",\"image\":{\"@type\":\"ImageObject\",\"inLanguage\":\"es\",\"@id\":\"https:\/\/www.noticiasradioreflejos.com.ar\/2021\/#\/schema\/person\/image\/\",\"url\":\"https:\/\/secure.gravatar.com\/avatar\/55cb5e37c1efa326397366e6974cb338056df65cb50e7d64d1cf314e87504837?s=96&d=mm&r=g\",\"contentUrl\":\"https:\/\/secure.gravatar.com\/avatar\/55cb5e37c1efa326397366e6974cb338056df65cb50e7d64d1cf314e87504837?s=96&d=mm&r=g\",\"caption\":\"Arnaldo Botto\"},\"url\":\"https:\/\/www.noticiasradioreflejos.com.ar\/2021\/author\/arnaldo\/\"}]}<\/script>\n<!-- \/ Yoast SEO plugin. -->","yoast_head_json":{"title":"Reporte situaci\u00f3n epidemiol\u00f3gica por covid-19 - 28 de Septiembre - Noticias Radio Reflejos","robots":{"index":"index","follow":"follow","max-snippet":"max-snippet:-1","max-image-preview":"max-image-preview:large","max-video-preview":"max-video-preview:-1"},"canonical":"https:\/\/www.noticiasradioreflejos.com.ar\/2021\/reporte-situacion-epidemiologica-por-covid-19-28-de-septiembre\/","og_locale":"es_ES","og_type":"article","og_title":"Reporte situaci\u00f3n epidemiol\u00f3gica por covid-19 - 28 de Septiembre - Noticias Radio Reflejos","og_description":"Tornquist Municipio, a trav\u00e9s de la Secretar\u00eda de Salud actualiza los datos sobre la situaci\u00f3n epidemiol\u00f3gica al d\u00eda de hoy, 28 de septiembre.","og_url":"https:\/\/www.noticiasradioreflejos.com.ar\/2021\/reporte-situacion-epidemiologica-por-covid-19-28-de-septiembre\/","og_site_name":"Noticias Radio Reflejos","article_published_time":"2020-09-28T14:48:50+00:00","og_image":[{"url":"http:\/\/live.staticflickr.com\/65535\/50394086021_ed012221e3_z.jpg","type":"","width":"","height":""}],"author":"Arnaldo Botto","twitter_card":"summary_large_image","schema":{"@context":"https:\/\/schema.org","@graph":[{"@type":"WebPage","@id":"https:\/\/www.noticiasradioreflejos.com.ar\/2021\/reporte-situacion-epidemiologica-por-covid-19-28-de-septiembre\/","url":"https:\/\/www.noticiasradioreflejos.com.ar\/2021\/reporte-situacion-epidemiologica-por-covid-19-28-de-septiembre\/","name":"Reporte situaci\u00f3n epidemiol\u00f3gica por covid-19 - 28 de Septiembre - Noticias Radio Reflejos","isPartOf":{"@id":"https:\/\/www.noticiasradioreflejos.com.ar\/2021\/#website"},"primaryImageOfPage":{"@id":"https:\/\/www.noticiasradioreflejos.com.ar\/2021\/reporte-situacion-epidemiologica-por-covid-19-28-de-septiembre\/#primaryimage"},"image":{"@id":"https:\/\/www.noticiasradioreflejos.com.ar\/2021\/reporte-situacion-epidemiologica-por-covid-19-28-de-septiembre\/#primaryimage"},"thumbnailUrl":"http:\/\/live.staticflickr.com\/65535\/50394086021_ed012221e3_z.jpg","datePublished":"2020-09-28T14:48:50+00:00","author":{"@id":"https:\/\/www.noticiasradioreflejos.com.ar\/2021\/#\/schema\/person\/ad82545263dcc5ec0996818884fd5fb1"},"breadcrumb":{"@id":"https:\/\/www.noticiasradioreflejos.com.ar\/2021\/reporte-situacion-epidemiologica-por-covid-19-28-de-septiembre\/#breadcrumb"},"inLanguage":"es","potentialAction":[{"@type":"ReadAction","target":["https:\/\/www.noticiasradioreflejos.com.ar\/2021\/reporte-situacion-epidemiologica-por-covid-19-28-de-septiembre\/"]}]},{"@type":"ImageObject","inLanguage":"es","@id":"https:\/\/www.noticiasradioreflejos.com.ar\/2021\/reporte-situacion-epidemiologica-por-covid-19-28-de-septiembre\/#primaryimage","url":"http:\/\/live.staticflickr.com\/65535\/50394086021_ed012221e3_z.jpg","contentUrl":"http:\/\/live.staticflickr.com\/65535\/50394086021_ed012221e3_z.jpg"},{"@type":"BreadcrumbList","@id":"https:\/\/www.noticiasradioreflejos.com.ar\/2021\/reporte-situacion-epidemiologica-por-covid-19-28-de-septiembre\/#breadcrumb","itemListElement":[{"@type":"ListItem","position":1,"name":"Portada","item":"https:\/\/www.noticiasradioreflejos.com.ar\/2021\/"},{"@type":"ListItem","position":2,"name":"Reporte situaci\u00f3n epidemiol\u00f3gica por covid-19 &#8211; 28 de Septiembre &#8211;"}]},{"@type":"WebSite","@id":"https:\/\/www.noticiasradioreflejos.com.ar\/2021\/#website","url":"https:\/\/www.noticiasradioreflejos.com.ar\/2021\/","name":"Noticias Radio Reflejos","description":"Las noticias de mi comarca","potentialAction":[{"@type":"SearchAction","target":{"@type":"EntryPoint","urlTemplate":"https:\/\/www.noticiasradioreflejos.com.ar\/2021\/?s={search_term_string}"},"query-input":{"@type":"PropertyValueSpecification","valueRequired":true,"valueName":"search_term_string"}}],"inLanguage":"es"},{"@type":"Person","@id":"https:\/\/www.noticiasradioreflejos.com.ar\/2021\/#\/schema\/person\/ad82545263dcc5ec0996818884fd5fb1","name":"Arnaldo Botto","image":{"@type":"ImageObject","inLanguage":"es","@id":"https:\/\/www.noticiasradioreflejos.com.ar\/2021\/#\/schema\/person\/image\/","url":"https:\/\/secure.gravatar.com\/avatar\/55cb5e37c1efa326397366e6974cb338056df65cb50e7d64d1cf314e87504837?s=96&d=mm&r=g","contentUrl":"https:\/\/secure.gravatar.com\/avatar\/55cb5e37c1efa326397366e6974cb338056df65cb50e7d64d1cf314e87504837?s=96&d=mm&r=g","caption":"Arnaldo Botto"},"url":"https:\/\/www.noticiasradioreflejos.com.ar\/2021\/author\/arnaldo\/"}]}},"_links":{"self":[{"href":"https:\/\/www.noticiasradioreflejos.com.ar\/2021\/wp-json\/wp\/v2\/posts\/47405","targetHints":{"allow":["GET"]}}],"collection":[{"href":"https:\/\/www.noticiasradioreflejos.com.ar\/2021\/wp-json\/wp\/v2\/posts"}],"about":[{"href":"https:\/\/www.noticiasradioreflejos.com.ar\/2021\/wp-json\/wp\/v2\/types\/post"}],"author":[{"embeddable":true,"href":"https:\/\/www.noticiasradioreflejos.com.ar\/2021\/wp-json\/wp\/v2\/users\/3"}],"replies":[{"embeddable":true,"href":"https:\/\/www.noticiasradioreflejos.com.ar\/2021\/wp-json\/wp\/v2\/comments?post=47405"}],"version-history":[{"count":0,"href":"https:\/\/www.noticiasradioreflejos.com.ar\/2021\/wp-json\/wp\/v2\/posts\/47405\/revisions"}],"wp:attachment":[{"href":"https:\/\/www.noticiasradioreflejos.com.ar\/2021\/wp-json\/wp\/v2\/media?parent=47405"}],"wp:term":[{"taxonomy":"category","embeddable":true,"href":"https:\/\/www.noticiasradioreflejos.com.ar\/2021\/wp-json\/wp\/v2\/categories?post=47405"},{"taxonomy":"post_tag","embeddable":true,"href":"https:\/\/www.noticiasradioreflejos.com.ar\/2021\/wp-json\/wp\/v2\/tags?post=47405"}],"curies":[{"name":"wp","href":"https:\/\/api.w.org\/{rel}","templated":true}]}}