{"id":4740,"date":"2016-12-13T23:54:28","date_gmt":"2016-12-13T23:54:28","guid":{"rendered":"http:\/\/noticiasradioreflejos.com.ar\/noticias\/?p=4740"},"modified":"2016-12-13T23:54:28","modified_gmt":"2016-12-13T23:54:28","slug":"el-municipio-y-bomberos-voluntarios-trabajan-en-la-prevencion-de-incendios-forestales","status":"publish","type":"post","link":"https:\/\/www.noticiasradioreflejos.com.ar\/2021\/el-municipio-y-bomberos-voluntarios-trabajan-en-la-prevencion-de-incendios-forestales\/","title":{"rendered":"El municipio y Bomberos Voluntarios trabajan en la prevenci\u00f3n de incendios forestales"},"content":{"rendered":"<p>En una conferencia de prensa brindada en la Sala de Situaciones del municipio, el coordinador de Defensa Civil, Ezequiel Barrag\u00e1n, y el Jefe de Cuerpo de los Bomberos Voluntarios de nuestra ciudad, Martin Haag, informaron las acciones que vienen realizando para la prevenci\u00f3n de incendios forestales en la etapa estival que se reci\u00e9n comienza.<br \/>\n\u201cYa hace dos meses que nos venimos reuniendo semanalmente junto con los bomberos de todo el distrito, trabajando en las medidas a adaptar para la temporada estival entrante. Fueron surgiendo distintas ideas que fuimos desarrollando\u201d, explic\u00f3 Haag,<br \/>\n\u201cFuimos planificando estrategias de trabajo, realizamos un cronograma de cortafuegos sobre la Ruta 76, algunos sectores cr\u00edticos como los per\u00edmetros de San Andr\u00e9s de las Sierras, del Parque Provincial y de Villa Ventana y sectores claves que ya exist\u00edan de incendios anteriores\u201d, a\u00f1adi\u00f3.<!--more--><br \/>\nBarrag\u00e1n destac\u00f3 que cuentan con el acompa\u00f1amiento de la Comisi\u00f3n Asesora Vial Municipal \u201cque se puso a disposici\u00f3n y comenzaron con los trabajos en la ejecuci\u00f3n de cortafuegos\u201d. \u201cEstuvieron trabajando en Villa Ventana y se van a agregar algunos m\u00e1s que consider\u00e1bamos que nos hac\u00edan tanto de cortafuegos como de acceso a lugares que creemos determinantes\u201d, dijo.<br \/>\nAsimismo, coment\u00f3 que \u201cse estuvo brindando informaci\u00f3n tanto a productores como a propietarios de terrenos bald\u00edos que tienen que mantener los lugares. Es sabido que esto tiene un costo para el propietario, pero cuando el fuego arrasa es m\u00e1s caro reponer lo que se quem\u00f3 que afrontar los gastos de cortafuegos. Una de las premisas fue fomentar los cortafuegos y la limpieza de terrenos\u201d.<br \/>\nEn ese sentido, Haag a\u00f1adi\u00f3 que \u201csiempre la intenci\u00f3n nuestra es que todos estemos involucrados en la prevenci\u00f3n, as\u00ed que todos tenemos que ayudar\u201d.<br \/>\n\u201cHicimos un trabajo muy importante desde La Gruta a La Espada\u00f1a, donde todos los reservorios de agua que tenemos all\u00ed est\u00e1n plasmados en un mapa para autobombas, motobombas o bombas que nos sirvan como abastecimiento de agua en caso de una emergencia de gran magnitud, con lo que ganamos agilidad\u201d, ampli\u00f3 respecto a otras tareas con las que cumplieron.<br \/>\nOtra de las acciones que se llevaron adelante para la prevenci\u00f3n es la instalaci\u00f3n de carteles que, de acuerdo a la situaci\u00f3n meteorol\u00f3gica reinante, indicar\u00e1n la posibilidad de incendio en el punto en el que est\u00e9n situados.<br \/>\nTambi\u00e9n el Jefe de Bomberos Voluntarios de nuestra ciudad confirm\u00f3 que \u201cTornquist ya est\u00e1 nombrada como base operativa hidrante, el avi\u00f3n ya est\u00e1 ac\u00e1 y estuvo actuando en un incendio, y est\u00e1 por arribar el avi\u00f3n observador que permite volar el lugar antes de que act\u00faen los bomberos\u201d.<br \/>\nRespecto al abastecimiento de agua de los aviones, coment\u00f3 que el sistema de carga y descarga en construcci\u00f3n en el predio ubicado sobre el acceso a nuestra ciudad por Ruta 33, \u201cest\u00e1 entre el 70% y 80% de avance, por lo que creemos que podemos llegar a utilizarlo en caso de emergencia\u201d.<br \/>\n\u201cEl gobierno comunal est\u00e1 en el tema, habl\u00f3 con el SPAR y se va a hacer una pista para que el lugar pueda ser utilizado, ya que es una herramienta muy importante. Es una obra \u00fanica en la Argentina, no hay otra igual\u201d, sostuvo.<br \/>\nPor \u00faltimo, se\u00f1al\u00f3 que d\u00edas atr\u00e1s \u201cestuvimos en el Batall\u00f3n de Inteligencia de Bah\u00eda Blanca con el cual vamos a empezar a trabajar el a\u00f1o que viene en cartograf\u00eda y orientaci\u00f3n para los cuarteles del distrito y de la regi\u00f3n para, cuando viene una emergencia, podamos orientarnos todos y trabajar con una carta topogr\u00e1fica que nos marque bien como llegar al incendio y como salir\u201d.<br \/>\nSin embargo asegur\u00f3 que a pesar que en la iniciativa se comienza a trabajar el a\u00f1o entrante, \u201chay un preacuerdo de que si hay una emergencia los podamos convocar\u201d.<\/p>\n","protected":false},"excerpt":{"rendered":"<p>En una conferencia de prensa brindada en la Sala de Situaciones del municipio, el coordinador de Defensa Civil, Ezequiel Barrag\u00e1n, y el Jefe de Cuerpo de los Bomberos Voluntarios de nuestra ciudad, Martin Haag, informaron las acciones que vienen realizando para la prevenci\u00f3n de incendios forestales en la etapa estival que se reci\u00e9n comienza. \u201cYa [&hellip;]<\/p>\n","protected":false},"author":3,"featured_media":0,"comment_status":"closed","ping_status":"open","sticky":false,"template":"","format":"standard","meta":{"footnotes":""},"categories":[28],"tags":[],"class_list":["post-4740","post","type-post","status-publish","format-standard","hentry","category-municipales"],"yoast_head":"<!-- This site is optimized with the Yoast SEO plugin v25.9 - https:\/\/yoast.com\/wordpress\/plugins\/seo\/ -->\n<title>El municipio y Bomberos Voluntarios trabajan en la prevenci\u00f3n de incendios forestales - Noticias Radio Reflejos<\/title>\n<meta name=\"robots\" content=\"index, follow, max-snippet:-1, max-image-preview:large, max-video-preview:-1\" \/>\n<link rel=\"canonical\" href=\"https:\/\/www.noticiasradioreflejos.com.ar\/2021\/el-municipio-y-bomberos-voluntarios-trabajan-en-la-prevencion-de-incendios-forestales\/\" \/>\n<meta property=\"og:locale\" content=\"es_ES\" \/>\n<meta property=\"og:type\" content=\"article\" \/>\n<meta property=\"og:title\" content=\"El municipio y Bomberos Voluntarios trabajan en la prevenci\u00f3n de incendios forestales - Noticias Radio Reflejos\" \/>\n<meta property=\"og:description\" content=\"En una conferencia de prensa brindada en la Sala de Situaciones del municipio, el coordinador de Defensa Civil, Ezequiel Barrag\u00e1n, y el Jefe de Cuerpo de los Bomberos Voluntarios de nuestra ciudad, Martin Haag, informaron las acciones que vienen realizando para la prevenci\u00f3n de incendios forestales en la etapa estival que se reci\u00e9n comienza. \u201cYa [&hellip;]\" \/>\n<meta property=\"og:url\" content=\"https:\/\/www.noticiasradioreflejos.com.ar\/2021\/el-municipio-y-bomberos-voluntarios-trabajan-en-la-prevencion-de-incendios-forestales\/\" \/>\n<meta property=\"og:site_name\" content=\"Noticias Radio Reflejos\" \/>\n<meta property=\"article:published_time\" content=\"2016-12-13T23:54:28+00:00\" \/>\n<meta property=\"og:image\" content=\"https:\/\/www.noticiasradioreflejos.com.ar\/2021\/wp-content\/uploads\/2021\/07\/logosol300x200.png\" \/>\n\t<meta property=\"og:image:width\" content=\"300\" \/>\n\t<meta property=\"og:image:height\" content=\"200\" \/>\n\t<meta property=\"og:image:type\" content=\"image\/png\" \/>\n<meta name=\"author\" content=\"Arnaldo Botto\" \/>\n<meta name=\"twitter:card\" content=\"summary_large_image\" \/>\n<script type=\"application\/ld+json\" class=\"yoast-schema-graph\">{\"@context\":\"https:\/\/schema.org\",\"@graph\":[{\"@type\":\"WebPage\",\"@id\":\"https:\/\/www.noticiasradioreflejos.com.ar\/2021\/el-municipio-y-bomberos-voluntarios-trabajan-en-la-prevencion-de-incendios-forestales\/\",\"url\":\"https:\/\/www.noticiasradioreflejos.com.ar\/2021\/el-municipio-y-bomberos-voluntarios-trabajan-en-la-prevencion-de-incendios-forestales\/\",\"name\":\"El municipio y Bomberos Voluntarios trabajan en la prevenci\u00f3n de incendios forestales - Noticias Radio Reflejos\",\"isPartOf\":{\"@id\":\"https:\/\/www.noticiasradioreflejos.com.ar\/2021\/#website\"},\"datePublished\":\"2016-12-13T23:54:28+00:00\",\"author\":{\"@id\":\"https:\/\/www.noticiasradioreflejos.com.ar\/2021\/#\/schema\/person\/ad82545263dcc5ec0996818884fd5fb1\"},\"breadcrumb\":{\"@id\":\"https:\/\/www.noticiasradioreflejos.com.ar\/2021\/el-municipio-y-bomberos-voluntarios-trabajan-en-la-prevencion-de-incendios-forestales\/#breadcrumb\"},\"inLanguage\":\"es\",\"potentialAction\":[{\"@type\":\"ReadAction\",\"target\":[\"https:\/\/www.noticiasradioreflejos.com.ar\/2021\/el-municipio-y-bomberos-voluntarios-trabajan-en-la-prevencion-de-incendios-forestales\/\"]}]},{\"@type\":\"BreadcrumbList\",\"@id\":\"https:\/\/www.noticiasradioreflejos.com.ar\/2021\/el-municipio-y-bomberos-voluntarios-trabajan-en-la-prevencion-de-incendios-forestales\/#breadcrumb\",\"itemListElement\":[{\"@type\":\"ListItem\",\"position\":1,\"name\":\"Portada\",\"item\":\"https:\/\/www.noticiasradioreflejos.com.ar\/2021\/\"},{\"@type\":\"ListItem\",\"position\":2,\"name\":\"El municipio y Bomberos Voluntarios trabajan en la prevenci\u00f3n de incendios forestales\"}]},{\"@type\":\"WebSite\",\"@id\":\"https:\/\/www.noticiasradioreflejos.com.ar\/2021\/#website\",\"url\":\"https:\/\/www.noticiasradioreflejos.com.ar\/2021\/\",\"name\":\"Noticias Radio Reflejos\",\"description\":\"Las noticias de mi comarca\",\"potentialAction\":[{\"@type\":\"SearchAction\",\"target\":{\"@type\":\"EntryPoint\",\"urlTemplate\":\"https:\/\/www.noticiasradioreflejos.com.ar\/2021\/?s={search_term_string}\"},\"query-input\":{\"@type\":\"PropertyValueSpecification\",\"valueRequired\":true,\"valueName\":\"search_term_string\"}}],\"inLanguage\":\"es\"},{\"@type\":\"Person\",\"@id\":\"https:\/\/www.noticiasradioreflejos.com.ar\/2021\/#\/schema\/person\/ad82545263dcc5ec0996818884fd5fb1\",\"name\":\"Arnaldo Botto\",\"image\":{\"@type\":\"ImageObject\",\"inLanguage\":\"es\",\"@id\":\"https:\/\/www.noticiasradioreflejos.com.ar\/2021\/#\/schema\/person\/image\/\",\"url\":\"https:\/\/secure.gravatar.com\/avatar\/55cb5e37c1efa326397366e6974cb338056df65cb50e7d64d1cf314e87504837?s=96&d=mm&r=g\",\"contentUrl\":\"https:\/\/secure.gravatar.com\/avatar\/55cb5e37c1efa326397366e6974cb338056df65cb50e7d64d1cf314e87504837?s=96&d=mm&r=g\",\"caption\":\"Arnaldo Botto\"},\"url\":\"https:\/\/www.noticiasradioreflejos.com.ar\/2021\/author\/arnaldo\/\"}]}<\/script>\n<!-- \/ Yoast SEO plugin. -->","yoast_head_json":{"title":"El municipio y Bomberos Voluntarios trabajan en la prevenci\u00f3n de incendios forestales - Noticias Radio Reflejos","robots":{"index":"index","follow":"follow","max-snippet":"max-snippet:-1","max-image-preview":"max-image-preview:large","max-video-preview":"max-video-preview:-1"},"canonical":"https:\/\/www.noticiasradioreflejos.com.ar\/2021\/el-municipio-y-bomberos-voluntarios-trabajan-en-la-prevencion-de-incendios-forestales\/","og_locale":"es_ES","og_type":"article","og_title":"El municipio y Bomberos Voluntarios trabajan en la prevenci\u00f3n de incendios forestales - Noticias Radio Reflejos","og_description":"En una conferencia de prensa brindada en la Sala de Situaciones del municipio, el coordinador de Defensa Civil, Ezequiel Barrag\u00e1n, y el Jefe de Cuerpo de los Bomberos Voluntarios de nuestra ciudad, Martin Haag, informaron las acciones que vienen realizando para la prevenci\u00f3n de incendios forestales en la etapa estival que se reci\u00e9n comienza. \u201cYa [&hellip;]","og_url":"https:\/\/www.noticiasradioreflejos.com.ar\/2021\/el-municipio-y-bomberos-voluntarios-trabajan-en-la-prevencion-de-incendios-forestales\/","og_site_name":"Noticias Radio Reflejos","article_published_time":"2016-12-13T23:54:28+00:00","og_image":[{"width":300,"height":200,"url":"https:\/\/www.noticiasradioreflejos.com.ar\/2021\/wp-content\/uploads\/2021\/07\/logosol300x200.png","type":"image\/png"}],"author":"Arnaldo Botto","twitter_card":"summary_large_image","schema":{"@context":"https:\/\/schema.org","@graph":[{"@type":"WebPage","@id":"https:\/\/www.noticiasradioreflejos.com.ar\/2021\/el-municipio-y-bomberos-voluntarios-trabajan-en-la-prevencion-de-incendios-forestales\/","url":"https:\/\/www.noticiasradioreflejos.com.ar\/2021\/el-municipio-y-bomberos-voluntarios-trabajan-en-la-prevencion-de-incendios-forestales\/","name":"El municipio y Bomberos Voluntarios trabajan en la prevenci\u00f3n de incendios forestales - Noticias Radio Reflejos","isPartOf":{"@id":"https:\/\/www.noticiasradioreflejos.com.ar\/2021\/#website"},"datePublished":"2016-12-13T23:54:28+00:00","author":{"@id":"https:\/\/www.noticiasradioreflejos.com.ar\/2021\/#\/schema\/person\/ad82545263dcc5ec0996818884fd5fb1"},"breadcrumb":{"@id":"https:\/\/www.noticiasradioreflejos.com.ar\/2021\/el-municipio-y-bomberos-voluntarios-trabajan-en-la-prevencion-de-incendios-forestales\/#breadcrumb"},"inLanguage":"es","potentialAction":[{"@type":"ReadAction","target":["https:\/\/www.noticiasradioreflejos.com.ar\/2021\/el-municipio-y-bomberos-voluntarios-trabajan-en-la-prevencion-de-incendios-forestales\/"]}]},{"@type":"BreadcrumbList","@id":"https:\/\/www.noticiasradioreflejos.com.ar\/2021\/el-municipio-y-bomberos-voluntarios-trabajan-en-la-prevencion-de-incendios-forestales\/#breadcrumb","itemListElement":[{"@type":"ListItem","position":1,"name":"Portada","item":"https:\/\/www.noticiasradioreflejos.com.ar\/2021\/"},{"@type":"ListItem","position":2,"name":"El municipio y Bomberos Voluntarios trabajan en la prevenci\u00f3n de incendios forestales"}]},{"@type":"WebSite","@id":"https:\/\/www.noticiasradioreflejos.com.ar\/2021\/#website","url":"https:\/\/www.noticiasradioreflejos.com.ar\/2021\/","name":"Noticias Radio Reflejos","description":"Las noticias de mi comarca","potentialAction":[{"@type":"SearchAction","target":{"@type":"EntryPoint","urlTemplate":"https:\/\/www.noticiasradioreflejos.com.ar\/2021\/?s={search_term_string}"},"query-input":{"@type":"PropertyValueSpecification","valueRequired":true,"valueName":"search_term_string"}}],"inLanguage":"es"},{"@type":"Person","@id":"https:\/\/www.noticiasradioreflejos.com.ar\/2021\/#\/schema\/person\/ad82545263dcc5ec0996818884fd5fb1","name":"Arnaldo Botto","image":{"@type":"ImageObject","inLanguage":"es","@id":"https:\/\/www.noticiasradioreflejos.com.ar\/2021\/#\/schema\/person\/image\/","url":"https:\/\/secure.gravatar.com\/avatar\/55cb5e37c1efa326397366e6974cb338056df65cb50e7d64d1cf314e87504837?s=96&d=mm&r=g","contentUrl":"https:\/\/secure.gravatar.com\/avatar\/55cb5e37c1efa326397366e6974cb338056df65cb50e7d64d1cf314e87504837?s=96&d=mm&r=g","caption":"Arnaldo Botto"},"url":"https:\/\/www.noticiasradioreflejos.com.ar\/2021\/author\/arnaldo\/"}]}},"_links":{"self":[{"href":"https:\/\/www.noticiasradioreflejos.com.ar\/2021\/wp-json\/wp\/v2\/posts\/4740","targetHints":{"allow":["GET"]}}],"collection":[{"href":"https:\/\/www.noticiasradioreflejos.com.ar\/2021\/wp-json\/wp\/v2\/posts"}],"about":[{"href":"https:\/\/www.noticiasradioreflejos.com.ar\/2021\/wp-json\/wp\/v2\/types\/post"}],"author":[{"embeddable":true,"href":"https:\/\/www.noticiasradioreflejos.com.ar\/2021\/wp-json\/wp\/v2\/users\/3"}],"replies":[{"embeddable":true,"href":"https:\/\/www.noticiasradioreflejos.com.ar\/2021\/wp-json\/wp\/v2\/comments?post=4740"}],"version-history":[{"count":0,"href":"https:\/\/www.noticiasradioreflejos.com.ar\/2021\/wp-json\/wp\/v2\/posts\/4740\/revisions"}],"wp:attachment":[{"href":"https:\/\/www.noticiasradioreflejos.com.ar\/2021\/wp-json\/wp\/v2\/media?parent=4740"}],"wp:term":[{"taxonomy":"category","embeddable":true,"href":"https:\/\/www.noticiasradioreflejos.com.ar\/2021\/wp-json\/wp\/v2\/categories?post=4740"},{"taxonomy":"post_tag","embeddable":true,"href":"https:\/\/www.noticiasradioreflejos.com.ar\/2021\/wp-json\/wp\/v2\/tags?post=4740"}],"curies":[{"name":"wp","href":"https:\/\/api.w.org\/{rel}","templated":true}]}}