{"id":4737,"date":"2016-12-13T23:44:42","date_gmt":"2016-12-13T23:44:42","guid":{"rendered":"http:\/\/noticiasradioreflejos.com.ar\/noticias\/?p=4737"},"modified":"2016-12-13T23:44:42","modified_gmt":"2016-12-13T23:44:42","slug":"el-fpv-pide-al-gobierno-que-le-responda-sus-pedidos-de-informe","status":"publish","type":"post","link":"https:\/\/www.noticiasradioreflejos.com.ar\/2021\/el-fpv-pide-al-gobierno-que-le-responda-sus-pedidos-de-informe\/","title":{"rendered":"El FPV pide al gobierno que le responda sus pedidos de informe"},"content":{"rendered":"<p>En una nota con nuestro medio, luego de la \u00faltima sesi\u00f3n del Concejo Deliberante, el concejal V\u00edctor Ant\u00f3n (Frente para la Victoria), volvi\u00f3 a solicitarle al gobierno comunal que le contesten los pedidos de informe emitidos desde la banca.<br \/>\nEn primer lugar, el edil indic\u00f3 que en la ordenanza que establece que el Secretario de Gobierno y Hacienda debe hacer un informe de gesti\u00f3n bimestral en el HCD \u201cse proponen cinco d\u00edas h\u00e1biles para que se respondan las preguntas que se hacen ac\u00e1 y que no se pueden contestar ese d\u00eda el Secretario de Gobierno. Ya pas\u00f3 ese lapso de tiempo y en principio no se est\u00e1 respetando la ordenanza que ellos mismos hicieron\u201d.<!--more--><br \/>\n\u201cY despu\u00e9s \u2013continu\u00f3- hay algunas contradicciones respecto de lo que dec\u00edan, adem\u00e1s de algunos errores. Cuando le pedimos que acerquen un detalle de todas las instituciones beneficiadas con el Fondo Educativo, era para tenerlo nosotros y no para publicarlo, pero Ezequiel Gabella nos dice que no considera justo decir a viva voz cuales fueron las entidades ayudadas\u201d.<br \/>\nEn ese sentido, Ant\u00f3n manifest\u00f3: \u201crecuerdo que hace dos a\u00f1os atr\u00e1s, en plena campa\u00f1a, defenestraban a Trankels por como usaba el Fondo Educativo, nosotros le entregamos un informe y lo primero que hicieron fue publicarlo en todos los medios, generando ruido entre todas las instituciones. Lo que antes consideraban que estaba bien, ahora consideran que esta mal, ser\u00e1 porque ya no son oposici\u00f3n y ahora son gobierno\u201d.<br \/>\nOtro tema sobre el que el FPV reclama respuestas es respecto a la intervenci\u00f3n en la plaza \u201cErnesto Tornquist\u201d: \u201cpedimos los informes t\u00e9cnicos de los \u00e1rboles que se estaban sacando y el proyecto que hab\u00eda, a lo que el Secretario de Gobierno nos contesta que es un proyecto a tres o cuatro a\u00f1os con diferentes intervenciones; sin embargo despu\u00e9s, cuando le repreguntamos, \u00e9l mismo nos dice que el paisajista contratado no les dio el proyecto. Ahora nos damos cuenta por qu\u00e9 no lo tenemos nosotros, porque ni siquiera lo tienen y\/o lo conocen ellos\u201d.<br \/>\nPor otra parte, respecto a la pol\u00e9mica sobre la reparaci\u00f3n de las colectoras de la Avenida San Mart\u00edn de Sierra de la Ventana, Ant\u00f3n aclar\u00f3 que en su momento \u201cse cambiaron metros de cord\u00f3n cuneta que se iba a hacer m\u00e1s asfalto, que est\u00e1 en la calle Malvinas y en la rotonda\u201d. \u201cLo importante es que cuando el Secretario de Gobierno y Hacienda viene a dar informaci\u00f3n a los concejales y al pueblo, debe informarse\u201d, a\u00f1adi\u00f3.<br \/>\nAnt\u00f3n tambi\u00e9n se refiri\u00f3 a la conferencia de prensa del ex intendente Trankels y a la carta p\u00fablica de la Dra. Ver\u00f3nica Castro, surgidas a ra\u00edz de declaraciones de Sergio Bordoni.<br \/>\n\u201cUn funcionario nos tiene que cuidar y proteger y tiene que ser muy cauto con las cosas que dice, porque de haber existido el delito que denunci\u00f3 en el acto de Cambiemos (supuestas sobrevaluaciones de obras ejecutadas en la gesti\u00f3n de gobierno anterior), lo primero tendr\u00eda que haber hecho era denunciarlo en la justicia, porque si no est\u00e1 incumpliendo con los deberes del funcionario p\u00fablico\u201d, dijo respecto a la conferencia de Trankels.<br \/>\n\u201cEs una l\u00e1stima que un personal como la Dra. Castro sea maltratada as\u00ed nada m\u00e1s que por cuestiones pol\u00edticas. Creo que hay que ser mucho m\u00e1s cauto. Pol\u00edticamente podemos tener diferencias, pero cuando hablamos de personas tenemos que tener cuidado con lo que decimos\u201d, sostuvo adem\u00e1s.<br \/>\nPor \u00faltimo, el edil del FPV, en cuanto a la concesi\u00f3n del Balneario Municipal \u201cParque Norte\u201d, aclar\u00f3 que \u201cno tenemos nada en contra de Hugo Rodr\u00edguez, lo vamos a ayudar en lo que tengamos que ayudar, pero estamos en desacuerdo de c\u00f3mo se otorg\u00f3 la licitaci\u00f3n, faltaban papeles para que pueda ser tomado como oferente\u201d.<br \/>\n<iframe loading=\"lazy\" src=\"https:\/\/w.soundcloud.com\/player\/?url=https%3A\/\/api.soundcloud.com\/tracks\/297790669&amp;color=ff5500&amp;auto_play=false&amp;hide_related=false&amp;show_comments=true&amp;show_user=true&amp;show_reposts=false\" width=\"100%\" height=\"166\" frameborder=\"no\" scrolling=\"no\"><\/iframe><\/p>\n","protected":false},"excerpt":{"rendered":"<p>En una nota con nuestro medio, luego de la \u00faltima sesi\u00f3n del Concejo Deliberante, el concejal V\u00edctor Ant\u00f3n (Frente para la Victoria), volvi\u00f3 a solicitarle al gobierno comunal que le contesten los pedidos de informe emitidos desde la banca. En primer lugar, el edil indic\u00f3 que en la ordenanza que establece que el Secretario de [&hellip;]<\/p>\n","protected":false},"author":3,"featured_media":0,"comment_status":"closed","ping_status":"open","sticky":false,"template":"","format":"standard","meta":{"footnotes":""},"categories":[24],"tags":[],"class_list":["post-4737","post","type-post","status-publish","format-standard","hentry","category-politica"],"yoast_head":"<!-- This site is optimized with the Yoast SEO plugin v25.9 - https:\/\/yoast.com\/wordpress\/plugins\/seo\/ -->\n<title>El FPV pide al gobierno que le responda sus pedidos de informe - Noticias Radio Reflejos<\/title>\n<meta name=\"robots\" content=\"index, follow, max-snippet:-1, max-image-preview:large, max-video-preview:-1\" \/>\n<link rel=\"canonical\" href=\"https:\/\/www.noticiasradioreflejos.com.ar\/2021\/el-fpv-pide-al-gobierno-que-le-responda-sus-pedidos-de-informe\/\" \/>\n<meta property=\"og:locale\" content=\"es_ES\" \/>\n<meta property=\"og:type\" content=\"article\" \/>\n<meta property=\"og:title\" content=\"El FPV pide al gobierno que le responda sus pedidos de informe - Noticias Radio Reflejos\" \/>\n<meta property=\"og:description\" content=\"En una nota con nuestro medio, luego de la \u00faltima sesi\u00f3n del Concejo Deliberante, el concejal V\u00edctor Ant\u00f3n (Frente para la Victoria), volvi\u00f3 a solicitarle al gobierno comunal que le contesten los pedidos de informe emitidos desde la banca. En primer lugar, el edil indic\u00f3 que en la ordenanza que establece que el Secretario de [&hellip;]\" \/>\n<meta property=\"og:url\" content=\"https:\/\/www.noticiasradioreflejos.com.ar\/2021\/el-fpv-pide-al-gobierno-que-le-responda-sus-pedidos-de-informe\/\" \/>\n<meta property=\"og:site_name\" content=\"Noticias Radio Reflejos\" \/>\n<meta property=\"article:published_time\" content=\"2016-12-13T23:44:42+00:00\" \/>\n<meta property=\"og:image\" content=\"https:\/\/www.noticiasradioreflejos.com.ar\/2021\/wp-content\/uploads\/2021\/07\/logosol300x200.png\" \/>\n\t<meta property=\"og:image:width\" content=\"300\" \/>\n\t<meta property=\"og:image:height\" content=\"200\" \/>\n\t<meta property=\"og:image:type\" content=\"image\/png\" \/>\n<meta name=\"author\" content=\"Arnaldo Botto\" \/>\n<meta name=\"twitter:card\" content=\"summary_large_image\" \/>\n<script type=\"application\/ld+json\" class=\"yoast-schema-graph\">{\"@context\":\"https:\/\/schema.org\",\"@graph\":[{\"@type\":\"WebPage\",\"@id\":\"https:\/\/www.noticiasradioreflejos.com.ar\/2021\/el-fpv-pide-al-gobierno-que-le-responda-sus-pedidos-de-informe\/\",\"url\":\"https:\/\/www.noticiasradioreflejos.com.ar\/2021\/el-fpv-pide-al-gobierno-que-le-responda-sus-pedidos-de-informe\/\",\"name\":\"El FPV pide al gobierno que le responda sus pedidos de informe - Noticias Radio Reflejos\",\"isPartOf\":{\"@id\":\"https:\/\/www.noticiasradioreflejos.com.ar\/2021\/#website\"},\"datePublished\":\"2016-12-13T23:44:42+00:00\",\"author\":{\"@id\":\"https:\/\/www.noticiasradioreflejos.com.ar\/2021\/#\/schema\/person\/ad82545263dcc5ec0996818884fd5fb1\"},\"breadcrumb\":{\"@id\":\"https:\/\/www.noticiasradioreflejos.com.ar\/2021\/el-fpv-pide-al-gobierno-que-le-responda-sus-pedidos-de-informe\/#breadcrumb\"},\"inLanguage\":\"es\",\"potentialAction\":[{\"@type\":\"ReadAction\",\"target\":[\"https:\/\/www.noticiasradioreflejos.com.ar\/2021\/el-fpv-pide-al-gobierno-que-le-responda-sus-pedidos-de-informe\/\"]}]},{\"@type\":\"BreadcrumbList\",\"@id\":\"https:\/\/www.noticiasradioreflejos.com.ar\/2021\/el-fpv-pide-al-gobierno-que-le-responda-sus-pedidos-de-informe\/#breadcrumb\",\"itemListElement\":[{\"@type\":\"ListItem\",\"position\":1,\"name\":\"Portada\",\"item\":\"https:\/\/www.noticiasradioreflejos.com.ar\/2021\/\"},{\"@type\":\"ListItem\",\"position\":2,\"name\":\"El FPV pide al gobierno que le responda sus pedidos de informe\"}]},{\"@type\":\"WebSite\",\"@id\":\"https:\/\/www.noticiasradioreflejos.com.ar\/2021\/#website\",\"url\":\"https:\/\/www.noticiasradioreflejos.com.ar\/2021\/\",\"name\":\"Noticias Radio Reflejos\",\"description\":\"Las noticias de mi comarca\",\"potentialAction\":[{\"@type\":\"SearchAction\",\"target\":{\"@type\":\"EntryPoint\",\"urlTemplate\":\"https:\/\/www.noticiasradioreflejos.com.ar\/2021\/?s={search_term_string}\"},\"query-input\":{\"@type\":\"PropertyValueSpecification\",\"valueRequired\":true,\"valueName\":\"search_term_string\"}}],\"inLanguage\":\"es\"},{\"@type\":\"Person\",\"@id\":\"https:\/\/www.noticiasradioreflejos.com.ar\/2021\/#\/schema\/person\/ad82545263dcc5ec0996818884fd5fb1\",\"name\":\"Arnaldo Botto\",\"image\":{\"@type\":\"ImageObject\",\"inLanguage\":\"es\",\"@id\":\"https:\/\/www.noticiasradioreflejos.com.ar\/2021\/#\/schema\/person\/image\/\",\"url\":\"https:\/\/secure.gravatar.com\/avatar\/55cb5e37c1efa326397366e6974cb338056df65cb50e7d64d1cf314e87504837?s=96&d=mm&r=g\",\"contentUrl\":\"https:\/\/secure.gravatar.com\/avatar\/55cb5e37c1efa326397366e6974cb338056df65cb50e7d64d1cf314e87504837?s=96&d=mm&r=g\",\"caption\":\"Arnaldo Botto\"},\"url\":\"https:\/\/www.noticiasradioreflejos.com.ar\/2021\/author\/arnaldo\/\"}]}<\/script>\n<!-- \/ Yoast SEO plugin. -->","yoast_head_json":{"title":"El FPV pide al gobierno que le responda sus pedidos de informe - Noticias Radio Reflejos","robots":{"index":"index","follow":"follow","max-snippet":"max-snippet:-1","max-image-preview":"max-image-preview:large","max-video-preview":"max-video-preview:-1"},"canonical":"https:\/\/www.noticiasradioreflejos.com.ar\/2021\/el-fpv-pide-al-gobierno-que-le-responda-sus-pedidos-de-informe\/","og_locale":"es_ES","og_type":"article","og_title":"El FPV pide al gobierno que le responda sus pedidos de informe - Noticias Radio Reflejos","og_description":"En una nota con nuestro medio, luego de la \u00faltima sesi\u00f3n del Concejo Deliberante, el concejal V\u00edctor Ant\u00f3n (Frente para la Victoria), volvi\u00f3 a solicitarle al gobierno comunal que le contesten los pedidos de informe emitidos desde la banca. En primer lugar, el edil indic\u00f3 que en la ordenanza que establece que el Secretario de [&hellip;]","og_url":"https:\/\/www.noticiasradioreflejos.com.ar\/2021\/el-fpv-pide-al-gobierno-que-le-responda-sus-pedidos-de-informe\/","og_site_name":"Noticias Radio Reflejos","article_published_time":"2016-12-13T23:44:42+00:00","og_image":[{"width":300,"height":200,"url":"https:\/\/www.noticiasradioreflejos.com.ar\/2021\/wp-content\/uploads\/2021\/07\/logosol300x200.png","type":"image\/png"}],"author":"Arnaldo Botto","twitter_card":"summary_large_image","schema":{"@context":"https:\/\/schema.org","@graph":[{"@type":"WebPage","@id":"https:\/\/www.noticiasradioreflejos.com.ar\/2021\/el-fpv-pide-al-gobierno-que-le-responda-sus-pedidos-de-informe\/","url":"https:\/\/www.noticiasradioreflejos.com.ar\/2021\/el-fpv-pide-al-gobierno-que-le-responda-sus-pedidos-de-informe\/","name":"El FPV pide al gobierno que le responda sus pedidos de informe - Noticias Radio Reflejos","isPartOf":{"@id":"https:\/\/www.noticiasradioreflejos.com.ar\/2021\/#website"},"datePublished":"2016-12-13T23:44:42+00:00","author":{"@id":"https:\/\/www.noticiasradioreflejos.com.ar\/2021\/#\/schema\/person\/ad82545263dcc5ec0996818884fd5fb1"},"breadcrumb":{"@id":"https:\/\/www.noticiasradioreflejos.com.ar\/2021\/el-fpv-pide-al-gobierno-que-le-responda-sus-pedidos-de-informe\/#breadcrumb"},"inLanguage":"es","potentialAction":[{"@type":"ReadAction","target":["https:\/\/www.noticiasradioreflejos.com.ar\/2021\/el-fpv-pide-al-gobierno-que-le-responda-sus-pedidos-de-informe\/"]}]},{"@type":"BreadcrumbList","@id":"https:\/\/www.noticiasradioreflejos.com.ar\/2021\/el-fpv-pide-al-gobierno-que-le-responda-sus-pedidos-de-informe\/#breadcrumb","itemListElement":[{"@type":"ListItem","position":1,"name":"Portada","item":"https:\/\/www.noticiasradioreflejos.com.ar\/2021\/"},{"@type":"ListItem","position":2,"name":"El FPV pide al gobierno que le responda sus pedidos de informe"}]},{"@type":"WebSite","@id":"https:\/\/www.noticiasradioreflejos.com.ar\/2021\/#website","url":"https:\/\/www.noticiasradioreflejos.com.ar\/2021\/","name":"Noticias Radio Reflejos","description":"Las noticias de mi comarca","potentialAction":[{"@type":"SearchAction","target":{"@type":"EntryPoint","urlTemplate":"https:\/\/www.noticiasradioreflejos.com.ar\/2021\/?s={search_term_string}"},"query-input":{"@type":"PropertyValueSpecification","valueRequired":true,"valueName":"search_term_string"}}],"inLanguage":"es"},{"@type":"Person","@id":"https:\/\/www.noticiasradioreflejos.com.ar\/2021\/#\/schema\/person\/ad82545263dcc5ec0996818884fd5fb1","name":"Arnaldo Botto","image":{"@type":"ImageObject","inLanguage":"es","@id":"https:\/\/www.noticiasradioreflejos.com.ar\/2021\/#\/schema\/person\/image\/","url":"https:\/\/secure.gravatar.com\/avatar\/55cb5e37c1efa326397366e6974cb338056df65cb50e7d64d1cf314e87504837?s=96&d=mm&r=g","contentUrl":"https:\/\/secure.gravatar.com\/avatar\/55cb5e37c1efa326397366e6974cb338056df65cb50e7d64d1cf314e87504837?s=96&d=mm&r=g","caption":"Arnaldo Botto"},"url":"https:\/\/www.noticiasradioreflejos.com.ar\/2021\/author\/arnaldo\/"}]}},"_links":{"self":[{"href":"https:\/\/www.noticiasradioreflejos.com.ar\/2021\/wp-json\/wp\/v2\/posts\/4737","targetHints":{"allow":["GET"]}}],"collection":[{"href":"https:\/\/www.noticiasradioreflejos.com.ar\/2021\/wp-json\/wp\/v2\/posts"}],"about":[{"href":"https:\/\/www.noticiasradioreflejos.com.ar\/2021\/wp-json\/wp\/v2\/types\/post"}],"author":[{"embeddable":true,"href":"https:\/\/www.noticiasradioreflejos.com.ar\/2021\/wp-json\/wp\/v2\/users\/3"}],"replies":[{"embeddable":true,"href":"https:\/\/www.noticiasradioreflejos.com.ar\/2021\/wp-json\/wp\/v2\/comments?post=4737"}],"version-history":[{"count":0,"href":"https:\/\/www.noticiasradioreflejos.com.ar\/2021\/wp-json\/wp\/v2\/posts\/4737\/revisions"}],"wp:attachment":[{"href":"https:\/\/www.noticiasradioreflejos.com.ar\/2021\/wp-json\/wp\/v2\/media?parent=4737"}],"wp:term":[{"taxonomy":"category","embeddable":true,"href":"https:\/\/www.noticiasradioreflejos.com.ar\/2021\/wp-json\/wp\/v2\/categories?post=4737"},{"taxonomy":"post_tag","embeddable":true,"href":"https:\/\/www.noticiasradioreflejos.com.ar\/2021\/wp-json\/wp\/v2\/tags?post=4737"}],"curies":[{"name":"wp","href":"https:\/\/api.w.org\/{rel}","templated":true}]}}