{"id":47367,"date":"2020-09-26T19:14:47","date_gmt":"2020-09-26T22:14:47","guid":{"rendered":"http:\/\/www.noticiasradioreflejos.com.ar\/noticias\/?p=47367"},"modified":"2020-09-26T19:14:47","modified_gmt":"2020-09-26T22:14:47","slug":"la-camara-de-diputadxs-aprobo-con-acuerdo-de-oficialismo-y-oposicion-el-proyecto-que-prohibe-la-venta-de-activos-del-fgs","status":"publish","type":"post","link":"https:\/\/www.noticiasradioreflejos.com.ar\/2021\/la-camara-de-diputadxs-aprobo-con-acuerdo-de-oficialismo-y-oposicion-el-proyecto-que-prohibe-la-venta-de-activos-del-fgs\/","title":{"rendered":"La C\u00e1mara de Diputadxs aprob\u00f3, con acuerdo de oficialismo y oposici\u00f3n, el proyecto que proh\u00edbe la venta de activos del FGS"},"content":{"rendered":"<p>Comunicado de Suteba<!--more--><\/p>\n<p>La ley contempla la renegociaci\u00f3n de la deuda que las provincias tienen con la Administraci\u00f3n Nacional de Seguridad Social (Anses), por 100 mil millones de pesos. Adem\u00e1s, establece que los fondos para el pago de la Reparaci\u00f3n Hist\u00f3rica a 900 mil jubiladxs pasar\u00e1 a financiarse por Anses y el Tesoro nacional, y no por el FGS.<\/p>\n<p>Se establece que el FGS deber\u00e1 priorizar aquellas inversiones que tengan impacto directo en la econom\u00eda real, promoviendo la sostenibilidad del sistema previsional. As\u00ed, se crear\u00e1 el Fondo Fiduciario P\u00fablico \u00abPrograma de Inversiones Estrat\u00e9gicas\u00bb, que tendr\u00e1 como meta invertir en sectores estrat\u00e9gicos del Estado, como pol\u00edtica de desarrollo econ\u00f3mico en pos de la sostenibilidad de la econom\u00eda real.<\/p>\n<p><a href=\"https:\/\/www.pagina12.com.ar\/294540-media-sancion-al-blindaje-del-fgs\"><strong>https:\/\/www.pagina12.com.ar\/294540-media-sancion-al-blindaje-del-fgs<\/strong><\/a><\/p>\n<p>*Secretar\u00eda de Jubilaciones*<br \/>\n*SUTEBA Pcia. de Bs. As.*<\/p>\n","protected":false},"excerpt":{"rendered":"<p>Comunicado de Suteba<\/p>\n","protected":false},"author":3,"featured_media":2623,"comment_status":"closed","ping_status":"open","sticky":false,"template":"","format":"standard","meta":{"footnotes":""},"categories":[24],"tags":[],"class_list":["post-47367","post","type-post","status-publish","format-standard","has-post-thumbnail","hentry","category-politica"],"yoast_head":"<!-- This site is optimized with the Yoast SEO plugin v25.9 - https:\/\/yoast.com\/wordpress\/plugins\/seo\/ -->\n<title>La C\u00e1mara de Diputadxs aprob\u00f3, con acuerdo de oficialismo y oposici\u00f3n, el proyecto que proh\u00edbe la venta de activos del FGS - Noticias Radio Reflejos<\/title>\n<meta name=\"robots\" content=\"index, follow, max-snippet:-1, max-image-preview:large, max-video-preview:-1\" \/>\n<link rel=\"canonical\" href=\"https:\/\/www.noticiasradioreflejos.com.ar\/2021\/la-camara-de-diputadxs-aprobo-con-acuerdo-de-oficialismo-y-oposicion-el-proyecto-que-prohibe-la-venta-de-activos-del-fgs\/\" \/>\n<meta property=\"og:locale\" content=\"es_ES\" \/>\n<meta property=\"og:type\" content=\"article\" \/>\n<meta property=\"og:title\" content=\"La C\u00e1mara de Diputadxs aprob\u00f3, con acuerdo de oficialismo y oposici\u00f3n, el proyecto que proh\u00edbe la venta de activos del FGS - Noticias Radio Reflejos\" \/>\n<meta property=\"og:description\" content=\"Comunicado de Suteba\" \/>\n<meta property=\"og:url\" content=\"https:\/\/www.noticiasradioreflejos.com.ar\/2021\/la-camara-de-diputadxs-aprobo-con-acuerdo-de-oficialismo-y-oposicion-el-proyecto-que-prohibe-la-venta-de-activos-del-fgs\/\" \/>\n<meta property=\"og:site_name\" content=\"Noticias Radio Reflejos\" \/>\n<meta property=\"article:published_time\" content=\"2020-09-26T22:14:47+00:00\" \/>\n<meta property=\"og:image\" content=\"https:\/\/www.noticiasradioreflejos.com.ar\/2021\/wp-content\/uploads\/2016\/10\/Suteba-logo-640x360-1.jpg\" \/>\n\t<meta property=\"og:image:width\" content=\"640\" \/>\n\t<meta property=\"og:image:height\" content=\"360\" \/>\n\t<meta property=\"og:image:type\" content=\"image\/jpeg\" \/>\n<meta name=\"author\" content=\"Arnaldo Botto\" \/>\n<meta name=\"twitter:card\" content=\"summary_large_image\" \/>\n<script type=\"application\/ld+json\" class=\"yoast-schema-graph\">{\"@context\":\"https:\/\/schema.org\",\"@graph\":[{\"@type\":\"WebPage\",\"@id\":\"https:\/\/www.noticiasradioreflejos.com.ar\/2021\/la-camara-de-diputadxs-aprobo-con-acuerdo-de-oficialismo-y-oposicion-el-proyecto-que-prohibe-la-venta-de-activos-del-fgs\/\",\"url\":\"https:\/\/www.noticiasradioreflejos.com.ar\/2021\/la-camara-de-diputadxs-aprobo-con-acuerdo-de-oficialismo-y-oposicion-el-proyecto-que-prohibe-la-venta-de-activos-del-fgs\/\",\"name\":\"La C\u00e1mara de Diputadxs aprob\u00f3, con acuerdo de oficialismo y oposici\u00f3n, el proyecto que proh\u00edbe la venta de activos del FGS - Noticias Radio Reflejos\",\"isPartOf\":{\"@id\":\"https:\/\/www.noticiasradioreflejos.com.ar\/2021\/#website\"},\"primaryImageOfPage\":{\"@id\":\"https:\/\/www.noticiasradioreflejos.com.ar\/2021\/la-camara-de-diputadxs-aprobo-con-acuerdo-de-oficialismo-y-oposicion-el-proyecto-que-prohibe-la-venta-de-activos-del-fgs\/#primaryimage\"},\"image\":{\"@id\":\"https:\/\/www.noticiasradioreflejos.com.ar\/2021\/la-camara-de-diputadxs-aprobo-con-acuerdo-de-oficialismo-y-oposicion-el-proyecto-que-prohibe-la-venta-de-activos-del-fgs\/#primaryimage\"},\"thumbnailUrl\":\"https:\/\/www.noticiasradioreflejos.com.ar\/2021\/wp-content\/uploads\/2016\/10\/Suteba-logo-640x360-1.jpg\",\"datePublished\":\"2020-09-26T22:14:47+00:00\",\"author\":{\"@id\":\"https:\/\/www.noticiasradioreflejos.com.ar\/2021\/#\/schema\/person\/ad82545263dcc5ec0996818884fd5fb1\"},\"breadcrumb\":{\"@id\":\"https:\/\/www.noticiasradioreflejos.com.ar\/2021\/la-camara-de-diputadxs-aprobo-con-acuerdo-de-oficialismo-y-oposicion-el-proyecto-que-prohibe-la-venta-de-activos-del-fgs\/#breadcrumb\"},\"inLanguage\":\"es\",\"potentialAction\":[{\"@type\":\"ReadAction\",\"target\":[\"https:\/\/www.noticiasradioreflejos.com.ar\/2021\/la-camara-de-diputadxs-aprobo-con-acuerdo-de-oficialismo-y-oposicion-el-proyecto-que-prohibe-la-venta-de-activos-del-fgs\/\"]}]},{\"@type\":\"ImageObject\",\"inLanguage\":\"es\",\"@id\":\"https:\/\/www.noticiasradioreflejos.com.ar\/2021\/la-camara-de-diputadxs-aprobo-con-acuerdo-de-oficialismo-y-oposicion-el-proyecto-que-prohibe-la-venta-de-activos-del-fgs\/#primaryimage\",\"url\":\"https:\/\/www.noticiasradioreflejos.com.ar\/2021\/wp-content\/uploads\/2016\/10\/Suteba-logo-640x360-1.jpg\",\"contentUrl\":\"https:\/\/www.noticiasradioreflejos.com.ar\/2021\/wp-content\/uploads\/2016\/10\/Suteba-logo-640x360-1.jpg\",\"width\":640,\"height\":360},{\"@type\":\"BreadcrumbList\",\"@id\":\"https:\/\/www.noticiasradioreflejos.com.ar\/2021\/la-camara-de-diputadxs-aprobo-con-acuerdo-de-oficialismo-y-oposicion-el-proyecto-que-prohibe-la-venta-de-activos-del-fgs\/#breadcrumb\",\"itemListElement\":[{\"@type\":\"ListItem\",\"position\":1,\"name\":\"Portada\",\"item\":\"https:\/\/www.noticiasradioreflejos.com.ar\/2021\/\"},{\"@type\":\"ListItem\",\"position\":2,\"name\":\"La C\u00e1mara de Diputadxs aprob\u00f3, con acuerdo de oficialismo y oposici\u00f3n, el proyecto que proh\u00edbe la venta de activos del FGS\"}]},{\"@type\":\"WebSite\",\"@id\":\"https:\/\/www.noticiasradioreflejos.com.ar\/2021\/#website\",\"url\":\"https:\/\/www.noticiasradioreflejos.com.ar\/2021\/\",\"name\":\"Noticias Radio Reflejos\",\"description\":\"Las noticias de mi comarca\",\"potentialAction\":[{\"@type\":\"SearchAction\",\"target\":{\"@type\":\"EntryPoint\",\"urlTemplate\":\"https:\/\/www.noticiasradioreflejos.com.ar\/2021\/?s={search_term_string}\"},\"query-input\":{\"@type\":\"PropertyValueSpecification\",\"valueRequired\":true,\"valueName\":\"search_term_string\"}}],\"inLanguage\":\"es\"},{\"@type\":\"Person\",\"@id\":\"https:\/\/www.noticiasradioreflejos.com.ar\/2021\/#\/schema\/person\/ad82545263dcc5ec0996818884fd5fb1\",\"name\":\"Arnaldo Botto\",\"image\":{\"@type\":\"ImageObject\",\"inLanguage\":\"es\",\"@id\":\"https:\/\/www.noticiasradioreflejos.com.ar\/2021\/#\/schema\/person\/image\/\",\"url\":\"https:\/\/secure.gravatar.com\/avatar\/55cb5e37c1efa326397366e6974cb338056df65cb50e7d64d1cf314e87504837?s=96&d=mm&r=g\",\"contentUrl\":\"https:\/\/secure.gravatar.com\/avatar\/55cb5e37c1efa326397366e6974cb338056df65cb50e7d64d1cf314e87504837?s=96&d=mm&r=g\",\"caption\":\"Arnaldo Botto\"},\"url\":\"https:\/\/www.noticiasradioreflejos.com.ar\/2021\/author\/arnaldo\/\"}]}<\/script>\n<!-- \/ Yoast SEO plugin. -->","yoast_head_json":{"title":"La C\u00e1mara de Diputadxs aprob\u00f3, con acuerdo de oficialismo y oposici\u00f3n, el proyecto que proh\u00edbe la venta de activos del FGS - Noticias Radio Reflejos","robots":{"index":"index","follow":"follow","max-snippet":"max-snippet:-1","max-image-preview":"max-image-preview:large","max-video-preview":"max-video-preview:-1"},"canonical":"https:\/\/www.noticiasradioreflejos.com.ar\/2021\/la-camara-de-diputadxs-aprobo-con-acuerdo-de-oficialismo-y-oposicion-el-proyecto-que-prohibe-la-venta-de-activos-del-fgs\/","og_locale":"es_ES","og_type":"article","og_title":"La C\u00e1mara de Diputadxs aprob\u00f3, con acuerdo de oficialismo y oposici\u00f3n, el proyecto que proh\u00edbe la venta de activos del FGS - Noticias Radio Reflejos","og_description":"Comunicado de Suteba","og_url":"https:\/\/www.noticiasradioreflejos.com.ar\/2021\/la-camara-de-diputadxs-aprobo-con-acuerdo-de-oficialismo-y-oposicion-el-proyecto-que-prohibe-la-venta-de-activos-del-fgs\/","og_site_name":"Noticias Radio Reflejos","article_published_time":"2020-09-26T22:14:47+00:00","og_image":[{"width":640,"height":360,"url":"https:\/\/www.noticiasradioreflejos.com.ar\/2021\/wp-content\/uploads\/2016\/10\/Suteba-logo-640x360-1.jpg","type":"image\/jpeg"}],"author":"Arnaldo Botto","twitter_card":"summary_large_image","schema":{"@context":"https:\/\/schema.org","@graph":[{"@type":"WebPage","@id":"https:\/\/www.noticiasradioreflejos.com.ar\/2021\/la-camara-de-diputadxs-aprobo-con-acuerdo-de-oficialismo-y-oposicion-el-proyecto-que-prohibe-la-venta-de-activos-del-fgs\/","url":"https:\/\/www.noticiasradioreflejos.com.ar\/2021\/la-camara-de-diputadxs-aprobo-con-acuerdo-de-oficialismo-y-oposicion-el-proyecto-que-prohibe-la-venta-de-activos-del-fgs\/","name":"La C\u00e1mara de Diputadxs aprob\u00f3, con acuerdo de oficialismo y oposici\u00f3n, el proyecto que proh\u00edbe la venta de activos del FGS - Noticias Radio Reflejos","isPartOf":{"@id":"https:\/\/www.noticiasradioreflejos.com.ar\/2021\/#website"},"primaryImageOfPage":{"@id":"https:\/\/www.noticiasradioreflejos.com.ar\/2021\/la-camara-de-diputadxs-aprobo-con-acuerdo-de-oficialismo-y-oposicion-el-proyecto-que-prohibe-la-venta-de-activos-del-fgs\/#primaryimage"},"image":{"@id":"https:\/\/www.noticiasradioreflejos.com.ar\/2021\/la-camara-de-diputadxs-aprobo-con-acuerdo-de-oficialismo-y-oposicion-el-proyecto-que-prohibe-la-venta-de-activos-del-fgs\/#primaryimage"},"thumbnailUrl":"https:\/\/www.noticiasradioreflejos.com.ar\/2021\/wp-content\/uploads\/2016\/10\/Suteba-logo-640x360-1.jpg","datePublished":"2020-09-26T22:14:47+00:00","author":{"@id":"https:\/\/www.noticiasradioreflejos.com.ar\/2021\/#\/schema\/person\/ad82545263dcc5ec0996818884fd5fb1"},"breadcrumb":{"@id":"https:\/\/www.noticiasradioreflejos.com.ar\/2021\/la-camara-de-diputadxs-aprobo-con-acuerdo-de-oficialismo-y-oposicion-el-proyecto-que-prohibe-la-venta-de-activos-del-fgs\/#breadcrumb"},"inLanguage":"es","potentialAction":[{"@type":"ReadAction","target":["https:\/\/www.noticiasradioreflejos.com.ar\/2021\/la-camara-de-diputadxs-aprobo-con-acuerdo-de-oficialismo-y-oposicion-el-proyecto-que-prohibe-la-venta-de-activos-del-fgs\/"]}]},{"@type":"ImageObject","inLanguage":"es","@id":"https:\/\/www.noticiasradioreflejos.com.ar\/2021\/la-camara-de-diputadxs-aprobo-con-acuerdo-de-oficialismo-y-oposicion-el-proyecto-que-prohibe-la-venta-de-activos-del-fgs\/#primaryimage","url":"https:\/\/www.noticiasradioreflejos.com.ar\/2021\/wp-content\/uploads\/2016\/10\/Suteba-logo-640x360-1.jpg","contentUrl":"https:\/\/www.noticiasradioreflejos.com.ar\/2021\/wp-content\/uploads\/2016\/10\/Suteba-logo-640x360-1.jpg","width":640,"height":360},{"@type":"BreadcrumbList","@id":"https:\/\/www.noticiasradioreflejos.com.ar\/2021\/la-camara-de-diputadxs-aprobo-con-acuerdo-de-oficialismo-y-oposicion-el-proyecto-que-prohibe-la-venta-de-activos-del-fgs\/#breadcrumb","itemListElement":[{"@type":"ListItem","position":1,"name":"Portada","item":"https:\/\/www.noticiasradioreflejos.com.ar\/2021\/"},{"@type":"ListItem","position":2,"name":"La C\u00e1mara de Diputadxs aprob\u00f3, con acuerdo de oficialismo y oposici\u00f3n, el proyecto que proh\u00edbe la venta de activos del FGS"}]},{"@type":"WebSite","@id":"https:\/\/www.noticiasradioreflejos.com.ar\/2021\/#website","url":"https:\/\/www.noticiasradioreflejos.com.ar\/2021\/","name":"Noticias Radio Reflejos","description":"Las noticias de mi comarca","potentialAction":[{"@type":"SearchAction","target":{"@type":"EntryPoint","urlTemplate":"https:\/\/www.noticiasradioreflejos.com.ar\/2021\/?s={search_term_string}"},"query-input":{"@type":"PropertyValueSpecification","valueRequired":true,"valueName":"search_term_string"}}],"inLanguage":"es"},{"@type":"Person","@id":"https:\/\/www.noticiasradioreflejos.com.ar\/2021\/#\/schema\/person\/ad82545263dcc5ec0996818884fd5fb1","name":"Arnaldo Botto","image":{"@type":"ImageObject","inLanguage":"es","@id":"https:\/\/www.noticiasradioreflejos.com.ar\/2021\/#\/schema\/person\/image\/","url":"https:\/\/secure.gravatar.com\/avatar\/55cb5e37c1efa326397366e6974cb338056df65cb50e7d64d1cf314e87504837?s=96&d=mm&r=g","contentUrl":"https:\/\/secure.gravatar.com\/avatar\/55cb5e37c1efa326397366e6974cb338056df65cb50e7d64d1cf314e87504837?s=96&d=mm&r=g","caption":"Arnaldo Botto"},"url":"https:\/\/www.noticiasradioreflejos.com.ar\/2021\/author\/arnaldo\/"}]}},"_links":{"self":[{"href":"https:\/\/www.noticiasradioreflejos.com.ar\/2021\/wp-json\/wp\/v2\/posts\/47367","targetHints":{"allow":["GET"]}}],"collection":[{"href":"https:\/\/www.noticiasradioreflejos.com.ar\/2021\/wp-json\/wp\/v2\/posts"}],"about":[{"href":"https:\/\/www.noticiasradioreflejos.com.ar\/2021\/wp-json\/wp\/v2\/types\/post"}],"author":[{"embeddable":true,"href":"https:\/\/www.noticiasradioreflejos.com.ar\/2021\/wp-json\/wp\/v2\/users\/3"}],"replies":[{"embeddable":true,"href":"https:\/\/www.noticiasradioreflejos.com.ar\/2021\/wp-json\/wp\/v2\/comments?post=47367"}],"version-history":[{"count":0,"href":"https:\/\/www.noticiasradioreflejos.com.ar\/2021\/wp-json\/wp\/v2\/posts\/47367\/revisions"}],"wp:featuredmedia":[{"embeddable":true,"href":"https:\/\/www.noticiasradioreflejos.com.ar\/2021\/wp-json\/wp\/v2\/media\/2623"}],"wp:attachment":[{"href":"https:\/\/www.noticiasradioreflejos.com.ar\/2021\/wp-json\/wp\/v2\/media?parent=47367"}],"wp:term":[{"taxonomy":"category","embeddable":true,"href":"https:\/\/www.noticiasradioreflejos.com.ar\/2021\/wp-json\/wp\/v2\/categories?post=47367"},{"taxonomy":"post_tag","embeddable":true,"href":"https:\/\/www.noticiasradioreflejos.com.ar\/2021\/wp-json\/wp\/v2\/tags?post=47367"}],"curies":[{"name":"wp","href":"https:\/\/api.w.org\/{rel}","templated":true}]}}