{"id":47365,"date":"2020-09-26T19:09:09","date_gmt":"2020-09-26T22:09:09","guid":{"rendered":"http:\/\/www.noticiasradioreflejos.com.ar\/noticias\/?p=47365"},"modified":"2020-09-26T19:09:09","modified_gmt":"2020-09-26T22:09:09","slug":"apuntan-a-crear-un-modelo-argentino-de-gestion-de-seguridad-para-los-bomberos","status":"publish","type":"post","link":"https:\/\/www.noticiasradioreflejos.com.ar\/2021\/apuntan-a-crear-un-modelo-argentino-de-gestion-de-seguridad-para-los-bomberos\/","title":{"rendered":"Apuntan a crear un \u00abmodelo argentino\u00bb de gesti\u00f3n de seguridad para los bomberos"},"content":{"rendered":"<p>La necesidad de desarrollar un \u201cmodelo argentino\u201d de gesti\u00f3n de seguridad en bomberos que consolide los modelos internacionales con los aprendizajes locales y evitar as\u00ed muertes en siniestros tal como sucedi\u00f3 en Iron Mountain o en una perfumer\u00eda de Villa Crespo, fue desarrollada en una jornada organizada por el Ministerio de Seguridad de la Naci\u00f3n, inform\u00f3 hoy esa cartera.<!--more--><\/p>\n<p>La \u201cPrimera Jornada Nacional de Seguridad para Bomberos y Bomberas\u201d, presenciada de manera virtual por m\u00e1s de 1500 cuarteles de todo el pa\u00eds se realiz\u00f3 para fortalecer la prevenci\u00f3n de accidentes de bomberas y bomberos mediante metodolog\u00edas de trabajo basadas en el an\u00e1lisis y aprendizajes de incidente fatales.<\/p>\n<p>La ministra de Seguridad Sabina Frederic, destac\u00f3 que estos aprendizajes \u201cson claves para preservar la integridad f\u00edsica y ps\u00edquica en el \u00e1mbito bomberil\u201d, mientras que el secretario de Articulaci\u00f3n Federal de la Seguridad, Gabriel Fuks manifest\u00f3 que la carencia de una estad\u00edstica oficial sobre victimas fatales de bomberos en siniestros, \u00abimpone el desarrollo de mecanisnos estandarizados de prevenci\u00f3n\u00bb.<\/p>\n<p>Durante la jornada se analizaron casos de accidentes fatales en emergencias en los \u00faltimos a\u00f1os, entre ellos el de Iron Mountain los incendios forestales del Delta en 2008, la explosi\u00f3n de un buque en Z\u00e1rate y el reciente accidente en la perfumer\u00eda de Villa Crespo. <\/p>\n<p>Entre las conclusiones de la jornada estuvo la necesidad de desarrollar un \u201cmodelo argentino\u201d de gesti\u00f3n de seguridad en bomberos que consolide los modelos internacionales con los aprendizajes locales.<\/p>\n<p>Para ello, un panel de expertos \u00abse comprometi\u00f3 a trabajar con la Direcci\u00f3n de Bomberos Voluntarios durante los pr\u00f3ximos meses\u00bb. <\/p>\n<p>La directora de Bomberos Voluntarios, Virginia Laino, asegur\u00f3 que otro objetivo de la jornada fue la \u00abconsolidaci\u00f3n y publicaci\u00f3n del an\u00e1lisis estad\u00edstico de accidentes e incidentes fatales\u00bb.<\/p>\n","protected":false},"excerpt":{"rendered":"<p>La necesidad de desarrollar un \u201cmodelo argentino\u201d de gesti\u00f3n de seguridad en bomberos que consolide los modelos internacionales con los aprendizajes locales y evitar as\u00ed muertes en siniestros tal como sucedi\u00f3 en Iron Mountain o en una perfumer\u00eda de Villa Crespo, fue desarrollada en una jornada organizada por el Ministerio de Seguridad de la Naci\u00f3n, [&hellip;]<\/p>\n","protected":false},"author":3,"featured_media":6235,"comment_status":"closed","ping_status":"open","sticky":false,"template":"","format":"standard","meta":{"footnotes":""},"categories":[26],"tags":[],"class_list":["post-47365","post","type-post","status-publish","format-standard","has-post-thumbnail","hentry","category-sociedad"],"yoast_head":"<!-- This site is optimized with the Yoast SEO plugin v25.9 - https:\/\/yoast.com\/wordpress\/plugins\/seo\/ -->\n<title>Apuntan a crear un &quot;modelo argentino&quot; de gesti\u00f3n de seguridad para los bomberos - Noticias Radio Reflejos<\/title>\n<meta name=\"robots\" content=\"index, follow, max-snippet:-1, max-image-preview:large, max-video-preview:-1\" \/>\n<link rel=\"canonical\" href=\"https:\/\/www.noticiasradioreflejos.com.ar\/2021\/apuntan-a-crear-un-modelo-argentino-de-gestion-de-seguridad-para-los-bomberos\/\" \/>\n<meta property=\"og:locale\" content=\"es_ES\" \/>\n<meta property=\"og:type\" content=\"article\" \/>\n<meta property=\"og:title\" content=\"Apuntan a crear un &quot;modelo argentino&quot; de gesti\u00f3n de seguridad para los bomberos - Noticias Radio Reflejos\" \/>\n<meta property=\"og:description\" content=\"La necesidad de desarrollar un \u201cmodelo argentino\u201d de gesti\u00f3n de seguridad en bomberos que consolide los modelos internacionales con los aprendizajes locales y evitar as\u00ed muertes en siniestros tal como sucedi\u00f3 en Iron Mountain o en una perfumer\u00eda de Villa Crespo, fue desarrollada en una jornada organizada por el Ministerio de Seguridad de la Naci\u00f3n, [&hellip;]\" \/>\n<meta property=\"og:url\" content=\"https:\/\/www.noticiasradioreflejos.com.ar\/2021\/apuntan-a-crear-un-modelo-argentino-de-gestion-de-seguridad-para-los-bomberos\/\" \/>\n<meta property=\"og:site_name\" content=\"Noticias Radio Reflejos\" \/>\n<meta property=\"article:published_time\" content=\"2020-09-26T22:09:09+00:00\" \/>\n<meta property=\"og:image\" content=\"https:\/\/www.noticiasradioreflejos.com.ar\/2021\/wp-content\/uploads\/2017\/01\/66094_3.jpg\" \/>\n\t<meta property=\"og:image:width\" content=\"600\" \/>\n\t<meta property=\"og:image:height\" content=\"337\" \/>\n\t<meta property=\"og:image:type\" content=\"image\/jpeg\" \/>\n<meta name=\"author\" content=\"Arnaldo Botto\" \/>\n<meta name=\"twitter:card\" content=\"summary_large_image\" \/>\n<script type=\"application\/ld+json\" class=\"yoast-schema-graph\">{\"@context\":\"https:\/\/schema.org\",\"@graph\":[{\"@type\":\"WebPage\",\"@id\":\"https:\/\/www.noticiasradioreflejos.com.ar\/2021\/apuntan-a-crear-un-modelo-argentino-de-gestion-de-seguridad-para-los-bomberos\/\",\"url\":\"https:\/\/www.noticiasradioreflejos.com.ar\/2021\/apuntan-a-crear-un-modelo-argentino-de-gestion-de-seguridad-para-los-bomberos\/\",\"name\":\"Apuntan a crear un \\\"modelo argentino\\\" de gesti\u00f3n de seguridad para los bomberos - Noticias Radio Reflejos\",\"isPartOf\":{\"@id\":\"https:\/\/www.noticiasradioreflejos.com.ar\/2021\/#website\"},\"primaryImageOfPage\":{\"@id\":\"https:\/\/www.noticiasradioreflejos.com.ar\/2021\/apuntan-a-crear-un-modelo-argentino-de-gestion-de-seguridad-para-los-bomberos\/#primaryimage\"},\"image\":{\"@id\":\"https:\/\/www.noticiasradioreflejos.com.ar\/2021\/apuntan-a-crear-un-modelo-argentino-de-gestion-de-seguridad-para-los-bomberos\/#primaryimage\"},\"thumbnailUrl\":\"https:\/\/www.noticiasradioreflejos.com.ar\/2021\/wp-content\/uploads\/2017\/01\/66094_3.jpg\",\"datePublished\":\"2020-09-26T22:09:09+00:00\",\"author\":{\"@id\":\"https:\/\/www.noticiasradioreflejos.com.ar\/2021\/#\/schema\/person\/ad82545263dcc5ec0996818884fd5fb1\"},\"breadcrumb\":{\"@id\":\"https:\/\/www.noticiasradioreflejos.com.ar\/2021\/apuntan-a-crear-un-modelo-argentino-de-gestion-de-seguridad-para-los-bomberos\/#breadcrumb\"},\"inLanguage\":\"es\",\"potentialAction\":[{\"@type\":\"ReadAction\",\"target\":[\"https:\/\/www.noticiasradioreflejos.com.ar\/2021\/apuntan-a-crear-un-modelo-argentino-de-gestion-de-seguridad-para-los-bomberos\/\"]}]},{\"@type\":\"ImageObject\",\"inLanguage\":\"es\",\"@id\":\"https:\/\/www.noticiasradioreflejos.com.ar\/2021\/apuntan-a-crear-un-modelo-argentino-de-gestion-de-seguridad-para-los-bomberos\/#primaryimage\",\"url\":\"https:\/\/www.noticiasradioreflejos.com.ar\/2021\/wp-content\/uploads\/2017\/01\/66094_3.jpg\",\"contentUrl\":\"https:\/\/www.noticiasradioreflejos.com.ar\/2021\/wp-content\/uploads\/2017\/01\/66094_3.jpg\",\"width\":600,\"height\":337},{\"@type\":\"BreadcrumbList\",\"@id\":\"https:\/\/www.noticiasradioreflejos.com.ar\/2021\/apuntan-a-crear-un-modelo-argentino-de-gestion-de-seguridad-para-los-bomberos\/#breadcrumb\",\"itemListElement\":[{\"@type\":\"ListItem\",\"position\":1,\"name\":\"Portada\",\"item\":\"https:\/\/www.noticiasradioreflejos.com.ar\/2021\/\"},{\"@type\":\"ListItem\",\"position\":2,\"name\":\"Apuntan a crear un \u00abmodelo argentino\u00bb de gesti\u00f3n de seguridad para los bomberos\"}]},{\"@type\":\"WebSite\",\"@id\":\"https:\/\/www.noticiasradioreflejos.com.ar\/2021\/#website\",\"url\":\"https:\/\/www.noticiasradioreflejos.com.ar\/2021\/\",\"name\":\"Noticias Radio Reflejos\",\"description\":\"Las noticias de mi comarca\",\"potentialAction\":[{\"@type\":\"SearchAction\",\"target\":{\"@type\":\"EntryPoint\",\"urlTemplate\":\"https:\/\/www.noticiasradioreflejos.com.ar\/2021\/?s={search_term_string}\"},\"query-input\":{\"@type\":\"PropertyValueSpecification\",\"valueRequired\":true,\"valueName\":\"search_term_string\"}}],\"inLanguage\":\"es\"},{\"@type\":\"Person\",\"@id\":\"https:\/\/www.noticiasradioreflejos.com.ar\/2021\/#\/schema\/person\/ad82545263dcc5ec0996818884fd5fb1\",\"name\":\"Arnaldo Botto\",\"image\":{\"@type\":\"ImageObject\",\"inLanguage\":\"es\",\"@id\":\"https:\/\/www.noticiasradioreflejos.com.ar\/2021\/#\/schema\/person\/image\/\",\"url\":\"https:\/\/secure.gravatar.com\/avatar\/55cb5e37c1efa326397366e6974cb338056df65cb50e7d64d1cf314e87504837?s=96&d=mm&r=g\",\"contentUrl\":\"https:\/\/secure.gravatar.com\/avatar\/55cb5e37c1efa326397366e6974cb338056df65cb50e7d64d1cf314e87504837?s=96&d=mm&r=g\",\"caption\":\"Arnaldo Botto\"},\"url\":\"https:\/\/www.noticiasradioreflejos.com.ar\/2021\/author\/arnaldo\/\"}]}<\/script>\n<!-- \/ Yoast SEO plugin. -->","yoast_head_json":{"title":"Apuntan a crear un \"modelo argentino\" de gesti\u00f3n de seguridad para los bomberos - Noticias Radio Reflejos","robots":{"index":"index","follow":"follow","max-snippet":"max-snippet:-1","max-image-preview":"max-image-preview:large","max-video-preview":"max-video-preview:-1"},"canonical":"https:\/\/www.noticiasradioreflejos.com.ar\/2021\/apuntan-a-crear-un-modelo-argentino-de-gestion-de-seguridad-para-los-bomberos\/","og_locale":"es_ES","og_type":"article","og_title":"Apuntan a crear un \"modelo argentino\" de gesti\u00f3n de seguridad para los bomberos - Noticias Radio Reflejos","og_description":"La necesidad de desarrollar un \u201cmodelo argentino\u201d de gesti\u00f3n de seguridad en bomberos que consolide los modelos internacionales con los aprendizajes locales y evitar as\u00ed muertes en siniestros tal como sucedi\u00f3 en Iron Mountain o en una perfumer\u00eda de Villa Crespo, fue desarrollada en una jornada organizada por el Ministerio de Seguridad de la Naci\u00f3n, [&hellip;]","og_url":"https:\/\/www.noticiasradioreflejos.com.ar\/2021\/apuntan-a-crear-un-modelo-argentino-de-gestion-de-seguridad-para-los-bomberos\/","og_site_name":"Noticias Radio Reflejos","article_published_time":"2020-09-26T22:09:09+00:00","og_image":[{"width":600,"height":337,"url":"https:\/\/www.noticiasradioreflejos.com.ar\/2021\/wp-content\/uploads\/2017\/01\/66094_3.jpg","type":"image\/jpeg"}],"author":"Arnaldo Botto","twitter_card":"summary_large_image","schema":{"@context":"https:\/\/schema.org","@graph":[{"@type":"WebPage","@id":"https:\/\/www.noticiasradioreflejos.com.ar\/2021\/apuntan-a-crear-un-modelo-argentino-de-gestion-de-seguridad-para-los-bomberos\/","url":"https:\/\/www.noticiasradioreflejos.com.ar\/2021\/apuntan-a-crear-un-modelo-argentino-de-gestion-de-seguridad-para-los-bomberos\/","name":"Apuntan a crear un \"modelo argentino\" de gesti\u00f3n de seguridad para los bomberos - Noticias Radio Reflejos","isPartOf":{"@id":"https:\/\/www.noticiasradioreflejos.com.ar\/2021\/#website"},"primaryImageOfPage":{"@id":"https:\/\/www.noticiasradioreflejos.com.ar\/2021\/apuntan-a-crear-un-modelo-argentino-de-gestion-de-seguridad-para-los-bomberos\/#primaryimage"},"image":{"@id":"https:\/\/www.noticiasradioreflejos.com.ar\/2021\/apuntan-a-crear-un-modelo-argentino-de-gestion-de-seguridad-para-los-bomberos\/#primaryimage"},"thumbnailUrl":"https:\/\/www.noticiasradioreflejos.com.ar\/2021\/wp-content\/uploads\/2017\/01\/66094_3.jpg","datePublished":"2020-09-26T22:09:09+00:00","author":{"@id":"https:\/\/www.noticiasradioreflejos.com.ar\/2021\/#\/schema\/person\/ad82545263dcc5ec0996818884fd5fb1"},"breadcrumb":{"@id":"https:\/\/www.noticiasradioreflejos.com.ar\/2021\/apuntan-a-crear-un-modelo-argentino-de-gestion-de-seguridad-para-los-bomberos\/#breadcrumb"},"inLanguage":"es","potentialAction":[{"@type":"ReadAction","target":["https:\/\/www.noticiasradioreflejos.com.ar\/2021\/apuntan-a-crear-un-modelo-argentino-de-gestion-de-seguridad-para-los-bomberos\/"]}]},{"@type":"ImageObject","inLanguage":"es","@id":"https:\/\/www.noticiasradioreflejos.com.ar\/2021\/apuntan-a-crear-un-modelo-argentino-de-gestion-de-seguridad-para-los-bomberos\/#primaryimage","url":"https:\/\/www.noticiasradioreflejos.com.ar\/2021\/wp-content\/uploads\/2017\/01\/66094_3.jpg","contentUrl":"https:\/\/www.noticiasradioreflejos.com.ar\/2021\/wp-content\/uploads\/2017\/01\/66094_3.jpg","width":600,"height":337},{"@type":"BreadcrumbList","@id":"https:\/\/www.noticiasradioreflejos.com.ar\/2021\/apuntan-a-crear-un-modelo-argentino-de-gestion-de-seguridad-para-los-bomberos\/#breadcrumb","itemListElement":[{"@type":"ListItem","position":1,"name":"Portada","item":"https:\/\/www.noticiasradioreflejos.com.ar\/2021\/"},{"@type":"ListItem","position":2,"name":"Apuntan a crear un \u00abmodelo argentino\u00bb de gesti\u00f3n de seguridad para los bomberos"}]},{"@type":"WebSite","@id":"https:\/\/www.noticiasradioreflejos.com.ar\/2021\/#website","url":"https:\/\/www.noticiasradioreflejos.com.ar\/2021\/","name":"Noticias Radio Reflejos","description":"Las noticias de mi comarca","potentialAction":[{"@type":"SearchAction","target":{"@type":"EntryPoint","urlTemplate":"https:\/\/www.noticiasradioreflejos.com.ar\/2021\/?s={search_term_string}"},"query-input":{"@type":"PropertyValueSpecification","valueRequired":true,"valueName":"search_term_string"}}],"inLanguage":"es"},{"@type":"Person","@id":"https:\/\/www.noticiasradioreflejos.com.ar\/2021\/#\/schema\/person\/ad82545263dcc5ec0996818884fd5fb1","name":"Arnaldo Botto","image":{"@type":"ImageObject","inLanguage":"es","@id":"https:\/\/www.noticiasradioreflejos.com.ar\/2021\/#\/schema\/person\/image\/","url":"https:\/\/secure.gravatar.com\/avatar\/55cb5e37c1efa326397366e6974cb338056df65cb50e7d64d1cf314e87504837?s=96&d=mm&r=g","contentUrl":"https:\/\/secure.gravatar.com\/avatar\/55cb5e37c1efa326397366e6974cb338056df65cb50e7d64d1cf314e87504837?s=96&d=mm&r=g","caption":"Arnaldo Botto"},"url":"https:\/\/www.noticiasradioreflejos.com.ar\/2021\/author\/arnaldo\/"}]}},"_links":{"self":[{"href":"https:\/\/www.noticiasradioreflejos.com.ar\/2021\/wp-json\/wp\/v2\/posts\/47365","targetHints":{"allow":["GET"]}}],"collection":[{"href":"https:\/\/www.noticiasradioreflejos.com.ar\/2021\/wp-json\/wp\/v2\/posts"}],"about":[{"href":"https:\/\/www.noticiasradioreflejos.com.ar\/2021\/wp-json\/wp\/v2\/types\/post"}],"author":[{"embeddable":true,"href":"https:\/\/www.noticiasradioreflejos.com.ar\/2021\/wp-json\/wp\/v2\/users\/3"}],"replies":[{"embeddable":true,"href":"https:\/\/www.noticiasradioreflejos.com.ar\/2021\/wp-json\/wp\/v2\/comments?post=47365"}],"version-history":[{"count":0,"href":"https:\/\/www.noticiasradioreflejos.com.ar\/2021\/wp-json\/wp\/v2\/posts\/47365\/revisions"}],"wp:featuredmedia":[{"embeddable":true,"href":"https:\/\/www.noticiasradioreflejos.com.ar\/2021\/wp-json\/wp\/v2\/media\/6235"}],"wp:attachment":[{"href":"https:\/\/www.noticiasradioreflejos.com.ar\/2021\/wp-json\/wp\/v2\/media?parent=47365"}],"wp:term":[{"taxonomy":"category","embeddable":true,"href":"https:\/\/www.noticiasradioreflejos.com.ar\/2021\/wp-json\/wp\/v2\/categories?post=47365"},{"taxonomy":"post_tag","embeddable":true,"href":"https:\/\/www.noticiasradioreflejos.com.ar\/2021\/wp-json\/wp\/v2\/tags?post=47365"}],"curies":[{"name":"wp","href":"https:\/\/api.w.org\/{rel}","templated":true}]}}