{"id":47355,"date":"2020-09-25T20:50:07","date_gmt":"2020-09-25T23:50:07","guid":{"rendered":"http:\/\/www.noticiasradioreflejos.com.ar\/noticias\/?p=47355"},"modified":"2020-09-25T20:50:07","modified_gmt":"2020-09-25T23:50:07","slug":"covid-19-en-tornquist-ya-podemos-hablar-claramente-de-circulacion-comunitaria","status":"publish","type":"post","link":"https:\/\/www.noticiasradioreflejos.com.ar\/2021\/covid-19-en-tornquist-ya-podemos-hablar-claramente-de-circulacion-comunitaria\/","title":{"rendered":"Covid-19 en Tornquist: \u201cYa podemos hablar claramente de circulaci\u00f3n comunitaria\u201d"},"content":{"rendered":"<p>Lo confirm\u00f3 el Dr. Daniel Barca, Director M\u00e9dico del municipo, quien tambi\u00e9n anunci\u00f3 que aislaran a la poblaci\u00f3n de Geri\u00e1trico Municipal por tres casos positivos y afirm\u00f3 que las cuatro camas de coronavirus del hospital est\u00e1n ocupadas. Tambi\u00e9n habl\u00f3 Ezequiel Gabella.<br \/>\n<!--more--><\/p>\n<p>En conferencia de prensa, este viernes el Dr. Daniel Barca, Director M\u00e9dico del municipio, asegur\u00f3 que \u201cya podemos hablar claramente de circulaci\u00f3n comunitaria\u201d del Covid-19 en Tornquist, teniendo en cuenta que en algunos de los \u00faltimos casos positivos no se pudo establecer el nexo de contagio.<\/p>\n<p>\u201cEstamos teniendo un rebrote y tenemos casos positivos en los que no podemos determinar los nexos, por lo cual ya podemos hablar claramente de circulaci\u00f3n comunitaria. Por consiguiente, debemos tomar una serie de medidas preventivas esperando un flujo de casos que pueden llegar a saturar nuestro sistema sanitario\u201d, manifest\u00f3.<\/p>\n<p>El profesional indic\u00f3 que los 32 casos activos actualmente son todos de la ciudad de Tornquist. \u201cDos pacientes de la zona rural alejada, lindante a Puan, fueron dados de alta y un activo de Chasic\u00f3 est\u00e1 por ser dado de alta tambi\u00e9n, por lo que el foco m\u00e1s importante de circulaci\u00f3n del virus es en la localidad cabecera\u201d.<\/p>\n<p>\u201cTenemos un \u00edndice alto de fallecimientos, tres parece poco pero son muchos\u201d, asegur\u00f3.<\/p>\n<p>Asimismo, confirm\u00f3 tres casos positivos en el Geri\u00e1trico Municipal. \u201cAfortunadamente se encuentran en muy buen estado de salud, pas\u00e1ndolo casi sin s\u00edntomas\u201d, precis\u00f3 y adelant\u00f3 que \u201cestamos tomando medidas precautorias para poder hacer una contenci\u00f3n del foco dentro del hogar\u201d.<\/p>\n<p>\u201cLa medida principal es hacer un aislamiento en burbuja, que es dentro del hogar, donde aisla a la poblaci\u00f3n del lugar y al personal \u2013continu\u00f3-. Se sigue trabajando sobre el residente y sigue trabajando el mismo personal, y no se tiene interacci\u00f3n con la poblaci\u00f3n. De esa forma, se puede seguir dando asistencia al residente, no se le cambia mucho su mec\u00e1nica y se le puede dar contenci\u00f3n\u201d.<\/p>\n<p>\u201cTodo ello, a la luz que el principal centro de derivaci\u00f3n cr\u00edticos para nosotros es Bah\u00eda Blanca y hoy la ciudad tiene el sistema de salud saturado\u201d, dijo.<\/p>\n<p>En esa direcci\u00f3n, Barca explic\u00f3 que \u201cla medida inicial vamos a mudar la poblaci\u00f3n del hogar a otro establecimiento (un hotel) que nos va a dar algunas ventajas para poder aislarlos: nos va a permitir esos peque\u00f1os aislamientos de los pacientes que ya sean positivos y una mejor maniobrabilidad en la prevenci\u00f3n y el uso de los elementos del personal; y, al mismo tiempo, en la estructura del hogar ampliar la zona nuestra de Covid con camas para dar respuesta\u201d.<\/p>\n<p>Adem\u00e1s, al personal del Geri\u00e1trico \u201cse le est\u00e1 dando la posibilidad de aislarse en otro lugar para el que quiera salir de su casa y de su entorno familiar\u201d.<\/p>\n<p>Por otro lado, en cuanto a la ocupaci\u00f3n del sector de internaci\u00f3n del nosocomio, afirm\u00f3 que \u201cestamos saturados porque tenemos el 100% de las camas ocupadas, con cuatro pacientes internados\u201d. \u201cAl haber tenido durante dos semanas la mayor parte del tiempo la ocupaci\u00f3n m\u00e1xima, nos hace pensar que en cualquier momento vamos a tener desborde, por eso tomamos todas estas medidas\u201d, a\u00f1adi\u00f3.<\/p>\n<p>\u201cEl criterio de internaci\u00f3n de un paciente de Covid es el requerimiento de ox\u00edgeno, nada m\u00e1s que eso\u201d, dijo tambi\u00e9n.<\/p>\n<p>Por \u00faltimo, el Director M\u00e9dico reiter\u00f3 que \u201clo que m\u00e1s necesitamos es que por favor la gente nos ayude y tenga conciencia de respetar todas las medidas que les hemos dicho: no se junten, si tienen contacto, que sea con las medidas de prevenci\u00f3n como el tapaboca, estar en espacios abiertos, tener ventilados los ambientes y lavarse las manos permanentemente\u201d.<\/p>\n<p>LA PALABRA DE EZEQUIEL GABELLA<\/p>\n<p>De la conferencia de prensa, tambi\u00e9n fue parte el Secretario de Gobierno y Seguridad, Ezequiel Gabella, quien afirm\u00f3 que \u201cpor ahora, en el breve plazo, no est\u00e1 en carpeta\u201d retroceder de fase de la cuarentena.<\/p>\n<p>\u201cCada vez que uno tiene que tomar la decisi\u00f3n de la modificaci\u00f3n del sistema de fases, no solamente juegan factores sanitarios, sino tambi\u00e9n otros que hay que tener en cuenta, como la situaci\u00f3n de angustia que vive la sociedad\u201d, sostuvo.<\/p>\n<p>\u201cHay una sencilla raz\u00f3n en la que nadie te asegura un resultado favorable con el cambio de fase. Si se analiza la manera en la que se dan los contagios, ninguno lo hizo yendo a un restaurant o a comprar a un comercio no esencial, sino que la gran mayor\u00eda de los casos se dieron porque alguien tuvo contacto estrecho m\u00e1s relacionado con las relaciones sociales, porque se reuni\u00f3 la familia o porque se junt\u00f3 un grupo de amigos. Un retroceso de fase en este contexto no nos asegura un control del brote\u201d, afirm\u00f3.<\/p>\n<p>Gabella manifest\u00f3 que \u201ccomo claro ejemplo est\u00e1 lo que pas\u00f3 en el AMBA, que estaba en fase 1 y no hizo otra cosa que seguir creciendo d\u00eda a d\u00eda en los niveles de contagio; queda en claro que no depende tanto de una cuesti\u00f3n de fases, sino de responsabilidad individual\u201d.<\/p>\n<p>\u201cEl sistema de fases sirvi\u00f3 para darle tiempo al sistema de salud de estar preparado para algo que est\u00e1 pasando ahora \u2013continu\u00f3-. No es momento de tomar medidas populistas con retrocesos de fase que no ser\u00edan una garant\u00eda. Por ahora no est\u00e1 en carpeta en el breve plazo tomar ese tipo de medida\u201d.<\/p>\n<p><iframe loading=\"lazy\" src=\"https:\/\/www.youtube.com\/embed\/cb_DJk3KItg\" width=\"352\" height=\"314\" frameborder=\"0\" allowfullscreen=\"allowfullscreen\"><\/iframe><\/p>\n","protected":false},"excerpt":{"rendered":"<p>Lo confirm\u00f3 el Dr. Daniel Barca, Director M\u00e9dico del municipo, quien tambi\u00e9n anunci\u00f3 que aislaran a la poblaci\u00f3n de Geri\u00e1trico Municipal por tres casos positivos y afirm\u00f3 que las cuatro camas de coronavirus del hospital est\u00e1n ocupadas. Tambi\u00e9n habl\u00f3 Ezequiel Gabella.<\/p>\n","protected":false},"author":3,"featured_media":0,"comment_status":"closed","ping_status":"open","sticky":false,"template":"","format":"standard","meta":{"footnotes":""},"categories":[30],"tags":[],"class_list":["post-47355","post","type-post","status-publish","format-standard","hentry","category-salud"],"yoast_head":"<!-- This site is optimized with the Yoast SEO plugin v25.9 - https:\/\/yoast.com\/wordpress\/plugins\/seo\/ -->\n<title>Covid-19 en Tornquist: \u201cYa podemos hablar claramente de circulaci\u00f3n comunitaria\u201d - Noticias Radio Reflejos<\/title>\n<meta name=\"robots\" content=\"index, follow, max-snippet:-1, max-image-preview:large, max-video-preview:-1\" \/>\n<link rel=\"canonical\" href=\"https:\/\/www.noticiasradioreflejos.com.ar\/2021\/covid-19-en-tornquist-ya-podemos-hablar-claramente-de-circulacion-comunitaria\/\" \/>\n<meta property=\"og:locale\" content=\"es_ES\" \/>\n<meta property=\"og:type\" content=\"article\" \/>\n<meta property=\"og:title\" content=\"Covid-19 en Tornquist: \u201cYa podemos hablar claramente de circulaci\u00f3n comunitaria\u201d - Noticias Radio Reflejos\" \/>\n<meta property=\"og:description\" content=\"Lo confirm\u00f3 el Dr. Daniel Barca, Director M\u00e9dico del municipo, quien tambi\u00e9n anunci\u00f3 que aislaran a la poblaci\u00f3n de Geri\u00e1trico Municipal por tres casos positivos y afirm\u00f3 que las cuatro camas de coronavirus del hospital est\u00e1n ocupadas. Tambi\u00e9n habl\u00f3 Ezequiel Gabella.\" \/>\n<meta property=\"og:url\" content=\"https:\/\/www.noticiasradioreflejos.com.ar\/2021\/covid-19-en-tornquist-ya-podemos-hablar-claramente-de-circulacion-comunitaria\/\" \/>\n<meta property=\"og:site_name\" content=\"Noticias Radio Reflejos\" \/>\n<meta property=\"article:published_time\" content=\"2020-09-25T23:50:07+00:00\" \/>\n<meta property=\"og:image\" content=\"https:\/\/www.noticiasradioreflejos.com.ar\/2021\/wp-content\/uploads\/2021\/07\/logosol300x200.png\" \/>\n\t<meta property=\"og:image:width\" content=\"300\" \/>\n\t<meta property=\"og:image:height\" content=\"200\" \/>\n\t<meta property=\"og:image:type\" content=\"image\/png\" \/>\n<meta name=\"author\" content=\"Arnaldo Botto\" \/>\n<meta name=\"twitter:card\" content=\"summary_large_image\" \/>\n<script type=\"application\/ld+json\" class=\"yoast-schema-graph\">{\"@context\":\"https:\/\/schema.org\",\"@graph\":[{\"@type\":\"WebPage\",\"@id\":\"https:\/\/www.noticiasradioreflejos.com.ar\/2021\/covid-19-en-tornquist-ya-podemos-hablar-claramente-de-circulacion-comunitaria\/\",\"url\":\"https:\/\/www.noticiasradioreflejos.com.ar\/2021\/covid-19-en-tornquist-ya-podemos-hablar-claramente-de-circulacion-comunitaria\/\",\"name\":\"Covid-19 en Tornquist: \u201cYa podemos hablar claramente de circulaci\u00f3n comunitaria\u201d - Noticias Radio Reflejos\",\"isPartOf\":{\"@id\":\"https:\/\/www.noticiasradioreflejos.com.ar\/2021\/#website\"},\"datePublished\":\"2020-09-25T23:50:07+00:00\",\"author\":{\"@id\":\"https:\/\/www.noticiasradioreflejos.com.ar\/2021\/#\/schema\/person\/ad82545263dcc5ec0996818884fd5fb1\"},\"breadcrumb\":{\"@id\":\"https:\/\/www.noticiasradioreflejos.com.ar\/2021\/covid-19-en-tornquist-ya-podemos-hablar-claramente-de-circulacion-comunitaria\/#breadcrumb\"},\"inLanguage\":\"es\",\"potentialAction\":[{\"@type\":\"ReadAction\",\"target\":[\"https:\/\/www.noticiasradioreflejos.com.ar\/2021\/covid-19-en-tornquist-ya-podemos-hablar-claramente-de-circulacion-comunitaria\/\"]}]},{\"@type\":\"BreadcrumbList\",\"@id\":\"https:\/\/www.noticiasradioreflejos.com.ar\/2021\/covid-19-en-tornquist-ya-podemos-hablar-claramente-de-circulacion-comunitaria\/#breadcrumb\",\"itemListElement\":[{\"@type\":\"ListItem\",\"position\":1,\"name\":\"Portada\",\"item\":\"https:\/\/www.noticiasradioreflejos.com.ar\/2021\/\"},{\"@type\":\"ListItem\",\"position\":2,\"name\":\"Covid-19 en Tornquist: \u201cYa podemos hablar claramente de circulaci\u00f3n comunitaria\u201d\"}]},{\"@type\":\"WebSite\",\"@id\":\"https:\/\/www.noticiasradioreflejos.com.ar\/2021\/#website\",\"url\":\"https:\/\/www.noticiasradioreflejos.com.ar\/2021\/\",\"name\":\"Noticias Radio Reflejos\",\"description\":\"Las noticias de mi comarca\",\"potentialAction\":[{\"@type\":\"SearchAction\",\"target\":{\"@type\":\"EntryPoint\",\"urlTemplate\":\"https:\/\/www.noticiasradioreflejos.com.ar\/2021\/?s={search_term_string}\"},\"query-input\":{\"@type\":\"PropertyValueSpecification\",\"valueRequired\":true,\"valueName\":\"search_term_string\"}}],\"inLanguage\":\"es\"},{\"@type\":\"Person\",\"@id\":\"https:\/\/www.noticiasradioreflejos.com.ar\/2021\/#\/schema\/person\/ad82545263dcc5ec0996818884fd5fb1\",\"name\":\"Arnaldo Botto\",\"image\":{\"@type\":\"ImageObject\",\"inLanguage\":\"es\",\"@id\":\"https:\/\/www.noticiasradioreflejos.com.ar\/2021\/#\/schema\/person\/image\/\",\"url\":\"https:\/\/secure.gravatar.com\/avatar\/55cb5e37c1efa326397366e6974cb338056df65cb50e7d64d1cf314e87504837?s=96&d=mm&r=g\",\"contentUrl\":\"https:\/\/secure.gravatar.com\/avatar\/55cb5e37c1efa326397366e6974cb338056df65cb50e7d64d1cf314e87504837?s=96&d=mm&r=g\",\"caption\":\"Arnaldo Botto\"},\"url\":\"https:\/\/www.noticiasradioreflejos.com.ar\/2021\/author\/arnaldo\/\"}]}<\/script>\n<!-- \/ Yoast SEO plugin. -->","yoast_head_json":{"title":"Covid-19 en Tornquist: \u201cYa podemos hablar claramente de circulaci\u00f3n comunitaria\u201d - Noticias Radio Reflejos","robots":{"index":"index","follow":"follow","max-snippet":"max-snippet:-1","max-image-preview":"max-image-preview:large","max-video-preview":"max-video-preview:-1"},"canonical":"https:\/\/www.noticiasradioreflejos.com.ar\/2021\/covid-19-en-tornquist-ya-podemos-hablar-claramente-de-circulacion-comunitaria\/","og_locale":"es_ES","og_type":"article","og_title":"Covid-19 en Tornquist: \u201cYa podemos hablar claramente de circulaci\u00f3n comunitaria\u201d - Noticias Radio Reflejos","og_description":"Lo confirm\u00f3 el Dr. Daniel Barca, Director M\u00e9dico del municipo, quien tambi\u00e9n anunci\u00f3 que aislaran a la poblaci\u00f3n de Geri\u00e1trico Municipal por tres casos positivos y afirm\u00f3 que las cuatro camas de coronavirus del hospital est\u00e1n ocupadas. Tambi\u00e9n habl\u00f3 Ezequiel Gabella.","og_url":"https:\/\/www.noticiasradioreflejos.com.ar\/2021\/covid-19-en-tornquist-ya-podemos-hablar-claramente-de-circulacion-comunitaria\/","og_site_name":"Noticias Radio Reflejos","article_published_time":"2020-09-25T23:50:07+00:00","og_image":[{"width":300,"height":200,"url":"https:\/\/www.noticiasradioreflejos.com.ar\/2021\/wp-content\/uploads\/2021\/07\/logosol300x200.png","type":"image\/png"}],"author":"Arnaldo Botto","twitter_card":"summary_large_image","schema":{"@context":"https:\/\/schema.org","@graph":[{"@type":"WebPage","@id":"https:\/\/www.noticiasradioreflejos.com.ar\/2021\/covid-19-en-tornquist-ya-podemos-hablar-claramente-de-circulacion-comunitaria\/","url":"https:\/\/www.noticiasradioreflejos.com.ar\/2021\/covid-19-en-tornquist-ya-podemos-hablar-claramente-de-circulacion-comunitaria\/","name":"Covid-19 en Tornquist: \u201cYa podemos hablar claramente de circulaci\u00f3n comunitaria\u201d - Noticias Radio Reflejos","isPartOf":{"@id":"https:\/\/www.noticiasradioreflejos.com.ar\/2021\/#website"},"datePublished":"2020-09-25T23:50:07+00:00","author":{"@id":"https:\/\/www.noticiasradioreflejos.com.ar\/2021\/#\/schema\/person\/ad82545263dcc5ec0996818884fd5fb1"},"breadcrumb":{"@id":"https:\/\/www.noticiasradioreflejos.com.ar\/2021\/covid-19-en-tornquist-ya-podemos-hablar-claramente-de-circulacion-comunitaria\/#breadcrumb"},"inLanguage":"es","potentialAction":[{"@type":"ReadAction","target":["https:\/\/www.noticiasradioreflejos.com.ar\/2021\/covid-19-en-tornquist-ya-podemos-hablar-claramente-de-circulacion-comunitaria\/"]}]},{"@type":"BreadcrumbList","@id":"https:\/\/www.noticiasradioreflejos.com.ar\/2021\/covid-19-en-tornquist-ya-podemos-hablar-claramente-de-circulacion-comunitaria\/#breadcrumb","itemListElement":[{"@type":"ListItem","position":1,"name":"Portada","item":"https:\/\/www.noticiasradioreflejos.com.ar\/2021\/"},{"@type":"ListItem","position":2,"name":"Covid-19 en Tornquist: \u201cYa podemos hablar claramente de circulaci\u00f3n comunitaria\u201d"}]},{"@type":"WebSite","@id":"https:\/\/www.noticiasradioreflejos.com.ar\/2021\/#website","url":"https:\/\/www.noticiasradioreflejos.com.ar\/2021\/","name":"Noticias Radio Reflejos","description":"Las noticias de mi comarca","potentialAction":[{"@type":"SearchAction","target":{"@type":"EntryPoint","urlTemplate":"https:\/\/www.noticiasradioreflejos.com.ar\/2021\/?s={search_term_string}"},"query-input":{"@type":"PropertyValueSpecification","valueRequired":true,"valueName":"search_term_string"}}],"inLanguage":"es"},{"@type":"Person","@id":"https:\/\/www.noticiasradioreflejos.com.ar\/2021\/#\/schema\/person\/ad82545263dcc5ec0996818884fd5fb1","name":"Arnaldo Botto","image":{"@type":"ImageObject","inLanguage":"es","@id":"https:\/\/www.noticiasradioreflejos.com.ar\/2021\/#\/schema\/person\/image\/","url":"https:\/\/secure.gravatar.com\/avatar\/55cb5e37c1efa326397366e6974cb338056df65cb50e7d64d1cf314e87504837?s=96&d=mm&r=g","contentUrl":"https:\/\/secure.gravatar.com\/avatar\/55cb5e37c1efa326397366e6974cb338056df65cb50e7d64d1cf314e87504837?s=96&d=mm&r=g","caption":"Arnaldo Botto"},"url":"https:\/\/www.noticiasradioreflejos.com.ar\/2021\/author\/arnaldo\/"}]}},"_links":{"self":[{"href":"https:\/\/www.noticiasradioreflejos.com.ar\/2021\/wp-json\/wp\/v2\/posts\/47355","targetHints":{"allow":["GET"]}}],"collection":[{"href":"https:\/\/www.noticiasradioreflejos.com.ar\/2021\/wp-json\/wp\/v2\/posts"}],"about":[{"href":"https:\/\/www.noticiasradioreflejos.com.ar\/2021\/wp-json\/wp\/v2\/types\/post"}],"author":[{"embeddable":true,"href":"https:\/\/www.noticiasradioreflejos.com.ar\/2021\/wp-json\/wp\/v2\/users\/3"}],"replies":[{"embeddable":true,"href":"https:\/\/www.noticiasradioreflejos.com.ar\/2021\/wp-json\/wp\/v2\/comments?post=47355"}],"version-history":[{"count":0,"href":"https:\/\/www.noticiasradioreflejos.com.ar\/2021\/wp-json\/wp\/v2\/posts\/47355\/revisions"}],"wp:attachment":[{"href":"https:\/\/www.noticiasradioreflejos.com.ar\/2021\/wp-json\/wp\/v2\/media?parent=47355"}],"wp:term":[{"taxonomy":"category","embeddable":true,"href":"https:\/\/www.noticiasradioreflejos.com.ar\/2021\/wp-json\/wp\/v2\/categories?post=47355"},{"taxonomy":"post_tag","embeddable":true,"href":"https:\/\/www.noticiasradioreflejos.com.ar\/2021\/wp-json\/wp\/v2\/tags?post=47355"}],"curies":[{"name":"wp","href":"https:\/\/api.w.org\/{rel}","templated":true}]}}