{"id":47350,"date":"2020-09-25T17:10:37","date_gmt":"2020-09-25T20:10:37","guid":{"rendered":"http:\/\/www.noticiasradioreflejos.com.ar\/noticias\/?p=47350"},"modified":"2020-09-25T17:10:37","modified_gmt":"2020-09-25T20:10:37","slug":"curso-de-formacion-tecnico-profesional-para-guias-de-senderismo-en-montana-sierras-selva-o-estepa","status":"publish","type":"post","link":"https:\/\/www.noticiasradioreflejos.com.ar\/2021\/curso-de-formacion-tecnico-profesional-para-guias-de-senderismo-en-montana-sierras-selva-o-estepa\/","title":{"rendered":"Curso de Formaci\u00f3n T\u00e9cnico-Profesional para Gu\u00edas de Senderismo en Monta\u00f1a, Sierras, Selva o Estepa"},"content":{"rendered":"<p>Del 22 al 29 de Noviembre. Tornquist, Provincia de Buenos Aires<!--more--><\/p>\n<p>Este curso busca que los alumnos puedan aplicar adquirir y aplicar los conocimientos esenciales y las habilidades pr\u00e1cticas necesarias para poder guiar excursiones en terreno que no supere el grado 2 de dificultad (sendero delimitado y\/o habilitado por la autoridad competente sin dificultad donde no es necesario el uso de manos para mantener el equilibrio, sin exposici\u00f3n al vac\u00edo a ca\u00eddas, excluyendo zonas glaciarias de ablaci\u00f3n o glaciar descubierto de nieve; o t\u00e9cnicas de progresi\u00f3n que requieran seguridad con cuerdas y\/o elementos t\u00e9cnicos ), queda excluida de la incumbencia la realizaci\u00f3n de actividades donde la nieve pueda intervenir como factor meteorol\u00f3gico y condicionar el normal desenvolvimiento de la excursi\u00f3n.<\/p>\n<p>El #Gu\u00edadeSenderismo #AAETAV tambi\u00e9n podr\u00e1 organizar y tomar decisiones operativas y administrativas, liderando grupos de personas y\/o clientes en cotas hasta los 4500 msnm. facilitando el disfrute del cliente en contacto con el medio natural con seguridad y t\u00e9cnica. Adicionalmente, el #Gu\u00edadeSenderismoAAETAV cumple con los requisitos de la norma ISO 21102-2020 para homologaci\u00f3n internacional.<\/p>\n<p>La Asociaci\u00f3n Argentina de Ecoturismo y Turismo Aventura es la \u00fanica organizaci\u00f3n del sector privado que forma y certifica oficialmente gu\u00edas de senderismo con alcance nacional bajo resoluci\u00f3n del Ministerio de Trabajo, Empleo y Seguridad Social de la Naci\u00f3n | Res. 1063\/2016, adem\u00e1s de ser el \u00fanico Organismo de Certificaci\u00f3n Sectorial de Competencias Laborales para el sector de Turismo de Naturaleza, inscripta bajo n\u00famero 98416015 bajo par\u00e1metros de la Organizaci\u00f3n Internacional del Trabajo. Y es entidad formadora de gu\u00edas especializados ante la Administraci\u00f3n de Parques Nacionales.<\/p>\n<p>Este curso tiene como objetivo proveer un m\u00ednimo de habilidades y entrenamiento para formar un gu\u00eda de senderismo que lidere grupos de senderistas con un nivel de habilidad en condiciones ambientales favorables. El \u00e9nfasis en el curso es el liderazgo, planificaci\u00f3n, seguridad y la interpretaci\u00f3n del grupo y el ambiente. Tambi\u00e9n estar\u00e1 capacitado para ense\u00f1ar y divulgar los conocimientos relativos a las t\u00e9cnicas y actividades del senderimo, campamentismo y dem\u00e1s aspectos relacionados a la actividad y al medio.<\/p>\n<p>Tem\u00e1tica:<br \/>\na. Fisiolog\u00eda y prevenci\u00f3n.<br \/>\nb. Interpretaci\u00f3n y trazado de itinerarios,<br \/>\nc. Dise\u00f1o de itinerarios.<br \/>\nd. Legislaci\u00f3n local y nacional de turismo,<br \/>\ne. Geograf\u00eda local, y mapeo nacional. Zonas geogr\u00e1ficas,<br \/>\nf. B\u00e1sicos de meteorolog\u00eda,<br \/>\ng. Psicolog\u00eda, din\u00e1micas de grupo en ambientes agrestes.<br \/>\nh. Materiales, preparaci\u00f3n, administraci\u00f3n, uso, reparaciones b\u00e1sicas.<br \/>\ni. Cabuyer\u00eda, nudos y sistemas usuales.<br \/>\nj. Gesti\u00f3n de riesgos aplicado, planillas de control, preparaci\u00f3n de salida, asistencia al gu\u00eda, chequeo del grupo.<br \/>\nk. Liderazgo,<br \/>\nl. T\u00e9cnica de guiada, caminatas, ritmos, ascenso, descenso, armado de mochilas, disposici\u00f3n de equipos, limpieza, funcionamiento. Log\u00edstica, abastecimiento, contrataci\u00f3n, sustituci\u00f3n, listas de chequeo b\u00e1sico. No deje rastro.<br \/>\nm. Filosof\u00eda y \u00e9tica profesional del gu\u00eda de senderismo.<br \/>\nn. B\u00e1sicos de interpretaci\u00f3n ambiental.<br \/>\no. Pr\u00e1cticas y acampe en terrenos variados, higiene de campamento, b\u00e1sicos de supervivencia.<br \/>\np. T\u00e9cnicas y procedimientos ante emergencias.<br \/>\nq. Equipamientos espec\u00edficos (VHF\u2019s, DeLorme, Spot).<br \/>\nr. Pr\u00e1cticas de guiado: Charla de seguridad -incluye explicaci\u00f3n de los riesgos involucrados, ajuste correcto del equipo, evaluaci\u00f3n de cargas, calzado y otras ropas necesarias, posici\u00f3n de ascenso y descenso) Evaluaci\u00f3n: reconocer y entender las limitaciones del grupo y as\u00ed escoger las l\u00edneas apropiadas. Toma de decisiones.<br \/>\ns. Primera respuesta, situaciones potenciales (Hipotermia \/ hipertermia, etc.).<br \/>\nt. Responsabilidades y deberes del gu\u00eda.<br \/>\nu. Expedici\u00f3n \/ traves\u00eda te\u00f3rico pr\u00e1ctica evaluativa.<\/p>\n<p>Metodolog\u00eda<br \/>\n\u2022 Te\u00f3rico \u2013 Pr\u00e1ctico.<\/p>\n<p>Correlatividades<br \/>\nPrevia<br \/>\n&#8211; Auxiliar de Traves\u00edas en Ambientes Naturales.<br \/>\n&#8211; Liderazgo y Gesti\u00f3n de Riesgos en Ambientes Naturales.<br \/>\n&#8211; Socorrista en Ambientes Rurales, Naturales y Agrestes WFR-AAETAV.<br \/>\n&#8211; Rescatista en Ambientes Rurales, Naturales y Agrestes ByR-AAETAV.<br \/>\n&#8211; Auxiliar de Gu\u00eda de Senderismo.<\/p>\n<p>Nota: consultar por reconocimiento de equivalencias.<\/p>\n<p>Requisitos de ingreso<br \/>\nTener 18 a\u00f1os o m\u00e1s, saber leer y escribir. Curriculum de actividad deportiva en senderismo. Poseer excelente estado f\u00edsico y capacidad b\u00e1sica de nataci\u00f3n.<\/p>\n<p>Potencial salida laboral<br \/>\nEmpresas de turismo activo especializadas en actividades de senderismo y traves\u00edas en monta\u00f1a, estepa, sierra o selva. Soporte de fuerzas vivas y equipos de primera respuesta.<\/p>\n<p>Duraci\u00f3n y carga horaria<br \/>\nExtensi\u00f3n del curso (desde el inicio del mismo hasta su finalizaci\u00f3n): 08 d\u00edas<br \/>\nCantidad de horas totales del curso: 80<br \/>\nCantidad de d\u00edas de cursada: 08<br \/>\nCantidad de horas promedio por d\u00eda de cursada: 8 a 12, incluidas las t\u00e9cnicas de acampe, preparaci\u00f3n y ejecuci\u00f3n de traves\u00edas.<\/p>\n<p>Para m\u00e1s informaci\u00f3n, canon, requisitos de inscripci\u00f3n, experiencia previa y dem\u00e1s, comunicarse con capacitacion@aaetav.org.ar o por whatsapp a +5492944703256<\/p>\n<p>#SomosAAETAV #SomosAventura #Formaci\u00f3nProfesional #inspiramosaventuras #ParquesNacionales #HechosNoPalabras<\/p>\n","protected":false},"excerpt":{"rendered":"<p>Del 22 al 29 de Noviembre. Tornquist, Provincia de Buenos Aires<\/p>\n","protected":false},"author":3,"featured_media":0,"comment_status":"closed","ping_status":"open","sticky":false,"template":"","format":"standard","meta":{"footnotes":""},"categories":[33],"tags":[],"class_list":["post-47350","post","type-post","status-publish","format-standard","hentry","category-turismo"],"yoast_head":"<!-- This site is optimized with the Yoast SEO plugin v25.9 - https:\/\/yoast.com\/wordpress\/plugins\/seo\/ -->\n<title>Curso de Formaci\u00f3n T\u00e9cnico-Profesional para Gu\u00edas de Senderismo en Monta\u00f1a, Sierras, Selva o Estepa - Noticias Radio Reflejos<\/title>\n<meta name=\"robots\" content=\"index, follow, max-snippet:-1, max-image-preview:large, max-video-preview:-1\" \/>\n<link rel=\"canonical\" href=\"https:\/\/www.noticiasradioreflejos.com.ar\/2021\/curso-de-formacion-tecnico-profesional-para-guias-de-senderismo-en-montana-sierras-selva-o-estepa\/\" \/>\n<meta property=\"og:locale\" content=\"es_ES\" \/>\n<meta property=\"og:type\" content=\"article\" \/>\n<meta property=\"og:title\" content=\"Curso de Formaci\u00f3n T\u00e9cnico-Profesional para Gu\u00edas de Senderismo en Monta\u00f1a, Sierras, Selva o Estepa - Noticias Radio Reflejos\" \/>\n<meta property=\"og:description\" content=\"Del 22 al 29 de Noviembre. Tornquist, Provincia de Buenos Aires\" \/>\n<meta property=\"og:url\" content=\"https:\/\/www.noticiasradioreflejos.com.ar\/2021\/curso-de-formacion-tecnico-profesional-para-guias-de-senderismo-en-montana-sierras-selva-o-estepa\/\" \/>\n<meta property=\"og:site_name\" content=\"Noticias Radio Reflejos\" \/>\n<meta property=\"article:published_time\" content=\"2020-09-25T20:10:37+00:00\" \/>\n<meta property=\"og:image\" content=\"https:\/\/www.noticiasradioreflejos.com.ar\/2021\/wp-content\/uploads\/2021\/07\/logosol300x200.png\" \/>\n\t<meta property=\"og:image:width\" content=\"300\" \/>\n\t<meta property=\"og:image:height\" content=\"200\" \/>\n\t<meta property=\"og:image:type\" content=\"image\/png\" \/>\n<meta name=\"author\" content=\"Arnaldo Botto\" \/>\n<meta name=\"twitter:card\" content=\"summary_large_image\" \/>\n<script type=\"application\/ld+json\" class=\"yoast-schema-graph\">{\"@context\":\"https:\/\/schema.org\",\"@graph\":[{\"@type\":\"WebPage\",\"@id\":\"https:\/\/www.noticiasradioreflejos.com.ar\/2021\/curso-de-formacion-tecnico-profesional-para-guias-de-senderismo-en-montana-sierras-selva-o-estepa\/\",\"url\":\"https:\/\/www.noticiasradioreflejos.com.ar\/2021\/curso-de-formacion-tecnico-profesional-para-guias-de-senderismo-en-montana-sierras-selva-o-estepa\/\",\"name\":\"Curso de Formaci\u00f3n T\u00e9cnico-Profesional para Gu\u00edas de Senderismo en Monta\u00f1a, Sierras, Selva o Estepa - Noticias Radio Reflejos\",\"isPartOf\":{\"@id\":\"https:\/\/www.noticiasradioreflejos.com.ar\/2021\/#website\"},\"datePublished\":\"2020-09-25T20:10:37+00:00\",\"author\":{\"@id\":\"https:\/\/www.noticiasradioreflejos.com.ar\/2021\/#\/schema\/person\/ad82545263dcc5ec0996818884fd5fb1\"},\"breadcrumb\":{\"@id\":\"https:\/\/www.noticiasradioreflejos.com.ar\/2021\/curso-de-formacion-tecnico-profesional-para-guias-de-senderismo-en-montana-sierras-selva-o-estepa\/#breadcrumb\"},\"inLanguage\":\"es\",\"potentialAction\":[{\"@type\":\"ReadAction\",\"target\":[\"https:\/\/www.noticiasradioreflejos.com.ar\/2021\/curso-de-formacion-tecnico-profesional-para-guias-de-senderismo-en-montana-sierras-selva-o-estepa\/\"]}]},{\"@type\":\"BreadcrumbList\",\"@id\":\"https:\/\/www.noticiasradioreflejos.com.ar\/2021\/curso-de-formacion-tecnico-profesional-para-guias-de-senderismo-en-montana-sierras-selva-o-estepa\/#breadcrumb\",\"itemListElement\":[{\"@type\":\"ListItem\",\"position\":1,\"name\":\"Portada\",\"item\":\"https:\/\/www.noticiasradioreflejos.com.ar\/2021\/\"},{\"@type\":\"ListItem\",\"position\":2,\"name\":\"Curso de Formaci\u00f3n T\u00e9cnico-Profesional para Gu\u00edas de Senderismo en Monta\u00f1a, Sierras, Selva o Estepa\"}]},{\"@type\":\"WebSite\",\"@id\":\"https:\/\/www.noticiasradioreflejos.com.ar\/2021\/#website\",\"url\":\"https:\/\/www.noticiasradioreflejos.com.ar\/2021\/\",\"name\":\"Noticias Radio Reflejos\",\"description\":\"Las noticias de mi comarca\",\"potentialAction\":[{\"@type\":\"SearchAction\",\"target\":{\"@type\":\"EntryPoint\",\"urlTemplate\":\"https:\/\/www.noticiasradioreflejos.com.ar\/2021\/?s={search_term_string}\"},\"query-input\":{\"@type\":\"PropertyValueSpecification\",\"valueRequired\":true,\"valueName\":\"search_term_string\"}}],\"inLanguage\":\"es\"},{\"@type\":\"Person\",\"@id\":\"https:\/\/www.noticiasradioreflejos.com.ar\/2021\/#\/schema\/person\/ad82545263dcc5ec0996818884fd5fb1\",\"name\":\"Arnaldo Botto\",\"image\":{\"@type\":\"ImageObject\",\"inLanguage\":\"es\",\"@id\":\"https:\/\/www.noticiasradioreflejos.com.ar\/2021\/#\/schema\/person\/image\/\",\"url\":\"https:\/\/secure.gravatar.com\/avatar\/55cb5e37c1efa326397366e6974cb338056df65cb50e7d64d1cf314e87504837?s=96&d=mm&r=g\",\"contentUrl\":\"https:\/\/secure.gravatar.com\/avatar\/55cb5e37c1efa326397366e6974cb338056df65cb50e7d64d1cf314e87504837?s=96&d=mm&r=g\",\"caption\":\"Arnaldo Botto\"},\"url\":\"https:\/\/www.noticiasradioreflejos.com.ar\/2021\/author\/arnaldo\/\"}]}<\/script>\n<!-- \/ Yoast SEO plugin. -->","yoast_head_json":{"title":"Curso de Formaci\u00f3n T\u00e9cnico-Profesional para Gu\u00edas de Senderismo en Monta\u00f1a, Sierras, Selva o Estepa - Noticias Radio Reflejos","robots":{"index":"index","follow":"follow","max-snippet":"max-snippet:-1","max-image-preview":"max-image-preview:large","max-video-preview":"max-video-preview:-1"},"canonical":"https:\/\/www.noticiasradioreflejos.com.ar\/2021\/curso-de-formacion-tecnico-profesional-para-guias-de-senderismo-en-montana-sierras-selva-o-estepa\/","og_locale":"es_ES","og_type":"article","og_title":"Curso de Formaci\u00f3n T\u00e9cnico-Profesional para Gu\u00edas de Senderismo en Monta\u00f1a, Sierras, Selva o Estepa - Noticias Radio Reflejos","og_description":"Del 22 al 29 de Noviembre. Tornquist, Provincia de Buenos Aires","og_url":"https:\/\/www.noticiasradioreflejos.com.ar\/2021\/curso-de-formacion-tecnico-profesional-para-guias-de-senderismo-en-montana-sierras-selva-o-estepa\/","og_site_name":"Noticias Radio Reflejos","article_published_time":"2020-09-25T20:10:37+00:00","og_image":[{"width":300,"height":200,"url":"https:\/\/www.noticiasradioreflejos.com.ar\/2021\/wp-content\/uploads\/2021\/07\/logosol300x200.png","type":"image\/png"}],"author":"Arnaldo Botto","twitter_card":"summary_large_image","schema":{"@context":"https:\/\/schema.org","@graph":[{"@type":"WebPage","@id":"https:\/\/www.noticiasradioreflejos.com.ar\/2021\/curso-de-formacion-tecnico-profesional-para-guias-de-senderismo-en-montana-sierras-selva-o-estepa\/","url":"https:\/\/www.noticiasradioreflejos.com.ar\/2021\/curso-de-formacion-tecnico-profesional-para-guias-de-senderismo-en-montana-sierras-selva-o-estepa\/","name":"Curso de Formaci\u00f3n T\u00e9cnico-Profesional para Gu\u00edas de Senderismo en Monta\u00f1a, Sierras, Selva o Estepa - Noticias Radio Reflejos","isPartOf":{"@id":"https:\/\/www.noticiasradioreflejos.com.ar\/2021\/#website"},"datePublished":"2020-09-25T20:10:37+00:00","author":{"@id":"https:\/\/www.noticiasradioreflejos.com.ar\/2021\/#\/schema\/person\/ad82545263dcc5ec0996818884fd5fb1"},"breadcrumb":{"@id":"https:\/\/www.noticiasradioreflejos.com.ar\/2021\/curso-de-formacion-tecnico-profesional-para-guias-de-senderismo-en-montana-sierras-selva-o-estepa\/#breadcrumb"},"inLanguage":"es","potentialAction":[{"@type":"ReadAction","target":["https:\/\/www.noticiasradioreflejos.com.ar\/2021\/curso-de-formacion-tecnico-profesional-para-guias-de-senderismo-en-montana-sierras-selva-o-estepa\/"]}]},{"@type":"BreadcrumbList","@id":"https:\/\/www.noticiasradioreflejos.com.ar\/2021\/curso-de-formacion-tecnico-profesional-para-guias-de-senderismo-en-montana-sierras-selva-o-estepa\/#breadcrumb","itemListElement":[{"@type":"ListItem","position":1,"name":"Portada","item":"https:\/\/www.noticiasradioreflejos.com.ar\/2021\/"},{"@type":"ListItem","position":2,"name":"Curso de Formaci\u00f3n T\u00e9cnico-Profesional para Gu\u00edas de Senderismo en Monta\u00f1a, Sierras, Selva o Estepa"}]},{"@type":"WebSite","@id":"https:\/\/www.noticiasradioreflejos.com.ar\/2021\/#website","url":"https:\/\/www.noticiasradioreflejos.com.ar\/2021\/","name":"Noticias Radio Reflejos","description":"Las noticias de mi comarca","potentialAction":[{"@type":"SearchAction","target":{"@type":"EntryPoint","urlTemplate":"https:\/\/www.noticiasradioreflejos.com.ar\/2021\/?s={search_term_string}"},"query-input":{"@type":"PropertyValueSpecification","valueRequired":true,"valueName":"search_term_string"}}],"inLanguage":"es"},{"@type":"Person","@id":"https:\/\/www.noticiasradioreflejos.com.ar\/2021\/#\/schema\/person\/ad82545263dcc5ec0996818884fd5fb1","name":"Arnaldo Botto","image":{"@type":"ImageObject","inLanguage":"es","@id":"https:\/\/www.noticiasradioreflejos.com.ar\/2021\/#\/schema\/person\/image\/","url":"https:\/\/secure.gravatar.com\/avatar\/55cb5e37c1efa326397366e6974cb338056df65cb50e7d64d1cf314e87504837?s=96&d=mm&r=g","contentUrl":"https:\/\/secure.gravatar.com\/avatar\/55cb5e37c1efa326397366e6974cb338056df65cb50e7d64d1cf314e87504837?s=96&d=mm&r=g","caption":"Arnaldo Botto"},"url":"https:\/\/www.noticiasradioreflejos.com.ar\/2021\/author\/arnaldo\/"}]}},"_links":{"self":[{"href":"https:\/\/www.noticiasradioreflejos.com.ar\/2021\/wp-json\/wp\/v2\/posts\/47350","targetHints":{"allow":["GET"]}}],"collection":[{"href":"https:\/\/www.noticiasradioreflejos.com.ar\/2021\/wp-json\/wp\/v2\/posts"}],"about":[{"href":"https:\/\/www.noticiasradioreflejos.com.ar\/2021\/wp-json\/wp\/v2\/types\/post"}],"author":[{"embeddable":true,"href":"https:\/\/www.noticiasradioreflejos.com.ar\/2021\/wp-json\/wp\/v2\/users\/3"}],"replies":[{"embeddable":true,"href":"https:\/\/www.noticiasradioreflejos.com.ar\/2021\/wp-json\/wp\/v2\/comments?post=47350"}],"version-history":[{"count":0,"href":"https:\/\/www.noticiasradioreflejos.com.ar\/2021\/wp-json\/wp\/v2\/posts\/47350\/revisions"}],"wp:attachment":[{"href":"https:\/\/www.noticiasradioreflejos.com.ar\/2021\/wp-json\/wp\/v2\/media?parent=47350"}],"wp:term":[{"taxonomy":"category","embeddable":true,"href":"https:\/\/www.noticiasradioreflejos.com.ar\/2021\/wp-json\/wp\/v2\/categories?post=47350"},{"taxonomy":"post_tag","embeddable":true,"href":"https:\/\/www.noticiasradioreflejos.com.ar\/2021\/wp-json\/wp\/v2\/tags?post=47350"}],"curies":[{"name":"wp","href":"https:\/\/api.w.org\/{rel}","templated":true}]}}