{"id":47339,"date":"2020-09-25T16:30:18","date_gmt":"2020-09-25T19:30:18","guid":{"rendered":"http:\/\/www.noticiasradioreflejos.com.ar\/noticias\/?p=47339"},"modified":"2020-09-25T16:30:18","modified_gmt":"2020-09-25T19:30:18","slug":"este-proyecto-posiciona-a-nuestro-pais-entre-unos-pocos-que-tienen-la-capacidad-de-desarrollar-este-tipo-de-tecnologia-radar-ing-pablo-promenzio","status":"publish","type":"post","link":"https:\/\/www.noticiasradioreflejos.com.ar\/2021\/este-proyecto-posiciona-a-nuestro-pais-entre-unos-pocos-que-tienen-la-capacidad-de-desarrollar-este-tipo-de-tecnologia-radar-ing-pablo-promenzio\/","title":{"rendered":"\u00abEste proyecto posiciona a nuestro pa\u00eds entre unos pocos que tienen la capacidad de desarrollar este tipo de tecnolog\u00eda radar\u00bb &#8211; Ing. Pablo Promenzio"},"content":{"rendered":"<p>En un nuevo programa de \u00abTiempo Educativo\u00bb, el Ingeniero Pablo Promenzio nos comparte detalles y brinda algunas explicaciones acerca del proyecto SAOCOM del cual es parte desde el a\u00f1o 2012.<!--more--><\/p>\n<p>Graduado como Ingeniero Electr\u00f3nico de la Universidad Nacional del Sur, en el 2011 Pablo empez\u00f3 a participar de la empresa que se encarga de construir los sat\u00e9lites SAOCOM 1A y SAOCOM 1B, en Bariloche. \u00abComenc\u00e9 mis primeros pasos en la empresa, en el 2012 arranqu\u00e9 en el proyecto SAOCOM, que era la fabricaci\u00f3n de dos sat\u00e9lites\u00bb. Pablo comenta que el proyecto no es nada nuevo, sino que se hab\u00eda iniciado en 1998 pero se encontraba frenado. \u00abSoy el Responsable del Sistema de Comunicaciones de Radiofrecuencia\u00bb se present\u00f3 Pablo.<br \/>\n<a title=\"2020-09-25_04-32-09\" href=\"http:\/\/live.staticflickr.com\/65535\/50383598532_2c28b93d7f_s.jpg\" rel=\"\"><img loading=\"lazy\" decoding=\"async\" class=\"aligncenter\" title=\"2020-09-25_04-32-09\" src=\"http:\/\/live.staticflickr.com\/65535\/50383598532_0bf15f2817_o.jpg\" alt=\"2020-09-25_04-32-09\" width=\"1280\" height=\"720\" \/><\/a><\/p>\n<p>Pablo nos explica que aunque siempre el momento del lanzamiento es el m\u00e1s llamativo, detr\u00e1s de todo eso debe haber un gran trabajo en equipo para que el sat\u00e9lite que sea lanzado funcione correctamente. \u00abPuede pasar que un sat\u00e9lite sea lanzado pero que no funcione\u00bb aclar\u00f3.<\/p>\n<p>Promenzio comenta que estos dos sat\u00e9lites\u00a0 con antenas de 35 metros cuadrados cada una, forman parte de una constelaci\u00f3n llamada Sistema Italo Argentino de Sat\u00e9lites para la Gesti\u00f3n de Emergencias (SIASGE). El rol que cumplen estos dos, con cuatro sat\u00e9lites italianos m\u00e1s, es el de prevenir o monitorear todo tipo de emergencias que puedan llegar a darse en la Tierra. Es decir, \u00abmonitorear, mitigar y evaluar cat\u00e1strofes naturales que puedan llegar a ocurrir\u00bb explica el ingeniero. Adem\u00e1s, los sat\u00e9lites tienen la capacidad de detectar la humedad que tiene el suelo para obtener el estado de la superficie terrestre.<\/p>\n<p>\u00abEste proyecto posiciona a nuestro pa\u00eds entre unos pocos que tienen la capacidad de desarrollar este tipo de tecnolog\u00eda radar, pone a Argentina en un lugar selecto\u00bb expresa Pablo en la entrevista.<\/p>\n<p>Nota completa a continuaci\u00f3n:<br \/>\n<iframe loading=\"lazy\" src=\"https:\/\/w.soundcloud.com\/player\/?url=https%3A\/\/api.soundcloud.com\/tracks\/899399662&amp;color=%23ff5500&amp;auto_play=false&amp;hide_related=false&amp;show_comments=true&amp;show_user=true&amp;show_reposts=false&amp;show_teaser=true\" width=\"100%\" height=\"166\" frameborder=\"no\" scrolling=\"no\"><\/iframe><\/p>\n<div style=\"font-size: 10px; color: #cccccc; line-break: anywhere; word-break: normal; overflow: hidden; white-space: nowrap; text-overflow: ellipsis; font-family: Interstate,Lucida Grande,Lucida Sans Unicode,Lucida Sans,Garuda,Verdana,Tahoma,sans-serif; font-weight: 100;\"><a style=\"color: #cccccc; text-decoration: none;\" title=\"fmreflejos 103.7\" href=\"https:\/\/soundcloud.com\/fmreflejos-103-7\" target=\"_blank\" rel=\"noopener\">fmreflejos 103.7<\/a> \u00b7 <a style=\"color: #cccccc; text-decoration: none;\" title=\"Nota Pablo Promenzio 1\" href=\"https:\/\/soundcloud.com\/fmreflejos-103-7\/nota-pablo-promenzio-1\" target=\"_blank\" rel=\"noopener\">Nota Pablo Promenzio 1<\/a><\/div>\n","protected":false},"excerpt":{"rendered":"<p>En un nuevo programa de \u00abTiempo Educativo\u00bb, el Ingeniero Pablo Promenzio nos comparte detalles y brinda algunas explicaciones acerca del proyecto SAOCOM del cual es parte desde el a\u00f1o 2012.<\/p>\n","protected":false},"author":3,"featured_media":0,"comment_status":"closed","ping_status":"open","sticky":false,"template":"","format":"standard","meta":{"footnotes":""},"categories":[34],"tags":[],"class_list":["post-47339","post","type-post","status-publish","format-standard","hentry","category-educacion"],"yoast_head":"<!-- This site is optimized with the Yoast SEO plugin v25.9 - https:\/\/yoast.com\/wordpress\/plugins\/seo\/ -->\n<title>&quot;Este proyecto posiciona a nuestro pa\u00eds entre unos pocos que tienen la capacidad de desarrollar este tipo de tecnolog\u00eda radar&quot; - Ing. Pablo Promenzio - Noticias Radio Reflejos<\/title>\n<meta name=\"robots\" content=\"index, follow, max-snippet:-1, max-image-preview:large, max-video-preview:-1\" \/>\n<link rel=\"canonical\" href=\"https:\/\/www.noticiasradioreflejos.com.ar\/2021\/este-proyecto-posiciona-a-nuestro-pais-entre-unos-pocos-que-tienen-la-capacidad-de-desarrollar-este-tipo-de-tecnologia-radar-ing-pablo-promenzio\/\" \/>\n<meta property=\"og:locale\" content=\"es_ES\" \/>\n<meta property=\"og:type\" content=\"article\" \/>\n<meta property=\"og:title\" content=\"&quot;Este proyecto posiciona a nuestro pa\u00eds entre unos pocos que tienen la capacidad de desarrollar este tipo de tecnolog\u00eda radar&quot; - Ing. Pablo Promenzio - Noticias Radio Reflejos\" \/>\n<meta property=\"og:description\" content=\"En un nuevo programa de \u00abTiempo Educativo\u00bb, el Ingeniero Pablo Promenzio nos comparte detalles y brinda algunas explicaciones acerca del proyecto SAOCOM del cual es parte desde el a\u00f1o 2012.\" \/>\n<meta property=\"og:url\" content=\"https:\/\/www.noticiasradioreflejos.com.ar\/2021\/este-proyecto-posiciona-a-nuestro-pais-entre-unos-pocos-que-tienen-la-capacidad-de-desarrollar-este-tipo-de-tecnologia-radar-ing-pablo-promenzio\/\" \/>\n<meta property=\"og:site_name\" content=\"Noticias Radio Reflejos\" \/>\n<meta property=\"article:published_time\" content=\"2020-09-25T19:30:18+00:00\" \/>\n<meta property=\"og:image\" content=\"http:\/\/live.staticflickr.com\/65535\/50383598532_0bf15f2817_o.jpg\" \/>\n<meta name=\"author\" content=\"Arnaldo Botto\" \/>\n<meta name=\"twitter:card\" content=\"summary_large_image\" \/>\n<script type=\"application\/ld+json\" class=\"yoast-schema-graph\">{\"@context\":\"https:\/\/schema.org\",\"@graph\":[{\"@type\":\"WebPage\",\"@id\":\"https:\/\/www.noticiasradioreflejos.com.ar\/2021\/este-proyecto-posiciona-a-nuestro-pais-entre-unos-pocos-que-tienen-la-capacidad-de-desarrollar-este-tipo-de-tecnologia-radar-ing-pablo-promenzio\/\",\"url\":\"https:\/\/www.noticiasradioreflejos.com.ar\/2021\/este-proyecto-posiciona-a-nuestro-pais-entre-unos-pocos-que-tienen-la-capacidad-de-desarrollar-este-tipo-de-tecnologia-radar-ing-pablo-promenzio\/\",\"name\":\"\\\"Este proyecto posiciona a nuestro pa\u00eds entre unos pocos que tienen la capacidad de desarrollar este tipo de tecnolog\u00eda radar\\\" - Ing. Pablo Promenzio - Noticias Radio Reflejos\",\"isPartOf\":{\"@id\":\"https:\/\/www.noticiasradioreflejos.com.ar\/2021\/#website\"},\"primaryImageOfPage\":{\"@id\":\"https:\/\/www.noticiasradioreflejos.com.ar\/2021\/este-proyecto-posiciona-a-nuestro-pais-entre-unos-pocos-que-tienen-la-capacidad-de-desarrollar-este-tipo-de-tecnologia-radar-ing-pablo-promenzio\/#primaryimage\"},\"image\":{\"@id\":\"https:\/\/www.noticiasradioreflejos.com.ar\/2021\/este-proyecto-posiciona-a-nuestro-pais-entre-unos-pocos-que-tienen-la-capacidad-de-desarrollar-este-tipo-de-tecnologia-radar-ing-pablo-promenzio\/#primaryimage\"},\"thumbnailUrl\":\"http:\/\/live.staticflickr.com\/65535\/50383598532_0bf15f2817_o.jpg\",\"datePublished\":\"2020-09-25T19:30:18+00:00\",\"author\":{\"@id\":\"https:\/\/www.noticiasradioreflejos.com.ar\/2021\/#\/schema\/person\/ad82545263dcc5ec0996818884fd5fb1\"},\"breadcrumb\":{\"@id\":\"https:\/\/www.noticiasradioreflejos.com.ar\/2021\/este-proyecto-posiciona-a-nuestro-pais-entre-unos-pocos-que-tienen-la-capacidad-de-desarrollar-este-tipo-de-tecnologia-radar-ing-pablo-promenzio\/#breadcrumb\"},\"inLanguage\":\"es\",\"potentialAction\":[{\"@type\":\"ReadAction\",\"target\":[\"https:\/\/www.noticiasradioreflejos.com.ar\/2021\/este-proyecto-posiciona-a-nuestro-pais-entre-unos-pocos-que-tienen-la-capacidad-de-desarrollar-este-tipo-de-tecnologia-radar-ing-pablo-promenzio\/\"]}]},{\"@type\":\"ImageObject\",\"inLanguage\":\"es\",\"@id\":\"https:\/\/www.noticiasradioreflejos.com.ar\/2021\/este-proyecto-posiciona-a-nuestro-pais-entre-unos-pocos-que-tienen-la-capacidad-de-desarrollar-este-tipo-de-tecnologia-radar-ing-pablo-promenzio\/#primaryimage\",\"url\":\"http:\/\/live.staticflickr.com\/65535\/50383598532_0bf15f2817_o.jpg\",\"contentUrl\":\"http:\/\/live.staticflickr.com\/65535\/50383598532_0bf15f2817_o.jpg\"},{\"@type\":\"BreadcrumbList\",\"@id\":\"https:\/\/www.noticiasradioreflejos.com.ar\/2021\/este-proyecto-posiciona-a-nuestro-pais-entre-unos-pocos-que-tienen-la-capacidad-de-desarrollar-este-tipo-de-tecnologia-radar-ing-pablo-promenzio\/#breadcrumb\",\"itemListElement\":[{\"@type\":\"ListItem\",\"position\":1,\"name\":\"Portada\",\"item\":\"https:\/\/www.noticiasradioreflejos.com.ar\/2021\/\"},{\"@type\":\"ListItem\",\"position\":2,\"name\":\"\u00abEste proyecto posiciona a nuestro pa\u00eds entre unos pocos que tienen la capacidad de desarrollar este tipo de tecnolog\u00eda radar\u00bb &#8211; Ing. Pablo Promenzio\"}]},{\"@type\":\"WebSite\",\"@id\":\"https:\/\/www.noticiasradioreflejos.com.ar\/2021\/#website\",\"url\":\"https:\/\/www.noticiasradioreflejos.com.ar\/2021\/\",\"name\":\"Noticias Radio Reflejos\",\"description\":\"Las noticias de mi comarca\",\"potentialAction\":[{\"@type\":\"SearchAction\",\"target\":{\"@type\":\"EntryPoint\",\"urlTemplate\":\"https:\/\/www.noticiasradioreflejos.com.ar\/2021\/?s={search_term_string}\"},\"query-input\":{\"@type\":\"PropertyValueSpecification\",\"valueRequired\":true,\"valueName\":\"search_term_string\"}}],\"inLanguage\":\"es\"},{\"@type\":\"Person\",\"@id\":\"https:\/\/www.noticiasradioreflejos.com.ar\/2021\/#\/schema\/person\/ad82545263dcc5ec0996818884fd5fb1\",\"name\":\"Arnaldo Botto\",\"image\":{\"@type\":\"ImageObject\",\"inLanguage\":\"es\",\"@id\":\"https:\/\/www.noticiasradioreflejos.com.ar\/2021\/#\/schema\/person\/image\/\",\"url\":\"https:\/\/secure.gravatar.com\/avatar\/55cb5e37c1efa326397366e6974cb338056df65cb50e7d64d1cf314e87504837?s=96&d=mm&r=g\",\"contentUrl\":\"https:\/\/secure.gravatar.com\/avatar\/55cb5e37c1efa326397366e6974cb338056df65cb50e7d64d1cf314e87504837?s=96&d=mm&r=g\",\"caption\":\"Arnaldo Botto\"},\"url\":\"https:\/\/www.noticiasradioreflejos.com.ar\/2021\/author\/arnaldo\/\"}]}<\/script>\n<!-- \/ Yoast SEO plugin. -->","yoast_head_json":{"title":"\"Este proyecto posiciona a nuestro pa\u00eds entre unos pocos que tienen la capacidad de desarrollar este tipo de tecnolog\u00eda radar\" - Ing. Pablo Promenzio - Noticias Radio Reflejos","robots":{"index":"index","follow":"follow","max-snippet":"max-snippet:-1","max-image-preview":"max-image-preview:large","max-video-preview":"max-video-preview:-1"},"canonical":"https:\/\/www.noticiasradioreflejos.com.ar\/2021\/este-proyecto-posiciona-a-nuestro-pais-entre-unos-pocos-que-tienen-la-capacidad-de-desarrollar-este-tipo-de-tecnologia-radar-ing-pablo-promenzio\/","og_locale":"es_ES","og_type":"article","og_title":"\"Este proyecto posiciona a nuestro pa\u00eds entre unos pocos que tienen la capacidad de desarrollar este tipo de tecnolog\u00eda radar\" - Ing. Pablo Promenzio - Noticias Radio Reflejos","og_description":"En un nuevo programa de \u00abTiempo Educativo\u00bb, el Ingeniero Pablo Promenzio nos comparte detalles y brinda algunas explicaciones acerca del proyecto SAOCOM del cual es parte desde el a\u00f1o 2012.","og_url":"https:\/\/www.noticiasradioreflejos.com.ar\/2021\/este-proyecto-posiciona-a-nuestro-pais-entre-unos-pocos-que-tienen-la-capacidad-de-desarrollar-este-tipo-de-tecnologia-radar-ing-pablo-promenzio\/","og_site_name":"Noticias Radio Reflejos","article_published_time":"2020-09-25T19:30:18+00:00","og_image":[{"url":"http:\/\/live.staticflickr.com\/65535\/50383598532_0bf15f2817_o.jpg","type":"","width":"","height":""}],"author":"Arnaldo Botto","twitter_card":"summary_large_image","schema":{"@context":"https:\/\/schema.org","@graph":[{"@type":"WebPage","@id":"https:\/\/www.noticiasradioreflejos.com.ar\/2021\/este-proyecto-posiciona-a-nuestro-pais-entre-unos-pocos-que-tienen-la-capacidad-de-desarrollar-este-tipo-de-tecnologia-radar-ing-pablo-promenzio\/","url":"https:\/\/www.noticiasradioreflejos.com.ar\/2021\/este-proyecto-posiciona-a-nuestro-pais-entre-unos-pocos-que-tienen-la-capacidad-de-desarrollar-este-tipo-de-tecnologia-radar-ing-pablo-promenzio\/","name":"\"Este proyecto posiciona a nuestro pa\u00eds entre unos pocos que tienen la capacidad de desarrollar este tipo de tecnolog\u00eda radar\" - Ing. Pablo Promenzio - Noticias Radio Reflejos","isPartOf":{"@id":"https:\/\/www.noticiasradioreflejos.com.ar\/2021\/#website"},"primaryImageOfPage":{"@id":"https:\/\/www.noticiasradioreflejos.com.ar\/2021\/este-proyecto-posiciona-a-nuestro-pais-entre-unos-pocos-que-tienen-la-capacidad-de-desarrollar-este-tipo-de-tecnologia-radar-ing-pablo-promenzio\/#primaryimage"},"image":{"@id":"https:\/\/www.noticiasradioreflejos.com.ar\/2021\/este-proyecto-posiciona-a-nuestro-pais-entre-unos-pocos-que-tienen-la-capacidad-de-desarrollar-este-tipo-de-tecnologia-radar-ing-pablo-promenzio\/#primaryimage"},"thumbnailUrl":"http:\/\/live.staticflickr.com\/65535\/50383598532_0bf15f2817_o.jpg","datePublished":"2020-09-25T19:30:18+00:00","author":{"@id":"https:\/\/www.noticiasradioreflejos.com.ar\/2021\/#\/schema\/person\/ad82545263dcc5ec0996818884fd5fb1"},"breadcrumb":{"@id":"https:\/\/www.noticiasradioreflejos.com.ar\/2021\/este-proyecto-posiciona-a-nuestro-pais-entre-unos-pocos-que-tienen-la-capacidad-de-desarrollar-este-tipo-de-tecnologia-radar-ing-pablo-promenzio\/#breadcrumb"},"inLanguage":"es","potentialAction":[{"@type":"ReadAction","target":["https:\/\/www.noticiasradioreflejos.com.ar\/2021\/este-proyecto-posiciona-a-nuestro-pais-entre-unos-pocos-que-tienen-la-capacidad-de-desarrollar-este-tipo-de-tecnologia-radar-ing-pablo-promenzio\/"]}]},{"@type":"ImageObject","inLanguage":"es","@id":"https:\/\/www.noticiasradioreflejos.com.ar\/2021\/este-proyecto-posiciona-a-nuestro-pais-entre-unos-pocos-que-tienen-la-capacidad-de-desarrollar-este-tipo-de-tecnologia-radar-ing-pablo-promenzio\/#primaryimage","url":"http:\/\/live.staticflickr.com\/65535\/50383598532_0bf15f2817_o.jpg","contentUrl":"http:\/\/live.staticflickr.com\/65535\/50383598532_0bf15f2817_o.jpg"},{"@type":"BreadcrumbList","@id":"https:\/\/www.noticiasradioreflejos.com.ar\/2021\/este-proyecto-posiciona-a-nuestro-pais-entre-unos-pocos-que-tienen-la-capacidad-de-desarrollar-este-tipo-de-tecnologia-radar-ing-pablo-promenzio\/#breadcrumb","itemListElement":[{"@type":"ListItem","position":1,"name":"Portada","item":"https:\/\/www.noticiasradioreflejos.com.ar\/2021\/"},{"@type":"ListItem","position":2,"name":"\u00abEste proyecto posiciona a nuestro pa\u00eds entre unos pocos que tienen la capacidad de desarrollar este tipo de tecnolog\u00eda radar\u00bb &#8211; Ing. Pablo Promenzio"}]},{"@type":"WebSite","@id":"https:\/\/www.noticiasradioreflejos.com.ar\/2021\/#website","url":"https:\/\/www.noticiasradioreflejos.com.ar\/2021\/","name":"Noticias Radio Reflejos","description":"Las noticias de mi comarca","potentialAction":[{"@type":"SearchAction","target":{"@type":"EntryPoint","urlTemplate":"https:\/\/www.noticiasradioreflejos.com.ar\/2021\/?s={search_term_string}"},"query-input":{"@type":"PropertyValueSpecification","valueRequired":true,"valueName":"search_term_string"}}],"inLanguage":"es"},{"@type":"Person","@id":"https:\/\/www.noticiasradioreflejos.com.ar\/2021\/#\/schema\/person\/ad82545263dcc5ec0996818884fd5fb1","name":"Arnaldo Botto","image":{"@type":"ImageObject","inLanguage":"es","@id":"https:\/\/www.noticiasradioreflejos.com.ar\/2021\/#\/schema\/person\/image\/","url":"https:\/\/secure.gravatar.com\/avatar\/55cb5e37c1efa326397366e6974cb338056df65cb50e7d64d1cf314e87504837?s=96&d=mm&r=g","contentUrl":"https:\/\/secure.gravatar.com\/avatar\/55cb5e37c1efa326397366e6974cb338056df65cb50e7d64d1cf314e87504837?s=96&d=mm&r=g","caption":"Arnaldo Botto"},"url":"https:\/\/www.noticiasradioreflejos.com.ar\/2021\/author\/arnaldo\/"}]}},"_links":{"self":[{"href":"https:\/\/www.noticiasradioreflejos.com.ar\/2021\/wp-json\/wp\/v2\/posts\/47339","targetHints":{"allow":["GET"]}}],"collection":[{"href":"https:\/\/www.noticiasradioreflejos.com.ar\/2021\/wp-json\/wp\/v2\/posts"}],"about":[{"href":"https:\/\/www.noticiasradioreflejos.com.ar\/2021\/wp-json\/wp\/v2\/types\/post"}],"author":[{"embeddable":true,"href":"https:\/\/www.noticiasradioreflejos.com.ar\/2021\/wp-json\/wp\/v2\/users\/3"}],"replies":[{"embeddable":true,"href":"https:\/\/www.noticiasradioreflejos.com.ar\/2021\/wp-json\/wp\/v2\/comments?post=47339"}],"version-history":[{"count":0,"href":"https:\/\/www.noticiasradioreflejos.com.ar\/2021\/wp-json\/wp\/v2\/posts\/47339\/revisions"}],"wp:attachment":[{"href":"https:\/\/www.noticiasradioreflejos.com.ar\/2021\/wp-json\/wp\/v2\/media?parent=47339"}],"wp:term":[{"taxonomy":"category","embeddable":true,"href":"https:\/\/www.noticiasradioreflejos.com.ar\/2021\/wp-json\/wp\/v2\/categories?post=47339"},{"taxonomy":"post_tag","embeddable":true,"href":"https:\/\/www.noticiasradioreflejos.com.ar\/2021\/wp-json\/wp\/v2\/tags?post=47339"}],"curies":[{"name":"wp","href":"https:\/\/api.w.org\/{rel}","templated":true}]}}