{"id":4733,"date":"2016-12-13T18:13:21","date_gmt":"2016-12-13T18:13:21","guid":{"rendered":"http:\/\/noticiasradioreflejos.com.ar\/noticias\/?p=4733"},"modified":"2016-12-13T18:13:21","modified_gmt":"2016-12-13T18:13:21","slug":"se-lanzo-la-temporada-turistica-en-nuestro-distrito","status":"publish","type":"post","link":"https:\/\/www.noticiasradioreflejos.com.ar\/2021\/se-lanzo-la-temporada-turistica-en-nuestro-distrito\/","title":{"rendered":"Se lanz\u00f3 la temporada tur\u00edstica en nuestro distrito"},"content":{"rendered":"<p>Con un importante marco de p\u00fablico se inici\u00f3, el pasado fin de semana largo, \u00a0la temporada tur\u00edstica 2017 en nuestra comarca.<br \/>\n<!--more--><br \/>\nLas ceremonias de inauguraci\u00f3n contaron todas con la presencia del intendente municipal, Sergio Bordoni, quien estuvo acompa\u00f1ado, en cada una de ellas, por diferentes miembros de su gabinete.<br \/>\nBordoni expres\u00f3 su alegr\u00eda por las buenas expectativas que se vienen observando producto del trabajo en conjunto con los prestadores y las c\u00e1maras de comercio afines; y reiter\u00f3 su apoyo al sector que constituye una de las actividades econ\u00f3micas del distrito y, en\u00a0consecuencia, generadora de empleo.<br \/>\nEl lanzamiento de la temporada comenz\u00f3 el jueves 8, a las 17.30, en Parque Norte. M\u00e1s de 500 personas se acercaron al balneario para disfrutar de una jornada a pura m\u00fasica a cargo de la bandas Va de Vuelta y Kaiser Karabela.<br \/>\nEl viernes fue el turno de las piletas municipales, en donde el jefe comunal dejo abierta la temporada con un \u201cchapuz\u00f3n\u201d.<br \/>\nTambi\u00e9n Saldungaray tuvo su fiesta. Despu\u00e9s de las 20.00 hs, en la Sala de Interpretaci\u00f3n de la obra de Arq. Salamone se inaugur\u00f3 la muestra fotogr\u00e1fica \u201cEl futuro es hoy\u201d del artista Jorge Mi\u00f1o, adem\u00e1s los presentes pudieron disfrutar de la actuaci\u00f3n de \u201cLa andariega tr\u00edo\u201d.<br \/>\nSierra de la Ventana inici\u00f3 su temporada estival con una serie de actividades que se llevaron a cabo el s\u00e1bado 10, en el Centro Cultural. Con una gran presencia de p\u00fablico arrancaron los festejos con la actuaci\u00f3n de la banda \u201c18 kilates\u201d, posteriormente los presentes disfrutaron de la puesta en escena de la artista Luc\u00eda Tachetti y de la muestra de pinturas de Miguel Risono y la exposici\u00f3n fotogr\u00e1fica de Victoria Chac\u00f3n.<br \/>\nCon la tradicional ronda de corderos, el domingo 11, la laguna \u201cLas Encadenadas\u201d dej\u00f3 inaugurada su temporada estival, evento que atrae no solo a la \u201cfamilia lagunera\u201d, sino a cientos de turistas que disfrutan del encanto del lugar.<\/p>\n","protected":false},"excerpt":{"rendered":"<p>Con un importante marco de p\u00fablico se inici\u00f3, el pasado fin de semana largo, \u00a0la temporada tur\u00edstica 2017 en nuestra comarca.<\/p>\n","protected":false},"author":3,"featured_media":0,"comment_status":"closed","ping_status":"open","sticky":false,"template":"","format":"standard","meta":{"footnotes":""},"categories":[33],"tags":[],"class_list":["post-4733","post","type-post","status-publish","format-standard","hentry","category-turismo"],"yoast_head":"<!-- This site is optimized with the Yoast SEO plugin v25.9 - https:\/\/yoast.com\/wordpress\/plugins\/seo\/ -->\n<title>Se lanz\u00f3 la temporada tur\u00edstica en nuestro distrito - Noticias Radio Reflejos<\/title>\n<meta name=\"robots\" content=\"index, follow, max-snippet:-1, max-image-preview:large, max-video-preview:-1\" \/>\n<link rel=\"canonical\" href=\"https:\/\/www.noticiasradioreflejos.com.ar\/2021\/se-lanzo-la-temporada-turistica-en-nuestro-distrito\/\" \/>\n<meta property=\"og:locale\" content=\"es_ES\" \/>\n<meta property=\"og:type\" content=\"article\" \/>\n<meta property=\"og:title\" content=\"Se lanz\u00f3 la temporada tur\u00edstica en nuestro distrito - Noticias Radio Reflejos\" \/>\n<meta property=\"og:description\" content=\"Con un importante marco de p\u00fablico se inici\u00f3, el pasado fin de semana largo, \u00a0la temporada tur\u00edstica 2017 en nuestra comarca.\" \/>\n<meta property=\"og:url\" content=\"https:\/\/www.noticiasradioreflejos.com.ar\/2021\/se-lanzo-la-temporada-turistica-en-nuestro-distrito\/\" \/>\n<meta property=\"og:site_name\" content=\"Noticias Radio Reflejos\" \/>\n<meta property=\"article:published_time\" content=\"2016-12-13T18:13:21+00:00\" \/>\n<meta property=\"og:image\" content=\"https:\/\/www.noticiasradioreflejos.com.ar\/2021\/wp-content\/uploads\/2021\/07\/logosol300x200.png\" \/>\n\t<meta property=\"og:image:width\" content=\"300\" \/>\n\t<meta property=\"og:image:height\" content=\"200\" \/>\n\t<meta property=\"og:image:type\" content=\"image\/png\" \/>\n<meta name=\"author\" content=\"Arnaldo Botto\" \/>\n<meta name=\"twitter:card\" content=\"summary_large_image\" \/>\n<script type=\"application\/ld+json\" class=\"yoast-schema-graph\">{\"@context\":\"https:\/\/schema.org\",\"@graph\":[{\"@type\":\"WebPage\",\"@id\":\"https:\/\/www.noticiasradioreflejos.com.ar\/2021\/se-lanzo-la-temporada-turistica-en-nuestro-distrito\/\",\"url\":\"https:\/\/www.noticiasradioreflejos.com.ar\/2021\/se-lanzo-la-temporada-turistica-en-nuestro-distrito\/\",\"name\":\"Se lanz\u00f3 la temporada tur\u00edstica en nuestro distrito - Noticias Radio Reflejos\",\"isPartOf\":{\"@id\":\"https:\/\/www.noticiasradioreflejos.com.ar\/2021\/#website\"},\"datePublished\":\"2016-12-13T18:13:21+00:00\",\"author\":{\"@id\":\"https:\/\/www.noticiasradioreflejos.com.ar\/2021\/#\/schema\/person\/ad82545263dcc5ec0996818884fd5fb1\"},\"breadcrumb\":{\"@id\":\"https:\/\/www.noticiasradioreflejos.com.ar\/2021\/se-lanzo-la-temporada-turistica-en-nuestro-distrito\/#breadcrumb\"},\"inLanguage\":\"es\",\"potentialAction\":[{\"@type\":\"ReadAction\",\"target\":[\"https:\/\/www.noticiasradioreflejos.com.ar\/2021\/se-lanzo-la-temporada-turistica-en-nuestro-distrito\/\"]}]},{\"@type\":\"BreadcrumbList\",\"@id\":\"https:\/\/www.noticiasradioreflejos.com.ar\/2021\/se-lanzo-la-temporada-turistica-en-nuestro-distrito\/#breadcrumb\",\"itemListElement\":[{\"@type\":\"ListItem\",\"position\":1,\"name\":\"Portada\",\"item\":\"https:\/\/www.noticiasradioreflejos.com.ar\/2021\/\"},{\"@type\":\"ListItem\",\"position\":2,\"name\":\"Se lanz\u00f3 la temporada tur\u00edstica en nuestro distrito\"}]},{\"@type\":\"WebSite\",\"@id\":\"https:\/\/www.noticiasradioreflejos.com.ar\/2021\/#website\",\"url\":\"https:\/\/www.noticiasradioreflejos.com.ar\/2021\/\",\"name\":\"Noticias Radio Reflejos\",\"description\":\"Las noticias de mi comarca\",\"potentialAction\":[{\"@type\":\"SearchAction\",\"target\":{\"@type\":\"EntryPoint\",\"urlTemplate\":\"https:\/\/www.noticiasradioreflejos.com.ar\/2021\/?s={search_term_string}\"},\"query-input\":{\"@type\":\"PropertyValueSpecification\",\"valueRequired\":true,\"valueName\":\"search_term_string\"}}],\"inLanguage\":\"es\"},{\"@type\":\"Person\",\"@id\":\"https:\/\/www.noticiasradioreflejos.com.ar\/2021\/#\/schema\/person\/ad82545263dcc5ec0996818884fd5fb1\",\"name\":\"Arnaldo Botto\",\"image\":{\"@type\":\"ImageObject\",\"inLanguage\":\"es\",\"@id\":\"https:\/\/www.noticiasradioreflejos.com.ar\/2021\/#\/schema\/person\/image\/\",\"url\":\"https:\/\/secure.gravatar.com\/avatar\/55cb5e37c1efa326397366e6974cb338056df65cb50e7d64d1cf314e87504837?s=96&d=mm&r=g\",\"contentUrl\":\"https:\/\/secure.gravatar.com\/avatar\/55cb5e37c1efa326397366e6974cb338056df65cb50e7d64d1cf314e87504837?s=96&d=mm&r=g\",\"caption\":\"Arnaldo Botto\"},\"url\":\"https:\/\/www.noticiasradioreflejos.com.ar\/2021\/author\/arnaldo\/\"}]}<\/script>\n<!-- \/ Yoast SEO plugin. -->","yoast_head_json":{"title":"Se lanz\u00f3 la temporada tur\u00edstica en nuestro distrito - Noticias Radio Reflejos","robots":{"index":"index","follow":"follow","max-snippet":"max-snippet:-1","max-image-preview":"max-image-preview:large","max-video-preview":"max-video-preview:-1"},"canonical":"https:\/\/www.noticiasradioreflejos.com.ar\/2021\/se-lanzo-la-temporada-turistica-en-nuestro-distrito\/","og_locale":"es_ES","og_type":"article","og_title":"Se lanz\u00f3 la temporada tur\u00edstica en nuestro distrito - Noticias Radio Reflejos","og_description":"Con un importante marco de p\u00fablico se inici\u00f3, el pasado fin de semana largo, \u00a0la temporada tur\u00edstica 2017 en nuestra comarca.","og_url":"https:\/\/www.noticiasradioreflejos.com.ar\/2021\/se-lanzo-la-temporada-turistica-en-nuestro-distrito\/","og_site_name":"Noticias Radio Reflejos","article_published_time":"2016-12-13T18:13:21+00:00","og_image":[{"width":300,"height":200,"url":"https:\/\/www.noticiasradioreflejos.com.ar\/2021\/wp-content\/uploads\/2021\/07\/logosol300x200.png","type":"image\/png"}],"author":"Arnaldo Botto","twitter_card":"summary_large_image","schema":{"@context":"https:\/\/schema.org","@graph":[{"@type":"WebPage","@id":"https:\/\/www.noticiasradioreflejos.com.ar\/2021\/se-lanzo-la-temporada-turistica-en-nuestro-distrito\/","url":"https:\/\/www.noticiasradioreflejos.com.ar\/2021\/se-lanzo-la-temporada-turistica-en-nuestro-distrito\/","name":"Se lanz\u00f3 la temporada tur\u00edstica en nuestro distrito - Noticias Radio Reflejos","isPartOf":{"@id":"https:\/\/www.noticiasradioreflejos.com.ar\/2021\/#website"},"datePublished":"2016-12-13T18:13:21+00:00","author":{"@id":"https:\/\/www.noticiasradioreflejos.com.ar\/2021\/#\/schema\/person\/ad82545263dcc5ec0996818884fd5fb1"},"breadcrumb":{"@id":"https:\/\/www.noticiasradioreflejos.com.ar\/2021\/se-lanzo-la-temporada-turistica-en-nuestro-distrito\/#breadcrumb"},"inLanguage":"es","potentialAction":[{"@type":"ReadAction","target":["https:\/\/www.noticiasradioreflejos.com.ar\/2021\/se-lanzo-la-temporada-turistica-en-nuestro-distrito\/"]}]},{"@type":"BreadcrumbList","@id":"https:\/\/www.noticiasradioreflejos.com.ar\/2021\/se-lanzo-la-temporada-turistica-en-nuestro-distrito\/#breadcrumb","itemListElement":[{"@type":"ListItem","position":1,"name":"Portada","item":"https:\/\/www.noticiasradioreflejos.com.ar\/2021\/"},{"@type":"ListItem","position":2,"name":"Se lanz\u00f3 la temporada tur\u00edstica en nuestro distrito"}]},{"@type":"WebSite","@id":"https:\/\/www.noticiasradioreflejos.com.ar\/2021\/#website","url":"https:\/\/www.noticiasradioreflejos.com.ar\/2021\/","name":"Noticias Radio Reflejos","description":"Las noticias de mi comarca","potentialAction":[{"@type":"SearchAction","target":{"@type":"EntryPoint","urlTemplate":"https:\/\/www.noticiasradioreflejos.com.ar\/2021\/?s={search_term_string}"},"query-input":{"@type":"PropertyValueSpecification","valueRequired":true,"valueName":"search_term_string"}}],"inLanguage":"es"},{"@type":"Person","@id":"https:\/\/www.noticiasradioreflejos.com.ar\/2021\/#\/schema\/person\/ad82545263dcc5ec0996818884fd5fb1","name":"Arnaldo Botto","image":{"@type":"ImageObject","inLanguage":"es","@id":"https:\/\/www.noticiasradioreflejos.com.ar\/2021\/#\/schema\/person\/image\/","url":"https:\/\/secure.gravatar.com\/avatar\/55cb5e37c1efa326397366e6974cb338056df65cb50e7d64d1cf314e87504837?s=96&d=mm&r=g","contentUrl":"https:\/\/secure.gravatar.com\/avatar\/55cb5e37c1efa326397366e6974cb338056df65cb50e7d64d1cf314e87504837?s=96&d=mm&r=g","caption":"Arnaldo Botto"},"url":"https:\/\/www.noticiasradioreflejos.com.ar\/2021\/author\/arnaldo\/"}]}},"_links":{"self":[{"href":"https:\/\/www.noticiasradioreflejos.com.ar\/2021\/wp-json\/wp\/v2\/posts\/4733","targetHints":{"allow":["GET"]}}],"collection":[{"href":"https:\/\/www.noticiasradioreflejos.com.ar\/2021\/wp-json\/wp\/v2\/posts"}],"about":[{"href":"https:\/\/www.noticiasradioreflejos.com.ar\/2021\/wp-json\/wp\/v2\/types\/post"}],"author":[{"embeddable":true,"href":"https:\/\/www.noticiasradioreflejos.com.ar\/2021\/wp-json\/wp\/v2\/users\/3"}],"replies":[{"embeddable":true,"href":"https:\/\/www.noticiasradioreflejos.com.ar\/2021\/wp-json\/wp\/v2\/comments?post=4733"}],"version-history":[{"count":0,"href":"https:\/\/www.noticiasradioreflejos.com.ar\/2021\/wp-json\/wp\/v2\/posts\/4733\/revisions"}],"wp:attachment":[{"href":"https:\/\/www.noticiasradioreflejos.com.ar\/2021\/wp-json\/wp\/v2\/media?parent=4733"}],"wp:term":[{"taxonomy":"category","embeddable":true,"href":"https:\/\/www.noticiasradioreflejos.com.ar\/2021\/wp-json\/wp\/v2\/categories?post=4733"},{"taxonomy":"post_tag","embeddable":true,"href":"https:\/\/www.noticiasradioreflejos.com.ar\/2021\/wp-json\/wp\/v2\/tags?post=4733"}],"curies":[{"name":"wp","href":"https:\/\/api.w.org\/{rel}","templated":true}]}}