{"id":47314,"date":"2020-09-25T08:39:09","date_gmt":"2020-09-25T11:39:09","guid":{"rendered":"http:\/\/www.noticiasradioreflejos.com.ar\/noticias\/?p=47314"},"modified":"2020-09-25T08:39:09","modified_gmt":"2020-09-25T11:39:09","slug":"coronavirus-se-registro-el-mayor-numero-de-contagios-desde-que-inicio-la-pandemia-en-el-pais","status":"publish","type":"post","link":"https:\/\/www.noticiasradioreflejos.com.ar\/2021\/coronavirus-se-registro-el-mayor-numero-de-contagios-desde-que-inicio-la-pandemia-en-el-pais\/","title":{"rendered":"CORONAVIRUS: Se registr\u00f3 el mayor n\u00famero de contagios desde que inici\u00f3 la pandemia en el pa\u00eds."},"content":{"rendered":"<p>Fueron 13.467 nuevos casos en las \u00faltimas 24 horas, adem\u00e1s de 391 muertes. El total de infectados asciende a 678.266 y las v\u00edctimas fatales suman 14.766.<!--more--><\/p>\n<p>El Ministerio de Salud de la Naci\u00f3n inform\u00f3 este jueves que, durante las \u00faltimas 24 horas, se registraron 391 muertes y 14.766 nuevos casos positivos por coronavirus. Con estos datos, el total de infectados en todo el pa\u00eds asciende a 678.266 y las v\u00edctimas fatales suman 14.766. Se trata de la jornada con m\u00e1s contagios desde que se contabilizan los datos en el pa\u00eds.<\/p>\n<p>De los fallecimientos comunicados, 16 son de hoy y 52 de ayer. 80 son de hace m\u00e1s de un mes, y 76 de esas son de la provincia de Buenos Aires, que contin\u00faa con la actualizaci\u00f3n de muertes antiguas en bloques por quincena (hoy agregaron 161 fallecimientos de la segunda quincena de agosto).<\/p>\n<p>En las \u00faltimas 24 hs fueron realizados 27.253 testeos y desde el inicio del brote se realizaron 1.842.991 pruebas diagn\u00f3sticas para esta enfermedad, lo que equivale a 40.615,3 muestras por mill\u00f3n de habitantes.<\/p>\n<p>De los 13.467 casos, 6.122 son de la provincia de Buenos Aires, 1.009 de la ciudad de Buenos Aires, 2 de Catamara, 128 de Chaco, 162 de Chubut, 1.626 de C\u00f3rdoba, 115 de Entre R\u00edos, 223 de Jujuy, 34 de La Pampa, 100 de La Rioja, 656 de Mendoza, 3 de Misiones, 253 de Neuqu\u00e9n, 247 de R\u00edo Negro, 286 de Salta, 12 de San Juan, 71 de San Luis, 86 de Santa Cruz, 1.928 de Santa Fe, 116 de Santiago del Estero, 68 de Tierra del Fuego y 224 de Tucum\u00e1n. Corrientes reclasific\u00f3 cuatro casos a otras jurisdicciones seg\u00fan lugar de residencia.<\/p>\n","protected":false},"excerpt":{"rendered":"<p>Fueron 13.467 nuevos casos en las \u00faltimas 24 horas, adem\u00e1s de 391 muertes. El total de infectados asciende a 678.266 y las v\u00edctimas fatales suman 14.766.<\/p>\n","protected":false},"author":3,"featured_media":0,"comment_status":"closed","ping_status":"open","sticky":false,"template":"","format":"standard","meta":{"footnotes":""},"categories":[30],"tags":[],"class_list":["post-47314","post","type-post","status-publish","format-standard","hentry","category-salud"],"yoast_head":"<!-- This site is optimized with the Yoast SEO plugin v25.9 - https:\/\/yoast.com\/wordpress\/plugins\/seo\/ -->\n<title>CORONAVIRUS: Se registr\u00f3 el mayor n\u00famero de contagios desde que inici\u00f3 la pandemia en el pa\u00eds. - Noticias Radio Reflejos<\/title>\n<meta name=\"robots\" content=\"index, follow, max-snippet:-1, max-image-preview:large, max-video-preview:-1\" \/>\n<link rel=\"canonical\" href=\"https:\/\/www.noticiasradioreflejos.com.ar\/2021\/coronavirus-se-registro-el-mayor-numero-de-contagios-desde-que-inicio-la-pandemia-en-el-pais\/\" \/>\n<meta property=\"og:locale\" content=\"es_ES\" \/>\n<meta property=\"og:type\" content=\"article\" \/>\n<meta property=\"og:title\" content=\"CORONAVIRUS: Se registr\u00f3 el mayor n\u00famero de contagios desde que inici\u00f3 la pandemia en el pa\u00eds. - Noticias Radio Reflejos\" \/>\n<meta property=\"og:description\" content=\"Fueron 13.467 nuevos casos en las \u00faltimas 24 horas, adem\u00e1s de 391 muertes. El total de infectados asciende a 678.266 y las v\u00edctimas fatales suman 14.766.\" \/>\n<meta property=\"og:url\" content=\"https:\/\/www.noticiasradioreflejos.com.ar\/2021\/coronavirus-se-registro-el-mayor-numero-de-contagios-desde-que-inicio-la-pandemia-en-el-pais\/\" \/>\n<meta property=\"og:site_name\" content=\"Noticias Radio Reflejos\" \/>\n<meta property=\"article:published_time\" content=\"2020-09-25T11:39:09+00:00\" \/>\n<meta property=\"og:image\" content=\"https:\/\/www.noticiasradioreflejos.com.ar\/2021\/wp-content\/uploads\/2021\/07\/logosol300x200.png\" \/>\n\t<meta property=\"og:image:width\" content=\"300\" \/>\n\t<meta property=\"og:image:height\" content=\"200\" \/>\n\t<meta property=\"og:image:type\" content=\"image\/png\" \/>\n<meta name=\"author\" content=\"Arnaldo Botto\" \/>\n<meta name=\"twitter:card\" content=\"summary_large_image\" \/>\n<script type=\"application\/ld+json\" class=\"yoast-schema-graph\">{\"@context\":\"https:\/\/schema.org\",\"@graph\":[{\"@type\":\"WebPage\",\"@id\":\"https:\/\/www.noticiasradioreflejos.com.ar\/2021\/coronavirus-se-registro-el-mayor-numero-de-contagios-desde-que-inicio-la-pandemia-en-el-pais\/\",\"url\":\"https:\/\/www.noticiasradioreflejos.com.ar\/2021\/coronavirus-se-registro-el-mayor-numero-de-contagios-desde-que-inicio-la-pandemia-en-el-pais\/\",\"name\":\"CORONAVIRUS: Se registr\u00f3 el mayor n\u00famero de contagios desde que inici\u00f3 la pandemia en el pa\u00eds. - Noticias Radio Reflejos\",\"isPartOf\":{\"@id\":\"https:\/\/www.noticiasradioreflejos.com.ar\/2021\/#website\"},\"datePublished\":\"2020-09-25T11:39:09+00:00\",\"author\":{\"@id\":\"https:\/\/www.noticiasradioreflejos.com.ar\/2021\/#\/schema\/person\/ad82545263dcc5ec0996818884fd5fb1\"},\"breadcrumb\":{\"@id\":\"https:\/\/www.noticiasradioreflejos.com.ar\/2021\/coronavirus-se-registro-el-mayor-numero-de-contagios-desde-que-inicio-la-pandemia-en-el-pais\/#breadcrumb\"},\"inLanguage\":\"es\",\"potentialAction\":[{\"@type\":\"ReadAction\",\"target\":[\"https:\/\/www.noticiasradioreflejos.com.ar\/2021\/coronavirus-se-registro-el-mayor-numero-de-contagios-desde-que-inicio-la-pandemia-en-el-pais\/\"]}]},{\"@type\":\"BreadcrumbList\",\"@id\":\"https:\/\/www.noticiasradioreflejos.com.ar\/2021\/coronavirus-se-registro-el-mayor-numero-de-contagios-desde-que-inicio-la-pandemia-en-el-pais\/#breadcrumb\",\"itemListElement\":[{\"@type\":\"ListItem\",\"position\":1,\"name\":\"Portada\",\"item\":\"https:\/\/www.noticiasradioreflejos.com.ar\/2021\/\"},{\"@type\":\"ListItem\",\"position\":2,\"name\":\"CORONAVIRUS: Se registr\u00f3 el mayor n\u00famero de contagios desde que inici\u00f3 la pandemia en el pa\u00eds.\"}]},{\"@type\":\"WebSite\",\"@id\":\"https:\/\/www.noticiasradioreflejos.com.ar\/2021\/#website\",\"url\":\"https:\/\/www.noticiasradioreflejos.com.ar\/2021\/\",\"name\":\"Noticias Radio Reflejos\",\"description\":\"Las noticias de mi comarca\",\"potentialAction\":[{\"@type\":\"SearchAction\",\"target\":{\"@type\":\"EntryPoint\",\"urlTemplate\":\"https:\/\/www.noticiasradioreflejos.com.ar\/2021\/?s={search_term_string}\"},\"query-input\":{\"@type\":\"PropertyValueSpecification\",\"valueRequired\":true,\"valueName\":\"search_term_string\"}}],\"inLanguage\":\"es\"},{\"@type\":\"Person\",\"@id\":\"https:\/\/www.noticiasradioreflejos.com.ar\/2021\/#\/schema\/person\/ad82545263dcc5ec0996818884fd5fb1\",\"name\":\"Arnaldo Botto\",\"image\":{\"@type\":\"ImageObject\",\"inLanguage\":\"es\",\"@id\":\"https:\/\/www.noticiasradioreflejos.com.ar\/2021\/#\/schema\/person\/image\/\",\"url\":\"https:\/\/secure.gravatar.com\/avatar\/55cb5e37c1efa326397366e6974cb338056df65cb50e7d64d1cf314e87504837?s=96&d=mm&r=g\",\"contentUrl\":\"https:\/\/secure.gravatar.com\/avatar\/55cb5e37c1efa326397366e6974cb338056df65cb50e7d64d1cf314e87504837?s=96&d=mm&r=g\",\"caption\":\"Arnaldo Botto\"},\"url\":\"https:\/\/www.noticiasradioreflejos.com.ar\/2021\/author\/arnaldo\/\"}]}<\/script>\n<!-- \/ Yoast SEO plugin. -->","yoast_head_json":{"title":"CORONAVIRUS: Se registr\u00f3 el mayor n\u00famero de contagios desde que inici\u00f3 la pandemia en el pa\u00eds. - Noticias Radio Reflejos","robots":{"index":"index","follow":"follow","max-snippet":"max-snippet:-1","max-image-preview":"max-image-preview:large","max-video-preview":"max-video-preview:-1"},"canonical":"https:\/\/www.noticiasradioreflejos.com.ar\/2021\/coronavirus-se-registro-el-mayor-numero-de-contagios-desde-que-inicio-la-pandemia-en-el-pais\/","og_locale":"es_ES","og_type":"article","og_title":"CORONAVIRUS: Se registr\u00f3 el mayor n\u00famero de contagios desde que inici\u00f3 la pandemia en el pa\u00eds. - Noticias Radio Reflejos","og_description":"Fueron 13.467 nuevos casos en las \u00faltimas 24 horas, adem\u00e1s de 391 muertes. El total de infectados asciende a 678.266 y las v\u00edctimas fatales suman 14.766.","og_url":"https:\/\/www.noticiasradioreflejos.com.ar\/2021\/coronavirus-se-registro-el-mayor-numero-de-contagios-desde-que-inicio-la-pandemia-en-el-pais\/","og_site_name":"Noticias Radio Reflejos","article_published_time":"2020-09-25T11:39:09+00:00","og_image":[{"width":300,"height":200,"url":"https:\/\/www.noticiasradioreflejos.com.ar\/2021\/wp-content\/uploads\/2021\/07\/logosol300x200.png","type":"image\/png"}],"author":"Arnaldo Botto","twitter_card":"summary_large_image","schema":{"@context":"https:\/\/schema.org","@graph":[{"@type":"WebPage","@id":"https:\/\/www.noticiasradioreflejos.com.ar\/2021\/coronavirus-se-registro-el-mayor-numero-de-contagios-desde-que-inicio-la-pandemia-en-el-pais\/","url":"https:\/\/www.noticiasradioreflejos.com.ar\/2021\/coronavirus-se-registro-el-mayor-numero-de-contagios-desde-que-inicio-la-pandemia-en-el-pais\/","name":"CORONAVIRUS: Se registr\u00f3 el mayor n\u00famero de contagios desde que inici\u00f3 la pandemia en el pa\u00eds. - Noticias Radio Reflejos","isPartOf":{"@id":"https:\/\/www.noticiasradioreflejos.com.ar\/2021\/#website"},"datePublished":"2020-09-25T11:39:09+00:00","author":{"@id":"https:\/\/www.noticiasradioreflejos.com.ar\/2021\/#\/schema\/person\/ad82545263dcc5ec0996818884fd5fb1"},"breadcrumb":{"@id":"https:\/\/www.noticiasradioreflejos.com.ar\/2021\/coronavirus-se-registro-el-mayor-numero-de-contagios-desde-que-inicio-la-pandemia-en-el-pais\/#breadcrumb"},"inLanguage":"es","potentialAction":[{"@type":"ReadAction","target":["https:\/\/www.noticiasradioreflejos.com.ar\/2021\/coronavirus-se-registro-el-mayor-numero-de-contagios-desde-que-inicio-la-pandemia-en-el-pais\/"]}]},{"@type":"BreadcrumbList","@id":"https:\/\/www.noticiasradioreflejos.com.ar\/2021\/coronavirus-se-registro-el-mayor-numero-de-contagios-desde-que-inicio-la-pandemia-en-el-pais\/#breadcrumb","itemListElement":[{"@type":"ListItem","position":1,"name":"Portada","item":"https:\/\/www.noticiasradioreflejos.com.ar\/2021\/"},{"@type":"ListItem","position":2,"name":"CORONAVIRUS: Se registr\u00f3 el mayor n\u00famero de contagios desde que inici\u00f3 la pandemia en el pa\u00eds."}]},{"@type":"WebSite","@id":"https:\/\/www.noticiasradioreflejos.com.ar\/2021\/#website","url":"https:\/\/www.noticiasradioreflejos.com.ar\/2021\/","name":"Noticias Radio Reflejos","description":"Las noticias de mi comarca","potentialAction":[{"@type":"SearchAction","target":{"@type":"EntryPoint","urlTemplate":"https:\/\/www.noticiasradioreflejos.com.ar\/2021\/?s={search_term_string}"},"query-input":{"@type":"PropertyValueSpecification","valueRequired":true,"valueName":"search_term_string"}}],"inLanguage":"es"},{"@type":"Person","@id":"https:\/\/www.noticiasradioreflejos.com.ar\/2021\/#\/schema\/person\/ad82545263dcc5ec0996818884fd5fb1","name":"Arnaldo Botto","image":{"@type":"ImageObject","inLanguage":"es","@id":"https:\/\/www.noticiasradioreflejos.com.ar\/2021\/#\/schema\/person\/image\/","url":"https:\/\/secure.gravatar.com\/avatar\/55cb5e37c1efa326397366e6974cb338056df65cb50e7d64d1cf314e87504837?s=96&d=mm&r=g","contentUrl":"https:\/\/secure.gravatar.com\/avatar\/55cb5e37c1efa326397366e6974cb338056df65cb50e7d64d1cf314e87504837?s=96&d=mm&r=g","caption":"Arnaldo Botto"},"url":"https:\/\/www.noticiasradioreflejos.com.ar\/2021\/author\/arnaldo\/"}]}},"_links":{"self":[{"href":"https:\/\/www.noticiasradioreflejos.com.ar\/2021\/wp-json\/wp\/v2\/posts\/47314","targetHints":{"allow":["GET"]}}],"collection":[{"href":"https:\/\/www.noticiasradioreflejos.com.ar\/2021\/wp-json\/wp\/v2\/posts"}],"about":[{"href":"https:\/\/www.noticiasradioreflejos.com.ar\/2021\/wp-json\/wp\/v2\/types\/post"}],"author":[{"embeddable":true,"href":"https:\/\/www.noticiasradioreflejos.com.ar\/2021\/wp-json\/wp\/v2\/users\/3"}],"replies":[{"embeddable":true,"href":"https:\/\/www.noticiasradioreflejos.com.ar\/2021\/wp-json\/wp\/v2\/comments?post=47314"}],"version-history":[{"count":0,"href":"https:\/\/www.noticiasradioreflejos.com.ar\/2021\/wp-json\/wp\/v2\/posts\/47314\/revisions"}],"wp:attachment":[{"href":"https:\/\/www.noticiasradioreflejos.com.ar\/2021\/wp-json\/wp\/v2\/media?parent=47314"}],"wp:term":[{"taxonomy":"category","embeddable":true,"href":"https:\/\/www.noticiasradioreflejos.com.ar\/2021\/wp-json\/wp\/v2\/categories?post=47314"},{"taxonomy":"post_tag","embeddable":true,"href":"https:\/\/www.noticiasradioreflejos.com.ar\/2021\/wp-json\/wp\/v2\/tags?post=47314"}],"curies":[{"name":"wp","href":"https:\/\/api.w.org\/{rel}","templated":true}]}}