{"id":47286,"date":"2020-09-24T15:06:35","date_gmt":"2020-09-24T18:06:35","guid":{"rendered":"http:\/\/www.noticiasradioreflejos.com.ar\/noticias\/?p=47286"},"modified":"2020-09-24T15:06:35","modified_gmt":"2020-09-24T18:06:35","slug":"el-frente-grande-convoca-una-nueva-forma-de-construir-mas-horizontal-norma-blanca-fernandez","status":"publish","type":"post","link":"https:\/\/www.noticiasradioreflejos.com.ar\/2021\/el-frente-grande-convoca-una-nueva-forma-de-construir-mas-horizontal-norma-blanca-fernandez\/","title":{"rendered":"\u00abEl Frente Grande convoca una nueva forma de construir, m\u00e1s horizontal\u00bb Norma Blanca Fern\u00e1ndez."},"content":{"rendered":"<p>Esta ma\u00f1ana, conversamos con Norma Blanca Fern\u00e1ndez, docente y dirigente del Frente Grande de Tornquist. En esta nota, Norma nos informa sobre la convocatoria a un plenario para el pr\u00f3ximo Domingo. Adem\u00e1s, nos comparte su visi\u00f3n acerca de la educaci\u00f3n virtual y emite opini\u00f3n sobre la gesti\u00f3n actual del Municipio.<!--more--><\/p>\n<p>Comenzamos la nota pregunt\u00e1ndole a Norma si ella cree que podr\u00eda adaptarse a estos tiempos de pandemia en donde la educaci\u00f3n toma un rol principalmente virtual. \u00abSi uno tiene que adaptarse, se adapta. Cuando empez\u00f3 todo el tema de la inform\u00e1tica, tuvimos que aprender por obligaci\u00f3n. Pero creo que la situaci\u00f3n es m\u00e1s compleja que eso. Va a llevar mucho tiempo saber qu\u00e9 es lo que pasa y cu\u00e1les son las consecuencias. Hay muchos chicos que no est\u00e1n yendo a la escuela\u00bb expres\u00f3 Norma.<\/p>\n<p>Norma es dirigente del Frente Grande de Tornquist, el cual, junto con el Frente Popular, convocaron un plenario para el pr\u00f3ximo Domingo 27 a las 17hs. \u00abEl Frente Grande convoca una nueva forma de construir, m\u00e1s horizontal, que hace estar mucho m\u00e1s cerca el territorio, se trabaja mucho con los productores de las huertas, empresas recuperadas, cooperativas, etc\u00bb explic\u00f3 Norma.<\/p>\n<p>\u00abTenemos ganas de proponer una forma de trabajar para ver como vamos revirtiendo algunas cuestiones del distrito que est\u00e1n ah\u00ed paradas, con esta cuesti\u00f3n de la quietud del a\u00f1o. Hay mucho ingreso de oferta, mucha plata dando vueltas que necesita una gesti\u00f3n diferente\u00bb sostuvo Norma al comentar cu\u00e1les son las ideas del Frente Grande.<\/p>\n<p>La docente aclara que \u00abtambi\u00e9n respetamos que el Intendente fue votado por mucha gente que estuvo de acuerdo con su gesti\u00f3n, pero queremos demostrar que hay otras maneras de trabajar\u00bb. Adem\u00e1s, agreg\u00f3 que desde el Frente est\u00e1n dispuestos para debatir estos temas a mejorar, aunque Norma menciona que \u00abno s\u00e9 si podr\u00edamos trabajarlo juntos porque no tenemos los mismos objetivos\u00bb. Norma sostiene que \u00abdeber\u00edamos seguir teniendo esta cultura de comunicaci\u00f3n como antes, hace mucho tiempo que no se discute absolutamente nada\u00bb.<\/p>\n<p>Nota completa a continuaci\u00f3n:<br \/>\n<iframe loading=\"lazy\" width=\"100%\" height=\"166\" scrolling=\"no\" frameborder=\"no\" allow=\"autoplay\" src=\"https:\/\/w.soundcloud.com\/player\/?url=https%3A\/\/api.soundcloud.com\/tracks\/898819363&#038;color=%23ff5500&#038;auto_play=false&#038;hide_related=false&#038;show_comments=true&#038;show_user=true&#038;show_reposts=false&#038;show_teaser=true\"><\/iframe><\/p>\n<div style=\"font-size: 10px; color: #cccccc;line-break: anywhere;word-break: normal;overflow: hidden;white-space: nowrap;text-overflow: ellipsis; font-family: Interstate,Lucida Grande,Lucida Sans Unicode,Lucida Sans,Garuda,Verdana,Tahoma,sans-serif;font-weight: 100;\"><a href=\"https:\/\/soundcloud.com\/fmreflejos-103-7\" title=\"fmreflejos 103.7\" target=\"_blank\" style=\"color: #cccccc; text-decoration: none;\" rel=\"noopener\">fmreflejos 103.7<\/a> \u00b7 <a href=\"https:\/\/soundcloud.com\/fmreflejos-103-7\/norma-blanca-fernandez\" title=\"Norma Blanca Fernandez\" target=\"_blank\" style=\"color: #cccccc; text-decoration: none;\" rel=\"noopener\">Norma Blanca Fernandez<\/a><\/div>\n","protected":false},"excerpt":{"rendered":"<p>Esta ma\u00f1ana, conversamos con Norma Blanca Fern\u00e1ndez, docente y dirigente del Frente Grande de Tornquist. En esta nota, Norma nos informa sobre la convocatoria a un plenario para el pr\u00f3ximo Domingo. Adem\u00e1s, nos comparte su visi\u00f3n acerca de la educaci\u00f3n virtual y emite opini\u00f3n sobre la gesti\u00f3n actual del Municipio.<\/p>\n","protected":false},"author":3,"featured_media":0,"comment_status":"closed","ping_status":"open","sticky":false,"template":"","format":"standard","meta":{"footnotes":""},"categories":[24],"tags":[],"class_list":["post-47286","post","type-post","status-publish","format-standard","hentry","category-politica"],"yoast_head":"<!-- This site is optimized with the Yoast SEO plugin v25.9 - https:\/\/yoast.com\/wordpress\/plugins\/seo\/ -->\n<title>&quot;El Frente Grande convoca una nueva forma de construir, m\u00e1s horizontal&quot; Norma Blanca Fern\u00e1ndez. - Noticias Radio Reflejos<\/title>\n<meta name=\"robots\" content=\"index, follow, max-snippet:-1, max-image-preview:large, max-video-preview:-1\" \/>\n<link rel=\"canonical\" href=\"https:\/\/www.noticiasradioreflejos.com.ar\/2021\/el-frente-grande-convoca-una-nueva-forma-de-construir-mas-horizontal-norma-blanca-fernandez\/\" \/>\n<meta property=\"og:locale\" content=\"es_ES\" \/>\n<meta property=\"og:type\" content=\"article\" \/>\n<meta property=\"og:title\" content=\"&quot;El Frente Grande convoca una nueva forma de construir, m\u00e1s horizontal&quot; Norma Blanca Fern\u00e1ndez. - Noticias Radio Reflejos\" \/>\n<meta property=\"og:description\" content=\"Esta ma\u00f1ana, conversamos con Norma Blanca Fern\u00e1ndez, docente y dirigente del Frente Grande de Tornquist. En esta nota, Norma nos informa sobre la convocatoria a un plenario para el pr\u00f3ximo Domingo. Adem\u00e1s, nos comparte su visi\u00f3n acerca de la educaci\u00f3n virtual y emite opini\u00f3n sobre la gesti\u00f3n actual del Municipio.\" \/>\n<meta property=\"og:url\" content=\"https:\/\/www.noticiasradioreflejos.com.ar\/2021\/el-frente-grande-convoca-una-nueva-forma-de-construir-mas-horizontal-norma-blanca-fernandez\/\" \/>\n<meta property=\"og:site_name\" content=\"Noticias Radio Reflejos\" \/>\n<meta property=\"article:published_time\" content=\"2020-09-24T18:06:35+00:00\" \/>\n<meta property=\"og:image\" content=\"https:\/\/www.noticiasradioreflejos.com.ar\/2021\/wp-content\/uploads\/2021\/07\/logosol300x200.png\" \/>\n\t<meta property=\"og:image:width\" content=\"300\" \/>\n\t<meta property=\"og:image:height\" content=\"200\" \/>\n\t<meta property=\"og:image:type\" content=\"image\/png\" \/>\n<meta name=\"author\" content=\"Arnaldo Botto\" \/>\n<meta name=\"twitter:card\" content=\"summary_large_image\" \/>\n<script type=\"application\/ld+json\" class=\"yoast-schema-graph\">{\"@context\":\"https:\/\/schema.org\",\"@graph\":[{\"@type\":\"WebPage\",\"@id\":\"https:\/\/www.noticiasradioreflejos.com.ar\/2021\/el-frente-grande-convoca-una-nueva-forma-de-construir-mas-horizontal-norma-blanca-fernandez\/\",\"url\":\"https:\/\/www.noticiasradioreflejos.com.ar\/2021\/el-frente-grande-convoca-una-nueva-forma-de-construir-mas-horizontal-norma-blanca-fernandez\/\",\"name\":\"\\\"El Frente Grande convoca una nueva forma de construir, m\u00e1s horizontal\\\" Norma Blanca Fern\u00e1ndez. - Noticias Radio Reflejos\",\"isPartOf\":{\"@id\":\"https:\/\/www.noticiasradioreflejos.com.ar\/2021\/#website\"},\"datePublished\":\"2020-09-24T18:06:35+00:00\",\"author\":{\"@id\":\"https:\/\/www.noticiasradioreflejos.com.ar\/2021\/#\/schema\/person\/ad82545263dcc5ec0996818884fd5fb1\"},\"breadcrumb\":{\"@id\":\"https:\/\/www.noticiasradioreflejos.com.ar\/2021\/el-frente-grande-convoca-una-nueva-forma-de-construir-mas-horizontal-norma-blanca-fernandez\/#breadcrumb\"},\"inLanguage\":\"es\",\"potentialAction\":[{\"@type\":\"ReadAction\",\"target\":[\"https:\/\/www.noticiasradioreflejos.com.ar\/2021\/el-frente-grande-convoca-una-nueva-forma-de-construir-mas-horizontal-norma-blanca-fernandez\/\"]}]},{\"@type\":\"BreadcrumbList\",\"@id\":\"https:\/\/www.noticiasradioreflejos.com.ar\/2021\/el-frente-grande-convoca-una-nueva-forma-de-construir-mas-horizontal-norma-blanca-fernandez\/#breadcrumb\",\"itemListElement\":[{\"@type\":\"ListItem\",\"position\":1,\"name\":\"Portada\",\"item\":\"https:\/\/www.noticiasradioreflejos.com.ar\/2021\/\"},{\"@type\":\"ListItem\",\"position\":2,\"name\":\"\u00abEl Frente Grande convoca una nueva forma de construir, m\u00e1s horizontal\u00bb Norma Blanca Fern\u00e1ndez.\"}]},{\"@type\":\"WebSite\",\"@id\":\"https:\/\/www.noticiasradioreflejos.com.ar\/2021\/#website\",\"url\":\"https:\/\/www.noticiasradioreflejos.com.ar\/2021\/\",\"name\":\"Noticias Radio Reflejos\",\"description\":\"Las noticias de mi comarca\",\"potentialAction\":[{\"@type\":\"SearchAction\",\"target\":{\"@type\":\"EntryPoint\",\"urlTemplate\":\"https:\/\/www.noticiasradioreflejos.com.ar\/2021\/?s={search_term_string}\"},\"query-input\":{\"@type\":\"PropertyValueSpecification\",\"valueRequired\":true,\"valueName\":\"search_term_string\"}}],\"inLanguage\":\"es\"},{\"@type\":\"Person\",\"@id\":\"https:\/\/www.noticiasradioreflejos.com.ar\/2021\/#\/schema\/person\/ad82545263dcc5ec0996818884fd5fb1\",\"name\":\"Arnaldo Botto\",\"image\":{\"@type\":\"ImageObject\",\"inLanguage\":\"es\",\"@id\":\"https:\/\/www.noticiasradioreflejos.com.ar\/2021\/#\/schema\/person\/image\/\",\"url\":\"https:\/\/secure.gravatar.com\/avatar\/55cb5e37c1efa326397366e6974cb338056df65cb50e7d64d1cf314e87504837?s=96&d=mm&r=g\",\"contentUrl\":\"https:\/\/secure.gravatar.com\/avatar\/55cb5e37c1efa326397366e6974cb338056df65cb50e7d64d1cf314e87504837?s=96&d=mm&r=g\",\"caption\":\"Arnaldo Botto\"},\"url\":\"https:\/\/www.noticiasradioreflejos.com.ar\/2021\/author\/arnaldo\/\"}]}<\/script>\n<!-- \/ Yoast SEO plugin. -->","yoast_head_json":{"title":"\"El Frente Grande convoca una nueva forma de construir, m\u00e1s horizontal\" Norma Blanca Fern\u00e1ndez. - Noticias Radio Reflejos","robots":{"index":"index","follow":"follow","max-snippet":"max-snippet:-1","max-image-preview":"max-image-preview:large","max-video-preview":"max-video-preview:-1"},"canonical":"https:\/\/www.noticiasradioreflejos.com.ar\/2021\/el-frente-grande-convoca-una-nueva-forma-de-construir-mas-horizontal-norma-blanca-fernandez\/","og_locale":"es_ES","og_type":"article","og_title":"\"El Frente Grande convoca una nueva forma de construir, m\u00e1s horizontal\" Norma Blanca Fern\u00e1ndez. - Noticias Radio Reflejos","og_description":"Esta ma\u00f1ana, conversamos con Norma Blanca Fern\u00e1ndez, docente y dirigente del Frente Grande de Tornquist. En esta nota, Norma nos informa sobre la convocatoria a un plenario para el pr\u00f3ximo Domingo. Adem\u00e1s, nos comparte su visi\u00f3n acerca de la educaci\u00f3n virtual y emite opini\u00f3n sobre la gesti\u00f3n actual del Municipio.","og_url":"https:\/\/www.noticiasradioreflejos.com.ar\/2021\/el-frente-grande-convoca-una-nueva-forma-de-construir-mas-horizontal-norma-blanca-fernandez\/","og_site_name":"Noticias Radio Reflejos","article_published_time":"2020-09-24T18:06:35+00:00","og_image":[{"width":300,"height":200,"url":"https:\/\/www.noticiasradioreflejos.com.ar\/2021\/wp-content\/uploads\/2021\/07\/logosol300x200.png","type":"image\/png"}],"author":"Arnaldo Botto","twitter_card":"summary_large_image","schema":{"@context":"https:\/\/schema.org","@graph":[{"@type":"WebPage","@id":"https:\/\/www.noticiasradioreflejos.com.ar\/2021\/el-frente-grande-convoca-una-nueva-forma-de-construir-mas-horizontal-norma-blanca-fernandez\/","url":"https:\/\/www.noticiasradioreflejos.com.ar\/2021\/el-frente-grande-convoca-una-nueva-forma-de-construir-mas-horizontal-norma-blanca-fernandez\/","name":"\"El Frente Grande convoca una nueva forma de construir, m\u00e1s horizontal\" Norma Blanca Fern\u00e1ndez. - Noticias Radio Reflejos","isPartOf":{"@id":"https:\/\/www.noticiasradioreflejos.com.ar\/2021\/#website"},"datePublished":"2020-09-24T18:06:35+00:00","author":{"@id":"https:\/\/www.noticiasradioreflejos.com.ar\/2021\/#\/schema\/person\/ad82545263dcc5ec0996818884fd5fb1"},"breadcrumb":{"@id":"https:\/\/www.noticiasradioreflejos.com.ar\/2021\/el-frente-grande-convoca-una-nueva-forma-de-construir-mas-horizontal-norma-blanca-fernandez\/#breadcrumb"},"inLanguage":"es","potentialAction":[{"@type":"ReadAction","target":["https:\/\/www.noticiasradioreflejos.com.ar\/2021\/el-frente-grande-convoca-una-nueva-forma-de-construir-mas-horizontal-norma-blanca-fernandez\/"]}]},{"@type":"BreadcrumbList","@id":"https:\/\/www.noticiasradioreflejos.com.ar\/2021\/el-frente-grande-convoca-una-nueva-forma-de-construir-mas-horizontal-norma-blanca-fernandez\/#breadcrumb","itemListElement":[{"@type":"ListItem","position":1,"name":"Portada","item":"https:\/\/www.noticiasradioreflejos.com.ar\/2021\/"},{"@type":"ListItem","position":2,"name":"\u00abEl Frente Grande convoca una nueva forma de construir, m\u00e1s horizontal\u00bb Norma Blanca Fern\u00e1ndez."}]},{"@type":"WebSite","@id":"https:\/\/www.noticiasradioreflejos.com.ar\/2021\/#website","url":"https:\/\/www.noticiasradioreflejos.com.ar\/2021\/","name":"Noticias Radio Reflejos","description":"Las noticias de mi comarca","potentialAction":[{"@type":"SearchAction","target":{"@type":"EntryPoint","urlTemplate":"https:\/\/www.noticiasradioreflejos.com.ar\/2021\/?s={search_term_string}"},"query-input":{"@type":"PropertyValueSpecification","valueRequired":true,"valueName":"search_term_string"}}],"inLanguage":"es"},{"@type":"Person","@id":"https:\/\/www.noticiasradioreflejos.com.ar\/2021\/#\/schema\/person\/ad82545263dcc5ec0996818884fd5fb1","name":"Arnaldo Botto","image":{"@type":"ImageObject","inLanguage":"es","@id":"https:\/\/www.noticiasradioreflejos.com.ar\/2021\/#\/schema\/person\/image\/","url":"https:\/\/secure.gravatar.com\/avatar\/55cb5e37c1efa326397366e6974cb338056df65cb50e7d64d1cf314e87504837?s=96&d=mm&r=g","contentUrl":"https:\/\/secure.gravatar.com\/avatar\/55cb5e37c1efa326397366e6974cb338056df65cb50e7d64d1cf314e87504837?s=96&d=mm&r=g","caption":"Arnaldo Botto"},"url":"https:\/\/www.noticiasradioreflejos.com.ar\/2021\/author\/arnaldo\/"}]}},"_links":{"self":[{"href":"https:\/\/www.noticiasradioreflejos.com.ar\/2021\/wp-json\/wp\/v2\/posts\/47286","targetHints":{"allow":["GET"]}}],"collection":[{"href":"https:\/\/www.noticiasradioreflejos.com.ar\/2021\/wp-json\/wp\/v2\/posts"}],"about":[{"href":"https:\/\/www.noticiasradioreflejos.com.ar\/2021\/wp-json\/wp\/v2\/types\/post"}],"author":[{"embeddable":true,"href":"https:\/\/www.noticiasradioreflejos.com.ar\/2021\/wp-json\/wp\/v2\/users\/3"}],"replies":[{"embeddable":true,"href":"https:\/\/www.noticiasradioreflejos.com.ar\/2021\/wp-json\/wp\/v2\/comments?post=47286"}],"version-history":[{"count":0,"href":"https:\/\/www.noticiasradioreflejos.com.ar\/2021\/wp-json\/wp\/v2\/posts\/47286\/revisions"}],"wp:attachment":[{"href":"https:\/\/www.noticiasradioreflejos.com.ar\/2021\/wp-json\/wp\/v2\/media?parent=47286"}],"wp:term":[{"taxonomy":"category","embeddable":true,"href":"https:\/\/www.noticiasradioreflejos.com.ar\/2021\/wp-json\/wp\/v2\/categories?post=47286"},{"taxonomy":"post_tag","embeddable":true,"href":"https:\/\/www.noticiasradioreflejos.com.ar\/2021\/wp-json\/wp\/v2\/tags?post=47286"}],"curies":[{"name":"wp","href":"https:\/\/api.w.org\/{rel}","templated":true}]}}