{"id":47283,"date":"2020-09-24T12:35:29","date_gmt":"2020-09-24T15:35:29","guid":{"rendered":"http:\/\/www.noticiasradioreflejos.com.ar\/noticias\/?p=47283"},"modified":"2020-09-24T12:35:29","modified_gmt":"2020-09-24T15:35:29","slug":"los-trabajadores-judiciales-cumplen-un-paro-de-36-horas","status":"publish","type":"post","link":"https:\/\/www.noticiasradioreflejos.com.ar\/2021\/los-trabajadores-judiciales-cumplen-un-paro-de-36-horas\/","title":{"rendered":"Los trabajadores judiciales cumplen un paro de 36 horas"},"content":{"rendered":"<p>El personal agrupado en la Uni\u00f3n de Empleados de la Justicia de la Naci\u00f3n (UEJN) comenz\u00f3 esta ma\u00f1ana un paro de 36 horas, en el marco del inicio de un plan de lucha que continuar\u00e1 en los pr\u00f3ximos d\u00edas, en reclamo de recomposici\u00f3n salarial y otros pedidos.<!--more--><br \/>\n\u00abParo y acto judicial en todo el pa\u00eds (con distanciamiento social y barbijo) por recomposici\u00f3n salarial y Plan Estrat\u00e9gico para la Justicia! La pandemia no es excusa para quitar derechos!\u00bb, escribi\u00f3 Piumato hoy en su cuenta de Twitter.<\/p>\n<p>El plan de lucha, que comienza hoy y por el que se paralizar\u00e1n las actividades desde las 10 de hoy y ma\u00f1ana durante las 24 horas, es acompa\u00f1ado de movilizaciones en Capital Federal y en el resto de las provincias del pa\u00eds.<\/p>\n<p>Piumato explic\u00f3 ayer en un comunicado que el personal se concentrar\u00e1 frente a los Tribunales metropolitanos, en Lavalle y Talcahuano, y frente a cada dependencia judicial del interior, en el contexto de la huelga.<\/p>\n<p>La misma modalidad de retenci\u00f3n de tareas se repetir\u00e1 la semana entrante, el 1 y 2 de octubre, cuando se realice otro paro de 36 horas, sumando as\u00ed un total de 72 horas de movilizaciones en demanda de \u00abuna recomposici\u00f3n salarial y varias compensaciones\u00bb, entre otros reclamos, inform\u00f3 ayer Piumato.<\/p>\n<p>Los trabajadores exigen \u00abel inmediato pago del primer y segundo tramo de incremento salarial, compensaciones por aportes y feria judicial, la modernizaci\u00f3n de la obra social de la actividad (Ospjn) y un plan estrat\u00e9gico para el sector\u00bb, y rechazan \u00abel traslado de la justicia a la \u00f3rbita metropolitana\u00bb.<\/p>\n<p>Piumato explic\u00f3 tambi\u00e9n que la mejora de los haberes judiciales \u00abes urgente\u00bb porque \u00abse suma la reducci\u00f3n del salario de bolsillo por el caprichoso aumento del aporte jubilatorio\u00bb, por lo que exigi\u00f3 el suplemento compensatorio del 10 por ciento y el pago del primer y segundo tramo de recomposici\u00f3n, que se ubica en el 25 por ciento (10 por ciento en marzo y otro 15 en agosto), detall\u00f3.<\/p>\n<p>\u00abLa grave pandemia no puede ser la excusa para vulnerar derechos. La justicia est\u00e1 en emergencia y se prende fuego. Las reformas inconducentes se transforman en pantomimas medi\u00e1ticas para distraer\u00bb, asever\u00f3 el dirigente.<\/p>\n<p>El sindicalista tambi\u00e9n rechaz\u00f3 el traspaso de la justicia al \u00e1mbito de la Capital Federal y exigi\u00f3 a los integrantes de la Corte Suprema de Justicia de la Naci\u00f3n (CSJN) el inmediato otorgamiento de una recomposici\u00f3n salarial adeudada.<\/p>\n","protected":false},"excerpt":{"rendered":"<p>El personal agrupado en la Uni\u00f3n de Empleados de la Justicia de la Naci\u00f3n (UEJN) comenz\u00f3 esta ma\u00f1ana un paro de 36 horas, en el marco del inicio de un plan de lucha que continuar\u00e1 en los pr\u00f3ximos d\u00edas, en reclamo de recomposici\u00f3n salarial y otros pedidos.<\/p>\n","protected":false},"author":3,"featured_media":0,"comment_status":"closed","ping_status":"open","sticky":false,"template":"","format":"standard","meta":{"footnotes":""},"categories":[24],"tags":[],"class_list":["post-47283","post","type-post","status-publish","format-standard","hentry","category-politica"],"yoast_head":"<!-- This site is optimized with the Yoast SEO plugin v25.9 - https:\/\/yoast.com\/wordpress\/plugins\/seo\/ -->\n<title>Los trabajadores judiciales cumplen un paro de 36 horas - Noticias Radio Reflejos<\/title>\n<meta name=\"robots\" content=\"index, follow, max-snippet:-1, max-image-preview:large, max-video-preview:-1\" \/>\n<link rel=\"canonical\" href=\"https:\/\/www.noticiasradioreflejos.com.ar\/2021\/los-trabajadores-judiciales-cumplen-un-paro-de-36-horas\/\" \/>\n<meta property=\"og:locale\" content=\"es_ES\" \/>\n<meta property=\"og:type\" content=\"article\" \/>\n<meta property=\"og:title\" content=\"Los trabajadores judiciales cumplen un paro de 36 horas - Noticias Radio Reflejos\" \/>\n<meta property=\"og:description\" content=\"El personal agrupado en la Uni\u00f3n de Empleados de la Justicia de la Naci\u00f3n (UEJN) comenz\u00f3 esta ma\u00f1ana un paro de 36 horas, en el marco del inicio de un plan de lucha que continuar\u00e1 en los pr\u00f3ximos d\u00edas, en reclamo de recomposici\u00f3n salarial y otros pedidos.\" \/>\n<meta property=\"og:url\" content=\"https:\/\/www.noticiasradioreflejos.com.ar\/2021\/los-trabajadores-judiciales-cumplen-un-paro-de-36-horas\/\" \/>\n<meta property=\"og:site_name\" content=\"Noticias Radio Reflejos\" \/>\n<meta property=\"article:published_time\" content=\"2020-09-24T15:35:29+00:00\" \/>\n<meta property=\"og:image\" content=\"https:\/\/www.noticiasradioreflejos.com.ar\/2021\/wp-content\/uploads\/2021\/07\/logosol300x200.png\" \/>\n\t<meta property=\"og:image:width\" content=\"300\" \/>\n\t<meta property=\"og:image:height\" content=\"200\" \/>\n\t<meta property=\"og:image:type\" content=\"image\/png\" \/>\n<meta name=\"author\" content=\"Arnaldo Botto\" \/>\n<meta name=\"twitter:card\" content=\"summary_large_image\" \/>\n<script type=\"application\/ld+json\" class=\"yoast-schema-graph\">{\"@context\":\"https:\/\/schema.org\",\"@graph\":[{\"@type\":\"WebPage\",\"@id\":\"https:\/\/www.noticiasradioreflejos.com.ar\/2021\/los-trabajadores-judiciales-cumplen-un-paro-de-36-horas\/\",\"url\":\"https:\/\/www.noticiasradioreflejos.com.ar\/2021\/los-trabajadores-judiciales-cumplen-un-paro-de-36-horas\/\",\"name\":\"Los trabajadores judiciales cumplen un paro de 36 horas - Noticias Radio Reflejos\",\"isPartOf\":{\"@id\":\"https:\/\/www.noticiasradioreflejos.com.ar\/2021\/#website\"},\"datePublished\":\"2020-09-24T15:35:29+00:00\",\"author\":{\"@id\":\"https:\/\/www.noticiasradioreflejos.com.ar\/2021\/#\/schema\/person\/ad82545263dcc5ec0996818884fd5fb1\"},\"breadcrumb\":{\"@id\":\"https:\/\/www.noticiasradioreflejos.com.ar\/2021\/los-trabajadores-judiciales-cumplen-un-paro-de-36-horas\/#breadcrumb\"},\"inLanguage\":\"es\",\"potentialAction\":[{\"@type\":\"ReadAction\",\"target\":[\"https:\/\/www.noticiasradioreflejos.com.ar\/2021\/los-trabajadores-judiciales-cumplen-un-paro-de-36-horas\/\"]}]},{\"@type\":\"BreadcrumbList\",\"@id\":\"https:\/\/www.noticiasradioreflejos.com.ar\/2021\/los-trabajadores-judiciales-cumplen-un-paro-de-36-horas\/#breadcrumb\",\"itemListElement\":[{\"@type\":\"ListItem\",\"position\":1,\"name\":\"Portada\",\"item\":\"https:\/\/www.noticiasradioreflejos.com.ar\/2021\/\"},{\"@type\":\"ListItem\",\"position\":2,\"name\":\"Los trabajadores judiciales cumplen un paro de 36 horas\"}]},{\"@type\":\"WebSite\",\"@id\":\"https:\/\/www.noticiasradioreflejos.com.ar\/2021\/#website\",\"url\":\"https:\/\/www.noticiasradioreflejos.com.ar\/2021\/\",\"name\":\"Noticias Radio Reflejos\",\"description\":\"Las noticias de mi comarca\",\"potentialAction\":[{\"@type\":\"SearchAction\",\"target\":{\"@type\":\"EntryPoint\",\"urlTemplate\":\"https:\/\/www.noticiasradioreflejos.com.ar\/2021\/?s={search_term_string}\"},\"query-input\":{\"@type\":\"PropertyValueSpecification\",\"valueRequired\":true,\"valueName\":\"search_term_string\"}}],\"inLanguage\":\"es\"},{\"@type\":\"Person\",\"@id\":\"https:\/\/www.noticiasradioreflejos.com.ar\/2021\/#\/schema\/person\/ad82545263dcc5ec0996818884fd5fb1\",\"name\":\"Arnaldo Botto\",\"image\":{\"@type\":\"ImageObject\",\"inLanguage\":\"es\",\"@id\":\"https:\/\/www.noticiasradioreflejos.com.ar\/2021\/#\/schema\/person\/image\/\",\"url\":\"https:\/\/secure.gravatar.com\/avatar\/55cb5e37c1efa326397366e6974cb338056df65cb50e7d64d1cf314e87504837?s=96&d=mm&r=g\",\"contentUrl\":\"https:\/\/secure.gravatar.com\/avatar\/55cb5e37c1efa326397366e6974cb338056df65cb50e7d64d1cf314e87504837?s=96&d=mm&r=g\",\"caption\":\"Arnaldo Botto\"},\"url\":\"https:\/\/www.noticiasradioreflejos.com.ar\/2021\/author\/arnaldo\/\"}]}<\/script>\n<!-- \/ Yoast SEO plugin. -->","yoast_head_json":{"title":"Los trabajadores judiciales cumplen un paro de 36 horas - Noticias Radio Reflejos","robots":{"index":"index","follow":"follow","max-snippet":"max-snippet:-1","max-image-preview":"max-image-preview:large","max-video-preview":"max-video-preview:-1"},"canonical":"https:\/\/www.noticiasradioreflejos.com.ar\/2021\/los-trabajadores-judiciales-cumplen-un-paro-de-36-horas\/","og_locale":"es_ES","og_type":"article","og_title":"Los trabajadores judiciales cumplen un paro de 36 horas - Noticias Radio Reflejos","og_description":"El personal agrupado en la Uni\u00f3n de Empleados de la Justicia de la Naci\u00f3n (UEJN) comenz\u00f3 esta ma\u00f1ana un paro de 36 horas, en el marco del inicio de un plan de lucha que continuar\u00e1 en los pr\u00f3ximos d\u00edas, en reclamo de recomposici\u00f3n salarial y otros pedidos.","og_url":"https:\/\/www.noticiasradioreflejos.com.ar\/2021\/los-trabajadores-judiciales-cumplen-un-paro-de-36-horas\/","og_site_name":"Noticias Radio Reflejos","article_published_time":"2020-09-24T15:35:29+00:00","og_image":[{"width":300,"height":200,"url":"https:\/\/www.noticiasradioreflejos.com.ar\/2021\/wp-content\/uploads\/2021\/07\/logosol300x200.png","type":"image\/png"}],"author":"Arnaldo Botto","twitter_card":"summary_large_image","schema":{"@context":"https:\/\/schema.org","@graph":[{"@type":"WebPage","@id":"https:\/\/www.noticiasradioreflejos.com.ar\/2021\/los-trabajadores-judiciales-cumplen-un-paro-de-36-horas\/","url":"https:\/\/www.noticiasradioreflejos.com.ar\/2021\/los-trabajadores-judiciales-cumplen-un-paro-de-36-horas\/","name":"Los trabajadores judiciales cumplen un paro de 36 horas - Noticias Radio Reflejos","isPartOf":{"@id":"https:\/\/www.noticiasradioreflejos.com.ar\/2021\/#website"},"datePublished":"2020-09-24T15:35:29+00:00","author":{"@id":"https:\/\/www.noticiasradioreflejos.com.ar\/2021\/#\/schema\/person\/ad82545263dcc5ec0996818884fd5fb1"},"breadcrumb":{"@id":"https:\/\/www.noticiasradioreflejos.com.ar\/2021\/los-trabajadores-judiciales-cumplen-un-paro-de-36-horas\/#breadcrumb"},"inLanguage":"es","potentialAction":[{"@type":"ReadAction","target":["https:\/\/www.noticiasradioreflejos.com.ar\/2021\/los-trabajadores-judiciales-cumplen-un-paro-de-36-horas\/"]}]},{"@type":"BreadcrumbList","@id":"https:\/\/www.noticiasradioreflejos.com.ar\/2021\/los-trabajadores-judiciales-cumplen-un-paro-de-36-horas\/#breadcrumb","itemListElement":[{"@type":"ListItem","position":1,"name":"Portada","item":"https:\/\/www.noticiasradioreflejos.com.ar\/2021\/"},{"@type":"ListItem","position":2,"name":"Los trabajadores judiciales cumplen un paro de 36 horas"}]},{"@type":"WebSite","@id":"https:\/\/www.noticiasradioreflejos.com.ar\/2021\/#website","url":"https:\/\/www.noticiasradioreflejos.com.ar\/2021\/","name":"Noticias Radio Reflejos","description":"Las noticias de mi comarca","potentialAction":[{"@type":"SearchAction","target":{"@type":"EntryPoint","urlTemplate":"https:\/\/www.noticiasradioreflejos.com.ar\/2021\/?s={search_term_string}"},"query-input":{"@type":"PropertyValueSpecification","valueRequired":true,"valueName":"search_term_string"}}],"inLanguage":"es"},{"@type":"Person","@id":"https:\/\/www.noticiasradioreflejos.com.ar\/2021\/#\/schema\/person\/ad82545263dcc5ec0996818884fd5fb1","name":"Arnaldo Botto","image":{"@type":"ImageObject","inLanguage":"es","@id":"https:\/\/www.noticiasradioreflejos.com.ar\/2021\/#\/schema\/person\/image\/","url":"https:\/\/secure.gravatar.com\/avatar\/55cb5e37c1efa326397366e6974cb338056df65cb50e7d64d1cf314e87504837?s=96&d=mm&r=g","contentUrl":"https:\/\/secure.gravatar.com\/avatar\/55cb5e37c1efa326397366e6974cb338056df65cb50e7d64d1cf314e87504837?s=96&d=mm&r=g","caption":"Arnaldo Botto"},"url":"https:\/\/www.noticiasradioreflejos.com.ar\/2021\/author\/arnaldo\/"}]}},"_links":{"self":[{"href":"https:\/\/www.noticiasradioreflejos.com.ar\/2021\/wp-json\/wp\/v2\/posts\/47283","targetHints":{"allow":["GET"]}}],"collection":[{"href":"https:\/\/www.noticiasradioreflejos.com.ar\/2021\/wp-json\/wp\/v2\/posts"}],"about":[{"href":"https:\/\/www.noticiasradioreflejos.com.ar\/2021\/wp-json\/wp\/v2\/types\/post"}],"author":[{"embeddable":true,"href":"https:\/\/www.noticiasradioreflejos.com.ar\/2021\/wp-json\/wp\/v2\/users\/3"}],"replies":[{"embeddable":true,"href":"https:\/\/www.noticiasradioreflejos.com.ar\/2021\/wp-json\/wp\/v2\/comments?post=47283"}],"version-history":[{"count":0,"href":"https:\/\/www.noticiasradioreflejos.com.ar\/2021\/wp-json\/wp\/v2\/posts\/47283\/revisions"}],"wp:attachment":[{"href":"https:\/\/www.noticiasradioreflejos.com.ar\/2021\/wp-json\/wp\/v2\/media?parent=47283"}],"wp:term":[{"taxonomy":"category","embeddable":true,"href":"https:\/\/www.noticiasradioreflejos.com.ar\/2021\/wp-json\/wp\/v2\/categories?post=47283"},{"taxonomy":"post_tag","embeddable":true,"href":"https:\/\/www.noticiasradioreflejos.com.ar\/2021\/wp-json\/wp\/v2\/tags?post=47283"}],"curies":[{"name":"wp","href":"https:\/\/api.w.org\/{rel}","templated":true}]}}