{"id":4728,"date":"2016-12-13T18:11:04","date_gmt":"2016-12-13T18:11:04","guid":{"rendered":"http:\/\/noticiasradioreflejos.com.ar\/noticias\/?p=4728"},"modified":"2016-12-13T18:11:04","modified_gmt":"2016-12-13T18:11:04","slug":"preocupacion-por-la-permanente-malversacion-de-los-fondos-viales","status":"publish","type":"post","link":"https:\/\/www.noticiasradioreflejos.com.ar\/2021\/preocupacion-por-la-permanente-malversacion-de-los-fondos-viales\/","title":{"rendered":"Preocupaci\u00f3n por la permanente malversaci\u00f3n de los fondos viales"},"content":{"rendered":"<p><u><\/u>El Comit\u00e9 Nacional de Defensa del Usuario Vial (CONADUV), \u00a0reitera su gran preocupaci\u00f3n por la malversaci\u00f3n y desv\u00edo de los fondos viales, principalmente del Impuesto a los Combustibles, que realiza el Estado Nacional en forma arbitraria e inconsulta, gir\u00e1ndolos a otros destinos que nada tienen que ver con el fin para lo cual fueron creados, y que deber\u00edan ser asignados en forma efectiva a financiar obras de infraestructura vial, tan necesarias para mejorar la red caminera del Pa\u00eds, libre de \u201cfalsos peajes \u201c y aduanas interiores.<!--more--><br \/>\nEs importante recordarle al Gobierno Nacional, a los Gobernadores, a los Intendentes y Concejales, como as\u00ed tambi\u00e9n a nuestros Legisladores Nacionales y Provinciales, que s\u00f3lo el Impuesto a los Combustibles recauda m\u00e1s de $ 60.000.- millones anuales (<strong><u>sesenta mil millones de pesos anuales<\/u><\/strong>), y que con dicho fondo se podr\u00eda implementar en forma inmediata un verdadero Proyecto Vial que contemple toda la red caminera de la Argentina, generando importantes beneficios sociales y econ\u00f3micos para los usuarios viales y para toda la sociedad en su conjunto.<br \/>\nSin embargo, los cuantiosos aportes que con gran esfuerzo realizan los usuarios viales y el sector de la producci\u00f3n, son destinados a otras finalidades del Estado, sin control alguno, haciendo vano nuestro sacrificio en pos de un medio de transporte carretero m\u00e1s seguro y que no sea una carga m\u00e1s al sistema productivo.<br \/>\nEn el Pa\u00eds no se ha elaborado un plan coherente para la ampliaci\u00f3n, mejora y conservaci\u00f3n de la Red Vial, tanto nacional, provincial o municipal, siendo que con el aumento de la actividad econ\u00f3mica \u2013 comercial, las necesidades de transporte,\u00a0 por ende la circulaci\u00f3n vehicular, se ha incrementado superlativamente en los \u00faltimos a\u00f1os.<br \/>\nLa carencia de caminos adecuados es, sin lugar a dudas, una de las causas de los graves accidentes y siniestros viales que se producen a diario, con la p\u00e9rdida de vidas humanas y serias secuelas, tanto sicol\u00f3gicas como f\u00edsicas, para muchas personas.<br \/>\nOtro problema que se genera por la falta de m\u00e9todos adecuados de financiamiento vial, como de una pol\u00edtica seria de infraestructura, son los mayores costos en el traslado de las mercader\u00edas a los distintos destinos de consumo, embarque, industrializaci\u00f3n, entre otros.<br \/>\nLa urgente necesidad de la conformaci\u00f3n de una Comisi\u00f3n de Seguimiento en el \u00e1mbito del Congreso Nacional, para el control de los fondos en cuesti\u00f3n, principalmente del Impuesto a los combustibles, se estima indispensable, para que el Estado canalice correctamente los mismos.<br \/>\nPor tal motivo el CONADUV reitera su proposici\u00f3n de:<\/p>\n<ul>\n<li>Crear urgentemente en el \u00e1mbito del Congreso de la Naci\u00f3n Argentina, una Comisi\u00f3n de Seguimiento del uso de los fondos viales, con la participaci\u00f3n activa de los usuarios viales directos e indirectos, a los efectos de impedir la malversaci\u00f3n y desv\u00edo de los mismos, terminando as\u00ed con el abuso por parte del Estado Nacional.<\/li>\n<li>Poner en pr\u00e1ctica un verdadero Proyecto Vial que contemple toda la red caminera del Pa\u00eds, tanto Nacional como Provinciales, <strong>SIN BARREAS DE FALSOS PEAJES NI ADUANAS INTERIORES<\/strong>, reasignando en forma efectiva los recursos se\u00f1alados precedentemente. Esto permitir\u00e1 el sostenimiento y mejoramiento del sistema vial argentino en condiciones \u00f3ptimas de transitabilidad.<\/li>\n<li>Rejerarquizar la Direcci\u00f3n Nacional de Vialidad (DNV), reafirmando las funciones propias y prioritarias en la totalidad de nuestras rutas nacionales y provinciales, de planificaci\u00f3n concertada, control de gesti\u00f3n federalizada, administraci\u00f3n e investigaci\u00f3n tecnol\u00f3gica, convirti\u00e9ndola en el Organismo rector de la Pol\u00edtica Vial Nacional y Provincial.<\/li>\n<\/ul>\n<p>El CONADUV es consciente de las necesidades del Estado, pero tambi\u00e9n cree necesario que los fondos en cuesti\u00f3n sean correctamente administrados, teniendo en cuenta el gran esfuerzo que realizan los usuarios viales cada vez que cargan combustibles.<br \/>\nCONADUV (011) 15-4435-9162<br \/>\nBs. As., 12-2016<\/p>\n","protected":false},"excerpt":{"rendered":"<p>El Comit\u00e9 Nacional de Defensa del Usuario Vial (CONADUV), \u00a0reitera su gran preocupaci\u00f3n por la malversaci\u00f3n y desv\u00edo de los fondos viales, principalmente del Impuesto a los Combustibles, que realiza el Estado Nacional en forma arbitraria e inconsulta, gir\u00e1ndolos a otros destinos que nada tienen que ver con el fin para lo cual fueron creados, [&hellip;]<\/p>\n","protected":false},"author":3,"featured_media":0,"comment_status":"closed","ping_status":"open","sticky":false,"template":"","format":"standard","meta":{"footnotes":""},"categories":[24],"tags":[],"class_list":["post-4728","post","type-post","status-publish","format-standard","hentry","category-politica"],"yoast_head":"<!-- This site is optimized with the Yoast SEO plugin v25.9 - https:\/\/yoast.com\/wordpress\/plugins\/seo\/ -->\n<title>Preocupaci\u00f3n por la permanente malversaci\u00f3n de los fondos viales - Noticias Radio Reflejos<\/title>\n<meta name=\"robots\" content=\"index, follow, max-snippet:-1, max-image-preview:large, max-video-preview:-1\" \/>\n<link rel=\"canonical\" href=\"https:\/\/www.noticiasradioreflejos.com.ar\/2021\/preocupacion-por-la-permanente-malversacion-de-los-fondos-viales\/\" \/>\n<meta property=\"og:locale\" content=\"es_ES\" \/>\n<meta property=\"og:type\" content=\"article\" \/>\n<meta property=\"og:title\" content=\"Preocupaci\u00f3n por la permanente malversaci\u00f3n de los fondos viales - Noticias Radio Reflejos\" \/>\n<meta property=\"og:description\" content=\"El Comit\u00e9 Nacional de Defensa del Usuario Vial (CONADUV), \u00a0reitera su gran preocupaci\u00f3n por la malversaci\u00f3n y desv\u00edo de los fondos viales, principalmente del Impuesto a los Combustibles, que realiza el Estado Nacional en forma arbitraria e inconsulta, gir\u00e1ndolos a otros destinos que nada tienen que ver con el fin para lo cual fueron creados, [&hellip;]\" \/>\n<meta property=\"og:url\" content=\"https:\/\/www.noticiasradioreflejos.com.ar\/2021\/preocupacion-por-la-permanente-malversacion-de-los-fondos-viales\/\" \/>\n<meta property=\"og:site_name\" content=\"Noticias Radio Reflejos\" \/>\n<meta property=\"article:published_time\" content=\"2016-12-13T18:11:04+00:00\" \/>\n<meta property=\"og:image\" content=\"https:\/\/www.noticiasradioreflejos.com.ar\/2021\/wp-content\/uploads\/2021\/07\/logosol300x200.png\" \/>\n\t<meta property=\"og:image:width\" content=\"300\" \/>\n\t<meta property=\"og:image:height\" content=\"200\" \/>\n\t<meta property=\"og:image:type\" content=\"image\/png\" \/>\n<meta name=\"author\" content=\"Arnaldo Botto\" \/>\n<meta name=\"twitter:card\" content=\"summary_large_image\" \/>\n<script type=\"application\/ld+json\" class=\"yoast-schema-graph\">{\"@context\":\"https:\/\/schema.org\",\"@graph\":[{\"@type\":\"WebPage\",\"@id\":\"https:\/\/www.noticiasradioreflejos.com.ar\/2021\/preocupacion-por-la-permanente-malversacion-de-los-fondos-viales\/\",\"url\":\"https:\/\/www.noticiasradioreflejos.com.ar\/2021\/preocupacion-por-la-permanente-malversacion-de-los-fondos-viales\/\",\"name\":\"Preocupaci\u00f3n por la permanente malversaci\u00f3n de los fondos viales - Noticias Radio Reflejos\",\"isPartOf\":{\"@id\":\"https:\/\/www.noticiasradioreflejos.com.ar\/2021\/#website\"},\"datePublished\":\"2016-12-13T18:11:04+00:00\",\"author\":{\"@id\":\"https:\/\/www.noticiasradioreflejos.com.ar\/2021\/#\/schema\/person\/ad82545263dcc5ec0996818884fd5fb1\"},\"breadcrumb\":{\"@id\":\"https:\/\/www.noticiasradioreflejos.com.ar\/2021\/preocupacion-por-la-permanente-malversacion-de-los-fondos-viales\/#breadcrumb\"},\"inLanguage\":\"es\",\"potentialAction\":[{\"@type\":\"ReadAction\",\"target\":[\"https:\/\/www.noticiasradioreflejos.com.ar\/2021\/preocupacion-por-la-permanente-malversacion-de-los-fondos-viales\/\"]}]},{\"@type\":\"BreadcrumbList\",\"@id\":\"https:\/\/www.noticiasradioreflejos.com.ar\/2021\/preocupacion-por-la-permanente-malversacion-de-los-fondos-viales\/#breadcrumb\",\"itemListElement\":[{\"@type\":\"ListItem\",\"position\":1,\"name\":\"Portada\",\"item\":\"https:\/\/www.noticiasradioreflejos.com.ar\/2021\/\"},{\"@type\":\"ListItem\",\"position\":2,\"name\":\"Preocupaci\u00f3n por la permanente malversaci\u00f3n de los fondos viales\"}]},{\"@type\":\"WebSite\",\"@id\":\"https:\/\/www.noticiasradioreflejos.com.ar\/2021\/#website\",\"url\":\"https:\/\/www.noticiasradioreflejos.com.ar\/2021\/\",\"name\":\"Noticias Radio Reflejos\",\"description\":\"Las noticias de mi comarca\",\"potentialAction\":[{\"@type\":\"SearchAction\",\"target\":{\"@type\":\"EntryPoint\",\"urlTemplate\":\"https:\/\/www.noticiasradioreflejos.com.ar\/2021\/?s={search_term_string}\"},\"query-input\":{\"@type\":\"PropertyValueSpecification\",\"valueRequired\":true,\"valueName\":\"search_term_string\"}}],\"inLanguage\":\"es\"},{\"@type\":\"Person\",\"@id\":\"https:\/\/www.noticiasradioreflejos.com.ar\/2021\/#\/schema\/person\/ad82545263dcc5ec0996818884fd5fb1\",\"name\":\"Arnaldo Botto\",\"image\":{\"@type\":\"ImageObject\",\"inLanguage\":\"es\",\"@id\":\"https:\/\/www.noticiasradioreflejos.com.ar\/2021\/#\/schema\/person\/image\/\",\"url\":\"https:\/\/secure.gravatar.com\/avatar\/55cb5e37c1efa326397366e6974cb338056df65cb50e7d64d1cf314e87504837?s=96&d=mm&r=g\",\"contentUrl\":\"https:\/\/secure.gravatar.com\/avatar\/55cb5e37c1efa326397366e6974cb338056df65cb50e7d64d1cf314e87504837?s=96&d=mm&r=g\",\"caption\":\"Arnaldo Botto\"},\"url\":\"https:\/\/www.noticiasradioreflejos.com.ar\/2021\/author\/arnaldo\/\"}]}<\/script>\n<!-- \/ Yoast SEO plugin. -->","yoast_head_json":{"title":"Preocupaci\u00f3n por la permanente malversaci\u00f3n de los fondos viales - Noticias Radio Reflejos","robots":{"index":"index","follow":"follow","max-snippet":"max-snippet:-1","max-image-preview":"max-image-preview:large","max-video-preview":"max-video-preview:-1"},"canonical":"https:\/\/www.noticiasradioreflejos.com.ar\/2021\/preocupacion-por-la-permanente-malversacion-de-los-fondos-viales\/","og_locale":"es_ES","og_type":"article","og_title":"Preocupaci\u00f3n por la permanente malversaci\u00f3n de los fondos viales - Noticias Radio Reflejos","og_description":"El Comit\u00e9 Nacional de Defensa del Usuario Vial (CONADUV), \u00a0reitera su gran preocupaci\u00f3n por la malversaci\u00f3n y desv\u00edo de los fondos viales, principalmente del Impuesto a los Combustibles, que realiza el Estado Nacional en forma arbitraria e inconsulta, gir\u00e1ndolos a otros destinos que nada tienen que ver con el fin para lo cual fueron creados, [&hellip;]","og_url":"https:\/\/www.noticiasradioreflejos.com.ar\/2021\/preocupacion-por-la-permanente-malversacion-de-los-fondos-viales\/","og_site_name":"Noticias Radio Reflejos","article_published_time":"2016-12-13T18:11:04+00:00","og_image":[{"width":300,"height":200,"url":"https:\/\/www.noticiasradioreflejos.com.ar\/2021\/wp-content\/uploads\/2021\/07\/logosol300x200.png","type":"image\/png"}],"author":"Arnaldo Botto","twitter_card":"summary_large_image","schema":{"@context":"https:\/\/schema.org","@graph":[{"@type":"WebPage","@id":"https:\/\/www.noticiasradioreflejos.com.ar\/2021\/preocupacion-por-la-permanente-malversacion-de-los-fondos-viales\/","url":"https:\/\/www.noticiasradioreflejos.com.ar\/2021\/preocupacion-por-la-permanente-malversacion-de-los-fondos-viales\/","name":"Preocupaci\u00f3n por la permanente malversaci\u00f3n de los fondos viales - Noticias Radio Reflejos","isPartOf":{"@id":"https:\/\/www.noticiasradioreflejos.com.ar\/2021\/#website"},"datePublished":"2016-12-13T18:11:04+00:00","author":{"@id":"https:\/\/www.noticiasradioreflejos.com.ar\/2021\/#\/schema\/person\/ad82545263dcc5ec0996818884fd5fb1"},"breadcrumb":{"@id":"https:\/\/www.noticiasradioreflejos.com.ar\/2021\/preocupacion-por-la-permanente-malversacion-de-los-fondos-viales\/#breadcrumb"},"inLanguage":"es","potentialAction":[{"@type":"ReadAction","target":["https:\/\/www.noticiasradioreflejos.com.ar\/2021\/preocupacion-por-la-permanente-malversacion-de-los-fondos-viales\/"]}]},{"@type":"BreadcrumbList","@id":"https:\/\/www.noticiasradioreflejos.com.ar\/2021\/preocupacion-por-la-permanente-malversacion-de-los-fondos-viales\/#breadcrumb","itemListElement":[{"@type":"ListItem","position":1,"name":"Portada","item":"https:\/\/www.noticiasradioreflejos.com.ar\/2021\/"},{"@type":"ListItem","position":2,"name":"Preocupaci\u00f3n por la permanente malversaci\u00f3n de los fondos viales"}]},{"@type":"WebSite","@id":"https:\/\/www.noticiasradioreflejos.com.ar\/2021\/#website","url":"https:\/\/www.noticiasradioreflejos.com.ar\/2021\/","name":"Noticias Radio Reflejos","description":"Las noticias de mi comarca","potentialAction":[{"@type":"SearchAction","target":{"@type":"EntryPoint","urlTemplate":"https:\/\/www.noticiasradioreflejos.com.ar\/2021\/?s={search_term_string}"},"query-input":{"@type":"PropertyValueSpecification","valueRequired":true,"valueName":"search_term_string"}}],"inLanguage":"es"},{"@type":"Person","@id":"https:\/\/www.noticiasradioreflejos.com.ar\/2021\/#\/schema\/person\/ad82545263dcc5ec0996818884fd5fb1","name":"Arnaldo Botto","image":{"@type":"ImageObject","inLanguage":"es","@id":"https:\/\/www.noticiasradioreflejos.com.ar\/2021\/#\/schema\/person\/image\/","url":"https:\/\/secure.gravatar.com\/avatar\/55cb5e37c1efa326397366e6974cb338056df65cb50e7d64d1cf314e87504837?s=96&d=mm&r=g","contentUrl":"https:\/\/secure.gravatar.com\/avatar\/55cb5e37c1efa326397366e6974cb338056df65cb50e7d64d1cf314e87504837?s=96&d=mm&r=g","caption":"Arnaldo Botto"},"url":"https:\/\/www.noticiasradioreflejos.com.ar\/2021\/author\/arnaldo\/"}]}},"_links":{"self":[{"href":"https:\/\/www.noticiasradioreflejos.com.ar\/2021\/wp-json\/wp\/v2\/posts\/4728","targetHints":{"allow":["GET"]}}],"collection":[{"href":"https:\/\/www.noticiasradioreflejos.com.ar\/2021\/wp-json\/wp\/v2\/posts"}],"about":[{"href":"https:\/\/www.noticiasradioreflejos.com.ar\/2021\/wp-json\/wp\/v2\/types\/post"}],"author":[{"embeddable":true,"href":"https:\/\/www.noticiasradioreflejos.com.ar\/2021\/wp-json\/wp\/v2\/users\/3"}],"replies":[{"embeddable":true,"href":"https:\/\/www.noticiasradioreflejos.com.ar\/2021\/wp-json\/wp\/v2\/comments?post=4728"}],"version-history":[{"count":0,"href":"https:\/\/www.noticiasradioreflejos.com.ar\/2021\/wp-json\/wp\/v2\/posts\/4728\/revisions"}],"wp:attachment":[{"href":"https:\/\/www.noticiasradioreflejos.com.ar\/2021\/wp-json\/wp\/v2\/media?parent=4728"}],"wp:term":[{"taxonomy":"category","embeddable":true,"href":"https:\/\/www.noticiasradioreflejos.com.ar\/2021\/wp-json\/wp\/v2\/categories?post=4728"},{"taxonomy":"post_tag","embeddable":true,"href":"https:\/\/www.noticiasradioreflejos.com.ar\/2021\/wp-json\/wp\/v2\/tags?post=4728"}],"curies":[{"name":"wp","href":"https:\/\/api.w.org\/{rel}","templated":true}]}}