{"id":47267,"date":"2020-09-24T08:15:09","date_gmt":"2020-09-24T11:15:09","guid":{"rendered":"http:\/\/www.noticiasradioreflejos.com.ar\/noticias\/?p=47267"},"modified":"2020-09-24T08:15:09","modified_gmt":"2020-09-24T11:15:09","slug":"el-gobierno-prorrogo-por-60-dias-la-prohibicion-de-despedir-trabajadores-sin-justa-causa","status":"publish","type":"post","link":"https:\/\/www.noticiasradioreflejos.com.ar\/2021\/el-gobierno-prorrogo-por-60-dias-la-prohibicion-de-despedir-trabajadores-sin-justa-causa\/","title":{"rendered":"El Gobierno prorrog\u00f3 por 60 d\u00edas la prohibici\u00f3n de despedir trabajadores sin justa causa"},"content":{"rendered":"<p>Adem\u00e1s extiende por otros 60 d\u00edas la prohibici\u00f3n de suspender por causas de \u00abfuerza mayor o ausencia o disminuci\u00f3n de trabajo\u00bb a excepci\u00f3n de las realizadas seg\u00fan el art\u00edculo 223 bis de la Ley de Contrato de Trabajo.<!--more--><\/p>\n<div class=\"main-content-block\">\n<div class=\"main-box clearfix\">\n<div class=\"wrapper-main-section clearfix\">\n<div class=\"wrapper-editable-content\">\n<div class=\"editable-content clearfix\">\n<div id=\"image\" class=\"image\">\n<p><img decoding=\"async\" title=\"La medida lleva las firma del presidente Alberto Fern\u00e1ndez\" src=\"https:\/\/www.telam.com.ar\/advf\/imagenes\/2017\/12\/5a3e4fc732e5a_1004x565.jpg\" alt=\"La medida lleva las firma del presidente Alberto Fern\u00e1ndez\" \/><\/p>\n<div class=\"epigrafe\">La medida lleva las firma del presidente Alberto Fern\u00e1ndez<\/div>\n<\/div>\n<p>El Gobierno nacional prorrog\u00f3 hoy por 60 d\u00edas la\u00a0<strong>prohibici\u00f3n de despedir trabajadores \u00absin justa causa y por razones de falta o disminuci\u00f3n de trabajo y fuerza mayor\u00bb<\/strong>, seg\u00fan indica el Decreto 761\/2020 publicado hoy en el Bolet\u00edn Oficial.<\/p>\n<p>Adem\u00e1s extiende por otros 60 d\u00edas la prohibici\u00f3n de suspender por causas de \u00abfuerza mayor o ausencia o disminuci\u00f3n de trabajo\u00bb a excepci\u00f3n de las realizadas seg\u00fan el art\u00edculo 223 bis de la Ley de Contrato de Trabajo (LCT), indica el texto.<\/p>\n<p>La medida\u00a0<strong>lleva las firmas del presidente Alberto Fern\u00e1ndez y de todo el gabinete nacional; y se basa en \u00abla emergencia p\u00fablica econ\u00f3mica, financiera, fiscal, administrativa, previsional, tarifaria, energ\u00e9tica, sanitaria y social\u00bb<\/strong>\u00a0determinada por la Ley 27.541.<\/p>\n<p>Tambi\u00e9n\u00a0<strong>se considera la ampliaci\u00f3n de la emergencia sanitaria\u00a0<\/strong>dispuesta por el decreto 260\/20 y las medidas de \u00abaislamiento social, preventivo y obligatorio\u00bb y de \u00abdistanciamiento social\u00bb de los decretos 297\/20 y 520\/20.<\/p>\n<p>Por otra parte, el decreto establece que \u00ablos despidos y suspensiones que se dispongan y violen las disposiciones adoptadas no producir\u00e1n ning\u00fan efecto\u00bb ya que \u00abse mantendr\u00e1n vigentes las relaciones laborales y sus condiciones actuales\u00bb.<\/p>\n<p>Esto\u00a0<strong>no se aplicar\u00e1 a las contrataciones realizadas con posterioridad a la vigencia del decreto,<\/strong>\u00a0pero la medida \u00abno ser\u00e1 de aplicaci\u00f3n en el sector p\u00fablico definido en el art\u00edculo 8 de la Ley 24.156 y sus modificatorias, con independencia del r\u00e9gimen jur\u00eddico al que est\u00e9 sujeto el personal de los organismos, sociedades, empresas o entidades que lo integran\u00bb.<\/p>\n<div class=\"btn_externos\"><\/div>\n<\/div>\n<\/div>\n<\/div>\n<\/div>\n<\/div>\n","protected":false},"excerpt":{"rendered":"<p>Adem\u00e1s extiende por otros 60 d\u00edas la prohibici\u00f3n de suspender por causas de \u00abfuerza mayor o ausencia o disminuci\u00f3n de trabajo\u00bb a excepci\u00f3n de las realizadas seg\u00fan el art\u00edculo 223 bis de la Ley de Contrato de Trabajo.<\/p>\n","protected":false},"author":3,"featured_media":0,"comment_status":"closed","ping_status":"open","sticky":false,"template":"","format":"standard","meta":{"footnotes":""},"categories":[24],"tags":[],"class_list":["post-47267","post","type-post","status-publish","format-standard","hentry","category-politica"],"yoast_head":"<!-- This site is optimized with the Yoast SEO plugin v25.9 - https:\/\/yoast.com\/wordpress\/plugins\/seo\/ -->\n<title>El Gobierno prorrog\u00f3 por 60 d\u00edas la prohibici\u00f3n de despedir trabajadores sin justa causa - Noticias Radio Reflejos<\/title>\n<meta name=\"robots\" content=\"index, follow, max-snippet:-1, max-image-preview:large, max-video-preview:-1\" \/>\n<link rel=\"canonical\" href=\"https:\/\/www.noticiasradioreflejos.com.ar\/2021\/el-gobierno-prorrogo-por-60-dias-la-prohibicion-de-despedir-trabajadores-sin-justa-causa\/\" \/>\n<meta property=\"og:locale\" content=\"es_ES\" \/>\n<meta property=\"og:type\" content=\"article\" \/>\n<meta property=\"og:title\" content=\"El Gobierno prorrog\u00f3 por 60 d\u00edas la prohibici\u00f3n de despedir trabajadores sin justa causa - Noticias Radio Reflejos\" \/>\n<meta property=\"og:description\" content=\"Adem\u00e1s extiende por otros 60 d\u00edas la prohibici\u00f3n de suspender por causas de \u00abfuerza mayor o ausencia o disminuci\u00f3n de trabajo\u00bb a excepci\u00f3n de las realizadas seg\u00fan el art\u00edculo 223 bis de la Ley de Contrato de Trabajo.\" \/>\n<meta property=\"og:url\" content=\"https:\/\/www.noticiasradioreflejos.com.ar\/2021\/el-gobierno-prorrogo-por-60-dias-la-prohibicion-de-despedir-trabajadores-sin-justa-causa\/\" \/>\n<meta property=\"og:site_name\" content=\"Noticias Radio Reflejos\" \/>\n<meta property=\"article:published_time\" content=\"2020-09-24T11:15:09+00:00\" \/>\n<meta property=\"og:image\" content=\"https:\/\/www.telam.com.ar\/advf\/imagenes\/2017\/12\/5a3e4fc732e5a_1004x565.jpg\" \/>\n<meta name=\"author\" content=\"Arnaldo Botto\" \/>\n<meta name=\"twitter:card\" content=\"summary_large_image\" \/>\n<script type=\"application\/ld+json\" class=\"yoast-schema-graph\">{\"@context\":\"https:\/\/schema.org\",\"@graph\":[{\"@type\":\"WebPage\",\"@id\":\"https:\/\/www.noticiasradioreflejos.com.ar\/2021\/el-gobierno-prorrogo-por-60-dias-la-prohibicion-de-despedir-trabajadores-sin-justa-causa\/\",\"url\":\"https:\/\/www.noticiasradioreflejos.com.ar\/2021\/el-gobierno-prorrogo-por-60-dias-la-prohibicion-de-despedir-trabajadores-sin-justa-causa\/\",\"name\":\"El Gobierno prorrog\u00f3 por 60 d\u00edas la prohibici\u00f3n de despedir trabajadores sin justa causa - Noticias Radio Reflejos\",\"isPartOf\":{\"@id\":\"https:\/\/www.noticiasradioreflejos.com.ar\/2021\/#website\"},\"primaryImageOfPage\":{\"@id\":\"https:\/\/www.noticiasradioreflejos.com.ar\/2021\/el-gobierno-prorrogo-por-60-dias-la-prohibicion-de-despedir-trabajadores-sin-justa-causa\/#primaryimage\"},\"image\":{\"@id\":\"https:\/\/www.noticiasradioreflejos.com.ar\/2021\/el-gobierno-prorrogo-por-60-dias-la-prohibicion-de-despedir-trabajadores-sin-justa-causa\/#primaryimage\"},\"thumbnailUrl\":\"https:\/\/www.telam.com.ar\/advf\/imagenes\/2017\/12\/5a3e4fc732e5a_1004x565.jpg\",\"datePublished\":\"2020-09-24T11:15:09+00:00\",\"author\":{\"@id\":\"https:\/\/www.noticiasradioreflejos.com.ar\/2021\/#\/schema\/person\/ad82545263dcc5ec0996818884fd5fb1\"},\"breadcrumb\":{\"@id\":\"https:\/\/www.noticiasradioreflejos.com.ar\/2021\/el-gobierno-prorrogo-por-60-dias-la-prohibicion-de-despedir-trabajadores-sin-justa-causa\/#breadcrumb\"},\"inLanguage\":\"es\",\"potentialAction\":[{\"@type\":\"ReadAction\",\"target\":[\"https:\/\/www.noticiasradioreflejos.com.ar\/2021\/el-gobierno-prorrogo-por-60-dias-la-prohibicion-de-despedir-trabajadores-sin-justa-causa\/\"]}]},{\"@type\":\"ImageObject\",\"inLanguage\":\"es\",\"@id\":\"https:\/\/www.noticiasradioreflejos.com.ar\/2021\/el-gobierno-prorrogo-por-60-dias-la-prohibicion-de-despedir-trabajadores-sin-justa-causa\/#primaryimage\",\"url\":\"https:\/\/www.telam.com.ar\/advf\/imagenes\/2017\/12\/5a3e4fc732e5a_1004x565.jpg\",\"contentUrl\":\"https:\/\/www.telam.com.ar\/advf\/imagenes\/2017\/12\/5a3e4fc732e5a_1004x565.jpg\"},{\"@type\":\"BreadcrumbList\",\"@id\":\"https:\/\/www.noticiasradioreflejos.com.ar\/2021\/el-gobierno-prorrogo-por-60-dias-la-prohibicion-de-despedir-trabajadores-sin-justa-causa\/#breadcrumb\",\"itemListElement\":[{\"@type\":\"ListItem\",\"position\":1,\"name\":\"Portada\",\"item\":\"https:\/\/www.noticiasradioreflejos.com.ar\/2021\/\"},{\"@type\":\"ListItem\",\"position\":2,\"name\":\"El Gobierno prorrog\u00f3 por 60 d\u00edas la prohibici\u00f3n de despedir trabajadores sin justa causa\"}]},{\"@type\":\"WebSite\",\"@id\":\"https:\/\/www.noticiasradioreflejos.com.ar\/2021\/#website\",\"url\":\"https:\/\/www.noticiasradioreflejos.com.ar\/2021\/\",\"name\":\"Noticias Radio Reflejos\",\"description\":\"Las noticias de mi comarca\",\"potentialAction\":[{\"@type\":\"SearchAction\",\"target\":{\"@type\":\"EntryPoint\",\"urlTemplate\":\"https:\/\/www.noticiasradioreflejos.com.ar\/2021\/?s={search_term_string}\"},\"query-input\":{\"@type\":\"PropertyValueSpecification\",\"valueRequired\":true,\"valueName\":\"search_term_string\"}}],\"inLanguage\":\"es\"},{\"@type\":\"Person\",\"@id\":\"https:\/\/www.noticiasradioreflejos.com.ar\/2021\/#\/schema\/person\/ad82545263dcc5ec0996818884fd5fb1\",\"name\":\"Arnaldo Botto\",\"image\":{\"@type\":\"ImageObject\",\"inLanguage\":\"es\",\"@id\":\"https:\/\/www.noticiasradioreflejos.com.ar\/2021\/#\/schema\/person\/image\/\",\"url\":\"https:\/\/secure.gravatar.com\/avatar\/55cb5e37c1efa326397366e6974cb338056df65cb50e7d64d1cf314e87504837?s=96&d=mm&r=g\",\"contentUrl\":\"https:\/\/secure.gravatar.com\/avatar\/55cb5e37c1efa326397366e6974cb338056df65cb50e7d64d1cf314e87504837?s=96&d=mm&r=g\",\"caption\":\"Arnaldo Botto\"},\"url\":\"https:\/\/www.noticiasradioreflejos.com.ar\/2021\/author\/arnaldo\/\"}]}<\/script>\n<!-- \/ Yoast SEO plugin. -->","yoast_head_json":{"title":"El Gobierno prorrog\u00f3 por 60 d\u00edas la prohibici\u00f3n de despedir trabajadores sin justa causa - Noticias Radio Reflejos","robots":{"index":"index","follow":"follow","max-snippet":"max-snippet:-1","max-image-preview":"max-image-preview:large","max-video-preview":"max-video-preview:-1"},"canonical":"https:\/\/www.noticiasradioreflejos.com.ar\/2021\/el-gobierno-prorrogo-por-60-dias-la-prohibicion-de-despedir-trabajadores-sin-justa-causa\/","og_locale":"es_ES","og_type":"article","og_title":"El Gobierno prorrog\u00f3 por 60 d\u00edas la prohibici\u00f3n de despedir trabajadores sin justa causa - Noticias Radio Reflejos","og_description":"Adem\u00e1s extiende por otros 60 d\u00edas la prohibici\u00f3n de suspender por causas de \u00abfuerza mayor o ausencia o disminuci\u00f3n de trabajo\u00bb a excepci\u00f3n de las realizadas seg\u00fan el art\u00edculo 223 bis de la Ley de Contrato de Trabajo.","og_url":"https:\/\/www.noticiasradioreflejos.com.ar\/2021\/el-gobierno-prorrogo-por-60-dias-la-prohibicion-de-despedir-trabajadores-sin-justa-causa\/","og_site_name":"Noticias Radio Reflejos","article_published_time":"2020-09-24T11:15:09+00:00","og_image":[{"url":"https:\/\/www.telam.com.ar\/advf\/imagenes\/2017\/12\/5a3e4fc732e5a_1004x565.jpg","type":"","width":"","height":""}],"author":"Arnaldo Botto","twitter_card":"summary_large_image","schema":{"@context":"https:\/\/schema.org","@graph":[{"@type":"WebPage","@id":"https:\/\/www.noticiasradioreflejos.com.ar\/2021\/el-gobierno-prorrogo-por-60-dias-la-prohibicion-de-despedir-trabajadores-sin-justa-causa\/","url":"https:\/\/www.noticiasradioreflejos.com.ar\/2021\/el-gobierno-prorrogo-por-60-dias-la-prohibicion-de-despedir-trabajadores-sin-justa-causa\/","name":"El Gobierno prorrog\u00f3 por 60 d\u00edas la prohibici\u00f3n de despedir trabajadores sin justa causa - Noticias Radio Reflejos","isPartOf":{"@id":"https:\/\/www.noticiasradioreflejos.com.ar\/2021\/#website"},"primaryImageOfPage":{"@id":"https:\/\/www.noticiasradioreflejos.com.ar\/2021\/el-gobierno-prorrogo-por-60-dias-la-prohibicion-de-despedir-trabajadores-sin-justa-causa\/#primaryimage"},"image":{"@id":"https:\/\/www.noticiasradioreflejos.com.ar\/2021\/el-gobierno-prorrogo-por-60-dias-la-prohibicion-de-despedir-trabajadores-sin-justa-causa\/#primaryimage"},"thumbnailUrl":"https:\/\/www.telam.com.ar\/advf\/imagenes\/2017\/12\/5a3e4fc732e5a_1004x565.jpg","datePublished":"2020-09-24T11:15:09+00:00","author":{"@id":"https:\/\/www.noticiasradioreflejos.com.ar\/2021\/#\/schema\/person\/ad82545263dcc5ec0996818884fd5fb1"},"breadcrumb":{"@id":"https:\/\/www.noticiasradioreflejos.com.ar\/2021\/el-gobierno-prorrogo-por-60-dias-la-prohibicion-de-despedir-trabajadores-sin-justa-causa\/#breadcrumb"},"inLanguage":"es","potentialAction":[{"@type":"ReadAction","target":["https:\/\/www.noticiasradioreflejos.com.ar\/2021\/el-gobierno-prorrogo-por-60-dias-la-prohibicion-de-despedir-trabajadores-sin-justa-causa\/"]}]},{"@type":"ImageObject","inLanguage":"es","@id":"https:\/\/www.noticiasradioreflejos.com.ar\/2021\/el-gobierno-prorrogo-por-60-dias-la-prohibicion-de-despedir-trabajadores-sin-justa-causa\/#primaryimage","url":"https:\/\/www.telam.com.ar\/advf\/imagenes\/2017\/12\/5a3e4fc732e5a_1004x565.jpg","contentUrl":"https:\/\/www.telam.com.ar\/advf\/imagenes\/2017\/12\/5a3e4fc732e5a_1004x565.jpg"},{"@type":"BreadcrumbList","@id":"https:\/\/www.noticiasradioreflejos.com.ar\/2021\/el-gobierno-prorrogo-por-60-dias-la-prohibicion-de-despedir-trabajadores-sin-justa-causa\/#breadcrumb","itemListElement":[{"@type":"ListItem","position":1,"name":"Portada","item":"https:\/\/www.noticiasradioreflejos.com.ar\/2021\/"},{"@type":"ListItem","position":2,"name":"El Gobierno prorrog\u00f3 por 60 d\u00edas la prohibici\u00f3n de despedir trabajadores sin justa causa"}]},{"@type":"WebSite","@id":"https:\/\/www.noticiasradioreflejos.com.ar\/2021\/#website","url":"https:\/\/www.noticiasradioreflejos.com.ar\/2021\/","name":"Noticias Radio Reflejos","description":"Las noticias de mi comarca","potentialAction":[{"@type":"SearchAction","target":{"@type":"EntryPoint","urlTemplate":"https:\/\/www.noticiasradioreflejos.com.ar\/2021\/?s={search_term_string}"},"query-input":{"@type":"PropertyValueSpecification","valueRequired":true,"valueName":"search_term_string"}}],"inLanguage":"es"},{"@type":"Person","@id":"https:\/\/www.noticiasradioreflejos.com.ar\/2021\/#\/schema\/person\/ad82545263dcc5ec0996818884fd5fb1","name":"Arnaldo Botto","image":{"@type":"ImageObject","inLanguage":"es","@id":"https:\/\/www.noticiasradioreflejos.com.ar\/2021\/#\/schema\/person\/image\/","url":"https:\/\/secure.gravatar.com\/avatar\/55cb5e37c1efa326397366e6974cb338056df65cb50e7d64d1cf314e87504837?s=96&d=mm&r=g","contentUrl":"https:\/\/secure.gravatar.com\/avatar\/55cb5e37c1efa326397366e6974cb338056df65cb50e7d64d1cf314e87504837?s=96&d=mm&r=g","caption":"Arnaldo Botto"},"url":"https:\/\/www.noticiasradioreflejos.com.ar\/2021\/author\/arnaldo\/"}]}},"_links":{"self":[{"href":"https:\/\/www.noticiasradioreflejos.com.ar\/2021\/wp-json\/wp\/v2\/posts\/47267","targetHints":{"allow":["GET"]}}],"collection":[{"href":"https:\/\/www.noticiasradioreflejos.com.ar\/2021\/wp-json\/wp\/v2\/posts"}],"about":[{"href":"https:\/\/www.noticiasradioreflejos.com.ar\/2021\/wp-json\/wp\/v2\/types\/post"}],"author":[{"embeddable":true,"href":"https:\/\/www.noticiasradioreflejos.com.ar\/2021\/wp-json\/wp\/v2\/users\/3"}],"replies":[{"embeddable":true,"href":"https:\/\/www.noticiasradioreflejos.com.ar\/2021\/wp-json\/wp\/v2\/comments?post=47267"}],"version-history":[{"count":0,"href":"https:\/\/www.noticiasradioreflejos.com.ar\/2021\/wp-json\/wp\/v2\/posts\/47267\/revisions"}],"wp:attachment":[{"href":"https:\/\/www.noticiasradioreflejos.com.ar\/2021\/wp-json\/wp\/v2\/media?parent=47267"}],"wp:term":[{"taxonomy":"category","embeddable":true,"href":"https:\/\/www.noticiasradioreflejos.com.ar\/2021\/wp-json\/wp\/v2\/categories?post=47267"},{"taxonomy":"post_tag","embeddable":true,"href":"https:\/\/www.noticiasradioreflejos.com.ar\/2021\/wp-json\/wp\/v2\/tags?post=47267"}],"curies":[{"name":"wp","href":"https:\/\/api.w.org\/{rel}","templated":true}]}}