{"id":47265,"date":"2020-09-24T08:12:15","date_gmt":"2020-09-24T11:12:15","guid":{"rendered":"http:\/\/www.noticiasradioreflejos.com.ar\/noticias\/?p=47265"},"modified":"2020-09-24T08:12:15","modified_gmt":"2020-09-24T11:12:15","slug":"el-gobierno-bonaerense-y-los-gremios-docentes-retoman-hoy-las-paritarias","status":"publish","type":"post","link":"https:\/\/www.noticiasradioreflejos.com.ar\/2021\/el-gobierno-bonaerense-y-los-gremios-docentes-retoman-hoy-las-paritarias\/","title":{"rendered":"El Gobierno bonaerense y los gremios docentes retoman hoy las paritarias"},"content":{"rendered":"<p>El Gobierno bonaerense y los representantes de los trabajadores docentes reanudar\u00e1n hoy las paritarias a trav\u00e9s de un encuentro virtual, al que convoc\u00f3 la administraci\u00f3n provincial para discutir aumentos salariales.<!--more--><br \/>\nLos ministros de Hacienda y Finanzas, Pablo L\u00f3pez; de Trabajo, Mara Ruiz Malec; y de Educaci\u00f3n, Agustina Vila, encabezar\u00e1n desde las 14 la reuni\u00f3n con los secretarios generales de los gremios que integran el Frente de Unidad Docente Bonaerense (FUDB).<\/p>\n<p>Los 328.252 maestros que trabajan en territorio bonaerense percibieron un incremento salarial para el primer semestre del a\u00f1o del 16,6%. acordado en febrero pasado durante la paritaria.<\/p>\n<p>Ahora comenzar\u00e1n a negociar la suba para el segundo semestre y los gremios anticipan que reclamar\u00e1n un aumento del orden del 30%.<\/p>\n<p>El fin de semana pasado, secretario general de Suteba, Roberto Baradel, explic\u00f3 en declaraciones a T\u00e9lam que los maestros plantear\u00e1n al Poder Ejecutivo provincial \u00abque la propuesta salarial supere a la inflaci\u00f3n\u00bb para poder as\u00ed \u00abcomenzar a recomponer el salario\u00bb.<\/p>\n<p>A la vez, solicitar\u00e1n \u00abque se equiparen las asignaciones familiares y, a nivel nacional, una compensaci\u00f3n por el gasto extra que tuvieron los docentes para garantizar la conectividad, actualizando las computadoras y celulares para tener capacidad t\u00e9cnica y lograr la continuidad pedag\u00f3gica\u00bb.<\/p>\n<p>En esa l\u00ednea, la titular de la Federaci\u00f3n de Educadores Bonaerenses (FEB), Mirta Petrocini, dijo ayer a trav\u00e9s de un comunicado que se pedir\u00e1 un incremento salarial al Gobierno \u00abque contemple recuperar puntos porcentuales\u00bb que, sostuvo, \u00abvienen perdiendo desde agosto\u00bb, adem\u00e1s de un aumento por lo que resta del a\u00f1o \u00abque permita ganarle a la inflaci\u00f3n\u201d.<\/p>\n<p>Petrocini destac\u00f3 que el pedido \u00abva a hacer un fuerte hincapi\u00e9 en el salario b\u00e1sico, que es el impacta en toda la escala salarial, llegando a docentes activos y jubilados\u201d y reclam\u00f3 la equiparaci\u00f3n de las Asignaciones Familiares con las de Naci\u00f3n\u00bb.<\/p>\n","protected":false},"excerpt":{"rendered":"<p>El Gobierno bonaerense y los representantes de los trabajadores docentes reanudar\u00e1n hoy las paritarias a trav\u00e9s de un encuentro virtual, al que convoc\u00f3 la administraci\u00f3n provincial para discutir aumentos salariales.<\/p>\n","protected":false},"author":3,"featured_media":0,"comment_status":"closed","ping_status":"open","sticky":false,"template":"","format":"standard","meta":{"footnotes":""},"categories":[24],"tags":[],"class_list":["post-47265","post","type-post","status-publish","format-standard","hentry","category-politica"],"yoast_head":"<!-- This site is optimized with the Yoast SEO plugin v25.9 - https:\/\/yoast.com\/wordpress\/plugins\/seo\/ -->\n<title>El Gobierno bonaerense y los gremios docentes retoman hoy las paritarias - Noticias Radio Reflejos<\/title>\n<meta name=\"robots\" content=\"index, follow, max-snippet:-1, max-image-preview:large, max-video-preview:-1\" \/>\n<link rel=\"canonical\" href=\"https:\/\/www.noticiasradioreflejos.com.ar\/2021\/el-gobierno-bonaerense-y-los-gremios-docentes-retoman-hoy-las-paritarias\/\" \/>\n<meta property=\"og:locale\" content=\"es_ES\" \/>\n<meta property=\"og:type\" content=\"article\" \/>\n<meta property=\"og:title\" content=\"El Gobierno bonaerense y los gremios docentes retoman hoy las paritarias - Noticias Radio Reflejos\" \/>\n<meta property=\"og:description\" content=\"El Gobierno bonaerense y los representantes de los trabajadores docentes reanudar\u00e1n hoy las paritarias a trav\u00e9s de un encuentro virtual, al que convoc\u00f3 la administraci\u00f3n provincial para discutir aumentos salariales.\" \/>\n<meta property=\"og:url\" content=\"https:\/\/www.noticiasradioreflejos.com.ar\/2021\/el-gobierno-bonaerense-y-los-gremios-docentes-retoman-hoy-las-paritarias\/\" \/>\n<meta property=\"og:site_name\" content=\"Noticias Radio Reflejos\" \/>\n<meta property=\"article:published_time\" content=\"2020-09-24T11:12:15+00:00\" \/>\n<meta property=\"og:image\" content=\"https:\/\/www.noticiasradioreflejos.com.ar\/2021\/wp-content\/uploads\/2021\/07\/logosol300x200.png\" \/>\n\t<meta property=\"og:image:width\" content=\"300\" \/>\n\t<meta property=\"og:image:height\" content=\"200\" \/>\n\t<meta property=\"og:image:type\" content=\"image\/png\" \/>\n<meta name=\"author\" content=\"Arnaldo Botto\" \/>\n<meta name=\"twitter:card\" content=\"summary_large_image\" \/>\n<script type=\"application\/ld+json\" class=\"yoast-schema-graph\">{\"@context\":\"https:\/\/schema.org\",\"@graph\":[{\"@type\":\"WebPage\",\"@id\":\"https:\/\/www.noticiasradioreflejos.com.ar\/2021\/el-gobierno-bonaerense-y-los-gremios-docentes-retoman-hoy-las-paritarias\/\",\"url\":\"https:\/\/www.noticiasradioreflejos.com.ar\/2021\/el-gobierno-bonaerense-y-los-gremios-docentes-retoman-hoy-las-paritarias\/\",\"name\":\"El Gobierno bonaerense y los gremios docentes retoman hoy las paritarias - Noticias Radio Reflejos\",\"isPartOf\":{\"@id\":\"https:\/\/www.noticiasradioreflejos.com.ar\/2021\/#website\"},\"datePublished\":\"2020-09-24T11:12:15+00:00\",\"author\":{\"@id\":\"https:\/\/www.noticiasradioreflejos.com.ar\/2021\/#\/schema\/person\/ad82545263dcc5ec0996818884fd5fb1\"},\"breadcrumb\":{\"@id\":\"https:\/\/www.noticiasradioreflejos.com.ar\/2021\/el-gobierno-bonaerense-y-los-gremios-docentes-retoman-hoy-las-paritarias\/#breadcrumb\"},\"inLanguage\":\"es\",\"potentialAction\":[{\"@type\":\"ReadAction\",\"target\":[\"https:\/\/www.noticiasradioreflejos.com.ar\/2021\/el-gobierno-bonaerense-y-los-gremios-docentes-retoman-hoy-las-paritarias\/\"]}]},{\"@type\":\"BreadcrumbList\",\"@id\":\"https:\/\/www.noticiasradioreflejos.com.ar\/2021\/el-gobierno-bonaerense-y-los-gremios-docentes-retoman-hoy-las-paritarias\/#breadcrumb\",\"itemListElement\":[{\"@type\":\"ListItem\",\"position\":1,\"name\":\"Portada\",\"item\":\"https:\/\/www.noticiasradioreflejos.com.ar\/2021\/\"},{\"@type\":\"ListItem\",\"position\":2,\"name\":\"El Gobierno bonaerense y los gremios docentes retoman hoy las paritarias\"}]},{\"@type\":\"WebSite\",\"@id\":\"https:\/\/www.noticiasradioreflejos.com.ar\/2021\/#website\",\"url\":\"https:\/\/www.noticiasradioreflejos.com.ar\/2021\/\",\"name\":\"Noticias Radio Reflejos\",\"description\":\"Las noticias de mi comarca\",\"potentialAction\":[{\"@type\":\"SearchAction\",\"target\":{\"@type\":\"EntryPoint\",\"urlTemplate\":\"https:\/\/www.noticiasradioreflejos.com.ar\/2021\/?s={search_term_string}\"},\"query-input\":{\"@type\":\"PropertyValueSpecification\",\"valueRequired\":true,\"valueName\":\"search_term_string\"}}],\"inLanguage\":\"es\"},{\"@type\":\"Person\",\"@id\":\"https:\/\/www.noticiasradioreflejos.com.ar\/2021\/#\/schema\/person\/ad82545263dcc5ec0996818884fd5fb1\",\"name\":\"Arnaldo Botto\",\"image\":{\"@type\":\"ImageObject\",\"inLanguage\":\"es\",\"@id\":\"https:\/\/www.noticiasradioreflejos.com.ar\/2021\/#\/schema\/person\/image\/\",\"url\":\"https:\/\/secure.gravatar.com\/avatar\/55cb5e37c1efa326397366e6974cb338056df65cb50e7d64d1cf314e87504837?s=96&d=mm&r=g\",\"contentUrl\":\"https:\/\/secure.gravatar.com\/avatar\/55cb5e37c1efa326397366e6974cb338056df65cb50e7d64d1cf314e87504837?s=96&d=mm&r=g\",\"caption\":\"Arnaldo Botto\"},\"url\":\"https:\/\/www.noticiasradioreflejos.com.ar\/2021\/author\/arnaldo\/\"}]}<\/script>\n<!-- \/ Yoast SEO plugin. -->","yoast_head_json":{"title":"El Gobierno bonaerense y los gremios docentes retoman hoy las paritarias - Noticias Radio Reflejos","robots":{"index":"index","follow":"follow","max-snippet":"max-snippet:-1","max-image-preview":"max-image-preview:large","max-video-preview":"max-video-preview:-1"},"canonical":"https:\/\/www.noticiasradioreflejos.com.ar\/2021\/el-gobierno-bonaerense-y-los-gremios-docentes-retoman-hoy-las-paritarias\/","og_locale":"es_ES","og_type":"article","og_title":"El Gobierno bonaerense y los gremios docentes retoman hoy las paritarias - Noticias Radio Reflejos","og_description":"El Gobierno bonaerense y los representantes de los trabajadores docentes reanudar\u00e1n hoy las paritarias a trav\u00e9s de un encuentro virtual, al que convoc\u00f3 la administraci\u00f3n provincial para discutir aumentos salariales.","og_url":"https:\/\/www.noticiasradioreflejos.com.ar\/2021\/el-gobierno-bonaerense-y-los-gremios-docentes-retoman-hoy-las-paritarias\/","og_site_name":"Noticias Radio Reflejos","article_published_time":"2020-09-24T11:12:15+00:00","og_image":[{"width":300,"height":200,"url":"https:\/\/www.noticiasradioreflejos.com.ar\/2021\/wp-content\/uploads\/2021\/07\/logosol300x200.png","type":"image\/png"}],"author":"Arnaldo Botto","twitter_card":"summary_large_image","schema":{"@context":"https:\/\/schema.org","@graph":[{"@type":"WebPage","@id":"https:\/\/www.noticiasradioreflejos.com.ar\/2021\/el-gobierno-bonaerense-y-los-gremios-docentes-retoman-hoy-las-paritarias\/","url":"https:\/\/www.noticiasradioreflejos.com.ar\/2021\/el-gobierno-bonaerense-y-los-gremios-docentes-retoman-hoy-las-paritarias\/","name":"El Gobierno bonaerense y los gremios docentes retoman hoy las paritarias - Noticias Radio Reflejos","isPartOf":{"@id":"https:\/\/www.noticiasradioreflejos.com.ar\/2021\/#website"},"datePublished":"2020-09-24T11:12:15+00:00","author":{"@id":"https:\/\/www.noticiasradioreflejos.com.ar\/2021\/#\/schema\/person\/ad82545263dcc5ec0996818884fd5fb1"},"breadcrumb":{"@id":"https:\/\/www.noticiasradioreflejos.com.ar\/2021\/el-gobierno-bonaerense-y-los-gremios-docentes-retoman-hoy-las-paritarias\/#breadcrumb"},"inLanguage":"es","potentialAction":[{"@type":"ReadAction","target":["https:\/\/www.noticiasradioreflejos.com.ar\/2021\/el-gobierno-bonaerense-y-los-gremios-docentes-retoman-hoy-las-paritarias\/"]}]},{"@type":"BreadcrumbList","@id":"https:\/\/www.noticiasradioreflejos.com.ar\/2021\/el-gobierno-bonaerense-y-los-gremios-docentes-retoman-hoy-las-paritarias\/#breadcrumb","itemListElement":[{"@type":"ListItem","position":1,"name":"Portada","item":"https:\/\/www.noticiasradioreflejos.com.ar\/2021\/"},{"@type":"ListItem","position":2,"name":"El Gobierno bonaerense y los gremios docentes retoman hoy las paritarias"}]},{"@type":"WebSite","@id":"https:\/\/www.noticiasradioreflejos.com.ar\/2021\/#website","url":"https:\/\/www.noticiasradioreflejos.com.ar\/2021\/","name":"Noticias Radio Reflejos","description":"Las noticias de mi comarca","potentialAction":[{"@type":"SearchAction","target":{"@type":"EntryPoint","urlTemplate":"https:\/\/www.noticiasradioreflejos.com.ar\/2021\/?s={search_term_string}"},"query-input":{"@type":"PropertyValueSpecification","valueRequired":true,"valueName":"search_term_string"}}],"inLanguage":"es"},{"@type":"Person","@id":"https:\/\/www.noticiasradioreflejos.com.ar\/2021\/#\/schema\/person\/ad82545263dcc5ec0996818884fd5fb1","name":"Arnaldo Botto","image":{"@type":"ImageObject","inLanguage":"es","@id":"https:\/\/www.noticiasradioreflejos.com.ar\/2021\/#\/schema\/person\/image\/","url":"https:\/\/secure.gravatar.com\/avatar\/55cb5e37c1efa326397366e6974cb338056df65cb50e7d64d1cf314e87504837?s=96&d=mm&r=g","contentUrl":"https:\/\/secure.gravatar.com\/avatar\/55cb5e37c1efa326397366e6974cb338056df65cb50e7d64d1cf314e87504837?s=96&d=mm&r=g","caption":"Arnaldo Botto"},"url":"https:\/\/www.noticiasradioreflejos.com.ar\/2021\/author\/arnaldo\/"}]}},"_links":{"self":[{"href":"https:\/\/www.noticiasradioreflejos.com.ar\/2021\/wp-json\/wp\/v2\/posts\/47265","targetHints":{"allow":["GET"]}}],"collection":[{"href":"https:\/\/www.noticiasradioreflejos.com.ar\/2021\/wp-json\/wp\/v2\/posts"}],"about":[{"href":"https:\/\/www.noticiasradioreflejos.com.ar\/2021\/wp-json\/wp\/v2\/types\/post"}],"author":[{"embeddable":true,"href":"https:\/\/www.noticiasradioreflejos.com.ar\/2021\/wp-json\/wp\/v2\/users\/3"}],"replies":[{"embeddable":true,"href":"https:\/\/www.noticiasradioreflejos.com.ar\/2021\/wp-json\/wp\/v2\/comments?post=47265"}],"version-history":[{"count":0,"href":"https:\/\/www.noticiasradioreflejos.com.ar\/2021\/wp-json\/wp\/v2\/posts\/47265\/revisions"}],"wp:attachment":[{"href":"https:\/\/www.noticiasradioreflejos.com.ar\/2021\/wp-json\/wp\/v2\/media?parent=47265"}],"wp:term":[{"taxonomy":"category","embeddable":true,"href":"https:\/\/www.noticiasradioreflejos.com.ar\/2021\/wp-json\/wp\/v2\/categories?post=47265"},{"taxonomy":"post_tag","embeddable":true,"href":"https:\/\/www.noticiasradioreflejos.com.ar\/2021\/wp-json\/wp\/v2\/tags?post=47265"}],"curies":[{"name":"wp","href":"https:\/\/api.w.org\/{rel}","templated":true}]}}