{"id":47250,"date":"2020-09-23T17:56:04","date_gmt":"2020-09-23T20:56:04","guid":{"rendered":"http:\/\/www.noticiasradioreflejos.com.ar\/noticias\/?p=47250"},"modified":"2020-09-23T17:56:04","modified_gmt":"2020-09-23T20:56:04","slug":"conservar-los-ambientes-que-se-dan-en-esa-zona-es-de-gran-importancia-ya-que-no-existen-en-otra-parte-del-mundo-facundo-casalle-pintos","status":"publish","type":"post","link":"https:\/\/www.noticiasradioreflejos.com.ar\/2021\/conservar-los-ambientes-que-se-dan-en-esa-zona-es-de-gran-importancia-ya-que-no-existen-en-otra-parte-del-mundo-facundo-casalle-pintos\/","title":{"rendered":"\u00abConservar los ambientes que se dan en esa zona es de gran importancia ya que no existen en otra parte del mundo\u00bb &#8211; Facundo Casalle Pintos."},"content":{"rendered":"<p><a title=\"2020-09-23_05-55-31\" href=\"http:\/\/live.staticflickr.com\/65535\/50376843817_e50a801d01_s.jpg\" rel=\"\"><img loading=\"lazy\" decoding=\"async\" class=\"alignleft\" style=\"float: left;\" title=\"2020-09-23_05-55-31\" src=\"http:\/\/live.staticflickr.com\/65535\/50376843817_e50a801d01_z.jpg\" alt=\"2020-09-23_05-55-31\" width=\"571\" height=\"640\" \/><\/a>A partir de la reaparici\u00f3n de una especie de planta que se cre\u00eda extinta, esta ma\u00f1ana conversamos con Facundo Casalle Pintos, Guardaparque a cargo de la Reserva Natural Sierras Grandes de Sierra de la Ventana y Responsable Oficina T\u00e9cnica Parque Provincial Ventania.<!--more--><\/p>\n<p>\u00abTenemos una suerte b\u00e1rbara de poder cuidar de esa Reserva Natural Privada\u00bb comenta el guardaparque al comenzar la nota. \u00abNosotros somos un organismo que se ocupa del \u00e1rea de conservaci\u00f3n de las reservas privadas\u00bb aclar\u00f3.<br \/>\n<a title=\"reserva sierras grandes (15)\" href=\"http:\/\/live.staticflickr.com\/65535\/50375963913_75779ef3d2_s.jpg\" rel=\"\"><img loading=\"lazy\" decoding=\"async\" class=\"aligncenter\" title=\"reserva sierras grandes (15)\" src=\"http:\/\/live.staticflickr.com\/65535\/50375963913_75779ef3d2_z.jpg\" alt=\"reserva sierras grandes (15)\" width=\"470\" height=\"627\" \/><\/a><\/p>\n<p>Facundo fue asignado al \u00e1rea de Sierras Grandes en el a\u00f1o 2014 donde comenz\u00f3 su trabajo como guardaparque en aquella zona y se convirti\u00f3 en el encargado de toda la Reserva Natural. Afirma que desde ese a\u00f1o hasta el d\u00eda de hoy se han hecho varios descubrimientos, tales como pinturas rupestres y especies, como lo es la Mostacillastrum Ventanense. \u00abLos bi\u00f3logos est\u00e1n fascinados con el lugar, estamos todos muy contentos\u00bb expres\u00f3.<\/p>\n<p>\u00abEl proyecto de Sierras Grandes se basaba en distintos pilares. Hab\u00eda muchos intereses de la provincia y del privado. Se busc\u00f3 generar un proyecto donde todas las partes hagan su aporte para que esto prospere\u00bb explic\u00f3 Facundo el origen de la Reserva Natural. Agreg\u00f3 que lo que interesaba del proyecto era sumar atractivos y actividad tur\u00edstica y, adem\u00e1s, sumar puestos de trabajo en el distrito. Por otro lado, se ve\u00eda la necesidad de conservar las riquezas naturales que all\u00ed anidan. Lo que se hace en Sierras Grandes es la recr\u00eda de ganado, ya que equilibra la producci\u00f3n con la conserva del espacio natural.<a title=\"camino-al-pileton\" href=\"http:\/\/live.staticflickr.com\/65535\/50376661356_0a5fd0ee5a_s.jpg\" rel=\"\"><img loading=\"lazy\" decoding=\"async\" class=\"aligncenter\" title=\"camino-al-pileton\" src=\"http:\/\/live.staticflickr.com\/65535\/50376661356_0cba63a61d_o.jpg\" alt=\"camino-al-pileton\" width=\"338\" height=\"450\" \/><\/a><\/p>\n<p>Facundo transmiti\u00f3 que conservar los ambientes que se dan en esa zona es de gran importancia ya que no existen en otra parte del mundo, \u00abes una responsabilidad que deber\u00edamos llevar todos y estamos en el camino de lograrlo\u00bb resalt\u00f3.<\/p>\n<p>\u00abEl tema visitas est\u00e1 complicado. Sierras Grandes present\u00f3 un protocolo sobre visitas guiadas, pero todav\u00eda no se ha habilitado. Buscamos una salida simple para que no se sume gente a los hospitales por accidentes, adem\u00e1s de la situaci\u00f3n sanitaria que estamos viviendo. En una primera etapa, se abrir\u00e1n 3 de las 7 excursiones que tenemos\u00bb mencion\u00f3 Casalle Pinto cuando le preguntamos cu\u00e1les eran las actividades que podr\u00edan habilitarse.<\/p>\n<p>\u00abHay que cuidarse y seguir las recomendaciones para poder sostener la fase 5 en el tiempo. Ojal\u00e1 que pronto nos autoricen para ingresar a Sierras Grandes para que el distrito y la familia D&#8217;Orazio puedan vivir del turismo\u00bb expres\u00f3 finalmente.<\/p>\n<p>Nota completa a continuaci\u00f3n:<br \/>\n<iframe loading=\"lazy\" src=\"https:\/\/w.soundcloud.com\/player\/?url=https%3A\/\/api.soundcloud.com\/tracks\/898257559&amp;color=%23ff5500&amp;auto_play=false&amp;hide_related=false&amp;show_comments=true&amp;show_user=true&amp;show_reposts=false&amp;show_teaser=true\" width=\"100%\" height=\"166\" frameborder=\"no\" scrolling=\"no\"><\/iframe><\/p>\n<div style=\"font-size: 10px; color: #cccccc; line-break: anywhere; word-break: normal; overflow: hidden; white-space: nowrap; text-overflow: ellipsis; font-family: Interstate,Lucida Grande,Lucida Sans Unicode,Lucida Sans,Garuda,Verdana,Tahoma,sans-serif; font-weight: 100;\"><a style=\"color: #cccccc; text-decoration: none;\" title=\"fmreflejos 103.7\" href=\"https:\/\/soundcloud.com\/fmreflejos-103-7\" target=\"_blank\" rel=\"noopener\">fmreflejos 103.7<\/a> \u00b7 <a style=\"color: #cccccc; text-decoration: none;\" title=\"Facundo Casalle Pinto\" href=\"https:\/\/soundcloud.com\/fmreflejos-103-7\/facundo-casalle-pinto-1\" target=\"_blank\" rel=\"noopener\">Facundo Casalle Pinto<\/a><\/div>\n<p><a href=\"http:\/\/live.staticflickr.com\/65535\/50376657991_b97bb418f1_s.jpg\" title=\"2020-09-23_05-50-13\" rel=\"\"><img loading=\"lazy\" decoding=\"async\" src=\"http:\/\/live.staticflickr.com\/65535\/50376657991_30da0528db_o.jpg\" width=\"1080\" height=\"522\" alt=\"2020-09-23_05-50-13\" title=\"2020-09-23_05-50-13\" class=\"aligncenter\"><\/a><\/p>\n","protected":false},"excerpt":{"rendered":"<p>A partir de la reaparici\u00f3n de una especie de planta que se cre\u00eda extinta, esta ma\u00f1ana conversamos con Facundo Casalle Pintos, Guardaparque a cargo de la Reserva Natural Sierras Grandes de Sierra de la Ventana y Responsable Oficina T\u00e9cnica Parque Provincial Ventania.<\/p>\n","protected":false},"author":3,"featured_media":47256,"comment_status":"closed","ping_status":"open","sticky":false,"template":"","format":"standard","meta":{"footnotes":""},"categories":[33],"tags":[],"class_list":["post-47250","post","type-post","status-publish","format-standard","has-post-thumbnail","hentry","category-turismo"],"yoast_head":"<!-- This site is optimized with the Yoast SEO plugin v25.9 - https:\/\/yoast.com\/wordpress\/plugins\/seo\/ -->\n<title>&quot;Conservar los ambientes que se dan en esa zona es de gran importancia ya que no existen en otra parte del mundo&quot; - Facundo Casalle Pintos. - Noticias Radio Reflejos<\/title>\n<meta name=\"robots\" content=\"index, follow, max-snippet:-1, max-image-preview:large, max-video-preview:-1\" \/>\n<link rel=\"canonical\" href=\"https:\/\/www.noticiasradioreflejos.com.ar\/2021\/conservar-los-ambientes-que-se-dan-en-esa-zona-es-de-gran-importancia-ya-que-no-existen-en-otra-parte-del-mundo-facundo-casalle-pintos\/\" \/>\n<meta property=\"og:locale\" content=\"es_ES\" \/>\n<meta property=\"og:type\" content=\"article\" \/>\n<meta property=\"og:title\" content=\"&quot;Conservar los ambientes que se dan en esa zona es de gran importancia ya que no existen en otra parte del mundo&quot; - Facundo Casalle Pintos. - Noticias Radio Reflejos\" \/>\n<meta property=\"og:description\" content=\"A partir de la reaparici\u00f3n de una especie de planta que se cre\u00eda extinta, esta ma\u00f1ana conversamos con Facundo Casalle Pintos, Guardaparque a cargo de la Reserva Natural Sierras Grandes de Sierra de la Ventana y Responsable Oficina T\u00e9cnica Parque Provincial Ventania.\" \/>\n<meta property=\"og:url\" content=\"https:\/\/www.noticiasradioreflejos.com.ar\/2021\/conservar-los-ambientes-que-se-dan-en-esa-zona-es-de-gran-importancia-ya-que-no-existen-en-otra-parte-del-mundo-facundo-casalle-pintos\/\" \/>\n<meta property=\"og:site_name\" content=\"Noticias Radio Reflejos\" \/>\n<meta property=\"article:published_time\" content=\"2020-09-23T20:56:04+00:00\" \/>\n<meta property=\"og:image\" content=\"https:\/\/www.noticiasradioreflejos.com.ar\/2021\/wp-content\/uploads\/2020\/09\/reservasierrasgrandes2.jpg\" \/>\n\t<meta property=\"og:image:width\" content=\"630\" \/>\n\t<meta property=\"og:image:height\" content=\"331\" \/>\n\t<meta property=\"og:image:type\" content=\"image\/jpeg\" \/>\n<meta name=\"author\" content=\"Arnaldo Botto\" \/>\n<meta name=\"twitter:card\" content=\"summary_large_image\" \/>\n<script type=\"application\/ld+json\" class=\"yoast-schema-graph\">{\"@context\":\"https:\/\/schema.org\",\"@graph\":[{\"@type\":\"WebPage\",\"@id\":\"https:\/\/www.noticiasradioreflejos.com.ar\/2021\/conservar-los-ambientes-que-se-dan-en-esa-zona-es-de-gran-importancia-ya-que-no-existen-en-otra-parte-del-mundo-facundo-casalle-pintos\/\",\"url\":\"https:\/\/www.noticiasradioreflejos.com.ar\/2021\/conservar-los-ambientes-que-se-dan-en-esa-zona-es-de-gran-importancia-ya-que-no-existen-en-otra-parte-del-mundo-facundo-casalle-pintos\/\",\"name\":\"\\\"Conservar los ambientes que se dan en esa zona es de gran importancia ya que no existen en otra parte del mundo\\\" - Facundo Casalle Pintos. - Noticias Radio Reflejos\",\"isPartOf\":{\"@id\":\"https:\/\/www.noticiasradioreflejos.com.ar\/2021\/#website\"},\"primaryImageOfPage\":{\"@id\":\"https:\/\/www.noticiasradioreflejos.com.ar\/2021\/conservar-los-ambientes-que-se-dan-en-esa-zona-es-de-gran-importancia-ya-que-no-existen-en-otra-parte-del-mundo-facundo-casalle-pintos\/#primaryimage\"},\"image\":{\"@id\":\"https:\/\/www.noticiasradioreflejos.com.ar\/2021\/conservar-los-ambientes-que-se-dan-en-esa-zona-es-de-gran-importancia-ya-que-no-existen-en-otra-parte-del-mundo-facundo-casalle-pintos\/#primaryimage\"},\"thumbnailUrl\":\"https:\/\/www.noticiasradioreflejos.com.ar\/2021\/wp-content\/uploads\/2020\/09\/reservasierrasgrandes2.jpg\",\"datePublished\":\"2020-09-23T20:56:04+00:00\",\"author\":{\"@id\":\"https:\/\/www.noticiasradioreflejos.com.ar\/2021\/#\/schema\/person\/ad82545263dcc5ec0996818884fd5fb1\"},\"breadcrumb\":{\"@id\":\"https:\/\/www.noticiasradioreflejos.com.ar\/2021\/conservar-los-ambientes-que-se-dan-en-esa-zona-es-de-gran-importancia-ya-que-no-existen-en-otra-parte-del-mundo-facundo-casalle-pintos\/#breadcrumb\"},\"inLanguage\":\"es\",\"potentialAction\":[{\"@type\":\"ReadAction\",\"target\":[\"https:\/\/www.noticiasradioreflejos.com.ar\/2021\/conservar-los-ambientes-que-se-dan-en-esa-zona-es-de-gran-importancia-ya-que-no-existen-en-otra-parte-del-mundo-facundo-casalle-pintos\/\"]}]},{\"@type\":\"ImageObject\",\"inLanguage\":\"es\",\"@id\":\"https:\/\/www.noticiasradioreflejos.com.ar\/2021\/conservar-los-ambientes-que-se-dan-en-esa-zona-es-de-gran-importancia-ya-que-no-existen-en-otra-parte-del-mundo-facundo-casalle-pintos\/#primaryimage\",\"url\":\"https:\/\/www.noticiasradioreflejos.com.ar\/2021\/wp-content\/uploads\/2020\/09\/reservasierrasgrandes2.jpg\",\"contentUrl\":\"https:\/\/www.noticiasradioreflejos.com.ar\/2021\/wp-content\/uploads\/2020\/09\/reservasierrasgrandes2.jpg\",\"width\":630,\"height\":331},{\"@type\":\"BreadcrumbList\",\"@id\":\"https:\/\/www.noticiasradioreflejos.com.ar\/2021\/conservar-los-ambientes-que-se-dan-en-esa-zona-es-de-gran-importancia-ya-que-no-existen-en-otra-parte-del-mundo-facundo-casalle-pintos\/#breadcrumb\",\"itemListElement\":[{\"@type\":\"ListItem\",\"position\":1,\"name\":\"Portada\",\"item\":\"https:\/\/www.noticiasradioreflejos.com.ar\/2021\/\"},{\"@type\":\"ListItem\",\"position\":2,\"name\":\"\u00abConservar los ambientes que se dan en esa zona es de gran importancia ya que no existen en otra parte del mundo\u00bb &#8211; Facundo Casalle Pintos.\"}]},{\"@type\":\"WebSite\",\"@id\":\"https:\/\/www.noticiasradioreflejos.com.ar\/2021\/#website\",\"url\":\"https:\/\/www.noticiasradioreflejos.com.ar\/2021\/\",\"name\":\"Noticias Radio Reflejos\",\"description\":\"Las noticias de mi comarca\",\"potentialAction\":[{\"@type\":\"SearchAction\",\"target\":{\"@type\":\"EntryPoint\",\"urlTemplate\":\"https:\/\/www.noticiasradioreflejos.com.ar\/2021\/?s={search_term_string}\"},\"query-input\":{\"@type\":\"PropertyValueSpecification\",\"valueRequired\":true,\"valueName\":\"search_term_string\"}}],\"inLanguage\":\"es\"},{\"@type\":\"Person\",\"@id\":\"https:\/\/www.noticiasradioreflejos.com.ar\/2021\/#\/schema\/person\/ad82545263dcc5ec0996818884fd5fb1\",\"name\":\"Arnaldo Botto\",\"image\":{\"@type\":\"ImageObject\",\"inLanguage\":\"es\",\"@id\":\"https:\/\/www.noticiasradioreflejos.com.ar\/2021\/#\/schema\/person\/image\/\",\"url\":\"https:\/\/secure.gravatar.com\/avatar\/55cb5e37c1efa326397366e6974cb338056df65cb50e7d64d1cf314e87504837?s=96&d=mm&r=g\",\"contentUrl\":\"https:\/\/secure.gravatar.com\/avatar\/55cb5e37c1efa326397366e6974cb338056df65cb50e7d64d1cf314e87504837?s=96&d=mm&r=g\",\"caption\":\"Arnaldo Botto\"},\"url\":\"https:\/\/www.noticiasradioreflejos.com.ar\/2021\/author\/arnaldo\/\"}]}<\/script>\n<!-- \/ Yoast SEO plugin. -->","yoast_head_json":{"title":"\"Conservar los ambientes que se dan en esa zona es de gran importancia ya que no existen en otra parte del mundo\" - Facundo Casalle Pintos. - Noticias Radio Reflejos","robots":{"index":"index","follow":"follow","max-snippet":"max-snippet:-1","max-image-preview":"max-image-preview:large","max-video-preview":"max-video-preview:-1"},"canonical":"https:\/\/www.noticiasradioreflejos.com.ar\/2021\/conservar-los-ambientes-que-se-dan-en-esa-zona-es-de-gran-importancia-ya-que-no-existen-en-otra-parte-del-mundo-facundo-casalle-pintos\/","og_locale":"es_ES","og_type":"article","og_title":"\"Conservar los ambientes que se dan en esa zona es de gran importancia ya que no existen en otra parte del mundo\" - Facundo Casalle Pintos. - Noticias Radio Reflejos","og_description":"A partir de la reaparici\u00f3n de una especie de planta que se cre\u00eda extinta, esta ma\u00f1ana conversamos con Facundo Casalle Pintos, Guardaparque a cargo de la Reserva Natural Sierras Grandes de Sierra de la Ventana y Responsable Oficina T\u00e9cnica Parque Provincial Ventania.","og_url":"https:\/\/www.noticiasradioreflejos.com.ar\/2021\/conservar-los-ambientes-que-se-dan-en-esa-zona-es-de-gran-importancia-ya-que-no-existen-en-otra-parte-del-mundo-facundo-casalle-pintos\/","og_site_name":"Noticias Radio Reflejos","article_published_time":"2020-09-23T20:56:04+00:00","og_image":[{"width":630,"height":331,"url":"https:\/\/www.noticiasradioreflejos.com.ar\/2021\/wp-content\/uploads\/2020\/09\/reservasierrasgrandes2.jpg","type":"image\/jpeg"}],"author":"Arnaldo Botto","twitter_card":"summary_large_image","schema":{"@context":"https:\/\/schema.org","@graph":[{"@type":"WebPage","@id":"https:\/\/www.noticiasradioreflejos.com.ar\/2021\/conservar-los-ambientes-que-se-dan-en-esa-zona-es-de-gran-importancia-ya-que-no-existen-en-otra-parte-del-mundo-facundo-casalle-pintos\/","url":"https:\/\/www.noticiasradioreflejos.com.ar\/2021\/conservar-los-ambientes-que-se-dan-en-esa-zona-es-de-gran-importancia-ya-que-no-existen-en-otra-parte-del-mundo-facundo-casalle-pintos\/","name":"\"Conservar los ambientes que se dan en esa zona es de gran importancia ya que no existen en otra parte del mundo\" - Facundo Casalle Pintos. - Noticias Radio Reflejos","isPartOf":{"@id":"https:\/\/www.noticiasradioreflejos.com.ar\/2021\/#website"},"primaryImageOfPage":{"@id":"https:\/\/www.noticiasradioreflejos.com.ar\/2021\/conservar-los-ambientes-que-se-dan-en-esa-zona-es-de-gran-importancia-ya-que-no-existen-en-otra-parte-del-mundo-facundo-casalle-pintos\/#primaryimage"},"image":{"@id":"https:\/\/www.noticiasradioreflejos.com.ar\/2021\/conservar-los-ambientes-que-se-dan-en-esa-zona-es-de-gran-importancia-ya-que-no-existen-en-otra-parte-del-mundo-facundo-casalle-pintos\/#primaryimage"},"thumbnailUrl":"https:\/\/www.noticiasradioreflejos.com.ar\/2021\/wp-content\/uploads\/2020\/09\/reservasierrasgrandes2.jpg","datePublished":"2020-09-23T20:56:04+00:00","author":{"@id":"https:\/\/www.noticiasradioreflejos.com.ar\/2021\/#\/schema\/person\/ad82545263dcc5ec0996818884fd5fb1"},"breadcrumb":{"@id":"https:\/\/www.noticiasradioreflejos.com.ar\/2021\/conservar-los-ambientes-que-se-dan-en-esa-zona-es-de-gran-importancia-ya-que-no-existen-en-otra-parte-del-mundo-facundo-casalle-pintos\/#breadcrumb"},"inLanguage":"es","potentialAction":[{"@type":"ReadAction","target":["https:\/\/www.noticiasradioreflejos.com.ar\/2021\/conservar-los-ambientes-que-se-dan-en-esa-zona-es-de-gran-importancia-ya-que-no-existen-en-otra-parte-del-mundo-facundo-casalle-pintos\/"]}]},{"@type":"ImageObject","inLanguage":"es","@id":"https:\/\/www.noticiasradioreflejos.com.ar\/2021\/conservar-los-ambientes-que-se-dan-en-esa-zona-es-de-gran-importancia-ya-que-no-existen-en-otra-parte-del-mundo-facundo-casalle-pintos\/#primaryimage","url":"https:\/\/www.noticiasradioreflejos.com.ar\/2021\/wp-content\/uploads\/2020\/09\/reservasierrasgrandes2.jpg","contentUrl":"https:\/\/www.noticiasradioreflejos.com.ar\/2021\/wp-content\/uploads\/2020\/09\/reservasierrasgrandes2.jpg","width":630,"height":331},{"@type":"BreadcrumbList","@id":"https:\/\/www.noticiasradioreflejos.com.ar\/2021\/conservar-los-ambientes-que-se-dan-en-esa-zona-es-de-gran-importancia-ya-que-no-existen-en-otra-parte-del-mundo-facundo-casalle-pintos\/#breadcrumb","itemListElement":[{"@type":"ListItem","position":1,"name":"Portada","item":"https:\/\/www.noticiasradioreflejos.com.ar\/2021\/"},{"@type":"ListItem","position":2,"name":"\u00abConservar los ambientes que se dan en esa zona es de gran importancia ya que no existen en otra parte del mundo\u00bb &#8211; Facundo Casalle Pintos."}]},{"@type":"WebSite","@id":"https:\/\/www.noticiasradioreflejos.com.ar\/2021\/#website","url":"https:\/\/www.noticiasradioreflejos.com.ar\/2021\/","name":"Noticias Radio Reflejos","description":"Las noticias de mi comarca","potentialAction":[{"@type":"SearchAction","target":{"@type":"EntryPoint","urlTemplate":"https:\/\/www.noticiasradioreflejos.com.ar\/2021\/?s={search_term_string}"},"query-input":{"@type":"PropertyValueSpecification","valueRequired":true,"valueName":"search_term_string"}}],"inLanguage":"es"},{"@type":"Person","@id":"https:\/\/www.noticiasradioreflejos.com.ar\/2021\/#\/schema\/person\/ad82545263dcc5ec0996818884fd5fb1","name":"Arnaldo Botto","image":{"@type":"ImageObject","inLanguage":"es","@id":"https:\/\/www.noticiasradioreflejos.com.ar\/2021\/#\/schema\/person\/image\/","url":"https:\/\/secure.gravatar.com\/avatar\/55cb5e37c1efa326397366e6974cb338056df65cb50e7d64d1cf314e87504837?s=96&d=mm&r=g","contentUrl":"https:\/\/secure.gravatar.com\/avatar\/55cb5e37c1efa326397366e6974cb338056df65cb50e7d64d1cf314e87504837?s=96&d=mm&r=g","caption":"Arnaldo Botto"},"url":"https:\/\/www.noticiasradioreflejos.com.ar\/2021\/author\/arnaldo\/"}]}},"_links":{"self":[{"href":"https:\/\/www.noticiasradioreflejos.com.ar\/2021\/wp-json\/wp\/v2\/posts\/47250","targetHints":{"allow":["GET"]}}],"collection":[{"href":"https:\/\/www.noticiasradioreflejos.com.ar\/2021\/wp-json\/wp\/v2\/posts"}],"about":[{"href":"https:\/\/www.noticiasradioreflejos.com.ar\/2021\/wp-json\/wp\/v2\/types\/post"}],"author":[{"embeddable":true,"href":"https:\/\/www.noticiasradioreflejos.com.ar\/2021\/wp-json\/wp\/v2\/users\/3"}],"replies":[{"embeddable":true,"href":"https:\/\/www.noticiasradioreflejos.com.ar\/2021\/wp-json\/wp\/v2\/comments?post=47250"}],"version-history":[{"count":0,"href":"https:\/\/www.noticiasradioreflejos.com.ar\/2021\/wp-json\/wp\/v2\/posts\/47250\/revisions"}],"wp:featuredmedia":[{"embeddable":true,"href":"https:\/\/www.noticiasradioreflejos.com.ar\/2021\/wp-json\/wp\/v2\/media\/47256"}],"wp:attachment":[{"href":"https:\/\/www.noticiasradioreflejos.com.ar\/2021\/wp-json\/wp\/v2\/media?parent=47250"}],"wp:term":[{"taxonomy":"category","embeddable":true,"href":"https:\/\/www.noticiasradioreflejos.com.ar\/2021\/wp-json\/wp\/v2\/categories?post=47250"},{"taxonomy":"post_tag","embeddable":true,"href":"https:\/\/www.noticiasradioreflejos.com.ar\/2021\/wp-json\/wp\/v2\/tags?post=47250"}],"curies":[{"name":"wp","href":"https:\/\/api.w.org\/{rel}","templated":true}]}}