{"id":47243,"date":"2020-09-23T14:06:10","date_gmt":"2020-09-23T17:06:10","guid":{"rendered":"http:\/\/www.noticiasradioreflejos.com.ar\/noticias\/?p=47243"},"modified":"2020-09-23T14:06:10","modified_gmt":"2020-09-23T17:06:10","slug":"estabamos-sacando-ruda-en-un-roquedal-de-la-reserva-sierras-grandes-y-de-repente-la-vi-y-me-puse-muy-contenta-nos-pusimos-a-mirar-y-vimos-que-habia-20-individuos-romina-gabrielli-con-video","status":"publish","type":"post","link":"https:\/\/www.noticiasradioreflejos.com.ar\/2021\/estabamos-sacando-ruda-en-un-roquedal-de-la-reserva-sierras-grandes-y-de-repente-la-vi-y-me-puse-muy-contenta-nos-pusimos-a-mirar-y-vimos-que-habia-20-individuos-romina-gabrielli-con-video\/","title":{"rendered":"\u00abEst\u00e1bamos sacando ruda, en un roquedal de la reserva Sierras Grandes y de repente la vi y me puse muy contenta. Nos pusimos a mirar y vimos que hab\u00eda 20 individuos\u00bb- Romina Gabrielli (con video)"},"content":{"rendered":"<p>Esta ma\u00f1ana conversamos con Romina Gabrieli, Gu\u00eda e Int\u00e9rprete de la Naturaleza, quien nos informa una feliz noticia para el mundo del turismo y la naturaleza de nuestro distrito. Se descubri\u00f3 en la Reserva Natural de Sierras Grandes el brote de una planta aut\u00f3ctona que se cre\u00eda extinta.<!--more--><\/p>\n<p>\u00abFui yo la que tuvo la suerte de estar ah\u00ed para verla\u00bb coment\u00f3 Romina muy contenta al iniciar la nota. Romina se encontraba con un compa\u00f1ero de trabajo realizando recorridos para controlar a las especies que no son aut\u00f3ctonas, que hacen da\u00f1o a las que s\u00ed son del lugar. \u00abEst\u00e1bamos sacando ruda, en un roquedal de la reserva Sierras Grandes y de repente la vi y me puse muy contenta. Nos pusimos a mirar y vimos que hab\u00eda 20 individuos\u00bb record\u00f3 la gu\u00eda.<a title=\"IMG-20200923-WA0015\" href=\"http:\/\/live.staticflickr.com\/65535\/50375210948_a2eb6aeb59_s.jpg\" rel=\"\"><img loading=\"lazy\" decoding=\"async\" class=\"aligncenter\" title=\"IMG-20200923-WA0015\" src=\"http:\/\/live.staticflickr.com\/65535\/50375210948_a2eb6aeb59_c.jpg\" alt=\"IMG-20200923-WA0015\" width=\"600\" height=\"800\" \/><\/a><\/p>\n<p>La planta en cuesti\u00f3n se trata de la \u00abMostacillastrum Ventanense\u00bb, una especie poco com\u00fan que se hab\u00eda considerado extinta pero que ha rebrotado. \u00abEs una especie que le gusta mucho a los animales, tambi\u00e9n dejamos de verla luego de un incendio, pero no sabemos exactamente c\u00f3mo fue que desapareci\u00f3\u00bb explic\u00f3 Romina cuando le preguntamos si conoc\u00eda la causa de la supuesta extinci\u00f3n.<\/p>\n<p>La \u00abMostacillastrum Ventanense\u00bb se encuentra mirando al sur, en un roquedal que no es de f\u00e1cil acceso. Crece en las grietas de la roca, y las plantas se encuentran dispersas. \u00abEsta poblaci\u00f3n la encontramos con otra que tambi\u00e9n es end\u00e9mica (\u00fanica en estos lugares), se ve que les viene bien estar asociadas y en esas condiciones de humedad y sombra\u00bb mencion\u00f3 la Int\u00e9rprete de Naturaleza. Adem\u00e1s, agreg\u00f3 que la altura en la que fueron hallados los ejemplares fue de 540 metros sobre el nivel del mar aproximadamente.<\/p>\n<p>Video del momento del descubrimiento:<br \/>\n<iframe loading=\"lazy\" src=\"https:\/\/www.youtube.com\/embed\/I4O9SH76UKo\" width=\"560\" height=\"315\" frameborder=\"0\" allowfullscreen=\"allowfullscreen\"><\/iframe><\/p>\n<p>\u00abTenemos en nuestra zona a los mejores especialistas\u00bb resalt\u00f3 Romina el trabajo de un bi\u00f3logo que la acompa\u00f1\u00f3 a hacer su trabajo, momento en el cual pudieron avistar 2 ejemplares m\u00e1s. \u00abPor el momento, la zona cuenta con 22 individuos\u00bb.<\/p>\n<p><a title=\"IMG-20200923-WA0013\" href=\"http:\/\/live.staticflickr.com\/65535\/50375909681_6bc56bbc3e_s.jpg\" rel=\"\"><img loading=\"lazy\" decoding=\"async\" class=\"aligncenter\" title=\"IMG-20200923-WA0013\" src=\"http:\/\/live.staticflickr.com\/65535\/50375909681_6bc56bbc3e_b.jpg\" alt=\"IMG-20200923-WA0013\" width=\"768\" height=\"1024\" \/><\/a><\/p>\n<p>Por otro lado, hablamos un poco sobre el turismo y sobre si estos ejemplares podr\u00edan avistarse en salidas guiadas para turistas, a lo que Romina respondi\u00f3: \u00abPor el momento, donde se encontraron las plantas es una zona bastante complicada, tiene que ver con la seguridad del visitante. Desde ese punto de vista, no es un lugar para llevar a la familia\u00bb.<\/p>\n<p>Adem\u00e1s, Romina asegur\u00f3 que se va a hacer un gran trabajo de conservaci\u00f3n para que esta especie no vuelva a considerarse extinta.<\/p>\n<p>Nota completa a continuaci\u00f3n:<br \/>\n<iframe loading=\"lazy\" src=\"https:\/\/w.soundcloud.com\/player\/?url=https%3A\/\/api.soundcloud.com\/tracks\/898227040&amp;color=%23ff5500&amp;auto_play=false&amp;hide_related=false&amp;show_comments=true&amp;show_user=true&amp;show_reposts=false&amp;show_teaser=true\" width=\"100%\" height=\"166\" frameborder=\"no\" scrolling=\"no\"><\/iframe><\/p>\n<div style=\"font-size: 10px; color: #cccccc; line-break: anywhere; word-break: normal; overflow: hidden; white-space: nowrap; text-overflow: ellipsis; font-family: Interstate,Lucida Grande,Lucida Sans Unicode,Lucida Sans,Garuda,Verdana,Tahoma,sans-serif; font-weight: 100;\"><a style=\"color: #cccccc; text-decoration: none;\" title=\"fmreflejos 103.7\" href=\"https:\/\/soundcloud.com\/fmreflejos-103-7\" target=\"_blank\" rel=\"noopener\">fmreflejos 103.7<\/a> \u00b7 <a style=\"color: #cccccc; text-decoration: none;\" title=\"Romina Gabrielli\" href=\"https:\/\/soundcloud.com\/fmreflejos-103-7\/romina-gabrielli\" target=\"_blank\" rel=\"noopener\">Romina Gabrielli<\/a><\/div>\n","protected":false},"excerpt":{"rendered":"<p>Esta ma\u00f1ana conversamos con Romina Gabrieli, Gu\u00eda e Int\u00e9rprete de la Naturaleza, quien nos informa una feliz noticia para el mundo del turismo y la naturaleza de nuestro distrito. Se descubri\u00f3 en la Reserva Natural de Sierras Grandes el brote de una planta aut\u00f3ctona que se cre\u00eda extinta.<\/p>\n","protected":false},"author":3,"featured_media":0,"comment_status":"closed","ping_status":"open","sticky":false,"template":"","format":"standard","meta":{"footnotes":""},"categories":[33],"tags":[],"class_list":["post-47243","post","type-post","status-publish","format-standard","hentry","category-turismo"],"yoast_head":"<!-- This site is optimized with the Yoast SEO plugin v25.9 - https:\/\/yoast.com\/wordpress\/plugins\/seo\/ -->\n<title>&quot;Est\u00e1bamos sacando ruda, en un roquedal de la reserva Sierras Grandes y de repente la vi y me puse muy contenta. Nos pusimos a mirar y vimos que hab\u00eda 20 individuos&quot;- Romina Gabrielli (con video) - Noticias Radio Reflejos<\/title>\n<meta name=\"robots\" content=\"index, follow, max-snippet:-1, max-image-preview:large, max-video-preview:-1\" \/>\n<link rel=\"canonical\" href=\"https:\/\/www.noticiasradioreflejos.com.ar\/2021\/estabamos-sacando-ruda-en-un-roquedal-de-la-reserva-sierras-grandes-y-de-repente-la-vi-y-me-puse-muy-contenta-nos-pusimos-a-mirar-y-vimos-que-habia-20-individuos-romina-gabrielli-con-video\/\" \/>\n<meta property=\"og:locale\" content=\"es_ES\" \/>\n<meta property=\"og:type\" content=\"article\" \/>\n<meta property=\"og:title\" content=\"&quot;Est\u00e1bamos sacando ruda, en un roquedal de la reserva Sierras Grandes y de repente la vi y me puse muy contenta. Nos pusimos a mirar y vimos que hab\u00eda 20 individuos&quot;- Romina Gabrielli (con video) - Noticias Radio Reflejos\" \/>\n<meta property=\"og:description\" content=\"Esta ma\u00f1ana conversamos con Romina Gabrieli, Gu\u00eda e Int\u00e9rprete de la Naturaleza, quien nos informa una feliz noticia para el mundo del turismo y la naturaleza de nuestro distrito. Se descubri\u00f3 en la Reserva Natural de Sierras Grandes el brote de una planta aut\u00f3ctona que se cre\u00eda extinta.\" \/>\n<meta property=\"og:url\" content=\"https:\/\/www.noticiasradioreflejos.com.ar\/2021\/estabamos-sacando-ruda-en-un-roquedal-de-la-reserva-sierras-grandes-y-de-repente-la-vi-y-me-puse-muy-contenta-nos-pusimos-a-mirar-y-vimos-que-habia-20-individuos-romina-gabrielli-con-video\/\" \/>\n<meta property=\"og:site_name\" content=\"Noticias Radio Reflejos\" \/>\n<meta property=\"article:published_time\" content=\"2020-09-23T17:06:10+00:00\" \/>\n<meta property=\"og:image\" content=\"http:\/\/live.staticflickr.com\/65535\/50375210948_a2eb6aeb59_c.jpg\" \/>\n<meta name=\"author\" content=\"Arnaldo Botto\" \/>\n<meta name=\"twitter:card\" content=\"summary_large_image\" \/>\n<script type=\"application\/ld+json\" class=\"yoast-schema-graph\">{\"@context\":\"https:\/\/schema.org\",\"@graph\":[{\"@type\":\"WebPage\",\"@id\":\"https:\/\/www.noticiasradioreflejos.com.ar\/2021\/estabamos-sacando-ruda-en-un-roquedal-de-la-reserva-sierras-grandes-y-de-repente-la-vi-y-me-puse-muy-contenta-nos-pusimos-a-mirar-y-vimos-que-habia-20-individuos-romina-gabrielli-con-video\/\",\"url\":\"https:\/\/www.noticiasradioreflejos.com.ar\/2021\/estabamos-sacando-ruda-en-un-roquedal-de-la-reserva-sierras-grandes-y-de-repente-la-vi-y-me-puse-muy-contenta-nos-pusimos-a-mirar-y-vimos-que-habia-20-individuos-romina-gabrielli-con-video\/\",\"name\":\"\\\"Est\u00e1bamos sacando ruda, en un roquedal de la reserva Sierras Grandes y de repente la vi y me puse muy contenta. Nos pusimos a mirar y vimos que hab\u00eda 20 individuos\\\"- Romina Gabrielli (con video) - Noticias Radio Reflejos\",\"isPartOf\":{\"@id\":\"https:\/\/www.noticiasradioreflejos.com.ar\/2021\/#website\"},\"primaryImageOfPage\":{\"@id\":\"https:\/\/www.noticiasradioreflejos.com.ar\/2021\/estabamos-sacando-ruda-en-un-roquedal-de-la-reserva-sierras-grandes-y-de-repente-la-vi-y-me-puse-muy-contenta-nos-pusimos-a-mirar-y-vimos-que-habia-20-individuos-romina-gabrielli-con-video\/#primaryimage\"},\"image\":{\"@id\":\"https:\/\/www.noticiasradioreflejos.com.ar\/2021\/estabamos-sacando-ruda-en-un-roquedal-de-la-reserva-sierras-grandes-y-de-repente-la-vi-y-me-puse-muy-contenta-nos-pusimos-a-mirar-y-vimos-que-habia-20-individuos-romina-gabrielli-con-video\/#primaryimage\"},\"thumbnailUrl\":\"http:\/\/live.staticflickr.com\/65535\/50375210948_a2eb6aeb59_c.jpg\",\"datePublished\":\"2020-09-23T17:06:10+00:00\",\"author\":{\"@id\":\"https:\/\/www.noticiasradioreflejos.com.ar\/2021\/#\/schema\/person\/ad82545263dcc5ec0996818884fd5fb1\"},\"breadcrumb\":{\"@id\":\"https:\/\/www.noticiasradioreflejos.com.ar\/2021\/estabamos-sacando-ruda-en-un-roquedal-de-la-reserva-sierras-grandes-y-de-repente-la-vi-y-me-puse-muy-contenta-nos-pusimos-a-mirar-y-vimos-que-habia-20-individuos-romina-gabrielli-con-video\/#breadcrumb\"},\"inLanguage\":\"es\",\"potentialAction\":[{\"@type\":\"ReadAction\",\"target\":[\"https:\/\/www.noticiasradioreflejos.com.ar\/2021\/estabamos-sacando-ruda-en-un-roquedal-de-la-reserva-sierras-grandes-y-de-repente-la-vi-y-me-puse-muy-contenta-nos-pusimos-a-mirar-y-vimos-que-habia-20-individuos-romina-gabrielli-con-video\/\"]}]},{\"@type\":\"ImageObject\",\"inLanguage\":\"es\",\"@id\":\"https:\/\/www.noticiasradioreflejos.com.ar\/2021\/estabamos-sacando-ruda-en-un-roquedal-de-la-reserva-sierras-grandes-y-de-repente-la-vi-y-me-puse-muy-contenta-nos-pusimos-a-mirar-y-vimos-que-habia-20-individuos-romina-gabrielli-con-video\/#primaryimage\",\"url\":\"http:\/\/live.staticflickr.com\/65535\/50375210948_a2eb6aeb59_c.jpg\",\"contentUrl\":\"http:\/\/live.staticflickr.com\/65535\/50375210948_a2eb6aeb59_c.jpg\"},{\"@type\":\"BreadcrumbList\",\"@id\":\"https:\/\/www.noticiasradioreflejos.com.ar\/2021\/estabamos-sacando-ruda-en-un-roquedal-de-la-reserva-sierras-grandes-y-de-repente-la-vi-y-me-puse-muy-contenta-nos-pusimos-a-mirar-y-vimos-que-habia-20-individuos-romina-gabrielli-con-video\/#breadcrumb\",\"itemListElement\":[{\"@type\":\"ListItem\",\"position\":1,\"name\":\"Portada\",\"item\":\"https:\/\/www.noticiasradioreflejos.com.ar\/2021\/\"},{\"@type\":\"ListItem\",\"position\":2,\"name\":\"\u00abEst\u00e1bamos sacando ruda, en un roquedal de la reserva Sierras Grandes y de repente la vi y me puse muy contenta. Nos pusimos a mirar y vimos que hab\u00eda 20 individuos\u00bb- Romina Gabrielli (con video)\"}]},{\"@type\":\"WebSite\",\"@id\":\"https:\/\/www.noticiasradioreflejos.com.ar\/2021\/#website\",\"url\":\"https:\/\/www.noticiasradioreflejos.com.ar\/2021\/\",\"name\":\"Noticias Radio Reflejos\",\"description\":\"Las noticias de mi comarca\",\"potentialAction\":[{\"@type\":\"SearchAction\",\"target\":{\"@type\":\"EntryPoint\",\"urlTemplate\":\"https:\/\/www.noticiasradioreflejos.com.ar\/2021\/?s={search_term_string}\"},\"query-input\":{\"@type\":\"PropertyValueSpecification\",\"valueRequired\":true,\"valueName\":\"search_term_string\"}}],\"inLanguage\":\"es\"},{\"@type\":\"Person\",\"@id\":\"https:\/\/www.noticiasradioreflejos.com.ar\/2021\/#\/schema\/person\/ad82545263dcc5ec0996818884fd5fb1\",\"name\":\"Arnaldo Botto\",\"image\":{\"@type\":\"ImageObject\",\"inLanguage\":\"es\",\"@id\":\"https:\/\/www.noticiasradioreflejos.com.ar\/2021\/#\/schema\/person\/image\/\",\"url\":\"https:\/\/secure.gravatar.com\/avatar\/55cb5e37c1efa326397366e6974cb338056df65cb50e7d64d1cf314e87504837?s=96&d=mm&r=g\",\"contentUrl\":\"https:\/\/secure.gravatar.com\/avatar\/55cb5e37c1efa326397366e6974cb338056df65cb50e7d64d1cf314e87504837?s=96&d=mm&r=g\",\"caption\":\"Arnaldo Botto\"},\"url\":\"https:\/\/www.noticiasradioreflejos.com.ar\/2021\/author\/arnaldo\/\"}]}<\/script>\n<!-- \/ Yoast SEO plugin. -->","yoast_head_json":{"title":"\"Est\u00e1bamos sacando ruda, en un roquedal de la reserva Sierras Grandes y de repente la vi y me puse muy contenta. Nos pusimos a mirar y vimos que hab\u00eda 20 individuos\"- Romina Gabrielli (con video) - Noticias Radio Reflejos","robots":{"index":"index","follow":"follow","max-snippet":"max-snippet:-1","max-image-preview":"max-image-preview:large","max-video-preview":"max-video-preview:-1"},"canonical":"https:\/\/www.noticiasradioreflejos.com.ar\/2021\/estabamos-sacando-ruda-en-un-roquedal-de-la-reserva-sierras-grandes-y-de-repente-la-vi-y-me-puse-muy-contenta-nos-pusimos-a-mirar-y-vimos-que-habia-20-individuos-romina-gabrielli-con-video\/","og_locale":"es_ES","og_type":"article","og_title":"\"Est\u00e1bamos sacando ruda, en un roquedal de la reserva Sierras Grandes y de repente la vi y me puse muy contenta. Nos pusimos a mirar y vimos que hab\u00eda 20 individuos\"- Romina Gabrielli (con video) - Noticias Radio Reflejos","og_description":"Esta ma\u00f1ana conversamos con Romina Gabrieli, Gu\u00eda e Int\u00e9rprete de la Naturaleza, quien nos informa una feliz noticia para el mundo del turismo y la naturaleza de nuestro distrito. Se descubri\u00f3 en la Reserva Natural de Sierras Grandes el brote de una planta aut\u00f3ctona que se cre\u00eda extinta.","og_url":"https:\/\/www.noticiasradioreflejos.com.ar\/2021\/estabamos-sacando-ruda-en-un-roquedal-de-la-reserva-sierras-grandes-y-de-repente-la-vi-y-me-puse-muy-contenta-nos-pusimos-a-mirar-y-vimos-que-habia-20-individuos-romina-gabrielli-con-video\/","og_site_name":"Noticias Radio Reflejos","article_published_time":"2020-09-23T17:06:10+00:00","og_image":[{"url":"http:\/\/live.staticflickr.com\/65535\/50375210948_a2eb6aeb59_c.jpg","type":"","width":"","height":""}],"author":"Arnaldo Botto","twitter_card":"summary_large_image","schema":{"@context":"https:\/\/schema.org","@graph":[{"@type":"WebPage","@id":"https:\/\/www.noticiasradioreflejos.com.ar\/2021\/estabamos-sacando-ruda-en-un-roquedal-de-la-reserva-sierras-grandes-y-de-repente-la-vi-y-me-puse-muy-contenta-nos-pusimos-a-mirar-y-vimos-que-habia-20-individuos-romina-gabrielli-con-video\/","url":"https:\/\/www.noticiasradioreflejos.com.ar\/2021\/estabamos-sacando-ruda-en-un-roquedal-de-la-reserva-sierras-grandes-y-de-repente-la-vi-y-me-puse-muy-contenta-nos-pusimos-a-mirar-y-vimos-que-habia-20-individuos-romina-gabrielli-con-video\/","name":"\"Est\u00e1bamos sacando ruda, en un roquedal de la reserva Sierras Grandes y de repente la vi y me puse muy contenta. Nos pusimos a mirar y vimos que hab\u00eda 20 individuos\"- Romina Gabrielli (con video) - Noticias Radio Reflejos","isPartOf":{"@id":"https:\/\/www.noticiasradioreflejos.com.ar\/2021\/#website"},"primaryImageOfPage":{"@id":"https:\/\/www.noticiasradioreflejos.com.ar\/2021\/estabamos-sacando-ruda-en-un-roquedal-de-la-reserva-sierras-grandes-y-de-repente-la-vi-y-me-puse-muy-contenta-nos-pusimos-a-mirar-y-vimos-que-habia-20-individuos-romina-gabrielli-con-video\/#primaryimage"},"image":{"@id":"https:\/\/www.noticiasradioreflejos.com.ar\/2021\/estabamos-sacando-ruda-en-un-roquedal-de-la-reserva-sierras-grandes-y-de-repente-la-vi-y-me-puse-muy-contenta-nos-pusimos-a-mirar-y-vimos-que-habia-20-individuos-romina-gabrielli-con-video\/#primaryimage"},"thumbnailUrl":"http:\/\/live.staticflickr.com\/65535\/50375210948_a2eb6aeb59_c.jpg","datePublished":"2020-09-23T17:06:10+00:00","author":{"@id":"https:\/\/www.noticiasradioreflejos.com.ar\/2021\/#\/schema\/person\/ad82545263dcc5ec0996818884fd5fb1"},"breadcrumb":{"@id":"https:\/\/www.noticiasradioreflejos.com.ar\/2021\/estabamos-sacando-ruda-en-un-roquedal-de-la-reserva-sierras-grandes-y-de-repente-la-vi-y-me-puse-muy-contenta-nos-pusimos-a-mirar-y-vimos-que-habia-20-individuos-romina-gabrielli-con-video\/#breadcrumb"},"inLanguage":"es","potentialAction":[{"@type":"ReadAction","target":["https:\/\/www.noticiasradioreflejos.com.ar\/2021\/estabamos-sacando-ruda-en-un-roquedal-de-la-reserva-sierras-grandes-y-de-repente-la-vi-y-me-puse-muy-contenta-nos-pusimos-a-mirar-y-vimos-que-habia-20-individuos-romina-gabrielli-con-video\/"]}]},{"@type":"ImageObject","inLanguage":"es","@id":"https:\/\/www.noticiasradioreflejos.com.ar\/2021\/estabamos-sacando-ruda-en-un-roquedal-de-la-reserva-sierras-grandes-y-de-repente-la-vi-y-me-puse-muy-contenta-nos-pusimos-a-mirar-y-vimos-que-habia-20-individuos-romina-gabrielli-con-video\/#primaryimage","url":"http:\/\/live.staticflickr.com\/65535\/50375210948_a2eb6aeb59_c.jpg","contentUrl":"http:\/\/live.staticflickr.com\/65535\/50375210948_a2eb6aeb59_c.jpg"},{"@type":"BreadcrumbList","@id":"https:\/\/www.noticiasradioreflejos.com.ar\/2021\/estabamos-sacando-ruda-en-un-roquedal-de-la-reserva-sierras-grandes-y-de-repente-la-vi-y-me-puse-muy-contenta-nos-pusimos-a-mirar-y-vimos-que-habia-20-individuos-romina-gabrielli-con-video\/#breadcrumb","itemListElement":[{"@type":"ListItem","position":1,"name":"Portada","item":"https:\/\/www.noticiasradioreflejos.com.ar\/2021\/"},{"@type":"ListItem","position":2,"name":"\u00abEst\u00e1bamos sacando ruda, en un roquedal de la reserva Sierras Grandes y de repente la vi y me puse muy contenta. Nos pusimos a mirar y vimos que hab\u00eda 20 individuos\u00bb- Romina Gabrielli (con video)"}]},{"@type":"WebSite","@id":"https:\/\/www.noticiasradioreflejos.com.ar\/2021\/#website","url":"https:\/\/www.noticiasradioreflejos.com.ar\/2021\/","name":"Noticias Radio Reflejos","description":"Las noticias de mi comarca","potentialAction":[{"@type":"SearchAction","target":{"@type":"EntryPoint","urlTemplate":"https:\/\/www.noticiasradioreflejos.com.ar\/2021\/?s={search_term_string}"},"query-input":{"@type":"PropertyValueSpecification","valueRequired":true,"valueName":"search_term_string"}}],"inLanguage":"es"},{"@type":"Person","@id":"https:\/\/www.noticiasradioreflejos.com.ar\/2021\/#\/schema\/person\/ad82545263dcc5ec0996818884fd5fb1","name":"Arnaldo Botto","image":{"@type":"ImageObject","inLanguage":"es","@id":"https:\/\/www.noticiasradioreflejos.com.ar\/2021\/#\/schema\/person\/image\/","url":"https:\/\/secure.gravatar.com\/avatar\/55cb5e37c1efa326397366e6974cb338056df65cb50e7d64d1cf314e87504837?s=96&d=mm&r=g","contentUrl":"https:\/\/secure.gravatar.com\/avatar\/55cb5e37c1efa326397366e6974cb338056df65cb50e7d64d1cf314e87504837?s=96&d=mm&r=g","caption":"Arnaldo Botto"},"url":"https:\/\/www.noticiasradioreflejos.com.ar\/2021\/author\/arnaldo\/"}]}},"_links":{"self":[{"href":"https:\/\/www.noticiasradioreflejos.com.ar\/2021\/wp-json\/wp\/v2\/posts\/47243","targetHints":{"allow":["GET"]}}],"collection":[{"href":"https:\/\/www.noticiasradioreflejos.com.ar\/2021\/wp-json\/wp\/v2\/posts"}],"about":[{"href":"https:\/\/www.noticiasradioreflejos.com.ar\/2021\/wp-json\/wp\/v2\/types\/post"}],"author":[{"embeddable":true,"href":"https:\/\/www.noticiasradioreflejos.com.ar\/2021\/wp-json\/wp\/v2\/users\/3"}],"replies":[{"embeddable":true,"href":"https:\/\/www.noticiasradioreflejos.com.ar\/2021\/wp-json\/wp\/v2\/comments?post=47243"}],"version-history":[{"count":0,"href":"https:\/\/www.noticiasradioreflejos.com.ar\/2021\/wp-json\/wp\/v2\/posts\/47243\/revisions"}],"wp:attachment":[{"href":"https:\/\/www.noticiasradioreflejos.com.ar\/2021\/wp-json\/wp\/v2\/media?parent=47243"}],"wp:term":[{"taxonomy":"category","embeddable":true,"href":"https:\/\/www.noticiasradioreflejos.com.ar\/2021\/wp-json\/wp\/v2\/categories?post=47243"},{"taxonomy":"post_tag","embeddable":true,"href":"https:\/\/www.noticiasradioreflejos.com.ar\/2021\/wp-json\/wp\/v2\/tags?post=47243"}],"curies":[{"name":"wp","href":"https:\/\/api.w.org\/{rel}","templated":true}]}}