{"id":47239,"date":"2020-09-23T12:53:41","date_gmt":"2020-09-23T15:53:41","guid":{"rendered":"http:\/\/www.noticiasradioreflejos.com.ar\/noticias\/?p=47239"},"modified":"2020-09-23T12:53:41","modified_gmt":"2020-09-23T15:53:41","slug":"un-gobierno-que-se-deshilacha-y-una-oposicion-sin-propuestas-nota-de-opinion","status":"publish","type":"post","link":"https:\/\/www.noticiasradioreflejos.com.ar\/2021\/un-gobierno-que-se-deshilacha-y-una-oposicion-sin-propuestas-nota-de-opinion\/","title":{"rendered":"\u00abUn gobierno que se deshilacha y una oposici\u00f3n sin propuestas\u00bb &#8211; Nota de opini\u00f3n."},"content":{"rendered":"<p>Desde hace aproximadamente 30 a\u00f1os la pol\u00edtica, que tendr\u00eda que ser el instrumento de transformaci\u00f3n social y generar movilidad social ascendente, se convirti\u00f3 en una puesta en escena marketinera donde todo vale para intentar llegar al poder y perpetuarse en el mismo.<!--more--><\/p>\n<p>Estas formas, mas el descr\u00e9dito de los partidos pol\u00edticos, herramienta que tenemos que recuperar como pilares fundamentales de la democracia, trae aparejado populismos corruptos, sin principios, desconectados de la gente, que pasan por el estado como aves de rapi\u00f1a y luego mutan para seguir ocupando lugares de privilegios en el estado.<br \/>\nLa pandemia le canto piedra libre a todo el arco pol\u00edtico, la mediocridad de la dirigencia quedo en evidencia, y el gobierno en vez de convocar a un concejo pol\u00edtico, econ\u00f3mico y social y as\u00ed tapar un poco su incapacidad para conducir este proceso, se radicalizo mas, profundizo la grieta y encontr\u00f3 sectores de la oposici\u00f3n que por no tener propuestas alternativas para enfrentar la situaci\u00f3n, gritaron presente.<br \/>\nUna grieta tan nociva como la inutilidad de quienes la agitan.<br \/>\nPor supuesto que el gobierno en particular y el peronismo en general tienen la mayor responsabilidad, y como soluci\u00f3n decidieron tirar nafta al fuego (reforma Judicial, sobreprecios, toma de tierras, liberaci\u00f3n de presos, grandes transferencias de plata a los supermercados con la tarjeta alimentar, grandes ganancias de los bancos con las refinanciaciones compulsivas de las tarjetas de cr\u00e9dito, mientras tanto cada d\u00eda mas gente bajo la l\u00ednea de pobreza.)<br \/>\nAhora se suma por un lado el justo reclamo de la polic\u00eda por mejores salario y por el otro el desopilante reclamo de los presos por la aplicaci\u00f3n del 2&#215;1 en los 7 meses que lleva la pandemia.<br \/>\nMientras tanto el Pte sin ning\u00fan tipo de reacci\u00f3n, como adormecido, cede las decisiones a su vice y el gobernador de Bs As que esta desorientado, pareciera que no se da cuenta el lugar que ocupa, hace agua por todos lados.<br \/>\nCual es el futuro que nos espera?<br \/>\nCreo que es fundamental que la oposici\u00f3n trabaje urgente en una propuesta a corto, mediano y largo plazo.<br \/>\nPropuesta que tienen que decir como van a reactivar la producci\u00f3n, como se establecen reglas claras, que tipo de educaci\u00f3n pretendemos, que justicia queremos, en definitiva, que pa\u00eds deseamos.<br \/>\nNo hay lugar para especuladores ni paracaidistas, si esto no se hace y no apuntalamos las debilitadas instituciones corremos riesgos de perderlas, y en el mejor de los casos mudaremos de mediocres sin cambiar absolutamente nada.<br \/>\nHagamos un rezo laico con estas palabras del mayo franc\u00e9s<br \/>\n\u00abLA IMAGINACI\u00d3N AL PODER\u00bb<\/p>\n<p><strong>Fabio Abraham<br \/>\nDNI 17485805<br \/>\nConcejal ( MC)<br \/>\nEx Sec. de Gob.<br \/>\nLomas de Zamora<\/strong><\/p>\n","protected":false},"excerpt":{"rendered":"<p>Desde hace aproximadamente 30 a\u00f1os la pol\u00edtica, que tendr\u00eda que ser el instrumento de transformaci\u00f3n social y generar movilidad social ascendente, se convirti\u00f3 en una puesta en escena marketinera donde todo vale para intentar llegar al poder y perpetuarse en el mismo.<\/p>\n","protected":false},"author":3,"featured_media":0,"comment_status":"closed","ping_status":"open","sticky":false,"template":"","format":"standard","meta":{"footnotes":""},"categories":[24],"tags":[],"class_list":["post-47239","post","type-post","status-publish","format-standard","hentry","category-politica"],"yoast_head":"<!-- This site is optimized with the Yoast SEO plugin v25.9 - https:\/\/yoast.com\/wordpress\/plugins\/seo\/ -->\n<title>&quot;Un gobierno que se deshilacha y una oposici\u00f3n sin propuestas&quot; - Nota de opini\u00f3n. - Noticias Radio Reflejos<\/title>\n<meta name=\"robots\" content=\"index, follow, max-snippet:-1, max-image-preview:large, max-video-preview:-1\" \/>\n<link rel=\"canonical\" href=\"https:\/\/www.noticiasradioreflejos.com.ar\/2021\/un-gobierno-que-se-deshilacha-y-una-oposicion-sin-propuestas-nota-de-opinion\/\" \/>\n<meta property=\"og:locale\" content=\"es_ES\" \/>\n<meta property=\"og:type\" content=\"article\" \/>\n<meta property=\"og:title\" content=\"&quot;Un gobierno que se deshilacha y una oposici\u00f3n sin propuestas&quot; - Nota de opini\u00f3n. - Noticias Radio Reflejos\" \/>\n<meta property=\"og:description\" content=\"Desde hace aproximadamente 30 a\u00f1os la pol\u00edtica, que tendr\u00eda que ser el instrumento de transformaci\u00f3n social y generar movilidad social ascendente, se convirti\u00f3 en una puesta en escena marketinera donde todo vale para intentar llegar al poder y perpetuarse en el mismo.\" \/>\n<meta property=\"og:url\" content=\"https:\/\/www.noticiasradioreflejos.com.ar\/2021\/un-gobierno-que-se-deshilacha-y-una-oposicion-sin-propuestas-nota-de-opinion\/\" \/>\n<meta property=\"og:site_name\" content=\"Noticias Radio Reflejos\" \/>\n<meta property=\"article:published_time\" content=\"2020-09-23T15:53:41+00:00\" \/>\n<meta property=\"og:image\" content=\"https:\/\/www.noticiasradioreflejos.com.ar\/2021\/wp-content\/uploads\/2018\/04\/carta_lector_1.jpg\" \/>\n\t<meta property=\"og:image:width\" content=\"935\" \/>\n\t<meta property=\"og:image:height\" content=\"595\" \/>\n\t<meta property=\"og:image:type\" content=\"image\/jpeg\" \/>\n<meta name=\"author\" content=\"Arnaldo Botto\" \/>\n<meta name=\"twitter:card\" content=\"summary_large_image\" \/>\n<script type=\"application\/ld+json\" class=\"yoast-schema-graph\">{\"@context\":\"https:\/\/schema.org\",\"@graph\":[{\"@type\":\"WebPage\",\"@id\":\"https:\/\/www.noticiasradioreflejos.com.ar\/2021\/un-gobierno-que-se-deshilacha-y-una-oposicion-sin-propuestas-nota-de-opinion\/\",\"url\":\"https:\/\/www.noticiasradioreflejos.com.ar\/2021\/un-gobierno-que-se-deshilacha-y-una-oposicion-sin-propuestas-nota-de-opinion\/\",\"name\":\"\\\"Un gobierno que se deshilacha y una oposici\u00f3n sin propuestas\\\" - Nota de opini\u00f3n. - Noticias Radio Reflejos\",\"isPartOf\":{\"@id\":\"https:\/\/www.noticiasradioreflejos.com.ar\/2021\/#website\"},\"datePublished\":\"2020-09-23T15:53:41+00:00\",\"author\":{\"@id\":\"https:\/\/www.noticiasradioreflejos.com.ar\/2021\/#\/schema\/person\/ad82545263dcc5ec0996818884fd5fb1\"},\"breadcrumb\":{\"@id\":\"https:\/\/www.noticiasradioreflejos.com.ar\/2021\/un-gobierno-que-se-deshilacha-y-una-oposicion-sin-propuestas-nota-de-opinion\/#breadcrumb\"},\"inLanguage\":\"es\",\"potentialAction\":[{\"@type\":\"ReadAction\",\"target\":[\"https:\/\/www.noticiasradioreflejos.com.ar\/2021\/un-gobierno-que-se-deshilacha-y-una-oposicion-sin-propuestas-nota-de-opinion\/\"]}]},{\"@type\":\"BreadcrumbList\",\"@id\":\"https:\/\/www.noticiasradioreflejos.com.ar\/2021\/un-gobierno-que-se-deshilacha-y-una-oposicion-sin-propuestas-nota-de-opinion\/#breadcrumb\",\"itemListElement\":[{\"@type\":\"ListItem\",\"position\":1,\"name\":\"Portada\",\"item\":\"https:\/\/www.noticiasradioreflejos.com.ar\/2021\/\"},{\"@type\":\"ListItem\",\"position\":2,\"name\":\"\u00abUn gobierno que se deshilacha y una oposici\u00f3n sin propuestas\u00bb &#8211; Nota de opini\u00f3n.\"}]},{\"@type\":\"WebSite\",\"@id\":\"https:\/\/www.noticiasradioreflejos.com.ar\/2021\/#website\",\"url\":\"https:\/\/www.noticiasradioreflejos.com.ar\/2021\/\",\"name\":\"Noticias Radio Reflejos\",\"description\":\"Las noticias de mi comarca\",\"potentialAction\":[{\"@type\":\"SearchAction\",\"target\":{\"@type\":\"EntryPoint\",\"urlTemplate\":\"https:\/\/www.noticiasradioreflejos.com.ar\/2021\/?s={search_term_string}\"},\"query-input\":{\"@type\":\"PropertyValueSpecification\",\"valueRequired\":true,\"valueName\":\"search_term_string\"}}],\"inLanguage\":\"es\"},{\"@type\":\"Person\",\"@id\":\"https:\/\/www.noticiasradioreflejos.com.ar\/2021\/#\/schema\/person\/ad82545263dcc5ec0996818884fd5fb1\",\"name\":\"Arnaldo Botto\",\"image\":{\"@type\":\"ImageObject\",\"inLanguage\":\"es\",\"@id\":\"https:\/\/www.noticiasradioreflejos.com.ar\/2021\/#\/schema\/person\/image\/\",\"url\":\"https:\/\/secure.gravatar.com\/avatar\/55cb5e37c1efa326397366e6974cb338056df65cb50e7d64d1cf314e87504837?s=96&d=mm&r=g\",\"contentUrl\":\"https:\/\/secure.gravatar.com\/avatar\/55cb5e37c1efa326397366e6974cb338056df65cb50e7d64d1cf314e87504837?s=96&d=mm&r=g\",\"caption\":\"Arnaldo Botto\"},\"url\":\"https:\/\/www.noticiasradioreflejos.com.ar\/2021\/author\/arnaldo\/\"}]}<\/script>\n<!-- \/ Yoast SEO plugin. -->","yoast_head_json":{"title":"\"Un gobierno que se deshilacha y una oposici\u00f3n sin propuestas\" - Nota de opini\u00f3n. - Noticias Radio Reflejos","robots":{"index":"index","follow":"follow","max-snippet":"max-snippet:-1","max-image-preview":"max-image-preview:large","max-video-preview":"max-video-preview:-1"},"canonical":"https:\/\/www.noticiasradioreflejos.com.ar\/2021\/un-gobierno-que-se-deshilacha-y-una-oposicion-sin-propuestas-nota-de-opinion\/","og_locale":"es_ES","og_type":"article","og_title":"\"Un gobierno que se deshilacha y una oposici\u00f3n sin propuestas\" - Nota de opini\u00f3n. - Noticias Radio Reflejos","og_description":"Desde hace aproximadamente 30 a\u00f1os la pol\u00edtica, que tendr\u00eda que ser el instrumento de transformaci\u00f3n social y generar movilidad social ascendente, se convirti\u00f3 en una puesta en escena marketinera donde todo vale para intentar llegar al poder y perpetuarse en el mismo.","og_url":"https:\/\/www.noticiasradioreflejos.com.ar\/2021\/un-gobierno-que-se-deshilacha-y-una-oposicion-sin-propuestas-nota-de-opinion\/","og_site_name":"Noticias Radio Reflejos","article_published_time":"2020-09-23T15:53:41+00:00","og_image":[{"width":935,"height":595,"url":"https:\/\/www.noticiasradioreflejos.com.ar\/2021\/wp-content\/uploads\/2018\/04\/carta_lector_1.jpg","type":"image\/jpeg"}],"author":"Arnaldo Botto","twitter_card":"summary_large_image","schema":{"@context":"https:\/\/schema.org","@graph":[{"@type":"WebPage","@id":"https:\/\/www.noticiasradioreflejos.com.ar\/2021\/un-gobierno-que-se-deshilacha-y-una-oposicion-sin-propuestas-nota-de-opinion\/","url":"https:\/\/www.noticiasradioreflejos.com.ar\/2021\/un-gobierno-que-se-deshilacha-y-una-oposicion-sin-propuestas-nota-de-opinion\/","name":"\"Un gobierno que se deshilacha y una oposici\u00f3n sin propuestas\" - Nota de opini\u00f3n. - Noticias Radio Reflejos","isPartOf":{"@id":"https:\/\/www.noticiasradioreflejos.com.ar\/2021\/#website"},"datePublished":"2020-09-23T15:53:41+00:00","author":{"@id":"https:\/\/www.noticiasradioreflejos.com.ar\/2021\/#\/schema\/person\/ad82545263dcc5ec0996818884fd5fb1"},"breadcrumb":{"@id":"https:\/\/www.noticiasradioreflejos.com.ar\/2021\/un-gobierno-que-se-deshilacha-y-una-oposicion-sin-propuestas-nota-de-opinion\/#breadcrumb"},"inLanguage":"es","potentialAction":[{"@type":"ReadAction","target":["https:\/\/www.noticiasradioreflejos.com.ar\/2021\/un-gobierno-que-se-deshilacha-y-una-oposicion-sin-propuestas-nota-de-opinion\/"]}]},{"@type":"BreadcrumbList","@id":"https:\/\/www.noticiasradioreflejos.com.ar\/2021\/un-gobierno-que-se-deshilacha-y-una-oposicion-sin-propuestas-nota-de-opinion\/#breadcrumb","itemListElement":[{"@type":"ListItem","position":1,"name":"Portada","item":"https:\/\/www.noticiasradioreflejos.com.ar\/2021\/"},{"@type":"ListItem","position":2,"name":"\u00abUn gobierno que se deshilacha y una oposici\u00f3n sin propuestas\u00bb &#8211; Nota de opini\u00f3n."}]},{"@type":"WebSite","@id":"https:\/\/www.noticiasradioreflejos.com.ar\/2021\/#website","url":"https:\/\/www.noticiasradioreflejos.com.ar\/2021\/","name":"Noticias Radio Reflejos","description":"Las noticias de mi comarca","potentialAction":[{"@type":"SearchAction","target":{"@type":"EntryPoint","urlTemplate":"https:\/\/www.noticiasradioreflejos.com.ar\/2021\/?s={search_term_string}"},"query-input":{"@type":"PropertyValueSpecification","valueRequired":true,"valueName":"search_term_string"}}],"inLanguage":"es"},{"@type":"Person","@id":"https:\/\/www.noticiasradioreflejos.com.ar\/2021\/#\/schema\/person\/ad82545263dcc5ec0996818884fd5fb1","name":"Arnaldo Botto","image":{"@type":"ImageObject","inLanguage":"es","@id":"https:\/\/www.noticiasradioreflejos.com.ar\/2021\/#\/schema\/person\/image\/","url":"https:\/\/secure.gravatar.com\/avatar\/55cb5e37c1efa326397366e6974cb338056df65cb50e7d64d1cf314e87504837?s=96&d=mm&r=g","contentUrl":"https:\/\/secure.gravatar.com\/avatar\/55cb5e37c1efa326397366e6974cb338056df65cb50e7d64d1cf314e87504837?s=96&d=mm&r=g","caption":"Arnaldo Botto"},"url":"https:\/\/www.noticiasradioreflejos.com.ar\/2021\/author\/arnaldo\/"}]}},"_links":{"self":[{"href":"https:\/\/www.noticiasradioreflejos.com.ar\/2021\/wp-json\/wp\/v2\/posts\/47239","targetHints":{"allow":["GET"]}}],"collection":[{"href":"https:\/\/www.noticiasradioreflejos.com.ar\/2021\/wp-json\/wp\/v2\/posts"}],"about":[{"href":"https:\/\/www.noticiasradioreflejos.com.ar\/2021\/wp-json\/wp\/v2\/types\/post"}],"author":[{"embeddable":true,"href":"https:\/\/www.noticiasradioreflejos.com.ar\/2021\/wp-json\/wp\/v2\/users\/3"}],"replies":[{"embeddable":true,"href":"https:\/\/www.noticiasradioreflejos.com.ar\/2021\/wp-json\/wp\/v2\/comments?post=47239"}],"version-history":[{"count":0,"href":"https:\/\/www.noticiasradioreflejos.com.ar\/2021\/wp-json\/wp\/v2\/posts\/47239\/revisions"}],"wp:attachment":[{"href":"https:\/\/www.noticiasradioreflejos.com.ar\/2021\/wp-json\/wp\/v2\/media?parent=47239"}],"wp:term":[{"taxonomy":"category","embeddable":true,"href":"https:\/\/www.noticiasradioreflejos.com.ar\/2021\/wp-json\/wp\/v2\/categories?post=47239"},{"taxonomy":"post_tag","embeddable":true,"href":"https:\/\/www.noticiasradioreflejos.com.ar\/2021\/wp-json\/wp\/v2\/tags?post=47239"}],"curies":[{"name":"wp","href":"https:\/\/api.w.org\/{rel}","templated":true}]}}