{"id":47229,"date":"2020-09-23T12:49:17","date_gmt":"2020-09-23T15:49:17","guid":{"rendered":"http:\/\/www.noticiasradioreflejos.com.ar\/noticias\/?p=47229"},"modified":"2020-09-23T12:49:17","modified_gmt":"2020-09-23T15:49:17","slug":"continuan-las-tareas-de-forestacion-en-tornquist","status":"publish","type":"post","link":"https:\/\/www.noticiasradioreflejos.com.ar\/2021\/continuan-las-tareas-de-forestacion-en-tornquist\/","title":{"rendered":"Contin\u00faan las tareas de forestaci\u00f3n en Tornquist"},"content":{"rendered":"<p>Esta semana, contin\u00faan las tareas de forestaci\u00f3n en las distintas avenidas de la ciudad cabecera de nuestro distrito.<br \/>\nDesde la Direcci\u00f3n de Medio Ambiente, se informa que al d\u00eda de hoy se han colocado 37 especies: 22 sobre Av. Rivadavia y 15 en Av.E.Tornquist. <!--more--><br \/>\nLos ejemplares arb\u00f3reos elegidos para las veredas y bulevares son Aromo de Madera Negra y Arces Buergerianum.<br \/>\nEste plan de forestaci\u00f3n continuar\u00e1 en distintos sectores de Tornquist, y las otras localidades del distrito, y tiene como objetivo la puesta en valor del arbolado p\u00fablico urbano.<br \/>\nDesde la direcci\u00f3n, se solicita a los vecinos el cuidado y protecci\u00f3n de las especies plantadas, recordando la importancia del arbolado p\u00fablico urbano. Los arboles nos aportan ox\u00edgeno al aire, protegen de los rayos ultravioletas, regulan la temperatura y humedad ambiental, filtran la contaminaci\u00f3n, disipan la fuerza de los vientos y mejoran el paisaje urbano, embelleciendo las calles y otorg\u00e1ndoles un valor patrimonial.<\/p>\n<p><a title=\"WhatsApp Image 2020-09-22 at 15.59.02\" href=\"http:\/\/live.staticflickr.com\/65535\/50374978968_5e2f5d86a6_s.jpg\" rel=\"\"><img loading=\"lazy\" decoding=\"async\" class=\"aligncenter\" title=\"WhatsApp Image 2020-09-22 at 15.59.02\" src=\"http:\/\/live.staticflickr.com\/65535\/50374978968_5e2f5d86a6_z.jpg\" alt=\"WhatsApp Image 2020-09-22 at 15.59.02\" width=\"480\" height=\"640\" \/><\/a><\/p>\n","protected":false},"excerpt":{"rendered":"<p>Esta semana, contin\u00faan las tareas de forestaci\u00f3n en las distintas avenidas de la ciudad cabecera de nuestro distrito. Desde la Direcci\u00f3n de Medio Ambiente, se informa que al d\u00eda de hoy se han colocado 37 especies: 22 sobre Av. Rivadavia y 15 en Av.E.Tornquist.<\/p>\n","protected":false},"author":3,"featured_media":0,"comment_status":"closed","ping_status":"open","sticky":false,"template":"","format":"standard","meta":{"footnotes":""},"categories":[28],"tags":[],"class_list":["post-47229","post","type-post","status-publish","format-standard","hentry","category-municipales"],"yoast_head":"<!-- This site is optimized with the Yoast SEO plugin v25.9 - https:\/\/yoast.com\/wordpress\/plugins\/seo\/ -->\n<title>Contin\u00faan las tareas de forestaci\u00f3n en Tornquist - Noticias Radio Reflejos<\/title>\n<meta name=\"robots\" content=\"index, follow, max-snippet:-1, max-image-preview:large, max-video-preview:-1\" \/>\n<link rel=\"canonical\" href=\"https:\/\/www.noticiasradioreflejos.com.ar\/2021\/continuan-las-tareas-de-forestacion-en-tornquist\/\" \/>\n<meta property=\"og:locale\" content=\"es_ES\" \/>\n<meta property=\"og:type\" content=\"article\" \/>\n<meta property=\"og:title\" content=\"Contin\u00faan las tareas de forestaci\u00f3n en Tornquist - Noticias Radio Reflejos\" \/>\n<meta property=\"og:description\" content=\"Esta semana, contin\u00faan las tareas de forestaci\u00f3n en las distintas avenidas de la ciudad cabecera de nuestro distrito. Desde la Direcci\u00f3n de Medio Ambiente, se informa que al d\u00eda de hoy se han colocado 37 especies: 22 sobre Av. Rivadavia y 15 en Av.E.Tornquist.\" \/>\n<meta property=\"og:url\" content=\"https:\/\/www.noticiasradioreflejos.com.ar\/2021\/continuan-las-tareas-de-forestacion-en-tornquist\/\" \/>\n<meta property=\"og:site_name\" content=\"Noticias Radio Reflejos\" \/>\n<meta property=\"article:published_time\" content=\"2020-09-23T15:49:17+00:00\" \/>\n<meta property=\"og:image\" content=\"http:\/\/live.staticflickr.com\/65535\/50374978968_5e2f5d86a6_z.jpg\" \/>\n<meta name=\"author\" content=\"Arnaldo Botto\" \/>\n<meta name=\"twitter:card\" content=\"summary_large_image\" \/>\n<script type=\"application\/ld+json\" class=\"yoast-schema-graph\">{\"@context\":\"https:\/\/schema.org\",\"@graph\":[{\"@type\":\"WebPage\",\"@id\":\"https:\/\/www.noticiasradioreflejos.com.ar\/2021\/continuan-las-tareas-de-forestacion-en-tornquist\/\",\"url\":\"https:\/\/www.noticiasradioreflejos.com.ar\/2021\/continuan-las-tareas-de-forestacion-en-tornquist\/\",\"name\":\"Contin\u00faan las tareas de forestaci\u00f3n en Tornquist - Noticias Radio Reflejos\",\"isPartOf\":{\"@id\":\"https:\/\/www.noticiasradioreflejos.com.ar\/2021\/#website\"},\"primaryImageOfPage\":{\"@id\":\"https:\/\/www.noticiasradioreflejos.com.ar\/2021\/continuan-las-tareas-de-forestacion-en-tornquist\/#primaryimage\"},\"image\":{\"@id\":\"https:\/\/www.noticiasradioreflejos.com.ar\/2021\/continuan-las-tareas-de-forestacion-en-tornquist\/#primaryimage\"},\"thumbnailUrl\":\"http:\/\/live.staticflickr.com\/65535\/50374978968_5e2f5d86a6_z.jpg\",\"datePublished\":\"2020-09-23T15:49:17+00:00\",\"author\":{\"@id\":\"https:\/\/www.noticiasradioreflejos.com.ar\/2021\/#\/schema\/person\/ad82545263dcc5ec0996818884fd5fb1\"},\"breadcrumb\":{\"@id\":\"https:\/\/www.noticiasradioreflejos.com.ar\/2021\/continuan-las-tareas-de-forestacion-en-tornquist\/#breadcrumb\"},\"inLanguage\":\"es\",\"potentialAction\":[{\"@type\":\"ReadAction\",\"target\":[\"https:\/\/www.noticiasradioreflejos.com.ar\/2021\/continuan-las-tareas-de-forestacion-en-tornquist\/\"]}]},{\"@type\":\"ImageObject\",\"inLanguage\":\"es\",\"@id\":\"https:\/\/www.noticiasradioreflejos.com.ar\/2021\/continuan-las-tareas-de-forestacion-en-tornquist\/#primaryimage\",\"url\":\"http:\/\/live.staticflickr.com\/65535\/50374978968_5e2f5d86a6_z.jpg\",\"contentUrl\":\"http:\/\/live.staticflickr.com\/65535\/50374978968_5e2f5d86a6_z.jpg\"},{\"@type\":\"BreadcrumbList\",\"@id\":\"https:\/\/www.noticiasradioreflejos.com.ar\/2021\/continuan-las-tareas-de-forestacion-en-tornquist\/#breadcrumb\",\"itemListElement\":[{\"@type\":\"ListItem\",\"position\":1,\"name\":\"Portada\",\"item\":\"https:\/\/www.noticiasradioreflejos.com.ar\/2021\/\"},{\"@type\":\"ListItem\",\"position\":2,\"name\":\"Contin\u00faan las tareas de forestaci\u00f3n en Tornquist\"}]},{\"@type\":\"WebSite\",\"@id\":\"https:\/\/www.noticiasradioreflejos.com.ar\/2021\/#website\",\"url\":\"https:\/\/www.noticiasradioreflejos.com.ar\/2021\/\",\"name\":\"Noticias Radio Reflejos\",\"description\":\"Las noticias de mi comarca\",\"potentialAction\":[{\"@type\":\"SearchAction\",\"target\":{\"@type\":\"EntryPoint\",\"urlTemplate\":\"https:\/\/www.noticiasradioreflejos.com.ar\/2021\/?s={search_term_string}\"},\"query-input\":{\"@type\":\"PropertyValueSpecification\",\"valueRequired\":true,\"valueName\":\"search_term_string\"}}],\"inLanguage\":\"es\"},{\"@type\":\"Person\",\"@id\":\"https:\/\/www.noticiasradioreflejos.com.ar\/2021\/#\/schema\/person\/ad82545263dcc5ec0996818884fd5fb1\",\"name\":\"Arnaldo Botto\",\"image\":{\"@type\":\"ImageObject\",\"inLanguage\":\"es\",\"@id\":\"https:\/\/www.noticiasradioreflejos.com.ar\/2021\/#\/schema\/person\/image\/\",\"url\":\"https:\/\/secure.gravatar.com\/avatar\/55cb5e37c1efa326397366e6974cb338056df65cb50e7d64d1cf314e87504837?s=96&d=mm&r=g\",\"contentUrl\":\"https:\/\/secure.gravatar.com\/avatar\/55cb5e37c1efa326397366e6974cb338056df65cb50e7d64d1cf314e87504837?s=96&d=mm&r=g\",\"caption\":\"Arnaldo Botto\"},\"url\":\"https:\/\/www.noticiasradioreflejos.com.ar\/2021\/author\/arnaldo\/\"}]}<\/script>\n<!-- \/ Yoast SEO plugin. -->","yoast_head_json":{"title":"Contin\u00faan las tareas de forestaci\u00f3n en Tornquist - Noticias Radio Reflejos","robots":{"index":"index","follow":"follow","max-snippet":"max-snippet:-1","max-image-preview":"max-image-preview:large","max-video-preview":"max-video-preview:-1"},"canonical":"https:\/\/www.noticiasradioreflejos.com.ar\/2021\/continuan-las-tareas-de-forestacion-en-tornquist\/","og_locale":"es_ES","og_type":"article","og_title":"Contin\u00faan las tareas de forestaci\u00f3n en Tornquist - Noticias Radio Reflejos","og_description":"Esta semana, contin\u00faan las tareas de forestaci\u00f3n en las distintas avenidas de la ciudad cabecera de nuestro distrito. Desde la Direcci\u00f3n de Medio Ambiente, se informa que al d\u00eda de hoy se han colocado 37 especies: 22 sobre Av. Rivadavia y 15 en Av.E.Tornquist.","og_url":"https:\/\/www.noticiasradioreflejos.com.ar\/2021\/continuan-las-tareas-de-forestacion-en-tornquist\/","og_site_name":"Noticias Radio Reflejos","article_published_time":"2020-09-23T15:49:17+00:00","og_image":[{"url":"http:\/\/live.staticflickr.com\/65535\/50374978968_5e2f5d86a6_z.jpg","type":"","width":"","height":""}],"author":"Arnaldo Botto","twitter_card":"summary_large_image","schema":{"@context":"https:\/\/schema.org","@graph":[{"@type":"WebPage","@id":"https:\/\/www.noticiasradioreflejos.com.ar\/2021\/continuan-las-tareas-de-forestacion-en-tornquist\/","url":"https:\/\/www.noticiasradioreflejos.com.ar\/2021\/continuan-las-tareas-de-forestacion-en-tornquist\/","name":"Contin\u00faan las tareas de forestaci\u00f3n en Tornquist - Noticias Radio Reflejos","isPartOf":{"@id":"https:\/\/www.noticiasradioreflejos.com.ar\/2021\/#website"},"primaryImageOfPage":{"@id":"https:\/\/www.noticiasradioreflejos.com.ar\/2021\/continuan-las-tareas-de-forestacion-en-tornquist\/#primaryimage"},"image":{"@id":"https:\/\/www.noticiasradioreflejos.com.ar\/2021\/continuan-las-tareas-de-forestacion-en-tornquist\/#primaryimage"},"thumbnailUrl":"http:\/\/live.staticflickr.com\/65535\/50374978968_5e2f5d86a6_z.jpg","datePublished":"2020-09-23T15:49:17+00:00","author":{"@id":"https:\/\/www.noticiasradioreflejos.com.ar\/2021\/#\/schema\/person\/ad82545263dcc5ec0996818884fd5fb1"},"breadcrumb":{"@id":"https:\/\/www.noticiasradioreflejos.com.ar\/2021\/continuan-las-tareas-de-forestacion-en-tornquist\/#breadcrumb"},"inLanguage":"es","potentialAction":[{"@type":"ReadAction","target":["https:\/\/www.noticiasradioreflejos.com.ar\/2021\/continuan-las-tareas-de-forestacion-en-tornquist\/"]}]},{"@type":"ImageObject","inLanguage":"es","@id":"https:\/\/www.noticiasradioreflejos.com.ar\/2021\/continuan-las-tareas-de-forestacion-en-tornquist\/#primaryimage","url":"http:\/\/live.staticflickr.com\/65535\/50374978968_5e2f5d86a6_z.jpg","contentUrl":"http:\/\/live.staticflickr.com\/65535\/50374978968_5e2f5d86a6_z.jpg"},{"@type":"BreadcrumbList","@id":"https:\/\/www.noticiasradioreflejos.com.ar\/2021\/continuan-las-tareas-de-forestacion-en-tornquist\/#breadcrumb","itemListElement":[{"@type":"ListItem","position":1,"name":"Portada","item":"https:\/\/www.noticiasradioreflejos.com.ar\/2021\/"},{"@type":"ListItem","position":2,"name":"Contin\u00faan las tareas de forestaci\u00f3n en Tornquist"}]},{"@type":"WebSite","@id":"https:\/\/www.noticiasradioreflejos.com.ar\/2021\/#website","url":"https:\/\/www.noticiasradioreflejos.com.ar\/2021\/","name":"Noticias Radio Reflejos","description":"Las noticias de mi comarca","potentialAction":[{"@type":"SearchAction","target":{"@type":"EntryPoint","urlTemplate":"https:\/\/www.noticiasradioreflejos.com.ar\/2021\/?s={search_term_string}"},"query-input":{"@type":"PropertyValueSpecification","valueRequired":true,"valueName":"search_term_string"}}],"inLanguage":"es"},{"@type":"Person","@id":"https:\/\/www.noticiasradioreflejos.com.ar\/2021\/#\/schema\/person\/ad82545263dcc5ec0996818884fd5fb1","name":"Arnaldo Botto","image":{"@type":"ImageObject","inLanguage":"es","@id":"https:\/\/www.noticiasradioreflejos.com.ar\/2021\/#\/schema\/person\/image\/","url":"https:\/\/secure.gravatar.com\/avatar\/55cb5e37c1efa326397366e6974cb338056df65cb50e7d64d1cf314e87504837?s=96&d=mm&r=g","contentUrl":"https:\/\/secure.gravatar.com\/avatar\/55cb5e37c1efa326397366e6974cb338056df65cb50e7d64d1cf314e87504837?s=96&d=mm&r=g","caption":"Arnaldo Botto"},"url":"https:\/\/www.noticiasradioreflejos.com.ar\/2021\/author\/arnaldo\/"}]}},"_links":{"self":[{"href":"https:\/\/www.noticiasradioreflejos.com.ar\/2021\/wp-json\/wp\/v2\/posts\/47229","targetHints":{"allow":["GET"]}}],"collection":[{"href":"https:\/\/www.noticiasradioreflejos.com.ar\/2021\/wp-json\/wp\/v2\/posts"}],"about":[{"href":"https:\/\/www.noticiasradioreflejos.com.ar\/2021\/wp-json\/wp\/v2\/types\/post"}],"author":[{"embeddable":true,"href":"https:\/\/www.noticiasradioreflejos.com.ar\/2021\/wp-json\/wp\/v2\/users\/3"}],"replies":[{"embeddable":true,"href":"https:\/\/www.noticiasradioreflejos.com.ar\/2021\/wp-json\/wp\/v2\/comments?post=47229"}],"version-history":[{"count":0,"href":"https:\/\/www.noticiasradioreflejos.com.ar\/2021\/wp-json\/wp\/v2\/posts\/47229\/revisions"}],"wp:attachment":[{"href":"https:\/\/www.noticiasradioreflejos.com.ar\/2021\/wp-json\/wp\/v2\/media?parent=47229"}],"wp:term":[{"taxonomy":"category","embeddable":true,"href":"https:\/\/www.noticiasradioreflejos.com.ar\/2021\/wp-json\/wp\/v2\/categories?post=47229"},{"taxonomy":"post_tag","embeddable":true,"href":"https:\/\/www.noticiasradioreflejos.com.ar\/2021\/wp-json\/wp\/v2\/tags?post=47229"}],"curies":[{"name":"wp","href":"https:\/\/api.w.org\/{rel}","templated":true}]}}