{"id":47228,"date":"2020-09-23T12:59:18","date_gmt":"2020-09-23T15:59:18","guid":{"rendered":"http:\/\/www.noticiasradioreflejos.com.ar\/noticias\/?p=47228"},"modified":"2020-09-23T12:59:18","modified_gmt":"2020-09-23T15:59:18","slug":"el-talento-de-un-gran-musico-y-su-conjunto-en-tiempos-de-pandemia","status":"publish","type":"post","link":"https:\/\/www.noticiasradioreflejos.com.ar\/2021\/el-talento-de-un-gran-musico-y-su-conjunto-en-tiempos-de-pandemia\/","title":{"rendered":"El talento de un gran m\u00fasico y su conjunto en tiempos de pandemia."},"content":{"rendered":"<p><strong>Sandro \u00abSamponia\u00bb Martinez<\/strong>, M\u00fasico Compositor y Docente de M\u00fasica residente de Viedma, estuvo presente en nuestro programa radial para compartirnos un poco de su trayectoria y presentando sus nuevos proyectos.<!--more--><\/p>\n<p>Al comenzar la nota, le pedimos a Sandro que nos cuente un poco de su trabajo este \u00faltimo tiempo: \u00abEstuve de alguna manera continuando este trabajo que empezamos con un grupo de compa\u00f1eros, hemos ido cambiando un mont\u00f3n de cosas, empec\u00e9 a cantar. Tenemos un repertorio diferente al que ten\u00edamos anteriormente, nos sirvi\u00f3 para entender la m\u00fasica desde otra \u00f3ptica\u00bb.<\/p>\n<p><a title=\"Samponia grupo\" href=\"http:\/\/live.staticflickr.com\/65535\/50375695601_5fbd75c2dd_s.jpg\" rel=\"\"><img loading=\"lazy\" decoding=\"async\" class=\"aligncenter\" title=\"Samponia grupo\" src=\"http:\/\/live.staticflickr.com\/65535\/50375695601_5fbd75c2dd_c.jpg\" alt=\"Samponia grupo\" width=\"800\" height=\"405\" \/><\/a><\/p>\n<p>Durante las actuaciones de Sandro y su banda siempre se ha destacado el uso de los instrumentos de viento. \u00abSiguen estando los vientos, la gente nos pide. Pero ahora le sumamos un timbre m\u00e1s adem\u00e1s de la guitarra, el charango, el bajo y la percusi\u00f3n\u00bb mencion\u00f3 Samponia cuando le preguntamos sobre los instrumentos que forman las melod\u00edas tocadas por \u00e9l y por su banda.<\/p>\n<p>Sandro aclara que pueden encontrar las canciones viejas y las nuevas que est\u00e1n presentando ahora en todas las plataformas digitales, especialmente en Youtube.<\/p>\n<p>La canci\u00f3n \u00abZamba de las arenas\u00bb est\u00e1 dedicada al Balneario del C\u00f3ndor, un lugar especial para Sandro. \u00abEn ese lugar se hace una pe\u00f1a a la orilla del mar, en el medio de los m\u00e9danos hay un escenario y la gente baila descalza\u00bb record\u00f3 el compositor aquel lugar que le inspir\u00f3 esta m\u00fasica.<\/p>\n<p>A continuaci\u00f3n, el video-clip de \u00abZamba de las Arenas\u00bb<br \/>\n<iframe loading=\"lazy\" src=\"https:\/\/www.youtube.com\/embed\/P9DfcL15aOs\" width=\"560\" height=\"315\" frameborder=\"0\" allowfullscreen=\"allowfullscreen\"><\/iframe><\/p>\n<p>Le pedimos a Sandro que nos comparta su visi\u00f3n acerca de la pandemia y c\u00f3mo la vive en R\u00edo Negro, a lo que expres\u00f3: \u00abAc\u00e1 es muy complejo lo que se est\u00e1 viviendo. Entendemos que hay much\u00edsimos contagios. En este momento no s\u00e9 decir objetivamente el n\u00famero, pero las estad\u00edsticas que se muestran en los medios dicen que han bajado el n\u00famero de camas ocupadas. A veces la torpeza de muchos, que subestimamos a esta enfermedad, en esa soltura que tenemos se generan los contagios. Se est\u00e1 tratando que los comercios funcionen con todas las medidas, estamos en fase 5. Nos encantar\u00eda de que esto termine\u00bb.<\/p>\n<p>En cuanto a los talleres, Sandro coment\u00f3 que trabaja en talleres colectivos en barrios. \u00abAhora no lo podemos hacer por los protocolos, pero grabamos videos y se los mandamos a los chicos para que en su tiempo libre puedan tocar. No perdimos la conexi\u00f3n con el joven. La disyuntiva sucede en que no todos tienen conectividad, pero buscamos la forma de que los chicos sigan teniendo contacto con los instrumentos y con nosotros\u00bb mencion\u00f3 Samponia.<\/p>\n<p>Tanto en Facebook, Instagram, Twitter y Youtube, lo encuentran como \u00abSamponia Martinez\u00bb.<\/p>\n<p><strong>Nota completa a continuaci\u00f3n:<\/strong><br \/>\n<iframe loading=\"lazy\" src=\"https:\/\/w.soundcloud.com\/player\/?url=https%3A\/\/api.soundcloud.com\/tracks\/898210153&amp;color=%23ff5500&amp;auto_play=false&amp;hide_related=false&amp;show_comments=true&amp;show_user=true&amp;show_reposts=false&amp;show_teaser=true\" width=\"100%\" height=\"166\" frameborder=\"no\" scrolling=\"no\"><\/iframe><\/p>\n<div style=\"font-size: 10px; color: #cccccc; line-break: anywhere; word-break: normal; overflow: hidden; white-space: nowrap; text-overflow: ellipsis; font-family: Interstate,Lucida Grande,Lucida Sans Unicode,Lucida Sans,Garuda,Verdana,Tahoma,sans-serif; font-weight: 100;\"><a style=\"color: #cccccc; text-decoration: none;\" title=\"fmreflejos 103.7\" href=\"https:\/\/soundcloud.com\/fmreflejos-103-7\" target=\"_blank\" rel=\"noopener\">fmreflejos 103.7<\/a> \u00b7 <a style=\"color: #cccccc; text-decoration: none;\" title=\"Samponia Martinez\" href=\"https:\/\/soundcloud.com\/fmreflejos-103-7\/samponia-martinez\" target=\"_blank\" rel=\"noopener\">Samponia Martinez<\/a><\/div>\n","protected":false},"excerpt":{"rendered":"<p>Sandro \u00abSamponia\u00bb Martinez, M\u00fasico Compositor y Docente de M\u00fasica residente de Viedma, estuvo presente en nuestro programa radial para compartirnos un poco de su trayectoria y presentando sus nuevos proyectos.<\/p>\n","protected":false},"author":3,"featured_media":0,"comment_status":"closed","ping_status":"open","sticky":false,"template":"","format":"standard","meta":{"footnotes":""},"categories":[35],"tags":[],"class_list":["post-47228","post","type-post","status-publish","format-standard","hentry","category-cultura"],"yoast_head":"<!-- This site is optimized with the Yoast SEO plugin v25.9 - https:\/\/yoast.com\/wordpress\/plugins\/seo\/ -->\n<title>El talento de un gran m\u00fasico y su conjunto en tiempos de pandemia. - Noticias Radio Reflejos<\/title>\n<meta name=\"robots\" content=\"index, follow, max-snippet:-1, max-image-preview:large, max-video-preview:-1\" \/>\n<link rel=\"canonical\" href=\"https:\/\/www.noticiasradioreflejos.com.ar\/2021\/el-talento-de-un-gran-musico-y-su-conjunto-en-tiempos-de-pandemia\/\" \/>\n<meta property=\"og:locale\" content=\"es_ES\" \/>\n<meta property=\"og:type\" content=\"article\" \/>\n<meta property=\"og:title\" content=\"El talento de un gran m\u00fasico y su conjunto en tiempos de pandemia. - Noticias Radio Reflejos\" \/>\n<meta property=\"og:description\" content=\"Sandro \u00abSamponia\u00bb Martinez, M\u00fasico Compositor y Docente de M\u00fasica residente de Viedma, estuvo presente en nuestro programa radial para compartirnos un poco de su trayectoria y presentando sus nuevos proyectos.\" \/>\n<meta property=\"og:url\" content=\"https:\/\/www.noticiasradioreflejos.com.ar\/2021\/el-talento-de-un-gran-musico-y-su-conjunto-en-tiempos-de-pandemia\/\" \/>\n<meta property=\"og:site_name\" content=\"Noticias Radio Reflejos\" \/>\n<meta property=\"article:published_time\" content=\"2020-09-23T15:59:18+00:00\" \/>\n<meta property=\"og:image\" content=\"http:\/\/live.staticflickr.com\/65535\/50375695601_5fbd75c2dd_c.jpg\" \/>\n<meta name=\"author\" content=\"Arnaldo Botto\" \/>\n<meta name=\"twitter:card\" content=\"summary_large_image\" \/>\n<script type=\"application\/ld+json\" class=\"yoast-schema-graph\">{\"@context\":\"https:\/\/schema.org\",\"@graph\":[{\"@type\":\"WebPage\",\"@id\":\"https:\/\/www.noticiasradioreflejos.com.ar\/2021\/el-talento-de-un-gran-musico-y-su-conjunto-en-tiempos-de-pandemia\/\",\"url\":\"https:\/\/www.noticiasradioreflejos.com.ar\/2021\/el-talento-de-un-gran-musico-y-su-conjunto-en-tiempos-de-pandemia\/\",\"name\":\"El talento de un gran m\u00fasico y su conjunto en tiempos de pandemia. - Noticias Radio Reflejos\",\"isPartOf\":{\"@id\":\"https:\/\/www.noticiasradioreflejos.com.ar\/2021\/#website\"},\"primaryImageOfPage\":{\"@id\":\"https:\/\/www.noticiasradioreflejos.com.ar\/2021\/el-talento-de-un-gran-musico-y-su-conjunto-en-tiempos-de-pandemia\/#primaryimage\"},\"image\":{\"@id\":\"https:\/\/www.noticiasradioreflejos.com.ar\/2021\/el-talento-de-un-gran-musico-y-su-conjunto-en-tiempos-de-pandemia\/#primaryimage\"},\"thumbnailUrl\":\"http:\/\/live.staticflickr.com\/65535\/50375695601_5fbd75c2dd_c.jpg\",\"datePublished\":\"2020-09-23T15:59:18+00:00\",\"author\":{\"@id\":\"https:\/\/www.noticiasradioreflejos.com.ar\/2021\/#\/schema\/person\/ad82545263dcc5ec0996818884fd5fb1\"},\"breadcrumb\":{\"@id\":\"https:\/\/www.noticiasradioreflejos.com.ar\/2021\/el-talento-de-un-gran-musico-y-su-conjunto-en-tiempos-de-pandemia\/#breadcrumb\"},\"inLanguage\":\"es\",\"potentialAction\":[{\"@type\":\"ReadAction\",\"target\":[\"https:\/\/www.noticiasradioreflejos.com.ar\/2021\/el-talento-de-un-gran-musico-y-su-conjunto-en-tiempos-de-pandemia\/\"]}]},{\"@type\":\"ImageObject\",\"inLanguage\":\"es\",\"@id\":\"https:\/\/www.noticiasradioreflejos.com.ar\/2021\/el-talento-de-un-gran-musico-y-su-conjunto-en-tiempos-de-pandemia\/#primaryimage\",\"url\":\"http:\/\/live.staticflickr.com\/65535\/50375695601_5fbd75c2dd_c.jpg\",\"contentUrl\":\"http:\/\/live.staticflickr.com\/65535\/50375695601_5fbd75c2dd_c.jpg\"},{\"@type\":\"BreadcrumbList\",\"@id\":\"https:\/\/www.noticiasradioreflejos.com.ar\/2021\/el-talento-de-un-gran-musico-y-su-conjunto-en-tiempos-de-pandemia\/#breadcrumb\",\"itemListElement\":[{\"@type\":\"ListItem\",\"position\":1,\"name\":\"Portada\",\"item\":\"https:\/\/www.noticiasradioreflejos.com.ar\/2021\/\"},{\"@type\":\"ListItem\",\"position\":2,\"name\":\"El talento de un gran m\u00fasico y su conjunto en tiempos de pandemia.\"}]},{\"@type\":\"WebSite\",\"@id\":\"https:\/\/www.noticiasradioreflejos.com.ar\/2021\/#website\",\"url\":\"https:\/\/www.noticiasradioreflejos.com.ar\/2021\/\",\"name\":\"Noticias Radio Reflejos\",\"description\":\"Las noticias de mi comarca\",\"potentialAction\":[{\"@type\":\"SearchAction\",\"target\":{\"@type\":\"EntryPoint\",\"urlTemplate\":\"https:\/\/www.noticiasradioreflejos.com.ar\/2021\/?s={search_term_string}\"},\"query-input\":{\"@type\":\"PropertyValueSpecification\",\"valueRequired\":true,\"valueName\":\"search_term_string\"}}],\"inLanguage\":\"es\"},{\"@type\":\"Person\",\"@id\":\"https:\/\/www.noticiasradioreflejos.com.ar\/2021\/#\/schema\/person\/ad82545263dcc5ec0996818884fd5fb1\",\"name\":\"Arnaldo Botto\",\"image\":{\"@type\":\"ImageObject\",\"inLanguage\":\"es\",\"@id\":\"https:\/\/www.noticiasradioreflejos.com.ar\/2021\/#\/schema\/person\/image\/\",\"url\":\"https:\/\/secure.gravatar.com\/avatar\/55cb5e37c1efa326397366e6974cb338056df65cb50e7d64d1cf314e87504837?s=96&d=mm&r=g\",\"contentUrl\":\"https:\/\/secure.gravatar.com\/avatar\/55cb5e37c1efa326397366e6974cb338056df65cb50e7d64d1cf314e87504837?s=96&d=mm&r=g\",\"caption\":\"Arnaldo Botto\"},\"url\":\"https:\/\/www.noticiasradioreflejos.com.ar\/2021\/author\/arnaldo\/\"}]}<\/script>\n<!-- \/ Yoast SEO plugin. -->","yoast_head_json":{"title":"El talento de un gran m\u00fasico y su conjunto en tiempos de pandemia. - Noticias Radio Reflejos","robots":{"index":"index","follow":"follow","max-snippet":"max-snippet:-1","max-image-preview":"max-image-preview:large","max-video-preview":"max-video-preview:-1"},"canonical":"https:\/\/www.noticiasradioreflejos.com.ar\/2021\/el-talento-de-un-gran-musico-y-su-conjunto-en-tiempos-de-pandemia\/","og_locale":"es_ES","og_type":"article","og_title":"El talento de un gran m\u00fasico y su conjunto en tiempos de pandemia. - Noticias Radio Reflejos","og_description":"Sandro \u00abSamponia\u00bb Martinez, M\u00fasico Compositor y Docente de M\u00fasica residente de Viedma, estuvo presente en nuestro programa radial para compartirnos un poco de su trayectoria y presentando sus nuevos proyectos.","og_url":"https:\/\/www.noticiasradioreflejos.com.ar\/2021\/el-talento-de-un-gran-musico-y-su-conjunto-en-tiempos-de-pandemia\/","og_site_name":"Noticias Radio Reflejos","article_published_time":"2020-09-23T15:59:18+00:00","og_image":[{"url":"http:\/\/live.staticflickr.com\/65535\/50375695601_5fbd75c2dd_c.jpg","type":"","width":"","height":""}],"author":"Arnaldo Botto","twitter_card":"summary_large_image","schema":{"@context":"https:\/\/schema.org","@graph":[{"@type":"WebPage","@id":"https:\/\/www.noticiasradioreflejos.com.ar\/2021\/el-talento-de-un-gran-musico-y-su-conjunto-en-tiempos-de-pandemia\/","url":"https:\/\/www.noticiasradioreflejos.com.ar\/2021\/el-talento-de-un-gran-musico-y-su-conjunto-en-tiempos-de-pandemia\/","name":"El talento de un gran m\u00fasico y su conjunto en tiempos de pandemia. - Noticias Radio Reflejos","isPartOf":{"@id":"https:\/\/www.noticiasradioreflejos.com.ar\/2021\/#website"},"primaryImageOfPage":{"@id":"https:\/\/www.noticiasradioreflejos.com.ar\/2021\/el-talento-de-un-gran-musico-y-su-conjunto-en-tiempos-de-pandemia\/#primaryimage"},"image":{"@id":"https:\/\/www.noticiasradioreflejos.com.ar\/2021\/el-talento-de-un-gran-musico-y-su-conjunto-en-tiempos-de-pandemia\/#primaryimage"},"thumbnailUrl":"http:\/\/live.staticflickr.com\/65535\/50375695601_5fbd75c2dd_c.jpg","datePublished":"2020-09-23T15:59:18+00:00","author":{"@id":"https:\/\/www.noticiasradioreflejos.com.ar\/2021\/#\/schema\/person\/ad82545263dcc5ec0996818884fd5fb1"},"breadcrumb":{"@id":"https:\/\/www.noticiasradioreflejos.com.ar\/2021\/el-talento-de-un-gran-musico-y-su-conjunto-en-tiempos-de-pandemia\/#breadcrumb"},"inLanguage":"es","potentialAction":[{"@type":"ReadAction","target":["https:\/\/www.noticiasradioreflejos.com.ar\/2021\/el-talento-de-un-gran-musico-y-su-conjunto-en-tiempos-de-pandemia\/"]}]},{"@type":"ImageObject","inLanguage":"es","@id":"https:\/\/www.noticiasradioreflejos.com.ar\/2021\/el-talento-de-un-gran-musico-y-su-conjunto-en-tiempos-de-pandemia\/#primaryimage","url":"http:\/\/live.staticflickr.com\/65535\/50375695601_5fbd75c2dd_c.jpg","contentUrl":"http:\/\/live.staticflickr.com\/65535\/50375695601_5fbd75c2dd_c.jpg"},{"@type":"BreadcrumbList","@id":"https:\/\/www.noticiasradioreflejos.com.ar\/2021\/el-talento-de-un-gran-musico-y-su-conjunto-en-tiempos-de-pandemia\/#breadcrumb","itemListElement":[{"@type":"ListItem","position":1,"name":"Portada","item":"https:\/\/www.noticiasradioreflejos.com.ar\/2021\/"},{"@type":"ListItem","position":2,"name":"El talento de un gran m\u00fasico y su conjunto en tiempos de pandemia."}]},{"@type":"WebSite","@id":"https:\/\/www.noticiasradioreflejos.com.ar\/2021\/#website","url":"https:\/\/www.noticiasradioreflejos.com.ar\/2021\/","name":"Noticias Radio Reflejos","description":"Las noticias de mi comarca","potentialAction":[{"@type":"SearchAction","target":{"@type":"EntryPoint","urlTemplate":"https:\/\/www.noticiasradioreflejos.com.ar\/2021\/?s={search_term_string}"},"query-input":{"@type":"PropertyValueSpecification","valueRequired":true,"valueName":"search_term_string"}}],"inLanguage":"es"},{"@type":"Person","@id":"https:\/\/www.noticiasradioreflejos.com.ar\/2021\/#\/schema\/person\/ad82545263dcc5ec0996818884fd5fb1","name":"Arnaldo Botto","image":{"@type":"ImageObject","inLanguage":"es","@id":"https:\/\/www.noticiasradioreflejos.com.ar\/2021\/#\/schema\/person\/image\/","url":"https:\/\/secure.gravatar.com\/avatar\/55cb5e37c1efa326397366e6974cb338056df65cb50e7d64d1cf314e87504837?s=96&d=mm&r=g","contentUrl":"https:\/\/secure.gravatar.com\/avatar\/55cb5e37c1efa326397366e6974cb338056df65cb50e7d64d1cf314e87504837?s=96&d=mm&r=g","caption":"Arnaldo Botto"},"url":"https:\/\/www.noticiasradioreflejos.com.ar\/2021\/author\/arnaldo\/"}]}},"_links":{"self":[{"href":"https:\/\/www.noticiasradioreflejos.com.ar\/2021\/wp-json\/wp\/v2\/posts\/47228","targetHints":{"allow":["GET"]}}],"collection":[{"href":"https:\/\/www.noticiasradioreflejos.com.ar\/2021\/wp-json\/wp\/v2\/posts"}],"about":[{"href":"https:\/\/www.noticiasradioreflejos.com.ar\/2021\/wp-json\/wp\/v2\/types\/post"}],"author":[{"embeddable":true,"href":"https:\/\/www.noticiasradioreflejos.com.ar\/2021\/wp-json\/wp\/v2\/users\/3"}],"replies":[{"embeddable":true,"href":"https:\/\/www.noticiasradioreflejos.com.ar\/2021\/wp-json\/wp\/v2\/comments?post=47228"}],"version-history":[{"count":0,"href":"https:\/\/www.noticiasradioreflejos.com.ar\/2021\/wp-json\/wp\/v2\/posts\/47228\/revisions"}],"wp:attachment":[{"href":"https:\/\/www.noticiasradioreflejos.com.ar\/2021\/wp-json\/wp\/v2\/media?parent=47228"}],"wp:term":[{"taxonomy":"category","embeddable":true,"href":"https:\/\/www.noticiasradioreflejos.com.ar\/2021\/wp-json\/wp\/v2\/categories?post=47228"},{"taxonomy":"post_tag","embeddable":true,"href":"https:\/\/www.noticiasradioreflejos.com.ar\/2021\/wp-json\/wp\/v2\/tags?post=47228"}],"curies":[{"name":"wp","href":"https:\/\/api.w.org\/{rel}","templated":true}]}}