{"id":47223,"date":"2020-09-23T10:14:20","date_gmt":"2020-09-23T13:14:20","guid":{"rendered":"http:\/\/www.noticiasradioreflejos.com.ar\/noticias\/?p=47223"},"modified":"2020-09-23T10:14:20","modified_gmt":"2020-09-23T13:14:20","slug":"la-patrulla-rural-detuvo-al-autor-de-un-robo-en-la-sociedad-espanola","status":"publish","type":"post","link":"https:\/\/www.noticiasradioreflejos.com.ar\/2021\/la-patrulla-rural-detuvo-al-autor-de-un-robo-en-la-sociedad-espanola\/","title":{"rendered":"La Patrulla Rural detuvo al autor de un robo en la Sociedad Espa\u00f1ola."},"content":{"rendered":"<p>Lleva a conocimiento de la Poblaci\u00f3n, que con fecha 22 del corriente en horas de la ma\u00f1ana,<!--more--><\/p>\n<p> mientras se hallaban realizando operativo de interceptaci\u00f3n vehicular en Acceso de Tornquist por Ruta Nacional 33 en el marco de Orden de Servicio \u201cSERVICIO DE MAXIMA PREVENCION\u201d. Se identifica a ciudadano CESAR DANIEL (18 a\u00f1os) oriundo de este medio, quien se encontraba realizando dedo.  Se le realiza requisa constatando en prenda de vestir campera en uno de sus bolsillos artefacto de color azul el cual emana luces led (laser), utilizado el mismo habitualmente para fiestas o karaoke. Que teniendo conocimiento que habr\u00eda ocurrido hecho de Robo sufrido por la Asociaci\u00f3n Espa\u00f1ola de esta localidad, se mantiene comunicaci\u00f3n telef\u00f3nica con presidente de la misma siendo el se\u00f1or GUTIERREZ JORGE, a quien se le solicita si puede reconocer el mismo refiriendo que SI. Que ya en dependencia mismo aprecia elemento a simple vista, corroborando y afirmando ser propiedad de la Asociaci\u00f3n Espa\u00f1ola. Se procedi\u00f3 a la aprehensi\u00f3n por el delito de \u201cROBO &#8211; DE OFICIO\u201d, procedi\u00e9ndose al secuestro de un artefacto de Luces Led (laser), tras tareas investigativas de este comando se logro recuperar los dos restantes artefactos lum\u00ednicos. Se dio intervenci\u00f3n a la Ayudant\u00eda Fiscal de Tornquist a cargo del Dr. Flores Pablo U.F.I.J. N\u00b0 12 del Dpto. Jcial. de la ciudad de Bah\u00eda Blanca.-<br \/>\nComisario Inspector Diego Fabi\u00e1n Sambiase- Jefe de Coordinaci\u00f3n Zona Seguridad Rural Bah\u00eda Blanca.-<br \/>\nComisario Ivan Alberto Molina Jefe Comando Prevenci\u00f3n Rural de Tornquist<\/p>\n","protected":false},"excerpt":{"rendered":"<p>Lleva a conocimiento de la Poblaci\u00f3n, que con fecha 22 del corriente en horas de la ma\u00f1ana,<\/p>\n","protected":false},"author":3,"featured_media":0,"comment_status":"closed","ping_status":"open","sticky":false,"template":"","format":"standard","meta":{"footnotes":""},"categories":[29],"tags":[],"class_list":["post-47223","post","type-post","status-publish","format-standard","hentry","category-policiales"],"yoast_head":"<!-- This site is optimized with the Yoast SEO plugin v25.9 - https:\/\/yoast.com\/wordpress\/plugins\/seo\/ -->\n<title>La Patrulla Rural detuvo al autor de un robo en la Sociedad Espa\u00f1ola. - Noticias Radio Reflejos<\/title>\n<meta name=\"robots\" content=\"index, follow, max-snippet:-1, max-image-preview:large, max-video-preview:-1\" \/>\n<link rel=\"canonical\" href=\"https:\/\/www.noticiasradioreflejos.com.ar\/2021\/la-patrulla-rural-detuvo-al-autor-de-un-robo-en-la-sociedad-espanola\/\" \/>\n<meta property=\"og:locale\" content=\"es_ES\" \/>\n<meta property=\"og:type\" content=\"article\" \/>\n<meta property=\"og:title\" content=\"La Patrulla Rural detuvo al autor de un robo en la Sociedad Espa\u00f1ola. - Noticias Radio Reflejos\" \/>\n<meta property=\"og:description\" content=\"Lleva a conocimiento de la Poblaci\u00f3n, que con fecha 22 del corriente en horas de la ma\u00f1ana,\" \/>\n<meta property=\"og:url\" content=\"https:\/\/www.noticiasradioreflejos.com.ar\/2021\/la-patrulla-rural-detuvo-al-autor-de-un-robo-en-la-sociedad-espanola\/\" \/>\n<meta property=\"og:site_name\" content=\"Noticias Radio Reflejos\" \/>\n<meta property=\"article:published_time\" content=\"2020-09-23T13:14:20+00:00\" \/>\n<meta property=\"og:image\" content=\"https:\/\/www.noticiasradioreflejos.com.ar\/2021\/wp-content\/uploads\/2021\/07\/logosol300x200.png\" \/>\n\t<meta property=\"og:image:width\" content=\"300\" \/>\n\t<meta property=\"og:image:height\" content=\"200\" \/>\n\t<meta property=\"og:image:type\" content=\"image\/png\" \/>\n<meta name=\"author\" content=\"Arnaldo Botto\" \/>\n<meta name=\"twitter:card\" content=\"summary_large_image\" \/>\n<script type=\"application\/ld+json\" class=\"yoast-schema-graph\">{\"@context\":\"https:\/\/schema.org\",\"@graph\":[{\"@type\":\"WebPage\",\"@id\":\"https:\/\/www.noticiasradioreflejos.com.ar\/2021\/la-patrulla-rural-detuvo-al-autor-de-un-robo-en-la-sociedad-espanola\/\",\"url\":\"https:\/\/www.noticiasradioreflejos.com.ar\/2021\/la-patrulla-rural-detuvo-al-autor-de-un-robo-en-la-sociedad-espanola\/\",\"name\":\"La Patrulla Rural detuvo al autor de un robo en la Sociedad Espa\u00f1ola. - Noticias Radio Reflejos\",\"isPartOf\":{\"@id\":\"https:\/\/www.noticiasradioreflejos.com.ar\/2021\/#website\"},\"datePublished\":\"2020-09-23T13:14:20+00:00\",\"author\":{\"@id\":\"https:\/\/www.noticiasradioreflejos.com.ar\/2021\/#\/schema\/person\/ad82545263dcc5ec0996818884fd5fb1\"},\"breadcrumb\":{\"@id\":\"https:\/\/www.noticiasradioreflejos.com.ar\/2021\/la-patrulla-rural-detuvo-al-autor-de-un-robo-en-la-sociedad-espanola\/#breadcrumb\"},\"inLanguage\":\"es\",\"potentialAction\":[{\"@type\":\"ReadAction\",\"target\":[\"https:\/\/www.noticiasradioreflejos.com.ar\/2021\/la-patrulla-rural-detuvo-al-autor-de-un-robo-en-la-sociedad-espanola\/\"]}]},{\"@type\":\"BreadcrumbList\",\"@id\":\"https:\/\/www.noticiasradioreflejos.com.ar\/2021\/la-patrulla-rural-detuvo-al-autor-de-un-robo-en-la-sociedad-espanola\/#breadcrumb\",\"itemListElement\":[{\"@type\":\"ListItem\",\"position\":1,\"name\":\"Portada\",\"item\":\"https:\/\/www.noticiasradioreflejos.com.ar\/2021\/\"},{\"@type\":\"ListItem\",\"position\":2,\"name\":\"La Patrulla Rural detuvo al autor de un robo en la Sociedad Espa\u00f1ola.\"}]},{\"@type\":\"WebSite\",\"@id\":\"https:\/\/www.noticiasradioreflejos.com.ar\/2021\/#website\",\"url\":\"https:\/\/www.noticiasradioreflejos.com.ar\/2021\/\",\"name\":\"Noticias Radio Reflejos\",\"description\":\"Las noticias de mi comarca\",\"potentialAction\":[{\"@type\":\"SearchAction\",\"target\":{\"@type\":\"EntryPoint\",\"urlTemplate\":\"https:\/\/www.noticiasradioreflejos.com.ar\/2021\/?s={search_term_string}\"},\"query-input\":{\"@type\":\"PropertyValueSpecification\",\"valueRequired\":true,\"valueName\":\"search_term_string\"}}],\"inLanguage\":\"es\"},{\"@type\":\"Person\",\"@id\":\"https:\/\/www.noticiasradioreflejos.com.ar\/2021\/#\/schema\/person\/ad82545263dcc5ec0996818884fd5fb1\",\"name\":\"Arnaldo Botto\",\"image\":{\"@type\":\"ImageObject\",\"inLanguage\":\"es\",\"@id\":\"https:\/\/www.noticiasradioreflejos.com.ar\/2021\/#\/schema\/person\/image\/\",\"url\":\"https:\/\/secure.gravatar.com\/avatar\/55cb5e37c1efa326397366e6974cb338056df65cb50e7d64d1cf314e87504837?s=96&d=mm&r=g\",\"contentUrl\":\"https:\/\/secure.gravatar.com\/avatar\/55cb5e37c1efa326397366e6974cb338056df65cb50e7d64d1cf314e87504837?s=96&d=mm&r=g\",\"caption\":\"Arnaldo Botto\"},\"url\":\"https:\/\/www.noticiasradioreflejos.com.ar\/2021\/author\/arnaldo\/\"}]}<\/script>\n<!-- \/ Yoast SEO plugin. -->","yoast_head_json":{"title":"La Patrulla Rural detuvo al autor de un robo en la Sociedad Espa\u00f1ola. - Noticias Radio Reflejos","robots":{"index":"index","follow":"follow","max-snippet":"max-snippet:-1","max-image-preview":"max-image-preview:large","max-video-preview":"max-video-preview:-1"},"canonical":"https:\/\/www.noticiasradioreflejos.com.ar\/2021\/la-patrulla-rural-detuvo-al-autor-de-un-robo-en-la-sociedad-espanola\/","og_locale":"es_ES","og_type":"article","og_title":"La Patrulla Rural detuvo al autor de un robo en la Sociedad Espa\u00f1ola. - Noticias Radio Reflejos","og_description":"Lleva a conocimiento de la Poblaci\u00f3n, que con fecha 22 del corriente en horas de la ma\u00f1ana,","og_url":"https:\/\/www.noticiasradioreflejos.com.ar\/2021\/la-patrulla-rural-detuvo-al-autor-de-un-robo-en-la-sociedad-espanola\/","og_site_name":"Noticias Radio Reflejos","article_published_time":"2020-09-23T13:14:20+00:00","og_image":[{"width":300,"height":200,"url":"https:\/\/www.noticiasradioreflejos.com.ar\/2021\/wp-content\/uploads\/2021\/07\/logosol300x200.png","type":"image\/png"}],"author":"Arnaldo Botto","twitter_card":"summary_large_image","schema":{"@context":"https:\/\/schema.org","@graph":[{"@type":"WebPage","@id":"https:\/\/www.noticiasradioreflejos.com.ar\/2021\/la-patrulla-rural-detuvo-al-autor-de-un-robo-en-la-sociedad-espanola\/","url":"https:\/\/www.noticiasradioreflejos.com.ar\/2021\/la-patrulla-rural-detuvo-al-autor-de-un-robo-en-la-sociedad-espanola\/","name":"La Patrulla Rural detuvo al autor de un robo en la Sociedad Espa\u00f1ola. - Noticias Radio Reflejos","isPartOf":{"@id":"https:\/\/www.noticiasradioreflejos.com.ar\/2021\/#website"},"datePublished":"2020-09-23T13:14:20+00:00","author":{"@id":"https:\/\/www.noticiasradioreflejos.com.ar\/2021\/#\/schema\/person\/ad82545263dcc5ec0996818884fd5fb1"},"breadcrumb":{"@id":"https:\/\/www.noticiasradioreflejos.com.ar\/2021\/la-patrulla-rural-detuvo-al-autor-de-un-robo-en-la-sociedad-espanola\/#breadcrumb"},"inLanguage":"es","potentialAction":[{"@type":"ReadAction","target":["https:\/\/www.noticiasradioreflejos.com.ar\/2021\/la-patrulla-rural-detuvo-al-autor-de-un-robo-en-la-sociedad-espanola\/"]}]},{"@type":"BreadcrumbList","@id":"https:\/\/www.noticiasradioreflejos.com.ar\/2021\/la-patrulla-rural-detuvo-al-autor-de-un-robo-en-la-sociedad-espanola\/#breadcrumb","itemListElement":[{"@type":"ListItem","position":1,"name":"Portada","item":"https:\/\/www.noticiasradioreflejos.com.ar\/2021\/"},{"@type":"ListItem","position":2,"name":"La Patrulla Rural detuvo al autor de un robo en la Sociedad Espa\u00f1ola."}]},{"@type":"WebSite","@id":"https:\/\/www.noticiasradioreflejos.com.ar\/2021\/#website","url":"https:\/\/www.noticiasradioreflejos.com.ar\/2021\/","name":"Noticias Radio Reflejos","description":"Las noticias de mi comarca","potentialAction":[{"@type":"SearchAction","target":{"@type":"EntryPoint","urlTemplate":"https:\/\/www.noticiasradioreflejos.com.ar\/2021\/?s={search_term_string}"},"query-input":{"@type":"PropertyValueSpecification","valueRequired":true,"valueName":"search_term_string"}}],"inLanguage":"es"},{"@type":"Person","@id":"https:\/\/www.noticiasradioreflejos.com.ar\/2021\/#\/schema\/person\/ad82545263dcc5ec0996818884fd5fb1","name":"Arnaldo Botto","image":{"@type":"ImageObject","inLanguage":"es","@id":"https:\/\/www.noticiasradioreflejos.com.ar\/2021\/#\/schema\/person\/image\/","url":"https:\/\/secure.gravatar.com\/avatar\/55cb5e37c1efa326397366e6974cb338056df65cb50e7d64d1cf314e87504837?s=96&d=mm&r=g","contentUrl":"https:\/\/secure.gravatar.com\/avatar\/55cb5e37c1efa326397366e6974cb338056df65cb50e7d64d1cf314e87504837?s=96&d=mm&r=g","caption":"Arnaldo Botto"},"url":"https:\/\/www.noticiasradioreflejos.com.ar\/2021\/author\/arnaldo\/"}]}},"_links":{"self":[{"href":"https:\/\/www.noticiasradioreflejos.com.ar\/2021\/wp-json\/wp\/v2\/posts\/47223","targetHints":{"allow":["GET"]}}],"collection":[{"href":"https:\/\/www.noticiasradioreflejos.com.ar\/2021\/wp-json\/wp\/v2\/posts"}],"about":[{"href":"https:\/\/www.noticiasradioreflejos.com.ar\/2021\/wp-json\/wp\/v2\/types\/post"}],"author":[{"embeddable":true,"href":"https:\/\/www.noticiasradioreflejos.com.ar\/2021\/wp-json\/wp\/v2\/users\/3"}],"replies":[{"embeddable":true,"href":"https:\/\/www.noticiasradioreflejos.com.ar\/2021\/wp-json\/wp\/v2\/comments?post=47223"}],"version-history":[{"count":0,"href":"https:\/\/www.noticiasradioreflejos.com.ar\/2021\/wp-json\/wp\/v2\/posts\/47223\/revisions"}],"wp:attachment":[{"href":"https:\/\/www.noticiasradioreflejos.com.ar\/2021\/wp-json\/wp\/v2\/media?parent=47223"}],"wp:term":[{"taxonomy":"category","embeddable":true,"href":"https:\/\/www.noticiasradioreflejos.com.ar\/2021\/wp-json\/wp\/v2\/categories?post=47223"},{"taxonomy":"post_tag","embeddable":true,"href":"https:\/\/www.noticiasradioreflejos.com.ar\/2021\/wp-json\/wp\/v2\/tags?post=47223"}],"curies":[{"name":"wp","href":"https:\/\/api.w.org\/{rel}","templated":true}]}}