{"id":47207,"date":"2020-09-22T23:22:36","date_gmt":"2020-09-23T02:22:36","guid":{"rendered":"http:\/\/www.noticiasradioreflejos.com.ar\/noticias\/?p=47207"},"modified":"2020-09-22T23:22:36","modified_gmt":"2020-09-23T02:22:36","slug":"en-sierra-de-la-ventana-encontraron-una-hermosa-planta-autoctona-que-se-creia-extinta","status":"publish","type":"post","link":"https:\/\/www.noticiasradioreflejos.com.ar\/2021\/en-sierra-de-la-ventana-encontraron-una-hermosa-planta-autoctona-que-se-creia-extinta\/","title":{"rendered":"En Sierra de la Ventana encontraron una hermosa planta aut\u00f3ctona que se cre\u00eda extinta."},"content":{"rendered":"<p>Durante una salida de control de especies ex\u00f3ticas en la Reserva Natural Sierras Grandes, ubicada a unos 9 kil\u00f3metros de Sierra de la Ventana, fue encontrada una poblaci\u00f3n de Mostacillastrum ventanense, una planta aut\u00f3ctona que durante mucho tiempo fue considerada extinta.<!--more--><br \/>\nFue descripta por Spegazzini en 1896 en un roquedal cerca de la cumbre del Cerro Tres Picos. Aunque el lugar fue visitado varias veces nunca fue encontrada. En 1996 fue declarada extinta pero posteriormente fue redescubierta.\u2063<\/p>\n<p>La Mostacillastrum ventanense es una especie end\u00e9mica estricta del Sistema de Ventania, rara y muy poco frecuente. Se trata de un subarbusto perenne de hojas carnosas y flores blancas muy hermosas.<br \/>\n<a title=\"2020-09-22_11-20-34\" href=\"http:\/\/live.staticflickr.com\/65535\/50373121593_218d91e4ac_s.jpg\" rel=\"\"><img loading=\"lazy\" decoding=\"async\" class=\"aligncenter\" title=\"2020-09-22_11-20-34\" src=\"http:\/\/live.staticflickr.com\/65535\/50373121593_218d91e4ac_b.jpg\" alt=\"2020-09-22_11-20-34\" width=\"1024\" height=\"991\" \/><\/a><\/p>\n<p>En la Reserva Natural Sierras Grandes, los guadaparques encontraron una poblaci\u00f3n de 20 ejemplares.<\/p>\n<p>Hasta el 2009 se conoc\u00edan s\u00f3lo cuatro poblaciones naturales, dos de ellas dentro del Parque Provincial Ernesto Tornquist (PPET). Seg\u00fan UICN (conocido como el Libro Rojo) se encuentra en \u201cPeligro Cr\u00edtico de Extinci\u00f3n\u201d.<\/p>\n<p>Para preservar la biodiversidad, en 2014, el OPDS incluy\u00f3 a esta especie en un proyecto de clonaci\u00f3n que buscaba reproducir plantas en peligro de extinci\u00f3n.<\/p>\n<p><strong>Fuente Todo Provincial<br \/>\n<\/strong><\/p>\n","protected":false},"excerpt":{"rendered":"<p>Durante una salida de control de especies ex\u00f3ticas en la Reserva Natural Sierras Grandes, ubicada a unos 9 kil\u00f3metros de Sierra de la Ventana, fue encontrada una poblaci\u00f3n de Mostacillastrum ventanense, una planta aut\u00f3ctona que durante mucho tiempo fue considerada extinta.<\/p>\n","protected":false},"author":3,"featured_media":0,"comment_status":"closed","ping_status":"open","sticky":false,"template":"","format":"standard","meta":{"footnotes":""},"categories":[34,26],"tags":[],"class_list":["post-47207","post","type-post","status-publish","format-standard","hentry","category-educacion","category-sociedad"],"yoast_head":"<!-- This site is optimized with the Yoast SEO plugin v25.9 - https:\/\/yoast.com\/wordpress\/plugins\/seo\/ -->\n<title>En Sierra de la Ventana encontraron una hermosa planta aut\u00f3ctona que se cre\u00eda extinta. - Noticias Radio Reflejos<\/title>\n<meta name=\"robots\" content=\"index, follow, max-snippet:-1, max-image-preview:large, max-video-preview:-1\" \/>\n<link rel=\"canonical\" href=\"https:\/\/www.noticiasradioreflejos.com.ar\/2021\/en-sierra-de-la-ventana-encontraron-una-hermosa-planta-autoctona-que-se-creia-extinta\/\" \/>\n<meta property=\"og:locale\" content=\"es_ES\" \/>\n<meta property=\"og:type\" content=\"article\" \/>\n<meta property=\"og:title\" content=\"En Sierra de la Ventana encontraron una hermosa planta aut\u00f3ctona que se cre\u00eda extinta. - Noticias Radio Reflejos\" \/>\n<meta property=\"og:description\" content=\"Durante una salida de control de especies ex\u00f3ticas en la Reserva Natural Sierras Grandes, ubicada a unos 9 kil\u00f3metros de Sierra de la Ventana, fue encontrada una poblaci\u00f3n de Mostacillastrum ventanense, una planta aut\u00f3ctona que durante mucho tiempo fue considerada extinta.\" \/>\n<meta property=\"og:url\" content=\"https:\/\/www.noticiasradioreflejos.com.ar\/2021\/en-sierra-de-la-ventana-encontraron-una-hermosa-planta-autoctona-que-se-creia-extinta\/\" \/>\n<meta property=\"og:site_name\" content=\"Noticias Radio Reflejos\" \/>\n<meta property=\"article:published_time\" content=\"2020-09-23T02:22:36+00:00\" \/>\n<meta property=\"og:image\" content=\"http:\/\/live.staticflickr.com\/65535\/50373121593_218d91e4ac_b.jpg\" \/>\n<meta name=\"author\" content=\"Arnaldo Botto\" \/>\n<meta name=\"twitter:card\" content=\"summary_large_image\" \/>\n<script type=\"application\/ld+json\" class=\"yoast-schema-graph\">{\"@context\":\"https:\/\/schema.org\",\"@graph\":[{\"@type\":\"WebPage\",\"@id\":\"https:\/\/www.noticiasradioreflejos.com.ar\/2021\/en-sierra-de-la-ventana-encontraron-una-hermosa-planta-autoctona-que-se-creia-extinta\/\",\"url\":\"https:\/\/www.noticiasradioreflejos.com.ar\/2021\/en-sierra-de-la-ventana-encontraron-una-hermosa-planta-autoctona-que-se-creia-extinta\/\",\"name\":\"En Sierra de la Ventana encontraron una hermosa planta aut\u00f3ctona que se cre\u00eda extinta. - Noticias Radio Reflejos\",\"isPartOf\":{\"@id\":\"https:\/\/www.noticiasradioreflejos.com.ar\/2021\/#website\"},\"primaryImageOfPage\":{\"@id\":\"https:\/\/www.noticiasradioreflejos.com.ar\/2021\/en-sierra-de-la-ventana-encontraron-una-hermosa-planta-autoctona-que-se-creia-extinta\/#primaryimage\"},\"image\":{\"@id\":\"https:\/\/www.noticiasradioreflejos.com.ar\/2021\/en-sierra-de-la-ventana-encontraron-una-hermosa-planta-autoctona-que-se-creia-extinta\/#primaryimage\"},\"thumbnailUrl\":\"http:\/\/live.staticflickr.com\/65535\/50373121593_218d91e4ac_b.jpg\",\"datePublished\":\"2020-09-23T02:22:36+00:00\",\"author\":{\"@id\":\"https:\/\/www.noticiasradioreflejos.com.ar\/2021\/#\/schema\/person\/ad82545263dcc5ec0996818884fd5fb1\"},\"breadcrumb\":{\"@id\":\"https:\/\/www.noticiasradioreflejos.com.ar\/2021\/en-sierra-de-la-ventana-encontraron-una-hermosa-planta-autoctona-que-se-creia-extinta\/#breadcrumb\"},\"inLanguage\":\"es\",\"potentialAction\":[{\"@type\":\"ReadAction\",\"target\":[\"https:\/\/www.noticiasradioreflejos.com.ar\/2021\/en-sierra-de-la-ventana-encontraron-una-hermosa-planta-autoctona-que-se-creia-extinta\/\"]}]},{\"@type\":\"ImageObject\",\"inLanguage\":\"es\",\"@id\":\"https:\/\/www.noticiasradioreflejos.com.ar\/2021\/en-sierra-de-la-ventana-encontraron-una-hermosa-planta-autoctona-que-se-creia-extinta\/#primaryimage\",\"url\":\"http:\/\/live.staticflickr.com\/65535\/50373121593_218d91e4ac_b.jpg\",\"contentUrl\":\"http:\/\/live.staticflickr.com\/65535\/50373121593_218d91e4ac_b.jpg\"},{\"@type\":\"BreadcrumbList\",\"@id\":\"https:\/\/www.noticiasradioreflejos.com.ar\/2021\/en-sierra-de-la-ventana-encontraron-una-hermosa-planta-autoctona-que-se-creia-extinta\/#breadcrumb\",\"itemListElement\":[{\"@type\":\"ListItem\",\"position\":1,\"name\":\"Portada\",\"item\":\"https:\/\/www.noticiasradioreflejos.com.ar\/2021\/\"},{\"@type\":\"ListItem\",\"position\":2,\"name\":\"En Sierra de la Ventana encontraron una hermosa planta aut\u00f3ctona que se cre\u00eda extinta.\"}]},{\"@type\":\"WebSite\",\"@id\":\"https:\/\/www.noticiasradioreflejos.com.ar\/2021\/#website\",\"url\":\"https:\/\/www.noticiasradioreflejos.com.ar\/2021\/\",\"name\":\"Noticias Radio Reflejos\",\"description\":\"Las noticias de mi comarca\",\"potentialAction\":[{\"@type\":\"SearchAction\",\"target\":{\"@type\":\"EntryPoint\",\"urlTemplate\":\"https:\/\/www.noticiasradioreflejos.com.ar\/2021\/?s={search_term_string}\"},\"query-input\":{\"@type\":\"PropertyValueSpecification\",\"valueRequired\":true,\"valueName\":\"search_term_string\"}}],\"inLanguage\":\"es\"},{\"@type\":\"Person\",\"@id\":\"https:\/\/www.noticiasradioreflejos.com.ar\/2021\/#\/schema\/person\/ad82545263dcc5ec0996818884fd5fb1\",\"name\":\"Arnaldo Botto\",\"image\":{\"@type\":\"ImageObject\",\"inLanguage\":\"es\",\"@id\":\"https:\/\/www.noticiasradioreflejos.com.ar\/2021\/#\/schema\/person\/image\/\",\"url\":\"https:\/\/secure.gravatar.com\/avatar\/55cb5e37c1efa326397366e6974cb338056df65cb50e7d64d1cf314e87504837?s=96&d=mm&r=g\",\"contentUrl\":\"https:\/\/secure.gravatar.com\/avatar\/55cb5e37c1efa326397366e6974cb338056df65cb50e7d64d1cf314e87504837?s=96&d=mm&r=g\",\"caption\":\"Arnaldo Botto\"},\"url\":\"https:\/\/www.noticiasradioreflejos.com.ar\/2021\/author\/arnaldo\/\"}]}<\/script>\n<!-- \/ Yoast SEO plugin. -->","yoast_head_json":{"title":"En Sierra de la Ventana encontraron una hermosa planta aut\u00f3ctona que se cre\u00eda extinta. - Noticias Radio Reflejos","robots":{"index":"index","follow":"follow","max-snippet":"max-snippet:-1","max-image-preview":"max-image-preview:large","max-video-preview":"max-video-preview:-1"},"canonical":"https:\/\/www.noticiasradioreflejos.com.ar\/2021\/en-sierra-de-la-ventana-encontraron-una-hermosa-planta-autoctona-que-se-creia-extinta\/","og_locale":"es_ES","og_type":"article","og_title":"En Sierra de la Ventana encontraron una hermosa planta aut\u00f3ctona que se cre\u00eda extinta. - Noticias Radio Reflejos","og_description":"Durante una salida de control de especies ex\u00f3ticas en la Reserva Natural Sierras Grandes, ubicada a unos 9 kil\u00f3metros de Sierra de la Ventana, fue encontrada una poblaci\u00f3n de Mostacillastrum ventanense, una planta aut\u00f3ctona que durante mucho tiempo fue considerada extinta.","og_url":"https:\/\/www.noticiasradioreflejos.com.ar\/2021\/en-sierra-de-la-ventana-encontraron-una-hermosa-planta-autoctona-que-se-creia-extinta\/","og_site_name":"Noticias Radio Reflejos","article_published_time":"2020-09-23T02:22:36+00:00","og_image":[{"url":"http:\/\/live.staticflickr.com\/65535\/50373121593_218d91e4ac_b.jpg","type":"","width":"","height":""}],"author":"Arnaldo Botto","twitter_card":"summary_large_image","schema":{"@context":"https:\/\/schema.org","@graph":[{"@type":"WebPage","@id":"https:\/\/www.noticiasradioreflejos.com.ar\/2021\/en-sierra-de-la-ventana-encontraron-una-hermosa-planta-autoctona-que-se-creia-extinta\/","url":"https:\/\/www.noticiasradioreflejos.com.ar\/2021\/en-sierra-de-la-ventana-encontraron-una-hermosa-planta-autoctona-que-se-creia-extinta\/","name":"En Sierra de la Ventana encontraron una hermosa planta aut\u00f3ctona que se cre\u00eda extinta. - Noticias Radio Reflejos","isPartOf":{"@id":"https:\/\/www.noticiasradioreflejos.com.ar\/2021\/#website"},"primaryImageOfPage":{"@id":"https:\/\/www.noticiasradioreflejos.com.ar\/2021\/en-sierra-de-la-ventana-encontraron-una-hermosa-planta-autoctona-que-se-creia-extinta\/#primaryimage"},"image":{"@id":"https:\/\/www.noticiasradioreflejos.com.ar\/2021\/en-sierra-de-la-ventana-encontraron-una-hermosa-planta-autoctona-que-se-creia-extinta\/#primaryimage"},"thumbnailUrl":"http:\/\/live.staticflickr.com\/65535\/50373121593_218d91e4ac_b.jpg","datePublished":"2020-09-23T02:22:36+00:00","author":{"@id":"https:\/\/www.noticiasradioreflejos.com.ar\/2021\/#\/schema\/person\/ad82545263dcc5ec0996818884fd5fb1"},"breadcrumb":{"@id":"https:\/\/www.noticiasradioreflejos.com.ar\/2021\/en-sierra-de-la-ventana-encontraron-una-hermosa-planta-autoctona-que-se-creia-extinta\/#breadcrumb"},"inLanguage":"es","potentialAction":[{"@type":"ReadAction","target":["https:\/\/www.noticiasradioreflejos.com.ar\/2021\/en-sierra-de-la-ventana-encontraron-una-hermosa-planta-autoctona-que-se-creia-extinta\/"]}]},{"@type":"ImageObject","inLanguage":"es","@id":"https:\/\/www.noticiasradioreflejos.com.ar\/2021\/en-sierra-de-la-ventana-encontraron-una-hermosa-planta-autoctona-que-se-creia-extinta\/#primaryimage","url":"http:\/\/live.staticflickr.com\/65535\/50373121593_218d91e4ac_b.jpg","contentUrl":"http:\/\/live.staticflickr.com\/65535\/50373121593_218d91e4ac_b.jpg"},{"@type":"BreadcrumbList","@id":"https:\/\/www.noticiasradioreflejos.com.ar\/2021\/en-sierra-de-la-ventana-encontraron-una-hermosa-planta-autoctona-que-se-creia-extinta\/#breadcrumb","itemListElement":[{"@type":"ListItem","position":1,"name":"Portada","item":"https:\/\/www.noticiasradioreflejos.com.ar\/2021\/"},{"@type":"ListItem","position":2,"name":"En Sierra de la Ventana encontraron una hermosa planta aut\u00f3ctona que se cre\u00eda extinta."}]},{"@type":"WebSite","@id":"https:\/\/www.noticiasradioreflejos.com.ar\/2021\/#website","url":"https:\/\/www.noticiasradioreflejos.com.ar\/2021\/","name":"Noticias Radio Reflejos","description":"Las noticias de mi comarca","potentialAction":[{"@type":"SearchAction","target":{"@type":"EntryPoint","urlTemplate":"https:\/\/www.noticiasradioreflejos.com.ar\/2021\/?s={search_term_string}"},"query-input":{"@type":"PropertyValueSpecification","valueRequired":true,"valueName":"search_term_string"}}],"inLanguage":"es"},{"@type":"Person","@id":"https:\/\/www.noticiasradioreflejos.com.ar\/2021\/#\/schema\/person\/ad82545263dcc5ec0996818884fd5fb1","name":"Arnaldo Botto","image":{"@type":"ImageObject","inLanguage":"es","@id":"https:\/\/www.noticiasradioreflejos.com.ar\/2021\/#\/schema\/person\/image\/","url":"https:\/\/secure.gravatar.com\/avatar\/55cb5e37c1efa326397366e6974cb338056df65cb50e7d64d1cf314e87504837?s=96&d=mm&r=g","contentUrl":"https:\/\/secure.gravatar.com\/avatar\/55cb5e37c1efa326397366e6974cb338056df65cb50e7d64d1cf314e87504837?s=96&d=mm&r=g","caption":"Arnaldo Botto"},"url":"https:\/\/www.noticiasradioreflejos.com.ar\/2021\/author\/arnaldo\/"}]}},"_links":{"self":[{"href":"https:\/\/www.noticiasradioreflejos.com.ar\/2021\/wp-json\/wp\/v2\/posts\/47207","targetHints":{"allow":["GET"]}}],"collection":[{"href":"https:\/\/www.noticiasradioreflejos.com.ar\/2021\/wp-json\/wp\/v2\/posts"}],"about":[{"href":"https:\/\/www.noticiasradioreflejos.com.ar\/2021\/wp-json\/wp\/v2\/types\/post"}],"author":[{"embeddable":true,"href":"https:\/\/www.noticiasradioreflejos.com.ar\/2021\/wp-json\/wp\/v2\/users\/3"}],"replies":[{"embeddable":true,"href":"https:\/\/www.noticiasradioreflejos.com.ar\/2021\/wp-json\/wp\/v2\/comments?post=47207"}],"version-history":[{"count":0,"href":"https:\/\/www.noticiasradioreflejos.com.ar\/2021\/wp-json\/wp\/v2\/posts\/47207\/revisions"}],"wp:attachment":[{"href":"https:\/\/www.noticiasradioreflejos.com.ar\/2021\/wp-json\/wp\/v2\/media?parent=47207"}],"wp:term":[{"taxonomy":"category","embeddable":true,"href":"https:\/\/www.noticiasradioreflejos.com.ar\/2021\/wp-json\/wp\/v2\/categories?post=47207"},{"taxonomy":"post_tag","embeddable":true,"href":"https:\/\/www.noticiasradioreflejos.com.ar\/2021\/wp-json\/wp\/v2\/tags?post=47207"}],"curies":[{"name":"wp","href":"https:\/\/api.w.org\/{rel}","templated":true}]}}