{"id":4718,"date":"2016-12-13T15:32:03","date_gmt":"2016-12-13T15:32:03","guid":{"rendered":"http:\/\/noticiasradioreflejos.com.ar\/noticias\/?p=4718"},"modified":"2016-12-13T15:32:03","modified_gmt":"2016-12-13T15:32:03","slug":"aprehendidos-y-secuestro-de-motos-en-saldungaray-y-tornquist","status":"publish","type":"post","link":"https:\/\/www.noticiasradioreflejos.com.ar\/2021\/aprehendidos-y-secuestro-de-motos-en-saldungaray-y-tornquist\/","title":{"rendered":"Aprehendidos y secuestro de motos en Saldungaray y Tornquist"},"content":{"rendered":"<p><a title=\"Nueva imagen\" href=\"http:\/\/farm1.staticflickr.com\/645\/30780266444_a19ae0a565.jpg\" rel=\"\"><img loading=\"lazy\" decoding=\"async\" class=\"alignleft\" style=\"float: left;\" title=\"Nueva imagen\" src=\"http:\/\/farm1.staticflickr.com\/645\/30780266444_a19ae0a565.jpg\" alt=\"Nueva imagen\" width=\"500\" height=\"373\" \/><\/a>La Secretar\u00eda de Seguridad de la Municipalidad de Tornquist, lleva a conocimiento de la poblaci\u00f3n que en cuanto a la prevenci\u00f3n de delitos en todas sus modalidades y previo al diagrama desarrollado entre esta Secretar\u00eda y la Polic\u00eda Comunal respecto al despliegue de personal uniformado y m\u00f3viles policiales; efectivos de Saldungaray, procedieron a la interceptaci\u00f3n de un moto veh\u00edculo al mando de una persona masculina, quien haciendo caso omiso a las advertencias de la polic\u00eda emprende una fuga a gran velocidad donde luego de una persecuci\u00f3n es finalmente alcanzado, donde esta persona intenta agredir a los polic\u00edas arrojando golpes de pu\u00f1o, logr\u00e1ndose la APREHENSION del joven SANTIAGO ARIEL MORALES, de 19 a\u00f1os de edad, oriundo de Coronel Pringles, por el delito de DESOBEDIENCIA Y RESISTENCIA A LA AUTORIDAD, como as\u00ed tambi\u00e9n al SECUESTRO del moto veh\u00edculo marca ZANELLA 110 c.c.. Se dio intervenci\u00f3n a la fiscal\u00eda n\u00famero 15 de Bah\u00eda Blanca.-<!--more--><br \/>\nQue en el mismo orden de prevenci\u00f3n, personal de la Estaci\u00f3n Comunal de Tornquist al ser advertido por la ciudadana Norma Beatriz Villareal de personas en el patio de su vivienda, al arribar los m\u00f3viles policiales se encuentran con un sujeto masculino a bordo de un moto veh\u00edculo en el interior del mismo, raz\u00f3n por la cual se procedi\u00f3 a la APREHENSION del ciudadano JORGE ANTONIO ESQUIVEL, de 48 a\u00f1os de edad, oriundo de Saldungaray, por el delito de VIOLACION DE DOMICILIO, como as\u00ed tambi\u00e9n al SECUESTRO de un moto veh\u00edculo marca BRAVA TEXANA HS 200. Intervino la fiscal\u00eda de flagrancia n\u00famero 15 de Bah\u00eda Blanca.-<br \/>\nQue en el mismo orden de prevenci\u00f3n de faltas en todas sus modalidades, personal de la Sub Estaci\u00f3n Comunal de Saldungaray, en diferentes Operativos Vehicular dispuestos en puntos estrat\u00e9gicos, procedi\u00f3 al SECUESTRO PREVENTIVO de DOS (2) moto veh\u00edculos marca ZANELLA 90 y GILERA SAHEL 200, por infracci\u00f3n a los art\u00edculos 40 incisos A, B, C y 68; en tanto que tambi\u00e9n se labr\u00f3 una infracci\u00f3n a los art\u00edculos 40 inciso J y 77 inciso G, todos de la Ley Nacional de Transito Numero 24.449. Se dio intervenci\u00f3n al Juzgado Municipal de Faltas de Tornquist.-<br \/>\n<a title=\"Nueva imagen (1)\" href=\"http:\/\/farm1.staticflickr.com\/530\/31505884941_34145fd21b_z.jpg\" rel=\"\"><img loading=\"lazy\" decoding=\"async\" class=\"aligncenter\" title=\"Nueva imagen (1)\" src=\"http:\/\/farm1.staticflickr.com\/530\/31505884941_34145fd21b_z.jpg\" alt=\"Nueva imagen (1)\" width=\"640\" height=\"452\" \/><\/a><\/p>\n","protected":false},"excerpt":{"rendered":"<p>La Secretar\u00eda de Seguridad de la Municipalidad de Tornquist, lleva a conocimiento de la poblaci\u00f3n que en cuanto a la prevenci\u00f3n de delitos en todas sus modalidades y previo al diagrama desarrollado entre esta Secretar\u00eda y la Polic\u00eda Comunal respecto al despliegue de personal uniformado y m\u00f3viles policiales; efectivos de Saldungaray, procedieron a la interceptaci\u00f3n [&hellip;]<\/p>\n","protected":false},"author":3,"featured_media":0,"comment_status":"closed","ping_status":"open","sticky":false,"template":"","format":"standard","meta":{"footnotes":""},"categories":[29],"tags":[],"class_list":["post-4718","post","type-post","status-publish","format-standard","hentry","category-policiales"],"yoast_head":"<!-- This site is optimized with the Yoast SEO plugin v25.9 - https:\/\/yoast.com\/wordpress\/plugins\/seo\/ -->\n<title>Aprehendidos y secuestro de motos en Saldungaray y Tornquist - Noticias Radio Reflejos<\/title>\n<meta name=\"robots\" content=\"index, follow, max-snippet:-1, max-image-preview:large, max-video-preview:-1\" \/>\n<link rel=\"canonical\" href=\"https:\/\/www.noticiasradioreflejos.com.ar\/2021\/aprehendidos-y-secuestro-de-motos-en-saldungaray-y-tornquist\/\" \/>\n<meta property=\"og:locale\" content=\"es_ES\" \/>\n<meta property=\"og:type\" content=\"article\" \/>\n<meta property=\"og:title\" content=\"Aprehendidos y secuestro de motos en Saldungaray y Tornquist - Noticias Radio Reflejos\" \/>\n<meta property=\"og:description\" content=\"La Secretar\u00eda de Seguridad de la Municipalidad de Tornquist, lleva a conocimiento de la poblaci\u00f3n que en cuanto a la prevenci\u00f3n de delitos en todas sus modalidades y previo al diagrama desarrollado entre esta Secretar\u00eda y la Polic\u00eda Comunal respecto al despliegue de personal uniformado y m\u00f3viles policiales; efectivos de Saldungaray, procedieron a la interceptaci\u00f3n [&hellip;]\" \/>\n<meta property=\"og:url\" content=\"https:\/\/www.noticiasradioreflejos.com.ar\/2021\/aprehendidos-y-secuestro-de-motos-en-saldungaray-y-tornquist\/\" \/>\n<meta property=\"og:site_name\" content=\"Noticias Radio Reflejos\" \/>\n<meta property=\"article:published_time\" content=\"2016-12-13T15:32:03+00:00\" \/>\n<meta property=\"og:image\" content=\"http:\/\/farm1.staticflickr.com\/645\/30780266444_a19ae0a565.jpg\" \/>\n<meta name=\"author\" content=\"Arnaldo Botto\" \/>\n<meta name=\"twitter:card\" content=\"summary_large_image\" \/>\n<script type=\"application\/ld+json\" class=\"yoast-schema-graph\">{\"@context\":\"https:\/\/schema.org\",\"@graph\":[{\"@type\":\"WebPage\",\"@id\":\"https:\/\/www.noticiasradioreflejos.com.ar\/2021\/aprehendidos-y-secuestro-de-motos-en-saldungaray-y-tornquist\/\",\"url\":\"https:\/\/www.noticiasradioreflejos.com.ar\/2021\/aprehendidos-y-secuestro-de-motos-en-saldungaray-y-tornquist\/\",\"name\":\"Aprehendidos y secuestro de motos en Saldungaray y Tornquist - Noticias Radio Reflejos\",\"isPartOf\":{\"@id\":\"https:\/\/www.noticiasradioreflejos.com.ar\/2021\/#website\"},\"primaryImageOfPage\":{\"@id\":\"https:\/\/www.noticiasradioreflejos.com.ar\/2021\/aprehendidos-y-secuestro-de-motos-en-saldungaray-y-tornquist\/#primaryimage\"},\"image\":{\"@id\":\"https:\/\/www.noticiasradioreflejos.com.ar\/2021\/aprehendidos-y-secuestro-de-motos-en-saldungaray-y-tornquist\/#primaryimage\"},\"thumbnailUrl\":\"http:\/\/farm1.staticflickr.com\/645\/30780266444_a19ae0a565.jpg\",\"datePublished\":\"2016-12-13T15:32:03+00:00\",\"author\":{\"@id\":\"https:\/\/www.noticiasradioreflejos.com.ar\/2021\/#\/schema\/person\/ad82545263dcc5ec0996818884fd5fb1\"},\"breadcrumb\":{\"@id\":\"https:\/\/www.noticiasradioreflejos.com.ar\/2021\/aprehendidos-y-secuestro-de-motos-en-saldungaray-y-tornquist\/#breadcrumb\"},\"inLanguage\":\"es\",\"potentialAction\":[{\"@type\":\"ReadAction\",\"target\":[\"https:\/\/www.noticiasradioreflejos.com.ar\/2021\/aprehendidos-y-secuestro-de-motos-en-saldungaray-y-tornquist\/\"]}]},{\"@type\":\"ImageObject\",\"inLanguage\":\"es\",\"@id\":\"https:\/\/www.noticiasradioreflejos.com.ar\/2021\/aprehendidos-y-secuestro-de-motos-en-saldungaray-y-tornquist\/#primaryimage\",\"url\":\"http:\/\/farm1.staticflickr.com\/645\/30780266444_a19ae0a565.jpg\",\"contentUrl\":\"http:\/\/farm1.staticflickr.com\/645\/30780266444_a19ae0a565.jpg\"},{\"@type\":\"BreadcrumbList\",\"@id\":\"https:\/\/www.noticiasradioreflejos.com.ar\/2021\/aprehendidos-y-secuestro-de-motos-en-saldungaray-y-tornquist\/#breadcrumb\",\"itemListElement\":[{\"@type\":\"ListItem\",\"position\":1,\"name\":\"Portada\",\"item\":\"https:\/\/www.noticiasradioreflejos.com.ar\/2021\/\"},{\"@type\":\"ListItem\",\"position\":2,\"name\":\"Aprehendidos y secuestro de motos en Saldungaray y Tornquist\"}]},{\"@type\":\"WebSite\",\"@id\":\"https:\/\/www.noticiasradioreflejos.com.ar\/2021\/#website\",\"url\":\"https:\/\/www.noticiasradioreflejos.com.ar\/2021\/\",\"name\":\"Noticias Radio Reflejos\",\"description\":\"Las noticias de mi comarca\",\"potentialAction\":[{\"@type\":\"SearchAction\",\"target\":{\"@type\":\"EntryPoint\",\"urlTemplate\":\"https:\/\/www.noticiasradioreflejos.com.ar\/2021\/?s={search_term_string}\"},\"query-input\":{\"@type\":\"PropertyValueSpecification\",\"valueRequired\":true,\"valueName\":\"search_term_string\"}}],\"inLanguage\":\"es\"},{\"@type\":\"Person\",\"@id\":\"https:\/\/www.noticiasradioreflejos.com.ar\/2021\/#\/schema\/person\/ad82545263dcc5ec0996818884fd5fb1\",\"name\":\"Arnaldo Botto\",\"image\":{\"@type\":\"ImageObject\",\"inLanguage\":\"es\",\"@id\":\"https:\/\/www.noticiasradioreflejos.com.ar\/2021\/#\/schema\/person\/image\/\",\"url\":\"https:\/\/secure.gravatar.com\/avatar\/55cb5e37c1efa326397366e6974cb338056df65cb50e7d64d1cf314e87504837?s=96&d=mm&r=g\",\"contentUrl\":\"https:\/\/secure.gravatar.com\/avatar\/55cb5e37c1efa326397366e6974cb338056df65cb50e7d64d1cf314e87504837?s=96&d=mm&r=g\",\"caption\":\"Arnaldo Botto\"},\"url\":\"https:\/\/www.noticiasradioreflejos.com.ar\/2021\/author\/arnaldo\/\"}]}<\/script>\n<!-- \/ Yoast SEO plugin. -->","yoast_head_json":{"title":"Aprehendidos y secuestro de motos en Saldungaray y Tornquist - Noticias Radio Reflejos","robots":{"index":"index","follow":"follow","max-snippet":"max-snippet:-1","max-image-preview":"max-image-preview:large","max-video-preview":"max-video-preview:-1"},"canonical":"https:\/\/www.noticiasradioreflejos.com.ar\/2021\/aprehendidos-y-secuestro-de-motos-en-saldungaray-y-tornquist\/","og_locale":"es_ES","og_type":"article","og_title":"Aprehendidos y secuestro de motos en Saldungaray y Tornquist - Noticias Radio Reflejos","og_description":"La Secretar\u00eda de Seguridad de la Municipalidad de Tornquist, lleva a conocimiento de la poblaci\u00f3n que en cuanto a la prevenci\u00f3n de delitos en todas sus modalidades y previo al diagrama desarrollado entre esta Secretar\u00eda y la Polic\u00eda Comunal respecto al despliegue de personal uniformado y m\u00f3viles policiales; efectivos de Saldungaray, procedieron a la interceptaci\u00f3n [&hellip;]","og_url":"https:\/\/www.noticiasradioreflejos.com.ar\/2021\/aprehendidos-y-secuestro-de-motos-en-saldungaray-y-tornquist\/","og_site_name":"Noticias Radio Reflejos","article_published_time":"2016-12-13T15:32:03+00:00","og_image":[{"url":"http:\/\/farm1.staticflickr.com\/645\/30780266444_a19ae0a565.jpg","type":"","width":"","height":""}],"author":"Arnaldo Botto","twitter_card":"summary_large_image","schema":{"@context":"https:\/\/schema.org","@graph":[{"@type":"WebPage","@id":"https:\/\/www.noticiasradioreflejos.com.ar\/2021\/aprehendidos-y-secuestro-de-motos-en-saldungaray-y-tornquist\/","url":"https:\/\/www.noticiasradioreflejos.com.ar\/2021\/aprehendidos-y-secuestro-de-motos-en-saldungaray-y-tornquist\/","name":"Aprehendidos y secuestro de motos en Saldungaray y Tornquist - Noticias Radio Reflejos","isPartOf":{"@id":"https:\/\/www.noticiasradioreflejos.com.ar\/2021\/#website"},"primaryImageOfPage":{"@id":"https:\/\/www.noticiasradioreflejos.com.ar\/2021\/aprehendidos-y-secuestro-de-motos-en-saldungaray-y-tornquist\/#primaryimage"},"image":{"@id":"https:\/\/www.noticiasradioreflejos.com.ar\/2021\/aprehendidos-y-secuestro-de-motos-en-saldungaray-y-tornquist\/#primaryimage"},"thumbnailUrl":"http:\/\/farm1.staticflickr.com\/645\/30780266444_a19ae0a565.jpg","datePublished":"2016-12-13T15:32:03+00:00","author":{"@id":"https:\/\/www.noticiasradioreflejos.com.ar\/2021\/#\/schema\/person\/ad82545263dcc5ec0996818884fd5fb1"},"breadcrumb":{"@id":"https:\/\/www.noticiasradioreflejos.com.ar\/2021\/aprehendidos-y-secuestro-de-motos-en-saldungaray-y-tornquist\/#breadcrumb"},"inLanguage":"es","potentialAction":[{"@type":"ReadAction","target":["https:\/\/www.noticiasradioreflejos.com.ar\/2021\/aprehendidos-y-secuestro-de-motos-en-saldungaray-y-tornquist\/"]}]},{"@type":"ImageObject","inLanguage":"es","@id":"https:\/\/www.noticiasradioreflejos.com.ar\/2021\/aprehendidos-y-secuestro-de-motos-en-saldungaray-y-tornquist\/#primaryimage","url":"http:\/\/farm1.staticflickr.com\/645\/30780266444_a19ae0a565.jpg","contentUrl":"http:\/\/farm1.staticflickr.com\/645\/30780266444_a19ae0a565.jpg"},{"@type":"BreadcrumbList","@id":"https:\/\/www.noticiasradioreflejos.com.ar\/2021\/aprehendidos-y-secuestro-de-motos-en-saldungaray-y-tornquist\/#breadcrumb","itemListElement":[{"@type":"ListItem","position":1,"name":"Portada","item":"https:\/\/www.noticiasradioreflejos.com.ar\/2021\/"},{"@type":"ListItem","position":2,"name":"Aprehendidos y secuestro de motos en Saldungaray y Tornquist"}]},{"@type":"WebSite","@id":"https:\/\/www.noticiasradioreflejos.com.ar\/2021\/#website","url":"https:\/\/www.noticiasradioreflejos.com.ar\/2021\/","name":"Noticias Radio Reflejos","description":"Las noticias de mi comarca","potentialAction":[{"@type":"SearchAction","target":{"@type":"EntryPoint","urlTemplate":"https:\/\/www.noticiasradioreflejos.com.ar\/2021\/?s={search_term_string}"},"query-input":{"@type":"PropertyValueSpecification","valueRequired":true,"valueName":"search_term_string"}}],"inLanguage":"es"},{"@type":"Person","@id":"https:\/\/www.noticiasradioreflejos.com.ar\/2021\/#\/schema\/person\/ad82545263dcc5ec0996818884fd5fb1","name":"Arnaldo Botto","image":{"@type":"ImageObject","inLanguage":"es","@id":"https:\/\/www.noticiasradioreflejos.com.ar\/2021\/#\/schema\/person\/image\/","url":"https:\/\/secure.gravatar.com\/avatar\/55cb5e37c1efa326397366e6974cb338056df65cb50e7d64d1cf314e87504837?s=96&d=mm&r=g","contentUrl":"https:\/\/secure.gravatar.com\/avatar\/55cb5e37c1efa326397366e6974cb338056df65cb50e7d64d1cf314e87504837?s=96&d=mm&r=g","caption":"Arnaldo Botto"},"url":"https:\/\/www.noticiasradioreflejos.com.ar\/2021\/author\/arnaldo\/"}]}},"_links":{"self":[{"href":"https:\/\/www.noticiasradioreflejos.com.ar\/2021\/wp-json\/wp\/v2\/posts\/4718","targetHints":{"allow":["GET"]}}],"collection":[{"href":"https:\/\/www.noticiasradioreflejos.com.ar\/2021\/wp-json\/wp\/v2\/posts"}],"about":[{"href":"https:\/\/www.noticiasradioreflejos.com.ar\/2021\/wp-json\/wp\/v2\/types\/post"}],"author":[{"embeddable":true,"href":"https:\/\/www.noticiasradioreflejos.com.ar\/2021\/wp-json\/wp\/v2\/users\/3"}],"replies":[{"embeddable":true,"href":"https:\/\/www.noticiasradioreflejos.com.ar\/2021\/wp-json\/wp\/v2\/comments?post=4718"}],"version-history":[{"count":0,"href":"https:\/\/www.noticiasradioreflejos.com.ar\/2021\/wp-json\/wp\/v2\/posts\/4718\/revisions"}],"wp:attachment":[{"href":"https:\/\/www.noticiasradioreflejos.com.ar\/2021\/wp-json\/wp\/v2\/media?parent=4718"}],"wp:term":[{"taxonomy":"category","embeddable":true,"href":"https:\/\/www.noticiasradioreflejos.com.ar\/2021\/wp-json\/wp\/v2\/categories?post=4718"},{"taxonomy":"post_tag","embeddable":true,"href":"https:\/\/www.noticiasradioreflejos.com.ar\/2021\/wp-json\/wp\/v2\/tags?post=4718"}],"curies":[{"name":"wp","href":"https:\/\/api.w.org\/{rel}","templated":true}]}}