{"id":47161,"date":"2020-09-21T19:07:44","date_gmt":"2020-09-21T22:07:44","guid":{"rendered":"http:\/\/www.noticiasradioreflejos.com.ar\/noticias\/?p=47161"},"modified":"2020-09-21T19:07:44","modified_gmt":"2020-09-21T22:07:44","slug":"en-nuestra-cabeza-no-cabe-que-no-haya-temporada-al-menos-en-nuestro-distrito-ezequiel-gabella","status":"publish","type":"post","link":"https:\/\/www.noticiasradioreflejos.com.ar\/2021\/en-nuestra-cabeza-no-cabe-que-no-haya-temporada-al-menos-en-nuestro-distrito-ezequiel-gabella\/","title":{"rendered":"\u00abEn nuestra cabeza no cabe que no haya temporada, al menos en nuestro distrito\u00bb &#8211; Ezequiel Gabella."},"content":{"rendered":"<p>Esta ma\u00f1ana, conversamos con el Secretario de Seguridad y Gobierno, Ezequiel Gabella. En esta nota, Ezequiel nos informa acerca de la situaci\u00f3n epidemiol\u00f3gica de nuestro distrito, menciona c\u00f3mo seguir\u00e1n las actividades en relaci\u00f3n al retroceso de fase de Bah\u00eda Blanca y nos comenta cu\u00e1les son las ideas para recibir la temporada primavera-verano en nuestra comarca.<!--more--><\/p>\n<p>CONTROLES Y MEDIDAS<br \/>\n\u00abNuestro distrito tiene la necesidad de interactuar con otros distritos, seguimos necesitando de Bah\u00eda. Es inevitable que el pase a fase 3 de Bah\u00eda Blanca haga que mantengamos los controles vigentes, a no dormirnos, a no caer en la libre circulaci\u00f3n de gente de Bah\u00eda y del AMBA porque los problemas ser\u00edan a\u00fan mayores\u00bb, comenz\u00f3 mencionando el Secretario de Seguridad y Gobierno en la nota de esta ma\u00f1ana. Tambi\u00e9n sostiene que es una situaci\u00f3n que se deber\u00eda haber controlado hace mucho tiempo atr\u00e1s y que ahora el cierre de actividades preocupa a muchos rubros.<\/p>\n<p>Ezequiel aclar\u00f3 que \u00absi desde Bah\u00eda no se permite la salida de la ciudad, entonces no hay permiso para venir a ver las viviendas que valga para entrar a nuestro distrito\u00bb. Se toc\u00f3 el tema gracias a distintos comentarios sobre la posible clausura de salidas de la ciudad bahiense hacia otras localidades, pero dando a entender de que no es nada formal.<\/p>\n<p>Gabella afirma que recibe muchas consultas y hasta insultos de personas que quieren venir a ver sus viviendas en el distrito de Tornquist, pero necesita que entiendan que \u00ab\u00e9stas son decisiones pol\u00edticas tomadas. Cuantas m\u00e1s personas permitamos ingresar al distrito, mayor es la posibilidad de que no hagan lo que tienen que hacer y nos arriesgamos a tener el virus circulando en el distrito\u00bb. Aunque el Secretario de Seguridad es consciente del derecho que tienen los propietarios de ver sus casas ya que son aportantes al distrito.<\/p>\n<p>Por otro lado, Ezequiel expresa: \u00abestoy muy contento con el trabajo de la polic\u00eda de Sierra de la Ventana. Ten\u00edan dicho que concienticen a la gente que se re\u00fane y lo hicieron\u00bb. Adem\u00e1s, explica que la raz\u00f3n por la que se puede circular hasta la 1 am es debido a que \u00aba medida que va avanzando la noche, nos vamos relajando con las medidas de prevenci\u00f3n y despu\u00e9s terminamos todos juntos en una reuni\u00f3n multitudinaria\u00bb.<\/p>\n<p>CONDICI\u00d3N EPIDEMIOL\u00d3GICA DEL DISTRITO<br \/>\n\u00abLos n\u00fameros actuales son 32 casos activos. De los 32, 30 corresponden a la ciudad de Tornquist, otro a Felipe Sol\u00e1 y otro en Villa Ventana\u00bb inform\u00f3 Ezequiel cuando se le pregunt\u00f3 por la situaci\u00f3n epidemiol\u00f3gica actual de nuestro distrito.<\/p>\n<p>Agreg\u00f3 que \u00abtenemos una sola persona internada en el Hospital Castro de Tornquist. La persona es de avanzada edad, y debido a varias enfermedades preexistentes su situaci\u00f3n es grave y de pron\u00f3stico a reservar\u00bb. Gabella admite que nuestra condici\u00f3n de estado de gravedad es buena aunque no justifica el relajamiento de controles y medidas de prevenci\u00f3n.<\/p>\n<p>\u00abMe parece que podemos seguir de una manera controlada para no pasar malos momentos\u00bb le transmiti\u00f3 Ezequiel a la poblaci\u00f3n. Adem\u00e1s, sostuvo que la proyecci\u00f3n que se tiene de la situaci\u00f3n sanitaria del distrito es buena en tanto y en cuanto la gente se siga cuidando, pero que \u00abestamos en el pico de contagios de esos brotes que se produjeron hace d\u00edas atr\u00e1s\u00bb aunque las placas diarias no reflejan todos los n\u00fameros porque siempre hay testeos pendientes.<\/p>\n<p>TEMPORADA PRIMAVERA-VERANO<br \/>\n\u00abSi hay algo en lo cual nos caracterizamos es tratar de planificar lo que viene. Hace rato que est\u00e1bamos viendo que la temporada peligraba. Nosotros tenemos una temporada m\u00e1s estable durante todo el a\u00f1o. Estamos tratando de que las actividades trabajen a pesar de las prohibiciones, casi desobedeciendo las legislaciones provinciales y nacionales. En nuestra cabeza no cabe que no haya temporada, al menos en nuestro distrito\u00bb es lo que mencion\u00f3 Ezequiel al querer informar a la poblaci\u00f3n sobre el tema en cuesti\u00f3n.<\/p>\n<p>El Secretario de Seguridad y Gobierno sostuvo que muy posiblemente la temporada se d\u00e9 con protocolos que ya est\u00e1n hechos y propuestos por Naci\u00f3n. \u00abVamos a hacer todo lo posible para que haya una temporada lo m\u00e1s parecida a lo normal en nuestro distrito. Queremos que quienes viven directa o indirectamente del turismo sepan que estamos trabajando en eso\u00bb, confirm\u00f3.<\/p>\n<p>Nota completa a continuaci\u00f3n:<br \/>\n<iframe loading=\"lazy\" src=\"https:\/\/w.soundcloud.com\/player\/?url=https%3A\/\/api.soundcloud.com\/tracks\/896991208&amp;color=%23ff5500&amp;auto_play=false&amp;hide_related=false&amp;show_comments=true&amp;show_user=true&amp;show_reposts=false&amp;show_teaser=true\" width=\"100%\" height=\"166\" frameborder=\"no\" scrolling=\"no\"><\/iframe><\/p>\n<div style=\"font-size: 10px; color: #cccccc; line-break: anywhere; word-break: normal; overflow: hidden; white-space: nowrap; text-overflow: ellipsis; font-family: Interstate,Lucida Grande,Lucida Sans Unicode,Lucida Sans,Garuda,Verdana,Tahoma,sans-serif; font-weight: 100;\"><a style=\"color: #cccccc; text-decoration: none;\" title=\"fmreflejos 103.7\" href=\"https:\/\/soundcloud.com\/fmreflejos-103-7\" target=\"_blank\" rel=\"noopener\">fmreflejos 103.7<\/a> \u00b7 <a style=\"color: #cccccc; text-decoration: none;\" title=\"Nota Ezequiel Gabella\" href=\"https:\/\/soundcloud.com\/fmreflejos-103-7\/nota-ezequiel-gabella-4\" target=\"_blank\" rel=\"noopener\">Nota Ezequiel Gabella<\/a><\/div>\n","protected":false},"excerpt":{"rendered":"<p>Esta ma\u00f1ana, conversamos con el Secretario de Seguridad y Gobierno, Ezequiel Gabella. En esta nota, Ezequiel nos informa acerca de la situaci\u00f3n epidemiol\u00f3gica de nuestro distrito, menciona c\u00f3mo seguir\u00e1n las actividades en relaci\u00f3n al retroceso de fase de Bah\u00eda Blanca y nos comenta cu\u00e1les son las ideas para recibir la temporada primavera-verano en nuestra comarca.<\/p>\n","protected":false},"author":3,"featured_media":18804,"comment_status":"closed","ping_status":"open","sticky":false,"template":"","format":"standard","meta":{"footnotes":""},"categories":[24,30,26],"tags":[],"class_list":["post-47161","post","type-post","status-publish","format-standard","has-post-thumbnail","hentry","category-politica","category-salud","category-sociedad"],"yoast_head":"<!-- This site is optimized with the Yoast SEO plugin v25.9 - https:\/\/yoast.com\/wordpress\/plugins\/seo\/ -->\n<title>&quot;En nuestra cabeza no cabe que no haya temporada, al menos en nuestro distrito&quot; - Ezequiel Gabella. - Noticias Radio Reflejos<\/title>\n<meta name=\"robots\" content=\"index, follow, max-snippet:-1, max-image-preview:large, max-video-preview:-1\" \/>\n<link rel=\"canonical\" href=\"https:\/\/www.noticiasradioreflejos.com.ar\/2021\/en-nuestra-cabeza-no-cabe-que-no-haya-temporada-al-menos-en-nuestro-distrito-ezequiel-gabella\/\" \/>\n<meta property=\"og:locale\" content=\"es_ES\" \/>\n<meta property=\"og:type\" content=\"article\" \/>\n<meta property=\"og:title\" content=\"&quot;En nuestra cabeza no cabe que no haya temporada, al menos en nuestro distrito&quot; - Ezequiel Gabella. - Noticias Radio Reflejos\" \/>\n<meta property=\"og:description\" content=\"Esta ma\u00f1ana, conversamos con el Secretario de Seguridad y Gobierno, Ezequiel Gabella. En esta nota, Ezequiel nos informa acerca de la situaci\u00f3n epidemiol\u00f3gica de nuestro distrito, menciona c\u00f3mo seguir\u00e1n las actividades en relaci\u00f3n al retroceso de fase de Bah\u00eda Blanca y nos comenta cu\u00e1les son las ideas para recibir la temporada primavera-verano en nuestra comarca.\" \/>\n<meta property=\"og:url\" content=\"https:\/\/www.noticiasradioreflejos.com.ar\/2021\/en-nuestra-cabeza-no-cabe-que-no-haya-temporada-al-menos-en-nuestro-distrito-ezequiel-gabella\/\" \/>\n<meta property=\"og:site_name\" content=\"Noticias Radio Reflejos\" \/>\n<meta property=\"article:published_time\" content=\"2020-09-21T22:07:44+00:00\" \/>\n<meta property=\"og:image\" content=\"https:\/\/www.noticiasradioreflejos.com.ar\/2021\/wp-content\/uploads\/2018\/02\/11025782_1538198453136184_9024170563724694623_n.jpg\" \/>\n\t<meta property=\"og:image:width\" content=\"960\" \/>\n\t<meta property=\"og:image:height\" content=\"634\" \/>\n\t<meta property=\"og:image:type\" content=\"image\/jpeg\" \/>\n<meta name=\"author\" content=\"Arnaldo Botto\" \/>\n<meta name=\"twitter:card\" content=\"summary_large_image\" \/>\n<script type=\"application\/ld+json\" class=\"yoast-schema-graph\">{\"@context\":\"https:\/\/schema.org\",\"@graph\":[{\"@type\":\"WebPage\",\"@id\":\"https:\/\/www.noticiasradioreflejos.com.ar\/2021\/en-nuestra-cabeza-no-cabe-que-no-haya-temporada-al-menos-en-nuestro-distrito-ezequiel-gabella\/\",\"url\":\"https:\/\/www.noticiasradioreflejos.com.ar\/2021\/en-nuestra-cabeza-no-cabe-que-no-haya-temporada-al-menos-en-nuestro-distrito-ezequiel-gabella\/\",\"name\":\"\\\"En nuestra cabeza no cabe que no haya temporada, al menos en nuestro distrito\\\" - Ezequiel Gabella. - Noticias Radio Reflejos\",\"isPartOf\":{\"@id\":\"https:\/\/www.noticiasradioreflejos.com.ar\/2021\/#website\"},\"primaryImageOfPage\":{\"@id\":\"https:\/\/www.noticiasradioreflejos.com.ar\/2021\/en-nuestra-cabeza-no-cabe-que-no-haya-temporada-al-menos-en-nuestro-distrito-ezequiel-gabella\/#primaryimage\"},\"image\":{\"@id\":\"https:\/\/www.noticiasradioreflejos.com.ar\/2021\/en-nuestra-cabeza-no-cabe-que-no-haya-temporada-al-menos-en-nuestro-distrito-ezequiel-gabella\/#primaryimage\"},\"thumbnailUrl\":\"https:\/\/www.noticiasradioreflejos.com.ar\/2021\/wp-content\/uploads\/2018\/02\/11025782_1538198453136184_9024170563724694623_n.jpg\",\"datePublished\":\"2020-09-21T22:07:44+00:00\",\"author\":{\"@id\":\"https:\/\/www.noticiasradioreflejos.com.ar\/2021\/#\/schema\/person\/ad82545263dcc5ec0996818884fd5fb1\"},\"breadcrumb\":{\"@id\":\"https:\/\/www.noticiasradioreflejos.com.ar\/2021\/en-nuestra-cabeza-no-cabe-que-no-haya-temporada-al-menos-en-nuestro-distrito-ezequiel-gabella\/#breadcrumb\"},\"inLanguage\":\"es\",\"potentialAction\":[{\"@type\":\"ReadAction\",\"target\":[\"https:\/\/www.noticiasradioreflejos.com.ar\/2021\/en-nuestra-cabeza-no-cabe-que-no-haya-temporada-al-menos-en-nuestro-distrito-ezequiel-gabella\/\"]}]},{\"@type\":\"ImageObject\",\"inLanguage\":\"es\",\"@id\":\"https:\/\/www.noticiasradioreflejos.com.ar\/2021\/en-nuestra-cabeza-no-cabe-que-no-haya-temporada-al-menos-en-nuestro-distrito-ezequiel-gabella\/#primaryimage\",\"url\":\"https:\/\/www.noticiasradioreflejos.com.ar\/2021\/wp-content\/uploads\/2018\/02\/11025782_1538198453136184_9024170563724694623_n.jpg\",\"contentUrl\":\"https:\/\/www.noticiasradioreflejos.com.ar\/2021\/wp-content\/uploads\/2018\/02\/11025782_1538198453136184_9024170563724694623_n.jpg\",\"width\":960,\"height\":634},{\"@type\":\"BreadcrumbList\",\"@id\":\"https:\/\/www.noticiasradioreflejos.com.ar\/2021\/en-nuestra-cabeza-no-cabe-que-no-haya-temporada-al-menos-en-nuestro-distrito-ezequiel-gabella\/#breadcrumb\",\"itemListElement\":[{\"@type\":\"ListItem\",\"position\":1,\"name\":\"Portada\",\"item\":\"https:\/\/www.noticiasradioreflejos.com.ar\/2021\/\"},{\"@type\":\"ListItem\",\"position\":2,\"name\":\"\u00abEn nuestra cabeza no cabe que no haya temporada, al menos en nuestro distrito\u00bb &#8211; Ezequiel Gabella.\"}]},{\"@type\":\"WebSite\",\"@id\":\"https:\/\/www.noticiasradioreflejos.com.ar\/2021\/#website\",\"url\":\"https:\/\/www.noticiasradioreflejos.com.ar\/2021\/\",\"name\":\"Noticias Radio Reflejos\",\"description\":\"Las noticias de mi comarca\",\"potentialAction\":[{\"@type\":\"SearchAction\",\"target\":{\"@type\":\"EntryPoint\",\"urlTemplate\":\"https:\/\/www.noticiasradioreflejos.com.ar\/2021\/?s={search_term_string}\"},\"query-input\":{\"@type\":\"PropertyValueSpecification\",\"valueRequired\":true,\"valueName\":\"search_term_string\"}}],\"inLanguage\":\"es\"},{\"@type\":\"Person\",\"@id\":\"https:\/\/www.noticiasradioreflejos.com.ar\/2021\/#\/schema\/person\/ad82545263dcc5ec0996818884fd5fb1\",\"name\":\"Arnaldo Botto\",\"image\":{\"@type\":\"ImageObject\",\"inLanguage\":\"es\",\"@id\":\"https:\/\/www.noticiasradioreflejos.com.ar\/2021\/#\/schema\/person\/image\/\",\"url\":\"https:\/\/secure.gravatar.com\/avatar\/55cb5e37c1efa326397366e6974cb338056df65cb50e7d64d1cf314e87504837?s=96&d=mm&r=g\",\"contentUrl\":\"https:\/\/secure.gravatar.com\/avatar\/55cb5e37c1efa326397366e6974cb338056df65cb50e7d64d1cf314e87504837?s=96&d=mm&r=g\",\"caption\":\"Arnaldo Botto\"},\"url\":\"https:\/\/www.noticiasradioreflejos.com.ar\/2021\/author\/arnaldo\/\"}]}<\/script>\n<!-- \/ Yoast SEO plugin. -->","yoast_head_json":{"title":"\"En nuestra cabeza no cabe que no haya temporada, al menos en nuestro distrito\" - Ezequiel Gabella. - Noticias Radio Reflejos","robots":{"index":"index","follow":"follow","max-snippet":"max-snippet:-1","max-image-preview":"max-image-preview:large","max-video-preview":"max-video-preview:-1"},"canonical":"https:\/\/www.noticiasradioreflejos.com.ar\/2021\/en-nuestra-cabeza-no-cabe-que-no-haya-temporada-al-menos-en-nuestro-distrito-ezequiel-gabella\/","og_locale":"es_ES","og_type":"article","og_title":"\"En nuestra cabeza no cabe que no haya temporada, al menos en nuestro distrito\" - Ezequiel Gabella. - Noticias Radio Reflejos","og_description":"Esta ma\u00f1ana, conversamos con el Secretario de Seguridad y Gobierno, Ezequiel Gabella. En esta nota, Ezequiel nos informa acerca de la situaci\u00f3n epidemiol\u00f3gica de nuestro distrito, menciona c\u00f3mo seguir\u00e1n las actividades en relaci\u00f3n al retroceso de fase de Bah\u00eda Blanca y nos comenta cu\u00e1les son las ideas para recibir la temporada primavera-verano en nuestra comarca.","og_url":"https:\/\/www.noticiasradioreflejos.com.ar\/2021\/en-nuestra-cabeza-no-cabe-que-no-haya-temporada-al-menos-en-nuestro-distrito-ezequiel-gabella\/","og_site_name":"Noticias Radio Reflejos","article_published_time":"2020-09-21T22:07:44+00:00","og_image":[{"width":960,"height":634,"url":"https:\/\/www.noticiasradioreflejos.com.ar\/2021\/wp-content\/uploads\/2018\/02\/11025782_1538198453136184_9024170563724694623_n.jpg","type":"image\/jpeg"}],"author":"Arnaldo Botto","twitter_card":"summary_large_image","schema":{"@context":"https:\/\/schema.org","@graph":[{"@type":"WebPage","@id":"https:\/\/www.noticiasradioreflejos.com.ar\/2021\/en-nuestra-cabeza-no-cabe-que-no-haya-temporada-al-menos-en-nuestro-distrito-ezequiel-gabella\/","url":"https:\/\/www.noticiasradioreflejos.com.ar\/2021\/en-nuestra-cabeza-no-cabe-que-no-haya-temporada-al-menos-en-nuestro-distrito-ezequiel-gabella\/","name":"\"En nuestra cabeza no cabe que no haya temporada, al menos en nuestro distrito\" - Ezequiel Gabella. - Noticias Radio Reflejos","isPartOf":{"@id":"https:\/\/www.noticiasradioreflejos.com.ar\/2021\/#website"},"primaryImageOfPage":{"@id":"https:\/\/www.noticiasradioreflejos.com.ar\/2021\/en-nuestra-cabeza-no-cabe-que-no-haya-temporada-al-menos-en-nuestro-distrito-ezequiel-gabella\/#primaryimage"},"image":{"@id":"https:\/\/www.noticiasradioreflejos.com.ar\/2021\/en-nuestra-cabeza-no-cabe-que-no-haya-temporada-al-menos-en-nuestro-distrito-ezequiel-gabella\/#primaryimage"},"thumbnailUrl":"https:\/\/www.noticiasradioreflejos.com.ar\/2021\/wp-content\/uploads\/2018\/02\/11025782_1538198453136184_9024170563724694623_n.jpg","datePublished":"2020-09-21T22:07:44+00:00","author":{"@id":"https:\/\/www.noticiasradioreflejos.com.ar\/2021\/#\/schema\/person\/ad82545263dcc5ec0996818884fd5fb1"},"breadcrumb":{"@id":"https:\/\/www.noticiasradioreflejos.com.ar\/2021\/en-nuestra-cabeza-no-cabe-que-no-haya-temporada-al-menos-en-nuestro-distrito-ezequiel-gabella\/#breadcrumb"},"inLanguage":"es","potentialAction":[{"@type":"ReadAction","target":["https:\/\/www.noticiasradioreflejos.com.ar\/2021\/en-nuestra-cabeza-no-cabe-que-no-haya-temporada-al-menos-en-nuestro-distrito-ezequiel-gabella\/"]}]},{"@type":"ImageObject","inLanguage":"es","@id":"https:\/\/www.noticiasradioreflejos.com.ar\/2021\/en-nuestra-cabeza-no-cabe-que-no-haya-temporada-al-menos-en-nuestro-distrito-ezequiel-gabella\/#primaryimage","url":"https:\/\/www.noticiasradioreflejos.com.ar\/2021\/wp-content\/uploads\/2018\/02\/11025782_1538198453136184_9024170563724694623_n.jpg","contentUrl":"https:\/\/www.noticiasradioreflejos.com.ar\/2021\/wp-content\/uploads\/2018\/02\/11025782_1538198453136184_9024170563724694623_n.jpg","width":960,"height":634},{"@type":"BreadcrumbList","@id":"https:\/\/www.noticiasradioreflejos.com.ar\/2021\/en-nuestra-cabeza-no-cabe-que-no-haya-temporada-al-menos-en-nuestro-distrito-ezequiel-gabella\/#breadcrumb","itemListElement":[{"@type":"ListItem","position":1,"name":"Portada","item":"https:\/\/www.noticiasradioreflejos.com.ar\/2021\/"},{"@type":"ListItem","position":2,"name":"\u00abEn nuestra cabeza no cabe que no haya temporada, al menos en nuestro distrito\u00bb &#8211; Ezequiel Gabella."}]},{"@type":"WebSite","@id":"https:\/\/www.noticiasradioreflejos.com.ar\/2021\/#website","url":"https:\/\/www.noticiasradioreflejos.com.ar\/2021\/","name":"Noticias Radio Reflejos","description":"Las noticias de mi comarca","potentialAction":[{"@type":"SearchAction","target":{"@type":"EntryPoint","urlTemplate":"https:\/\/www.noticiasradioreflejos.com.ar\/2021\/?s={search_term_string}"},"query-input":{"@type":"PropertyValueSpecification","valueRequired":true,"valueName":"search_term_string"}}],"inLanguage":"es"},{"@type":"Person","@id":"https:\/\/www.noticiasradioreflejos.com.ar\/2021\/#\/schema\/person\/ad82545263dcc5ec0996818884fd5fb1","name":"Arnaldo Botto","image":{"@type":"ImageObject","inLanguage":"es","@id":"https:\/\/www.noticiasradioreflejos.com.ar\/2021\/#\/schema\/person\/image\/","url":"https:\/\/secure.gravatar.com\/avatar\/55cb5e37c1efa326397366e6974cb338056df65cb50e7d64d1cf314e87504837?s=96&d=mm&r=g","contentUrl":"https:\/\/secure.gravatar.com\/avatar\/55cb5e37c1efa326397366e6974cb338056df65cb50e7d64d1cf314e87504837?s=96&d=mm&r=g","caption":"Arnaldo Botto"},"url":"https:\/\/www.noticiasradioreflejos.com.ar\/2021\/author\/arnaldo\/"}]}},"_links":{"self":[{"href":"https:\/\/www.noticiasradioreflejos.com.ar\/2021\/wp-json\/wp\/v2\/posts\/47161","targetHints":{"allow":["GET"]}}],"collection":[{"href":"https:\/\/www.noticiasradioreflejos.com.ar\/2021\/wp-json\/wp\/v2\/posts"}],"about":[{"href":"https:\/\/www.noticiasradioreflejos.com.ar\/2021\/wp-json\/wp\/v2\/types\/post"}],"author":[{"embeddable":true,"href":"https:\/\/www.noticiasradioreflejos.com.ar\/2021\/wp-json\/wp\/v2\/users\/3"}],"replies":[{"embeddable":true,"href":"https:\/\/www.noticiasradioreflejos.com.ar\/2021\/wp-json\/wp\/v2\/comments?post=47161"}],"version-history":[{"count":0,"href":"https:\/\/www.noticiasradioreflejos.com.ar\/2021\/wp-json\/wp\/v2\/posts\/47161\/revisions"}],"wp:featuredmedia":[{"embeddable":true,"href":"https:\/\/www.noticiasradioreflejos.com.ar\/2021\/wp-json\/wp\/v2\/media\/18804"}],"wp:attachment":[{"href":"https:\/\/www.noticiasradioreflejos.com.ar\/2021\/wp-json\/wp\/v2\/media?parent=47161"}],"wp:term":[{"taxonomy":"category","embeddable":true,"href":"https:\/\/www.noticiasradioreflejos.com.ar\/2021\/wp-json\/wp\/v2\/categories?post=47161"},{"taxonomy":"post_tag","embeddable":true,"href":"https:\/\/www.noticiasradioreflejos.com.ar\/2021\/wp-json\/wp\/v2\/tags?post=47161"}],"curies":[{"name":"wp","href":"https:\/\/api.w.org\/{rel}","templated":true}]}}