{"id":47157,"date":"2020-09-21T17:47:23","date_gmt":"2020-09-21T20:47:23","guid":{"rendered":"http:\/\/www.noticiasradioreflejos.com.ar\/noticias\/?p=47157"},"modified":"2020-09-21T17:47:23","modified_gmt":"2020-09-21T20:47:23","slug":"esta-semana-habra-vacunacion-antirrabica-y-desparasitacion-en-saldungaray","status":"publish","type":"post","link":"https:\/\/www.noticiasradioreflejos.com.ar\/2021\/esta-semana-habra-vacunacion-antirrabica-y-desparasitacion-en-saldungaray\/","title":{"rendered":"Esta semana habr\u00e1 vacunaci\u00f3n antirr\u00e1bica y desparasitaci\u00f3n en Saldungaray"},"content":{"rendered":"<p>Desde este martes y hasta el viernes 25 inclusive, la Subsecretar\u00eda de Bromatolog\u00eda y Zoonosis de Tornquist Municipio llevar\u00e1 adelante la vacunaci\u00f3n antirr\u00e1bica y desparasitaci\u00f3n gratuita de mascotas en Saldungaray.<!--more--><\/p>\n<p>Las vacunas ser\u00e1n aplicadas a perros y gatos, de 8 a 12 hs en la sede de la dependencia mencionada, ubicada en la delegaci\u00f3n de la localidad.<br \/>\n\u00bfQu\u00e9 es la hidatidosis?<br \/>\nEs una enfermedad que afecta a las personas y se puede contraer consumiendo alimentos contaminados por los perros, llev\u00e1ndose tierra contaminada a la boca (muy com\u00fan en los ni\u00f1os), o al tocar a un canino y llevarse las manos a la boca.<br \/>\nEl riesgo de adquirir la hidatidosis es mayor en los lugares donde se cr\u00eda ganado, pero tambi\u00e9n existe en zonas urbanas ya que es una enfermedad presente en casi todas las provincias y pa\u00edses lim\u00edtrofes de Argentina.<br \/>\nAdem\u00e1s de desparasitando a los perros, se previene lavando con agua potable las frutas y verduras, cercando las quintas, evitando que los ni\u00f1os se lleven tierra o arena a la boca, manteniendo a los perros lejos de los lugares donde se carnea y evitando alimentarlos con achuras crudas.<\/p>\n","protected":false},"excerpt":{"rendered":"<p>Desde este martes y hasta el viernes 25 inclusive, la Subsecretar\u00eda de Bromatolog\u00eda y Zoonosis de Tornquist Municipio llevar\u00e1 adelante la vacunaci\u00f3n antirr\u00e1bica y desparasitaci\u00f3n gratuita de mascotas en Saldungaray.<\/p>\n","protected":false},"author":3,"featured_media":19035,"comment_status":"closed","ping_status":"open","sticky":false,"template":"","format":"standard","meta":{"footnotes":""},"categories":[28],"tags":[],"class_list":["post-47157","post","type-post","status-publish","format-standard","has-post-thumbnail","hentry","category-municipales"],"yoast_head":"<!-- This site is optimized with the Yoast SEO plugin v25.9 - https:\/\/yoast.com\/wordpress\/plugins\/seo\/ -->\n<title>Esta semana habr\u00e1 vacunaci\u00f3n antirr\u00e1bica y desparasitaci\u00f3n en Saldungaray - Noticias Radio Reflejos<\/title>\n<meta name=\"robots\" content=\"index, follow, max-snippet:-1, max-image-preview:large, max-video-preview:-1\" \/>\n<link rel=\"canonical\" href=\"https:\/\/www.noticiasradioreflejos.com.ar\/2021\/esta-semana-habra-vacunacion-antirrabica-y-desparasitacion-en-saldungaray\/\" \/>\n<meta property=\"og:locale\" content=\"es_ES\" \/>\n<meta property=\"og:type\" content=\"article\" \/>\n<meta property=\"og:title\" content=\"Esta semana habr\u00e1 vacunaci\u00f3n antirr\u00e1bica y desparasitaci\u00f3n en Saldungaray - Noticias Radio Reflejos\" \/>\n<meta property=\"og:description\" content=\"Desde este martes y hasta el viernes 25 inclusive, la Subsecretar\u00eda de Bromatolog\u00eda y Zoonosis de Tornquist Municipio llevar\u00e1 adelante la vacunaci\u00f3n antirr\u00e1bica y desparasitaci\u00f3n gratuita de mascotas en Saldungaray.\" \/>\n<meta property=\"og:url\" content=\"https:\/\/www.noticiasradioreflejos.com.ar\/2021\/esta-semana-habra-vacunacion-antirrabica-y-desparasitacion-en-saldungaray\/\" \/>\n<meta property=\"og:site_name\" content=\"Noticias Radio Reflejos\" \/>\n<meta property=\"article:published_time\" content=\"2020-09-21T20:47:23+00:00\" \/>\n<meta property=\"og:image\" content=\"https:\/\/www.noticiasradioreflejos.com.ar\/2021\/wp-content\/uploads\/2018\/02\/Vacunacion-1-1024x666-1024x666-1.jpg\" \/>\n\t<meta property=\"og:image:width\" content=\"1024\" \/>\n\t<meta property=\"og:image:height\" content=\"666\" \/>\n\t<meta property=\"og:image:type\" content=\"image\/jpeg\" \/>\n<meta name=\"author\" content=\"Arnaldo Botto\" \/>\n<meta name=\"twitter:card\" content=\"summary_large_image\" \/>\n<script type=\"application\/ld+json\" class=\"yoast-schema-graph\">{\"@context\":\"https:\/\/schema.org\",\"@graph\":[{\"@type\":\"WebPage\",\"@id\":\"https:\/\/www.noticiasradioreflejos.com.ar\/2021\/esta-semana-habra-vacunacion-antirrabica-y-desparasitacion-en-saldungaray\/\",\"url\":\"https:\/\/www.noticiasradioreflejos.com.ar\/2021\/esta-semana-habra-vacunacion-antirrabica-y-desparasitacion-en-saldungaray\/\",\"name\":\"Esta semana habr\u00e1 vacunaci\u00f3n antirr\u00e1bica y desparasitaci\u00f3n en Saldungaray - Noticias Radio Reflejos\",\"isPartOf\":{\"@id\":\"https:\/\/www.noticiasradioreflejos.com.ar\/2021\/#website\"},\"primaryImageOfPage\":{\"@id\":\"https:\/\/www.noticiasradioreflejos.com.ar\/2021\/esta-semana-habra-vacunacion-antirrabica-y-desparasitacion-en-saldungaray\/#primaryimage\"},\"image\":{\"@id\":\"https:\/\/www.noticiasradioreflejos.com.ar\/2021\/esta-semana-habra-vacunacion-antirrabica-y-desparasitacion-en-saldungaray\/#primaryimage\"},\"thumbnailUrl\":\"https:\/\/www.noticiasradioreflejos.com.ar\/2021\/wp-content\/uploads\/2018\/02\/Vacunacion-1-1024x666-1024x666-1.jpg\",\"datePublished\":\"2020-09-21T20:47:23+00:00\",\"author\":{\"@id\":\"https:\/\/www.noticiasradioreflejos.com.ar\/2021\/#\/schema\/person\/ad82545263dcc5ec0996818884fd5fb1\"},\"breadcrumb\":{\"@id\":\"https:\/\/www.noticiasradioreflejos.com.ar\/2021\/esta-semana-habra-vacunacion-antirrabica-y-desparasitacion-en-saldungaray\/#breadcrumb\"},\"inLanguage\":\"es\",\"potentialAction\":[{\"@type\":\"ReadAction\",\"target\":[\"https:\/\/www.noticiasradioreflejos.com.ar\/2021\/esta-semana-habra-vacunacion-antirrabica-y-desparasitacion-en-saldungaray\/\"]}]},{\"@type\":\"ImageObject\",\"inLanguage\":\"es\",\"@id\":\"https:\/\/www.noticiasradioreflejos.com.ar\/2021\/esta-semana-habra-vacunacion-antirrabica-y-desparasitacion-en-saldungaray\/#primaryimage\",\"url\":\"https:\/\/www.noticiasradioreflejos.com.ar\/2021\/wp-content\/uploads\/2018\/02\/Vacunacion-1-1024x666-1024x666-1.jpg\",\"contentUrl\":\"https:\/\/www.noticiasradioreflejos.com.ar\/2021\/wp-content\/uploads\/2018\/02\/Vacunacion-1-1024x666-1024x666-1.jpg\",\"width\":1024,\"height\":666},{\"@type\":\"BreadcrumbList\",\"@id\":\"https:\/\/www.noticiasradioreflejos.com.ar\/2021\/esta-semana-habra-vacunacion-antirrabica-y-desparasitacion-en-saldungaray\/#breadcrumb\",\"itemListElement\":[{\"@type\":\"ListItem\",\"position\":1,\"name\":\"Portada\",\"item\":\"https:\/\/www.noticiasradioreflejos.com.ar\/2021\/\"},{\"@type\":\"ListItem\",\"position\":2,\"name\":\"Esta semana habr\u00e1 vacunaci\u00f3n antirr\u00e1bica y desparasitaci\u00f3n en Saldungaray\"}]},{\"@type\":\"WebSite\",\"@id\":\"https:\/\/www.noticiasradioreflejos.com.ar\/2021\/#website\",\"url\":\"https:\/\/www.noticiasradioreflejos.com.ar\/2021\/\",\"name\":\"Noticias Radio Reflejos\",\"description\":\"Las noticias de mi comarca\",\"potentialAction\":[{\"@type\":\"SearchAction\",\"target\":{\"@type\":\"EntryPoint\",\"urlTemplate\":\"https:\/\/www.noticiasradioreflejos.com.ar\/2021\/?s={search_term_string}\"},\"query-input\":{\"@type\":\"PropertyValueSpecification\",\"valueRequired\":true,\"valueName\":\"search_term_string\"}}],\"inLanguage\":\"es\"},{\"@type\":\"Person\",\"@id\":\"https:\/\/www.noticiasradioreflejos.com.ar\/2021\/#\/schema\/person\/ad82545263dcc5ec0996818884fd5fb1\",\"name\":\"Arnaldo Botto\",\"image\":{\"@type\":\"ImageObject\",\"inLanguage\":\"es\",\"@id\":\"https:\/\/www.noticiasradioreflejos.com.ar\/2021\/#\/schema\/person\/image\/\",\"url\":\"https:\/\/secure.gravatar.com\/avatar\/55cb5e37c1efa326397366e6974cb338056df65cb50e7d64d1cf314e87504837?s=96&d=mm&r=g\",\"contentUrl\":\"https:\/\/secure.gravatar.com\/avatar\/55cb5e37c1efa326397366e6974cb338056df65cb50e7d64d1cf314e87504837?s=96&d=mm&r=g\",\"caption\":\"Arnaldo Botto\"},\"url\":\"https:\/\/www.noticiasradioreflejos.com.ar\/2021\/author\/arnaldo\/\"}]}<\/script>\n<!-- \/ Yoast SEO plugin. -->","yoast_head_json":{"title":"Esta semana habr\u00e1 vacunaci\u00f3n antirr\u00e1bica y desparasitaci\u00f3n en Saldungaray - Noticias Radio Reflejos","robots":{"index":"index","follow":"follow","max-snippet":"max-snippet:-1","max-image-preview":"max-image-preview:large","max-video-preview":"max-video-preview:-1"},"canonical":"https:\/\/www.noticiasradioreflejos.com.ar\/2021\/esta-semana-habra-vacunacion-antirrabica-y-desparasitacion-en-saldungaray\/","og_locale":"es_ES","og_type":"article","og_title":"Esta semana habr\u00e1 vacunaci\u00f3n antirr\u00e1bica y desparasitaci\u00f3n en Saldungaray - Noticias Radio Reflejos","og_description":"Desde este martes y hasta el viernes 25 inclusive, la Subsecretar\u00eda de Bromatolog\u00eda y Zoonosis de Tornquist Municipio llevar\u00e1 adelante la vacunaci\u00f3n antirr\u00e1bica y desparasitaci\u00f3n gratuita de mascotas en Saldungaray.","og_url":"https:\/\/www.noticiasradioreflejos.com.ar\/2021\/esta-semana-habra-vacunacion-antirrabica-y-desparasitacion-en-saldungaray\/","og_site_name":"Noticias Radio Reflejos","article_published_time":"2020-09-21T20:47:23+00:00","og_image":[{"width":1024,"height":666,"url":"https:\/\/www.noticiasradioreflejos.com.ar\/2021\/wp-content\/uploads\/2018\/02\/Vacunacion-1-1024x666-1024x666-1.jpg","type":"image\/jpeg"}],"author":"Arnaldo Botto","twitter_card":"summary_large_image","schema":{"@context":"https:\/\/schema.org","@graph":[{"@type":"WebPage","@id":"https:\/\/www.noticiasradioreflejos.com.ar\/2021\/esta-semana-habra-vacunacion-antirrabica-y-desparasitacion-en-saldungaray\/","url":"https:\/\/www.noticiasradioreflejos.com.ar\/2021\/esta-semana-habra-vacunacion-antirrabica-y-desparasitacion-en-saldungaray\/","name":"Esta semana habr\u00e1 vacunaci\u00f3n antirr\u00e1bica y desparasitaci\u00f3n en Saldungaray - Noticias Radio Reflejos","isPartOf":{"@id":"https:\/\/www.noticiasradioreflejos.com.ar\/2021\/#website"},"primaryImageOfPage":{"@id":"https:\/\/www.noticiasradioreflejos.com.ar\/2021\/esta-semana-habra-vacunacion-antirrabica-y-desparasitacion-en-saldungaray\/#primaryimage"},"image":{"@id":"https:\/\/www.noticiasradioreflejos.com.ar\/2021\/esta-semana-habra-vacunacion-antirrabica-y-desparasitacion-en-saldungaray\/#primaryimage"},"thumbnailUrl":"https:\/\/www.noticiasradioreflejos.com.ar\/2021\/wp-content\/uploads\/2018\/02\/Vacunacion-1-1024x666-1024x666-1.jpg","datePublished":"2020-09-21T20:47:23+00:00","author":{"@id":"https:\/\/www.noticiasradioreflejos.com.ar\/2021\/#\/schema\/person\/ad82545263dcc5ec0996818884fd5fb1"},"breadcrumb":{"@id":"https:\/\/www.noticiasradioreflejos.com.ar\/2021\/esta-semana-habra-vacunacion-antirrabica-y-desparasitacion-en-saldungaray\/#breadcrumb"},"inLanguage":"es","potentialAction":[{"@type":"ReadAction","target":["https:\/\/www.noticiasradioreflejos.com.ar\/2021\/esta-semana-habra-vacunacion-antirrabica-y-desparasitacion-en-saldungaray\/"]}]},{"@type":"ImageObject","inLanguage":"es","@id":"https:\/\/www.noticiasradioreflejos.com.ar\/2021\/esta-semana-habra-vacunacion-antirrabica-y-desparasitacion-en-saldungaray\/#primaryimage","url":"https:\/\/www.noticiasradioreflejos.com.ar\/2021\/wp-content\/uploads\/2018\/02\/Vacunacion-1-1024x666-1024x666-1.jpg","contentUrl":"https:\/\/www.noticiasradioreflejos.com.ar\/2021\/wp-content\/uploads\/2018\/02\/Vacunacion-1-1024x666-1024x666-1.jpg","width":1024,"height":666},{"@type":"BreadcrumbList","@id":"https:\/\/www.noticiasradioreflejos.com.ar\/2021\/esta-semana-habra-vacunacion-antirrabica-y-desparasitacion-en-saldungaray\/#breadcrumb","itemListElement":[{"@type":"ListItem","position":1,"name":"Portada","item":"https:\/\/www.noticiasradioreflejos.com.ar\/2021\/"},{"@type":"ListItem","position":2,"name":"Esta semana habr\u00e1 vacunaci\u00f3n antirr\u00e1bica y desparasitaci\u00f3n en Saldungaray"}]},{"@type":"WebSite","@id":"https:\/\/www.noticiasradioreflejos.com.ar\/2021\/#website","url":"https:\/\/www.noticiasradioreflejos.com.ar\/2021\/","name":"Noticias Radio Reflejos","description":"Las noticias de mi comarca","potentialAction":[{"@type":"SearchAction","target":{"@type":"EntryPoint","urlTemplate":"https:\/\/www.noticiasradioreflejos.com.ar\/2021\/?s={search_term_string}"},"query-input":{"@type":"PropertyValueSpecification","valueRequired":true,"valueName":"search_term_string"}}],"inLanguage":"es"},{"@type":"Person","@id":"https:\/\/www.noticiasradioreflejos.com.ar\/2021\/#\/schema\/person\/ad82545263dcc5ec0996818884fd5fb1","name":"Arnaldo Botto","image":{"@type":"ImageObject","inLanguage":"es","@id":"https:\/\/www.noticiasradioreflejos.com.ar\/2021\/#\/schema\/person\/image\/","url":"https:\/\/secure.gravatar.com\/avatar\/55cb5e37c1efa326397366e6974cb338056df65cb50e7d64d1cf314e87504837?s=96&d=mm&r=g","contentUrl":"https:\/\/secure.gravatar.com\/avatar\/55cb5e37c1efa326397366e6974cb338056df65cb50e7d64d1cf314e87504837?s=96&d=mm&r=g","caption":"Arnaldo Botto"},"url":"https:\/\/www.noticiasradioreflejos.com.ar\/2021\/author\/arnaldo\/"}]}},"_links":{"self":[{"href":"https:\/\/www.noticiasradioreflejos.com.ar\/2021\/wp-json\/wp\/v2\/posts\/47157","targetHints":{"allow":["GET"]}}],"collection":[{"href":"https:\/\/www.noticiasradioreflejos.com.ar\/2021\/wp-json\/wp\/v2\/posts"}],"about":[{"href":"https:\/\/www.noticiasradioreflejos.com.ar\/2021\/wp-json\/wp\/v2\/types\/post"}],"author":[{"embeddable":true,"href":"https:\/\/www.noticiasradioreflejos.com.ar\/2021\/wp-json\/wp\/v2\/users\/3"}],"replies":[{"embeddable":true,"href":"https:\/\/www.noticiasradioreflejos.com.ar\/2021\/wp-json\/wp\/v2\/comments?post=47157"}],"version-history":[{"count":0,"href":"https:\/\/www.noticiasradioreflejos.com.ar\/2021\/wp-json\/wp\/v2\/posts\/47157\/revisions"}],"wp:featuredmedia":[{"embeddable":true,"href":"https:\/\/www.noticiasradioreflejos.com.ar\/2021\/wp-json\/wp\/v2\/media\/19035"}],"wp:attachment":[{"href":"https:\/\/www.noticiasradioreflejos.com.ar\/2021\/wp-json\/wp\/v2\/media?parent=47157"}],"wp:term":[{"taxonomy":"category","embeddable":true,"href":"https:\/\/www.noticiasradioreflejos.com.ar\/2021\/wp-json\/wp\/v2\/categories?post=47157"},{"taxonomy":"post_tag","embeddable":true,"href":"https:\/\/www.noticiasradioreflejos.com.ar\/2021\/wp-json\/wp\/v2\/tags?post=47157"}],"curies":[{"name":"wp","href":"https:\/\/api.w.org\/{rel}","templated":true}]}}