{"id":47150,"date":"2020-09-21T13:05:55","date_gmt":"2020-09-21T16:05:55","guid":{"rendered":"http:\/\/www.noticiasradioreflejos.com.ar\/noticias\/?p=47150"},"modified":"2020-09-21T13:05:55","modified_gmt":"2020-09-21T16:05:55","slug":"reporte-situacion-epidemiologica-por-covid-19-21-de-septiembre","status":"publish","type":"post","link":"https:\/\/www.noticiasradioreflejos.com.ar\/2021\/reporte-situacion-epidemiologica-por-covid-19-21-de-septiembre\/","title":{"rendered":"Reporte situaci\u00f3n epidemiol\u00f3gica por COVID-19- 21 de Septiembre-"},"content":{"rendered":"<p>Tornquist Municipio, a trav\u00e9s de la Secretar\u00eda de Salud actualiza los datos sobre la sobre la situaci\u00f3n epidemiol\u00f3gica al d\u00eda de hoy, 21 de septiembre. En los \u00faltimos d\u00edas los casos de Covid-19 han continuado creciendo en la ciudad de Tornquist, si bien el aumento ha sido de forma paulatina, no ha dejado de ser constante.<!--more--><\/p>\n<p>Los casos activos se encuentran concentrados en las siguientes localidades:<\/p>\n<p>Tornquist 30<br \/>\nChasic\u00f3 (Zona Rural) por domicilio 1<br \/>\nVilla Ventana 1<\/p>\n<p>En lo que respecta a los centros de salud del distrito, \u00fanicamente hay un paciente de edad avanzada, internado en el Hospital Municipal Dr. Alberto Castro, en el sector Covid-19, que presenta comorbilidades y su estado es reservado.<br \/>\nEn la Sala M\u00e9dica de Sierra de la Ventana, no hay pacientes internados ni sospechosos.<\/p>\n<p>Una vez m\u00e1s, insistimos y apelamos, sobre todo, en el d\u00eda que celebramos la sanidad, a la solidaridad y buena voluntad de todos los vecinos para que este brote no contin\u00fae creciendo, y poder comenzar a bajar los casos activos, acompa\u00f1ando al personal de salud, en esta agotable cruzada contra la pandemia por Covid-19.<br \/>\nRecordamos la importancia de la responsabilidad individual, respetemos el distanciamiento social, utilicemos el tapaboca, higienicemos constantemente nuestras manos, y por sobre todo evitemos el uso compartido de utensilios y mate.<\/p>\n","protected":false},"excerpt":{"rendered":"<p>Tornquist Municipio, a trav\u00e9s de la Secretar\u00eda de Salud actualiza los datos sobre la sobre la situaci\u00f3n epidemiol\u00f3gica al d\u00eda de hoy, 21 de septiembre. En los \u00faltimos d\u00edas los casos de Covid-19 han continuado creciendo en la ciudad de Tornquist, si bien el aumento ha sido de forma paulatina, no ha dejado de ser [&hellip;]<\/p>\n","protected":false},"author":3,"featured_media":41696,"comment_status":"closed","ping_status":"open","sticky":false,"template":"","format":"standard","meta":{"footnotes":""},"categories":[30],"tags":[],"class_list":["post-47150","post","type-post","status-publish","format-standard","has-post-thumbnail","hentry","category-salud"],"yoast_head":"<!-- This site is optimized with the Yoast SEO plugin v25.9 - https:\/\/yoast.com\/wordpress\/plugins\/seo\/ -->\n<title>Reporte situaci\u00f3n epidemiol\u00f3gica por COVID-19- 21 de Septiembre- Noticias Radio Reflejos<\/title>\n<meta name=\"robots\" content=\"index, follow, max-snippet:-1, max-image-preview:large, max-video-preview:-1\" \/>\n<link rel=\"canonical\" href=\"https:\/\/www.noticiasradioreflejos.com.ar\/2021\/reporte-situacion-epidemiologica-por-covid-19-21-de-septiembre\/\" \/>\n<meta property=\"og:locale\" content=\"es_ES\" \/>\n<meta property=\"og:type\" content=\"article\" \/>\n<meta property=\"og:title\" content=\"Reporte situaci\u00f3n epidemiol\u00f3gica por COVID-19- 21 de Septiembre- Noticias Radio Reflejos\" \/>\n<meta property=\"og:description\" content=\"Tornquist Municipio, a trav\u00e9s de la Secretar\u00eda de Salud actualiza los datos sobre la sobre la situaci\u00f3n epidemiol\u00f3gica al d\u00eda de hoy, 21 de septiembre. En los \u00faltimos d\u00edas los casos de Covid-19 han continuado creciendo en la ciudad de Tornquist, si bien el aumento ha sido de forma paulatina, no ha dejado de ser [&hellip;]\" \/>\n<meta property=\"og:url\" content=\"https:\/\/www.noticiasradioreflejos.com.ar\/2021\/reporte-situacion-epidemiologica-por-covid-19-21-de-septiembre\/\" \/>\n<meta property=\"og:site_name\" content=\"Noticias Radio Reflejos\" \/>\n<meta property=\"article:published_time\" content=\"2020-09-21T16:05:55+00:00\" \/>\n<meta property=\"og:image\" content=\"https:\/\/www.noticiasradioreflejos.com.ar\/2021\/wp-content\/uploads\/2020\/05\/Hospital-Castro-Tornquist-2.jpeg\" \/>\n\t<meta property=\"og:image:width\" content=\"1280\" \/>\n\t<meta property=\"og:image:height\" content=\"496\" \/>\n\t<meta property=\"og:image:type\" content=\"image\/jpeg\" \/>\n<meta name=\"author\" content=\"Arnaldo Botto\" \/>\n<meta name=\"twitter:card\" content=\"summary_large_image\" \/>\n<script type=\"application\/ld+json\" class=\"yoast-schema-graph\">{\"@context\":\"https:\/\/schema.org\",\"@graph\":[{\"@type\":\"WebPage\",\"@id\":\"https:\/\/www.noticiasradioreflejos.com.ar\/2021\/reporte-situacion-epidemiologica-por-covid-19-21-de-septiembre\/\",\"url\":\"https:\/\/www.noticiasradioreflejos.com.ar\/2021\/reporte-situacion-epidemiologica-por-covid-19-21-de-septiembre\/\",\"name\":\"Reporte situaci\u00f3n epidemiol\u00f3gica por COVID-19- 21 de Septiembre- Noticias Radio Reflejos\",\"isPartOf\":{\"@id\":\"https:\/\/www.noticiasradioreflejos.com.ar\/2021\/#website\"},\"primaryImageOfPage\":{\"@id\":\"https:\/\/www.noticiasradioreflejos.com.ar\/2021\/reporte-situacion-epidemiologica-por-covid-19-21-de-septiembre\/#primaryimage\"},\"image\":{\"@id\":\"https:\/\/www.noticiasradioreflejos.com.ar\/2021\/reporte-situacion-epidemiologica-por-covid-19-21-de-septiembre\/#primaryimage\"},\"thumbnailUrl\":\"https:\/\/www.noticiasradioreflejos.com.ar\/2021\/wp-content\/uploads\/2020\/05\/Hospital-Castro-Tornquist-2.jpeg\",\"datePublished\":\"2020-09-21T16:05:55+00:00\",\"author\":{\"@id\":\"https:\/\/www.noticiasradioreflejos.com.ar\/2021\/#\/schema\/person\/ad82545263dcc5ec0996818884fd5fb1\"},\"breadcrumb\":{\"@id\":\"https:\/\/www.noticiasradioreflejos.com.ar\/2021\/reporte-situacion-epidemiologica-por-covid-19-21-de-septiembre\/#breadcrumb\"},\"inLanguage\":\"es\",\"potentialAction\":[{\"@type\":\"ReadAction\",\"target\":[\"https:\/\/www.noticiasradioreflejos.com.ar\/2021\/reporte-situacion-epidemiologica-por-covid-19-21-de-septiembre\/\"]}]},{\"@type\":\"ImageObject\",\"inLanguage\":\"es\",\"@id\":\"https:\/\/www.noticiasradioreflejos.com.ar\/2021\/reporte-situacion-epidemiologica-por-covid-19-21-de-septiembre\/#primaryimage\",\"url\":\"https:\/\/www.noticiasradioreflejos.com.ar\/2021\/wp-content\/uploads\/2020\/05\/Hospital-Castro-Tornquist-2.jpeg\",\"contentUrl\":\"https:\/\/www.noticiasradioreflejos.com.ar\/2021\/wp-content\/uploads\/2020\/05\/Hospital-Castro-Tornquist-2.jpeg\",\"width\":1280,\"height\":496},{\"@type\":\"BreadcrumbList\",\"@id\":\"https:\/\/www.noticiasradioreflejos.com.ar\/2021\/reporte-situacion-epidemiologica-por-covid-19-21-de-septiembre\/#breadcrumb\",\"itemListElement\":[{\"@type\":\"ListItem\",\"position\":1,\"name\":\"Portada\",\"item\":\"https:\/\/www.noticiasradioreflejos.com.ar\/2021\/\"},{\"@type\":\"ListItem\",\"position\":2,\"name\":\"Reporte situaci\u00f3n epidemiol\u00f3gica por COVID-19- 21 de Septiembre-\"}]},{\"@type\":\"WebSite\",\"@id\":\"https:\/\/www.noticiasradioreflejos.com.ar\/2021\/#website\",\"url\":\"https:\/\/www.noticiasradioreflejos.com.ar\/2021\/\",\"name\":\"Noticias Radio Reflejos\",\"description\":\"Las noticias de mi comarca\",\"potentialAction\":[{\"@type\":\"SearchAction\",\"target\":{\"@type\":\"EntryPoint\",\"urlTemplate\":\"https:\/\/www.noticiasradioreflejos.com.ar\/2021\/?s={search_term_string}\"},\"query-input\":{\"@type\":\"PropertyValueSpecification\",\"valueRequired\":true,\"valueName\":\"search_term_string\"}}],\"inLanguage\":\"es\"},{\"@type\":\"Person\",\"@id\":\"https:\/\/www.noticiasradioreflejos.com.ar\/2021\/#\/schema\/person\/ad82545263dcc5ec0996818884fd5fb1\",\"name\":\"Arnaldo Botto\",\"image\":{\"@type\":\"ImageObject\",\"inLanguage\":\"es\",\"@id\":\"https:\/\/www.noticiasradioreflejos.com.ar\/2021\/#\/schema\/person\/image\/\",\"url\":\"https:\/\/secure.gravatar.com\/avatar\/55cb5e37c1efa326397366e6974cb338056df65cb50e7d64d1cf314e87504837?s=96&d=mm&r=g\",\"contentUrl\":\"https:\/\/secure.gravatar.com\/avatar\/55cb5e37c1efa326397366e6974cb338056df65cb50e7d64d1cf314e87504837?s=96&d=mm&r=g\",\"caption\":\"Arnaldo Botto\"},\"url\":\"https:\/\/www.noticiasradioreflejos.com.ar\/2021\/author\/arnaldo\/\"}]}<\/script>\n<!-- \/ Yoast SEO plugin. -->","yoast_head_json":{"title":"Reporte situaci\u00f3n epidemiol\u00f3gica por COVID-19- 21 de Septiembre- Noticias Radio Reflejos","robots":{"index":"index","follow":"follow","max-snippet":"max-snippet:-1","max-image-preview":"max-image-preview:large","max-video-preview":"max-video-preview:-1"},"canonical":"https:\/\/www.noticiasradioreflejos.com.ar\/2021\/reporte-situacion-epidemiologica-por-covid-19-21-de-septiembre\/","og_locale":"es_ES","og_type":"article","og_title":"Reporte situaci\u00f3n epidemiol\u00f3gica por COVID-19- 21 de Septiembre- Noticias Radio Reflejos","og_description":"Tornquist Municipio, a trav\u00e9s de la Secretar\u00eda de Salud actualiza los datos sobre la sobre la situaci\u00f3n epidemiol\u00f3gica al d\u00eda de hoy, 21 de septiembre. En los \u00faltimos d\u00edas los casos de Covid-19 han continuado creciendo en la ciudad de Tornquist, si bien el aumento ha sido de forma paulatina, no ha dejado de ser [&hellip;]","og_url":"https:\/\/www.noticiasradioreflejos.com.ar\/2021\/reporte-situacion-epidemiologica-por-covid-19-21-de-septiembre\/","og_site_name":"Noticias Radio Reflejos","article_published_time":"2020-09-21T16:05:55+00:00","og_image":[{"width":1280,"height":496,"url":"https:\/\/www.noticiasradioreflejos.com.ar\/2021\/wp-content\/uploads\/2020\/05\/Hospital-Castro-Tornquist-2.jpeg","type":"image\/jpeg"}],"author":"Arnaldo Botto","twitter_card":"summary_large_image","schema":{"@context":"https:\/\/schema.org","@graph":[{"@type":"WebPage","@id":"https:\/\/www.noticiasradioreflejos.com.ar\/2021\/reporte-situacion-epidemiologica-por-covid-19-21-de-septiembre\/","url":"https:\/\/www.noticiasradioreflejos.com.ar\/2021\/reporte-situacion-epidemiologica-por-covid-19-21-de-septiembre\/","name":"Reporte situaci\u00f3n epidemiol\u00f3gica por COVID-19- 21 de Septiembre- Noticias Radio Reflejos","isPartOf":{"@id":"https:\/\/www.noticiasradioreflejos.com.ar\/2021\/#website"},"primaryImageOfPage":{"@id":"https:\/\/www.noticiasradioreflejos.com.ar\/2021\/reporte-situacion-epidemiologica-por-covid-19-21-de-septiembre\/#primaryimage"},"image":{"@id":"https:\/\/www.noticiasradioreflejos.com.ar\/2021\/reporte-situacion-epidemiologica-por-covid-19-21-de-septiembre\/#primaryimage"},"thumbnailUrl":"https:\/\/www.noticiasradioreflejos.com.ar\/2021\/wp-content\/uploads\/2020\/05\/Hospital-Castro-Tornquist-2.jpeg","datePublished":"2020-09-21T16:05:55+00:00","author":{"@id":"https:\/\/www.noticiasradioreflejos.com.ar\/2021\/#\/schema\/person\/ad82545263dcc5ec0996818884fd5fb1"},"breadcrumb":{"@id":"https:\/\/www.noticiasradioreflejos.com.ar\/2021\/reporte-situacion-epidemiologica-por-covid-19-21-de-septiembre\/#breadcrumb"},"inLanguage":"es","potentialAction":[{"@type":"ReadAction","target":["https:\/\/www.noticiasradioreflejos.com.ar\/2021\/reporte-situacion-epidemiologica-por-covid-19-21-de-septiembre\/"]}]},{"@type":"ImageObject","inLanguage":"es","@id":"https:\/\/www.noticiasradioreflejos.com.ar\/2021\/reporte-situacion-epidemiologica-por-covid-19-21-de-septiembre\/#primaryimage","url":"https:\/\/www.noticiasradioreflejos.com.ar\/2021\/wp-content\/uploads\/2020\/05\/Hospital-Castro-Tornquist-2.jpeg","contentUrl":"https:\/\/www.noticiasradioreflejos.com.ar\/2021\/wp-content\/uploads\/2020\/05\/Hospital-Castro-Tornquist-2.jpeg","width":1280,"height":496},{"@type":"BreadcrumbList","@id":"https:\/\/www.noticiasradioreflejos.com.ar\/2021\/reporte-situacion-epidemiologica-por-covid-19-21-de-septiembre\/#breadcrumb","itemListElement":[{"@type":"ListItem","position":1,"name":"Portada","item":"https:\/\/www.noticiasradioreflejos.com.ar\/2021\/"},{"@type":"ListItem","position":2,"name":"Reporte situaci\u00f3n epidemiol\u00f3gica por COVID-19- 21 de Septiembre-"}]},{"@type":"WebSite","@id":"https:\/\/www.noticiasradioreflejos.com.ar\/2021\/#website","url":"https:\/\/www.noticiasradioreflejos.com.ar\/2021\/","name":"Noticias Radio Reflejos","description":"Las noticias de mi comarca","potentialAction":[{"@type":"SearchAction","target":{"@type":"EntryPoint","urlTemplate":"https:\/\/www.noticiasradioreflejos.com.ar\/2021\/?s={search_term_string}"},"query-input":{"@type":"PropertyValueSpecification","valueRequired":true,"valueName":"search_term_string"}}],"inLanguage":"es"},{"@type":"Person","@id":"https:\/\/www.noticiasradioreflejos.com.ar\/2021\/#\/schema\/person\/ad82545263dcc5ec0996818884fd5fb1","name":"Arnaldo Botto","image":{"@type":"ImageObject","inLanguage":"es","@id":"https:\/\/www.noticiasradioreflejos.com.ar\/2021\/#\/schema\/person\/image\/","url":"https:\/\/secure.gravatar.com\/avatar\/55cb5e37c1efa326397366e6974cb338056df65cb50e7d64d1cf314e87504837?s=96&d=mm&r=g","contentUrl":"https:\/\/secure.gravatar.com\/avatar\/55cb5e37c1efa326397366e6974cb338056df65cb50e7d64d1cf314e87504837?s=96&d=mm&r=g","caption":"Arnaldo Botto"},"url":"https:\/\/www.noticiasradioreflejos.com.ar\/2021\/author\/arnaldo\/"}]}},"_links":{"self":[{"href":"https:\/\/www.noticiasradioreflejos.com.ar\/2021\/wp-json\/wp\/v2\/posts\/47150","targetHints":{"allow":["GET"]}}],"collection":[{"href":"https:\/\/www.noticiasradioreflejos.com.ar\/2021\/wp-json\/wp\/v2\/posts"}],"about":[{"href":"https:\/\/www.noticiasradioreflejos.com.ar\/2021\/wp-json\/wp\/v2\/types\/post"}],"author":[{"embeddable":true,"href":"https:\/\/www.noticiasradioreflejos.com.ar\/2021\/wp-json\/wp\/v2\/users\/3"}],"replies":[{"embeddable":true,"href":"https:\/\/www.noticiasradioreflejos.com.ar\/2021\/wp-json\/wp\/v2\/comments?post=47150"}],"version-history":[{"count":0,"href":"https:\/\/www.noticiasradioreflejos.com.ar\/2021\/wp-json\/wp\/v2\/posts\/47150\/revisions"}],"wp:featuredmedia":[{"embeddable":true,"href":"https:\/\/www.noticiasradioreflejos.com.ar\/2021\/wp-json\/wp\/v2\/media\/41696"}],"wp:attachment":[{"href":"https:\/\/www.noticiasradioreflejos.com.ar\/2021\/wp-json\/wp\/v2\/media?parent=47150"}],"wp:term":[{"taxonomy":"category","embeddable":true,"href":"https:\/\/www.noticiasradioreflejos.com.ar\/2021\/wp-json\/wp\/v2\/categories?post=47150"},{"taxonomy":"post_tag","embeddable":true,"href":"https:\/\/www.noticiasradioreflejos.com.ar\/2021\/wp-json\/wp\/v2\/tags?post=47150"}],"curies":[{"name":"wp","href":"https:\/\/api.w.org\/{rel}","templated":true}]}}