{"id":47139,"date":"2020-09-21T10:54:26","date_gmt":"2020-09-21T13:54:26","guid":{"rendered":"http:\/\/www.noticiasradioreflejos.com.ar\/noticias\/?p=47139"},"modified":"2020-09-21T10:54:26","modified_gmt":"2020-09-21T13:54:26","slug":"nueve-aprehendidos-en-el-ultimo-fin-de-semana","status":"publish","type":"post","link":"https:\/\/www.noticiasradioreflejos.com.ar\/2021\/nueve-aprehendidos-en-el-ultimo-fin-de-semana\/","title":{"rendered":"Nueve aprehendidos en el \u00faltimo fin de semana"},"content":{"rendered":"<p>La Secretar\u00eda de Seguridad de la Municipalidad de Tornquist lleva a conocimiento de los diferentes procedimientos policiales llevados a cabo en el distrito durante el \u00faltimo fin de semana comprendido entre el d\u00eda Viernes 18 y Lunes 21 del corriente, todo ello en el marco de los Operativos Saturaci\u00f3n diagramado por la Superioridad Policial.<!--more--><br \/>\nEn tal sentido en horas de la madrugada del d\u00eda Domingo 20 del corriente personal policial de la Estaci\u00f3n Comunal Local procedi\u00f3 a la aprehensi\u00f3n de GERARDO DANIEL TRONCOSO, de 26 a\u00f1os de edad, con domicilio en este medio, por resultar penalmente responsable de los delitos de INFRACCION AL ARTICULO 205 DEL C.P., DESOBEDIENCIA y RESISTENCIA A LA AUTORIDAD, toda ves que al ser interceptado a bordo de un autom\u00f3vil VW, modelo Pointer, y solicitarle la documentaci\u00f3n respectiva, carece de las mismas, siendo conducido hasta la Estaci\u00f3n Policial donde una vez estacionado, Troncoso al descender del rodado comienza a increpar al personal policial, profiriendo insultos y forcejeando con los mismos, produci\u00e9ndose en consecuencia su aprehensi\u00f3n. Intervino la Fiscal\u00eda Especializada en Delitos de Flagrancia N\u00famero 15 de Bah\u00eda Blanca.<\/p>\n<p>Asimismo, se informa que con misma fecha, en altas horas de la madrugada, personal policial de la Subestaci\u00f3n de Polic\u00eda de Sierra de la Ventana, en circunstancias se encontraba recorriendo el Barrio Golf advierten cuatro personas escondidas en el interior de un domicilio, intentando evadir la presencia policial, raz\u00f3n por la que inmediatamente se los intercepta y se los aprehende por resultar a prima facie penalmente responsable de los delitos de INFRACCI\u00d3N AL ARTICULO 205 DEL C.P. y VIOLACI\u00d3N DE DOMICILIO, identific\u00e1ndose a Los aprehendidos como MAXIMILIANO GONZALEZ ABURTO, de 18 a\u00f1os de edad, IGNACIO BENJAM\u00cdN RODR\u00cdGUEZ, de 19 a\u00f1os de edad, RAMIRO ARATA, de 18 a\u00f1os de edad, todos ellos oriundos de Tornquist, y MART\u00cdN CARLOS MELCHIOR, de 21 a\u00f1os de edad, residente del Pueblo San Jos\u00e9, Partido de Coronel Suarez. Intervino la Fiscal\u00eda Especializada en Delitos de Flagrancia N\u00famero 15 de Bah\u00eda Blanca.<br \/>\nTambi\u00e9n con misma fecha, en horas de la madrugada, personal policial de la Subestaci\u00f3n Policial de Sierra de la Ventana en momentos en que recorr\u00eda la zona c\u00e9ntrica, observan circular a alta velocidad con sus luces apagadas a un moto veh\u00edculo, y al momento de su interceptaci\u00f3n \u00e9ste se da a la fuga, donde luego de una persecuci\u00f3n de unos dos mil metros, se logra detener al moto veh\u00edculo, procediendo en consecuencia a la aprehensi\u00f3n de ISA\u00cdAS RODR\u00cdGUEZ, de 19 a\u00f1os de edad, residente en la localidad de Saldungaray, por resultar a prima facie penalmente responsable de los delitos de INFRACCI\u00d3N AL ARTICULO 205 DEL C.P., DESOBEDIENCIA y RESISTENCIA A LA AUTORIDAD. Intervino la Fiscal\u00eda Especializada en Delitos de Flagrancia N\u00famero 15 de Bah\u00eda Blanca.<br \/>\nPor \u00faltimo, se informa que personal policial de la Subestaci\u00f3n de Polic\u00eda de Sierra de la Ventana en horas de la madrugada del d\u00eda de la fecha, en momentos circulaba por Calle Galileo Galilei divisan a tres masculinos, procediendo a su interceptaci\u00f3n e identificaci\u00f3n, no pudiendo justificar su presencia en la v\u00eda p\u00fablica, procediendo en consecuencia a su aprehensi\u00f3n por resultar a prima facie penalmente responsable de una INFRACCION AL ARTICULO 205 DEL C.P., identific\u00e1ndose a las tres personas como BLAS CUAGLIARELLA CASTI\u00d1EIRAS, de 19 a\u00f1os de edad, FABRICIO DANIEL SAINZ, de 24 a\u00f1os de edad, y JUAN IGNACIO TORRES ICHASO, de 21 a\u00f1os de edad, todos residente en Sierra de la Ventana. Intervino el Juzgado Federal en turno de la ciudad de Bah\u00eda Blanca.-<\/p>\n<p>INFRACCIONES Y SECUESTROS DE RODADOS<\/p>\n<p>En otro orden, en los diferentes Operativos Vehiculares diagramados por la Superioridad Policial en el distrito de Tornquist, personal policial en conjunto con personal del Cuerpo de Inspectores Municipales procedieron al secuestro total de SEIS veh\u00edculos por INFRACCION A LA LEY NACIONAL DE TRANSITO NUMERO 24.449, todos ellos por carecer de la respectiva documentaci\u00f3n para poder circular, siendo la falta m\u00e1s com\u00fan la falta de seguro obligatorio. Intervino el Juzgado Municipal de Faltas del Partido de Tornquist.-<\/p>\n<p><a title=\"moto\" href=\"http:\/\/live.staticflickr.com\/65535\/50367112468_2e49b5122d_s.jpg\" rel=\"\"><img loading=\"lazy\" decoding=\"async\" class=\"aligncenter\" title=\"moto\" src=\"http:\/\/live.staticflickr.com\/65535\/50367112468_2e49b5122d_w.jpg\" alt=\"moto\" width=\"269\" height=\"382\" \/><\/a><\/p>\n<p><a title=\"rodado\" href=\"http:\/\/live.staticflickr.com\/65535\/50367112448_fbe46c3664_s.jpg\" rel=\"\"><img loading=\"lazy\" decoding=\"async\" class=\"aligncenter\" title=\"rodado\" src=\"http:\/\/live.staticflickr.com\/65535\/50367112448_8532dee30e_o.jpg\" alt=\"rodado\" width=\"460\" height=\"293\" \/><\/a><\/p>\n<p>&nbsp;<\/p>\n<p>SECRETARIA DE SEGURIDAD \u2013 MUNICIPALIDAD DE TORNQUIST<\/p>\n","protected":false},"excerpt":{"rendered":"<p>La Secretar\u00eda de Seguridad de la Municipalidad de Tornquist lleva a conocimiento de los diferentes procedimientos policiales llevados a cabo en el distrito durante el \u00faltimo fin de semana comprendido entre el d\u00eda Viernes 18 y Lunes 21 del corriente, todo ello en el marco de los Operativos Saturaci\u00f3n diagramado por la Superioridad Policial.<\/p>\n","protected":false},"author":3,"featured_media":0,"comment_status":"closed","ping_status":"open","sticky":false,"template":"","format":"standard","meta":{"footnotes":""},"categories":[29],"tags":[],"class_list":["post-47139","post","type-post","status-publish","format-standard","hentry","category-policiales"],"yoast_head":"<!-- This site is optimized with the Yoast SEO plugin v25.9 - https:\/\/yoast.com\/wordpress\/plugins\/seo\/ -->\n<title>Nueve aprehendidos en el \u00faltimo fin de semana - Noticias Radio Reflejos<\/title>\n<meta name=\"robots\" content=\"index, follow, max-snippet:-1, max-image-preview:large, max-video-preview:-1\" \/>\n<link rel=\"canonical\" href=\"https:\/\/www.noticiasradioreflejos.com.ar\/2021\/nueve-aprehendidos-en-el-ultimo-fin-de-semana\/\" \/>\n<meta property=\"og:locale\" content=\"es_ES\" \/>\n<meta property=\"og:type\" content=\"article\" \/>\n<meta property=\"og:title\" content=\"Nueve aprehendidos en el \u00faltimo fin de semana - Noticias Radio Reflejos\" \/>\n<meta property=\"og:description\" content=\"La Secretar\u00eda de Seguridad de la Municipalidad de Tornquist lleva a conocimiento de los diferentes procedimientos policiales llevados a cabo en el distrito durante el \u00faltimo fin de semana comprendido entre el d\u00eda Viernes 18 y Lunes 21 del corriente, todo ello en el marco de los Operativos Saturaci\u00f3n diagramado por la Superioridad Policial.\" \/>\n<meta property=\"og:url\" content=\"https:\/\/www.noticiasradioreflejos.com.ar\/2021\/nueve-aprehendidos-en-el-ultimo-fin-de-semana\/\" \/>\n<meta property=\"og:site_name\" content=\"Noticias Radio Reflejos\" \/>\n<meta property=\"article:published_time\" content=\"2020-09-21T13:54:26+00:00\" \/>\n<meta property=\"og:image\" content=\"http:\/\/live.staticflickr.com\/65535\/50367112468_2e49b5122d_w.jpg\" \/>\n<meta name=\"author\" content=\"Arnaldo Botto\" \/>\n<meta name=\"twitter:card\" content=\"summary_large_image\" \/>\n<script type=\"application\/ld+json\" class=\"yoast-schema-graph\">{\"@context\":\"https:\/\/schema.org\",\"@graph\":[{\"@type\":\"WebPage\",\"@id\":\"https:\/\/www.noticiasradioreflejos.com.ar\/2021\/nueve-aprehendidos-en-el-ultimo-fin-de-semana\/\",\"url\":\"https:\/\/www.noticiasradioreflejos.com.ar\/2021\/nueve-aprehendidos-en-el-ultimo-fin-de-semana\/\",\"name\":\"Nueve aprehendidos en el \u00faltimo fin de semana - Noticias Radio Reflejos\",\"isPartOf\":{\"@id\":\"https:\/\/www.noticiasradioreflejos.com.ar\/2021\/#website\"},\"primaryImageOfPage\":{\"@id\":\"https:\/\/www.noticiasradioreflejos.com.ar\/2021\/nueve-aprehendidos-en-el-ultimo-fin-de-semana\/#primaryimage\"},\"image\":{\"@id\":\"https:\/\/www.noticiasradioreflejos.com.ar\/2021\/nueve-aprehendidos-en-el-ultimo-fin-de-semana\/#primaryimage\"},\"thumbnailUrl\":\"http:\/\/live.staticflickr.com\/65535\/50367112468_2e49b5122d_w.jpg\",\"datePublished\":\"2020-09-21T13:54:26+00:00\",\"author\":{\"@id\":\"https:\/\/www.noticiasradioreflejos.com.ar\/2021\/#\/schema\/person\/ad82545263dcc5ec0996818884fd5fb1\"},\"breadcrumb\":{\"@id\":\"https:\/\/www.noticiasradioreflejos.com.ar\/2021\/nueve-aprehendidos-en-el-ultimo-fin-de-semana\/#breadcrumb\"},\"inLanguage\":\"es\",\"potentialAction\":[{\"@type\":\"ReadAction\",\"target\":[\"https:\/\/www.noticiasradioreflejos.com.ar\/2021\/nueve-aprehendidos-en-el-ultimo-fin-de-semana\/\"]}]},{\"@type\":\"ImageObject\",\"inLanguage\":\"es\",\"@id\":\"https:\/\/www.noticiasradioreflejos.com.ar\/2021\/nueve-aprehendidos-en-el-ultimo-fin-de-semana\/#primaryimage\",\"url\":\"http:\/\/live.staticflickr.com\/65535\/50367112468_2e49b5122d_w.jpg\",\"contentUrl\":\"http:\/\/live.staticflickr.com\/65535\/50367112468_2e49b5122d_w.jpg\"},{\"@type\":\"BreadcrumbList\",\"@id\":\"https:\/\/www.noticiasradioreflejos.com.ar\/2021\/nueve-aprehendidos-en-el-ultimo-fin-de-semana\/#breadcrumb\",\"itemListElement\":[{\"@type\":\"ListItem\",\"position\":1,\"name\":\"Portada\",\"item\":\"https:\/\/www.noticiasradioreflejos.com.ar\/2021\/\"},{\"@type\":\"ListItem\",\"position\":2,\"name\":\"Nueve aprehendidos en el \u00faltimo fin de semana\"}]},{\"@type\":\"WebSite\",\"@id\":\"https:\/\/www.noticiasradioreflejos.com.ar\/2021\/#website\",\"url\":\"https:\/\/www.noticiasradioreflejos.com.ar\/2021\/\",\"name\":\"Noticias Radio Reflejos\",\"description\":\"Las noticias de mi comarca\",\"potentialAction\":[{\"@type\":\"SearchAction\",\"target\":{\"@type\":\"EntryPoint\",\"urlTemplate\":\"https:\/\/www.noticiasradioreflejos.com.ar\/2021\/?s={search_term_string}\"},\"query-input\":{\"@type\":\"PropertyValueSpecification\",\"valueRequired\":true,\"valueName\":\"search_term_string\"}}],\"inLanguage\":\"es\"},{\"@type\":\"Person\",\"@id\":\"https:\/\/www.noticiasradioreflejos.com.ar\/2021\/#\/schema\/person\/ad82545263dcc5ec0996818884fd5fb1\",\"name\":\"Arnaldo Botto\",\"image\":{\"@type\":\"ImageObject\",\"inLanguage\":\"es\",\"@id\":\"https:\/\/www.noticiasradioreflejos.com.ar\/2021\/#\/schema\/person\/image\/\",\"url\":\"https:\/\/secure.gravatar.com\/avatar\/55cb5e37c1efa326397366e6974cb338056df65cb50e7d64d1cf314e87504837?s=96&d=mm&r=g\",\"contentUrl\":\"https:\/\/secure.gravatar.com\/avatar\/55cb5e37c1efa326397366e6974cb338056df65cb50e7d64d1cf314e87504837?s=96&d=mm&r=g\",\"caption\":\"Arnaldo Botto\"},\"url\":\"https:\/\/www.noticiasradioreflejos.com.ar\/2021\/author\/arnaldo\/\"}]}<\/script>\n<!-- \/ Yoast SEO plugin. -->","yoast_head_json":{"title":"Nueve aprehendidos en el \u00faltimo fin de semana - Noticias Radio Reflejos","robots":{"index":"index","follow":"follow","max-snippet":"max-snippet:-1","max-image-preview":"max-image-preview:large","max-video-preview":"max-video-preview:-1"},"canonical":"https:\/\/www.noticiasradioreflejos.com.ar\/2021\/nueve-aprehendidos-en-el-ultimo-fin-de-semana\/","og_locale":"es_ES","og_type":"article","og_title":"Nueve aprehendidos en el \u00faltimo fin de semana - Noticias Radio Reflejos","og_description":"La Secretar\u00eda de Seguridad de la Municipalidad de Tornquist lleva a conocimiento de los diferentes procedimientos policiales llevados a cabo en el distrito durante el \u00faltimo fin de semana comprendido entre el d\u00eda Viernes 18 y Lunes 21 del corriente, todo ello en el marco de los Operativos Saturaci\u00f3n diagramado por la Superioridad Policial.","og_url":"https:\/\/www.noticiasradioreflejos.com.ar\/2021\/nueve-aprehendidos-en-el-ultimo-fin-de-semana\/","og_site_name":"Noticias Radio Reflejos","article_published_time":"2020-09-21T13:54:26+00:00","og_image":[{"url":"http:\/\/live.staticflickr.com\/65535\/50367112468_2e49b5122d_w.jpg","type":"","width":"","height":""}],"author":"Arnaldo Botto","twitter_card":"summary_large_image","schema":{"@context":"https:\/\/schema.org","@graph":[{"@type":"WebPage","@id":"https:\/\/www.noticiasradioreflejos.com.ar\/2021\/nueve-aprehendidos-en-el-ultimo-fin-de-semana\/","url":"https:\/\/www.noticiasradioreflejos.com.ar\/2021\/nueve-aprehendidos-en-el-ultimo-fin-de-semana\/","name":"Nueve aprehendidos en el \u00faltimo fin de semana - Noticias Radio Reflejos","isPartOf":{"@id":"https:\/\/www.noticiasradioreflejos.com.ar\/2021\/#website"},"primaryImageOfPage":{"@id":"https:\/\/www.noticiasradioreflejos.com.ar\/2021\/nueve-aprehendidos-en-el-ultimo-fin-de-semana\/#primaryimage"},"image":{"@id":"https:\/\/www.noticiasradioreflejos.com.ar\/2021\/nueve-aprehendidos-en-el-ultimo-fin-de-semana\/#primaryimage"},"thumbnailUrl":"http:\/\/live.staticflickr.com\/65535\/50367112468_2e49b5122d_w.jpg","datePublished":"2020-09-21T13:54:26+00:00","author":{"@id":"https:\/\/www.noticiasradioreflejos.com.ar\/2021\/#\/schema\/person\/ad82545263dcc5ec0996818884fd5fb1"},"breadcrumb":{"@id":"https:\/\/www.noticiasradioreflejos.com.ar\/2021\/nueve-aprehendidos-en-el-ultimo-fin-de-semana\/#breadcrumb"},"inLanguage":"es","potentialAction":[{"@type":"ReadAction","target":["https:\/\/www.noticiasradioreflejos.com.ar\/2021\/nueve-aprehendidos-en-el-ultimo-fin-de-semana\/"]}]},{"@type":"ImageObject","inLanguage":"es","@id":"https:\/\/www.noticiasradioreflejos.com.ar\/2021\/nueve-aprehendidos-en-el-ultimo-fin-de-semana\/#primaryimage","url":"http:\/\/live.staticflickr.com\/65535\/50367112468_2e49b5122d_w.jpg","contentUrl":"http:\/\/live.staticflickr.com\/65535\/50367112468_2e49b5122d_w.jpg"},{"@type":"BreadcrumbList","@id":"https:\/\/www.noticiasradioreflejos.com.ar\/2021\/nueve-aprehendidos-en-el-ultimo-fin-de-semana\/#breadcrumb","itemListElement":[{"@type":"ListItem","position":1,"name":"Portada","item":"https:\/\/www.noticiasradioreflejos.com.ar\/2021\/"},{"@type":"ListItem","position":2,"name":"Nueve aprehendidos en el \u00faltimo fin de semana"}]},{"@type":"WebSite","@id":"https:\/\/www.noticiasradioreflejos.com.ar\/2021\/#website","url":"https:\/\/www.noticiasradioreflejos.com.ar\/2021\/","name":"Noticias Radio Reflejos","description":"Las noticias de mi comarca","potentialAction":[{"@type":"SearchAction","target":{"@type":"EntryPoint","urlTemplate":"https:\/\/www.noticiasradioreflejos.com.ar\/2021\/?s={search_term_string}"},"query-input":{"@type":"PropertyValueSpecification","valueRequired":true,"valueName":"search_term_string"}}],"inLanguage":"es"},{"@type":"Person","@id":"https:\/\/www.noticiasradioreflejos.com.ar\/2021\/#\/schema\/person\/ad82545263dcc5ec0996818884fd5fb1","name":"Arnaldo Botto","image":{"@type":"ImageObject","inLanguage":"es","@id":"https:\/\/www.noticiasradioreflejos.com.ar\/2021\/#\/schema\/person\/image\/","url":"https:\/\/secure.gravatar.com\/avatar\/55cb5e37c1efa326397366e6974cb338056df65cb50e7d64d1cf314e87504837?s=96&d=mm&r=g","contentUrl":"https:\/\/secure.gravatar.com\/avatar\/55cb5e37c1efa326397366e6974cb338056df65cb50e7d64d1cf314e87504837?s=96&d=mm&r=g","caption":"Arnaldo Botto"},"url":"https:\/\/www.noticiasradioreflejos.com.ar\/2021\/author\/arnaldo\/"}]}},"_links":{"self":[{"href":"https:\/\/www.noticiasradioreflejos.com.ar\/2021\/wp-json\/wp\/v2\/posts\/47139","targetHints":{"allow":["GET"]}}],"collection":[{"href":"https:\/\/www.noticiasradioreflejos.com.ar\/2021\/wp-json\/wp\/v2\/posts"}],"about":[{"href":"https:\/\/www.noticiasradioreflejos.com.ar\/2021\/wp-json\/wp\/v2\/types\/post"}],"author":[{"embeddable":true,"href":"https:\/\/www.noticiasradioreflejos.com.ar\/2021\/wp-json\/wp\/v2\/users\/3"}],"replies":[{"embeddable":true,"href":"https:\/\/www.noticiasradioreflejos.com.ar\/2021\/wp-json\/wp\/v2\/comments?post=47139"}],"version-history":[{"count":0,"href":"https:\/\/www.noticiasradioreflejos.com.ar\/2021\/wp-json\/wp\/v2\/posts\/47139\/revisions"}],"wp:attachment":[{"href":"https:\/\/www.noticiasradioreflejos.com.ar\/2021\/wp-json\/wp\/v2\/media?parent=47139"}],"wp:term":[{"taxonomy":"category","embeddable":true,"href":"https:\/\/www.noticiasradioreflejos.com.ar\/2021\/wp-json\/wp\/v2\/categories?post=47139"},{"taxonomy":"post_tag","embeddable":true,"href":"https:\/\/www.noticiasradioreflejos.com.ar\/2021\/wp-json\/wp\/v2\/tags?post=47139"}],"curies":[{"name":"wp","href":"https:\/\/api.w.org\/{rel}","templated":true}]}}