{"id":4706,"date":"2016-12-13T13:06:37","date_gmt":"2016-12-13T13:06:37","guid":{"rendered":"http:\/\/noticiasradioreflejos.com.ar\/noticias\/?p=4706"},"modified":"2016-12-13T13:06:37","modified_gmt":"2016-12-13T13:06:37","slug":"se-cerro-el-taller-de-deportes-en-pelicura","status":"publish","type":"post","link":"https:\/\/www.noticiasradioreflejos.com.ar\/2021\/se-cerro-el-taller-de-deportes-en-pelicura\/","title":{"rendered":"Se cerr\u00f3 el taller de deportes en Pelicur\u00e1"},"content":{"rendered":"<p>En el d\u00eda de ayer se realiz\u00f3 un encuentro para celebrar el cierre del Taller de Deportes\u00a0en\u00a0la localidad de Pelicur\u00e1. El mismo fue dictado por la\u00a0Profesora de Gimnasia Juliana Fern\u00e1ndez\u00a0y organizado por la Direcci\u00f3n\u00a0 de Deportes de la Municipalidad de Tornquist y Delegaci\u00f3n\u00a0\u00a0Pelicur\u00e1.<!--more--><br \/>\nAl mismo concurrieron 17 ni\u00f1os de diferentes edades, de la localidad y zona rural; divididos en dos turnos.<br \/>\nEl taller con los alumnos,\u00a0 se realiz\u00f3 en la sede \u00a0del Club Atl\u00e9tico Pelicurense dadas las malas condiciones clim\u00e1ticas.\u00a0Se agradece en forma muy especial a la instituci\u00f3n social por ceder las instalaciones para el desarrollo de las actividades.<br \/>\n<a title=\"WhatsApp Image 2016-12-13 at 7.56.52 AM\" href=\"http:\/\/farm1.staticflickr.com\/285\/30809367973_d9b7438446_c.jpg\" rel=\"\"><img loading=\"lazy\" decoding=\"async\" class=\"aligncenter\" title=\"WhatsApp Image 2016-12-13 at 7.56.52 AM\" src=\"http:\/\/farm1.staticflickr.com\/285\/30809367973_d9b7438446_c.jpg\" alt=\"WhatsApp Image 2016-12-13 at 7.56.52 AM\" width=\"800\" height=\"480\" \/><\/a><br \/>\n<a title=\"WhatsApp Image 2016-12-13 at 7.57.27 AM\" href=\"http:\/\/farm1.staticflickr.com\/221\/30809367043_ab0c2b69ff_c.jpg\" rel=\"\"><img loading=\"lazy\" decoding=\"async\" class=\"aligncenter\" title=\"WhatsApp Image 2016-12-13 at 7.57.27 AM\" src=\"http:\/\/farm1.staticflickr.com\/221\/30809367043_ab0c2b69ff_c.jpg\" alt=\"WhatsApp Image 2016-12-13 at 7.57.27 AM\" width=\"480\" height=\"800\" \/><\/a><\/p>\n","protected":false},"excerpt":{"rendered":"<p>En el d\u00eda de ayer se realiz\u00f3 un encuentro para celebrar el cierre del Taller de Deportes\u00a0en\u00a0la localidad de Pelicur\u00e1. El mismo fue dictado por la\u00a0Profesora de Gimnasia Juliana Fern\u00e1ndez\u00a0y organizado por la Direcci\u00f3n\u00a0 de Deportes de la Municipalidad de Tornquist y Delegaci\u00f3n\u00a0\u00a0Pelicur\u00e1.<\/p>\n","protected":false},"author":3,"featured_media":0,"comment_status":"closed","ping_status":"open","sticky":false,"template":"","format":"standard","meta":{"footnotes":""},"categories":[35],"tags":[],"class_list":["post-4706","post","type-post","status-publish","format-standard","hentry","category-cultura"],"yoast_head":"<!-- This site is optimized with the Yoast SEO plugin v25.9 - https:\/\/yoast.com\/wordpress\/plugins\/seo\/ -->\n<title>Se cerr\u00f3 el taller de deportes en Pelicur\u00e1 - Noticias Radio Reflejos<\/title>\n<meta name=\"robots\" content=\"index, follow, max-snippet:-1, max-image-preview:large, max-video-preview:-1\" \/>\n<link rel=\"canonical\" href=\"https:\/\/www.noticiasradioreflejos.com.ar\/2021\/se-cerro-el-taller-de-deportes-en-pelicura\/\" \/>\n<meta property=\"og:locale\" content=\"es_ES\" \/>\n<meta property=\"og:type\" content=\"article\" \/>\n<meta property=\"og:title\" content=\"Se cerr\u00f3 el taller de deportes en Pelicur\u00e1 - Noticias Radio Reflejos\" \/>\n<meta property=\"og:description\" content=\"En el d\u00eda de ayer se realiz\u00f3 un encuentro para celebrar el cierre del Taller de Deportes\u00a0en\u00a0la localidad de Pelicur\u00e1. El mismo fue dictado por la\u00a0Profesora de Gimnasia Juliana Fern\u00e1ndez\u00a0y organizado por la Direcci\u00f3n\u00a0 de Deportes de la Municipalidad de Tornquist y Delegaci\u00f3n\u00a0\u00a0Pelicur\u00e1.\" \/>\n<meta property=\"og:url\" content=\"https:\/\/www.noticiasradioreflejos.com.ar\/2021\/se-cerro-el-taller-de-deportes-en-pelicura\/\" \/>\n<meta property=\"og:site_name\" content=\"Noticias Radio Reflejos\" \/>\n<meta property=\"article:published_time\" content=\"2016-12-13T13:06:37+00:00\" \/>\n<meta property=\"og:image\" content=\"http:\/\/farm1.staticflickr.com\/285\/30809367973_d9b7438446_c.jpg\" \/>\n<meta name=\"author\" content=\"Arnaldo Botto\" \/>\n<meta name=\"twitter:card\" content=\"summary_large_image\" \/>\n<script type=\"application\/ld+json\" class=\"yoast-schema-graph\">{\"@context\":\"https:\/\/schema.org\",\"@graph\":[{\"@type\":\"WebPage\",\"@id\":\"https:\/\/www.noticiasradioreflejos.com.ar\/2021\/se-cerro-el-taller-de-deportes-en-pelicura\/\",\"url\":\"https:\/\/www.noticiasradioreflejos.com.ar\/2021\/se-cerro-el-taller-de-deportes-en-pelicura\/\",\"name\":\"Se cerr\u00f3 el taller de deportes en Pelicur\u00e1 - Noticias Radio Reflejos\",\"isPartOf\":{\"@id\":\"https:\/\/www.noticiasradioreflejos.com.ar\/2021\/#website\"},\"primaryImageOfPage\":{\"@id\":\"https:\/\/www.noticiasradioreflejos.com.ar\/2021\/se-cerro-el-taller-de-deportes-en-pelicura\/#primaryimage\"},\"image\":{\"@id\":\"https:\/\/www.noticiasradioreflejos.com.ar\/2021\/se-cerro-el-taller-de-deportes-en-pelicura\/#primaryimage\"},\"thumbnailUrl\":\"http:\/\/farm1.staticflickr.com\/285\/30809367973_d9b7438446_c.jpg\",\"datePublished\":\"2016-12-13T13:06:37+00:00\",\"author\":{\"@id\":\"https:\/\/www.noticiasradioreflejos.com.ar\/2021\/#\/schema\/person\/ad82545263dcc5ec0996818884fd5fb1\"},\"breadcrumb\":{\"@id\":\"https:\/\/www.noticiasradioreflejos.com.ar\/2021\/se-cerro-el-taller-de-deportes-en-pelicura\/#breadcrumb\"},\"inLanguage\":\"es\",\"potentialAction\":[{\"@type\":\"ReadAction\",\"target\":[\"https:\/\/www.noticiasradioreflejos.com.ar\/2021\/se-cerro-el-taller-de-deportes-en-pelicura\/\"]}]},{\"@type\":\"ImageObject\",\"inLanguage\":\"es\",\"@id\":\"https:\/\/www.noticiasradioreflejos.com.ar\/2021\/se-cerro-el-taller-de-deportes-en-pelicura\/#primaryimage\",\"url\":\"http:\/\/farm1.staticflickr.com\/285\/30809367973_d9b7438446_c.jpg\",\"contentUrl\":\"http:\/\/farm1.staticflickr.com\/285\/30809367973_d9b7438446_c.jpg\"},{\"@type\":\"BreadcrumbList\",\"@id\":\"https:\/\/www.noticiasradioreflejos.com.ar\/2021\/se-cerro-el-taller-de-deportes-en-pelicura\/#breadcrumb\",\"itemListElement\":[{\"@type\":\"ListItem\",\"position\":1,\"name\":\"Portada\",\"item\":\"https:\/\/www.noticiasradioreflejos.com.ar\/2021\/\"},{\"@type\":\"ListItem\",\"position\":2,\"name\":\"Se cerr\u00f3 el taller de deportes en Pelicur\u00e1\"}]},{\"@type\":\"WebSite\",\"@id\":\"https:\/\/www.noticiasradioreflejos.com.ar\/2021\/#website\",\"url\":\"https:\/\/www.noticiasradioreflejos.com.ar\/2021\/\",\"name\":\"Noticias Radio Reflejos\",\"description\":\"Las noticias de mi comarca\",\"potentialAction\":[{\"@type\":\"SearchAction\",\"target\":{\"@type\":\"EntryPoint\",\"urlTemplate\":\"https:\/\/www.noticiasradioreflejos.com.ar\/2021\/?s={search_term_string}\"},\"query-input\":{\"@type\":\"PropertyValueSpecification\",\"valueRequired\":true,\"valueName\":\"search_term_string\"}}],\"inLanguage\":\"es\"},{\"@type\":\"Person\",\"@id\":\"https:\/\/www.noticiasradioreflejos.com.ar\/2021\/#\/schema\/person\/ad82545263dcc5ec0996818884fd5fb1\",\"name\":\"Arnaldo Botto\",\"image\":{\"@type\":\"ImageObject\",\"inLanguage\":\"es\",\"@id\":\"https:\/\/www.noticiasradioreflejos.com.ar\/2021\/#\/schema\/person\/image\/\",\"url\":\"https:\/\/secure.gravatar.com\/avatar\/55cb5e37c1efa326397366e6974cb338056df65cb50e7d64d1cf314e87504837?s=96&d=mm&r=g\",\"contentUrl\":\"https:\/\/secure.gravatar.com\/avatar\/55cb5e37c1efa326397366e6974cb338056df65cb50e7d64d1cf314e87504837?s=96&d=mm&r=g\",\"caption\":\"Arnaldo Botto\"},\"url\":\"https:\/\/www.noticiasradioreflejos.com.ar\/2021\/author\/arnaldo\/\"}]}<\/script>\n<!-- \/ Yoast SEO plugin. -->","yoast_head_json":{"title":"Se cerr\u00f3 el taller de deportes en Pelicur\u00e1 - Noticias Radio Reflejos","robots":{"index":"index","follow":"follow","max-snippet":"max-snippet:-1","max-image-preview":"max-image-preview:large","max-video-preview":"max-video-preview:-1"},"canonical":"https:\/\/www.noticiasradioreflejos.com.ar\/2021\/se-cerro-el-taller-de-deportes-en-pelicura\/","og_locale":"es_ES","og_type":"article","og_title":"Se cerr\u00f3 el taller de deportes en Pelicur\u00e1 - Noticias Radio Reflejos","og_description":"En el d\u00eda de ayer se realiz\u00f3 un encuentro para celebrar el cierre del Taller de Deportes\u00a0en\u00a0la localidad de Pelicur\u00e1. El mismo fue dictado por la\u00a0Profesora de Gimnasia Juliana Fern\u00e1ndez\u00a0y organizado por la Direcci\u00f3n\u00a0 de Deportes de la Municipalidad de Tornquist y Delegaci\u00f3n\u00a0\u00a0Pelicur\u00e1.","og_url":"https:\/\/www.noticiasradioreflejos.com.ar\/2021\/se-cerro-el-taller-de-deportes-en-pelicura\/","og_site_name":"Noticias Radio Reflejos","article_published_time":"2016-12-13T13:06:37+00:00","og_image":[{"url":"http:\/\/farm1.staticflickr.com\/285\/30809367973_d9b7438446_c.jpg","type":"","width":"","height":""}],"author":"Arnaldo Botto","twitter_card":"summary_large_image","schema":{"@context":"https:\/\/schema.org","@graph":[{"@type":"WebPage","@id":"https:\/\/www.noticiasradioreflejos.com.ar\/2021\/se-cerro-el-taller-de-deportes-en-pelicura\/","url":"https:\/\/www.noticiasradioreflejos.com.ar\/2021\/se-cerro-el-taller-de-deportes-en-pelicura\/","name":"Se cerr\u00f3 el taller de deportes en Pelicur\u00e1 - Noticias Radio Reflejos","isPartOf":{"@id":"https:\/\/www.noticiasradioreflejos.com.ar\/2021\/#website"},"primaryImageOfPage":{"@id":"https:\/\/www.noticiasradioreflejos.com.ar\/2021\/se-cerro-el-taller-de-deportes-en-pelicura\/#primaryimage"},"image":{"@id":"https:\/\/www.noticiasradioreflejos.com.ar\/2021\/se-cerro-el-taller-de-deportes-en-pelicura\/#primaryimage"},"thumbnailUrl":"http:\/\/farm1.staticflickr.com\/285\/30809367973_d9b7438446_c.jpg","datePublished":"2016-12-13T13:06:37+00:00","author":{"@id":"https:\/\/www.noticiasradioreflejos.com.ar\/2021\/#\/schema\/person\/ad82545263dcc5ec0996818884fd5fb1"},"breadcrumb":{"@id":"https:\/\/www.noticiasradioreflejos.com.ar\/2021\/se-cerro-el-taller-de-deportes-en-pelicura\/#breadcrumb"},"inLanguage":"es","potentialAction":[{"@type":"ReadAction","target":["https:\/\/www.noticiasradioreflejos.com.ar\/2021\/se-cerro-el-taller-de-deportes-en-pelicura\/"]}]},{"@type":"ImageObject","inLanguage":"es","@id":"https:\/\/www.noticiasradioreflejos.com.ar\/2021\/se-cerro-el-taller-de-deportes-en-pelicura\/#primaryimage","url":"http:\/\/farm1.staticflickr.com\/285\/30809367973_d9b7438446_c.jpg","contentUrl":"http:\/\/farm1.staticflickr.com\/285\/30809367973_d9b7438446_c.jpg"},{"@type":"BreadcrumbList","@id":"https:\/\/www.noticiasradioreflejos.com.ar\/2021\/se-cerro-el-taller-de-deportes-en-pelicura\/#breadcrumb","itemListElement":[{"@type":"ListItem","position":1,"name":"Portada","item":"https:\/\/www.noticiasradioreflejos.com.ar\/2021\/"},{"@type":"ListItem","position":2,"name":"Se cerr\u00f3 el taller de deportes en Pelicur\u00e1"}]},{"@type":"WebSite","@id":"https:\/\/www.noticiasradioreflejos.com.ar\/2021\/#website","url":"https:\/\/www.noticiasradioreflejos.com.ar\/2021\/","name":"Noticias Radio Reflejos","description":"Las noticias de mi comarca","potentialAction":[{"@type":"SearchAction","target":{"@type":"EntryPoint","urlTemplate":"https:\/\/www.noticiasradioreflejos.com.ar\/2021\/?s={search_term_string}"},"query-input":{"@type":"PropertyValueSpecification","valueRequired":true,"valueName":"search_term_string"}}],"inLanguage":"es"},{"@type":"Person","@id":"https:\/\/www.noticiasradioreflejos.com.ar\/2021\/#\/schema\/person\/ad82545263dcc5ec0996818884fd5fb1","name":"Arnaldo Botto","image":{"@type":"ImageObject","inLanguage":"es","@id":"https:\/\/www.noticiasradioreflejos.com.ar\/2021\/#\/schema\/person\/image\/","url":"https:\/\/secure.gravatar.com\/avatar\/55cb5e37c1efa326397366e6974cb338056df65cb50e7d64d1cf314e87504837?s=96&d=mm&r=g","contentUrl":"https:\/\/secure.gravatar.com\/avatar\/55cb5e37c1efa326397366e6974cb338056df65cb50e7d64d1cf314e87504837?s=96&d=mm&r=g","caption":"Arnaldo Botto"},"url":"https:\/\/www.noticiasradioreflejos.com.ar\/2021\/author\/arnaldo\/"}]}},"_links":{"self":[{"href":"https:\/\/www.noticiasradioreflejos.com.ar\/2021\/wp-json\/wp\/v2\/posts\/4706","targetHints":{"allow":["GET"]}}],"collection":[{"href":"https:\/\/www.noticiasradioreflejos.com.ar\/2021\/wp-json\/wp\/v2\/posts"}],"about":[{"href":"https:\/\/www.noticiasradioreflejos.com.ar\/2021\/wp-json\/wp\/v2\/types\/post"}],"author":[{"embeddable":true,"href":"https:\/\/www.noticiasradioreflejos.com.ar\/2021\/wp-json\/wp\/v2\/users\/3"}],"replies":[{"embeddable":true,"href":"https:\/\/www.noticiasradioreflejos.com.ar\/2021\/wp-json\/wp\/v2\/comments?post=4706"}],"version-history":[{"count":0,"href":"https:\/\/www.noticiasradioreflejos.com.ar\/2021\/wp-json\/wp\/v2\/posts\/4706\/revisions"}],"wp:attachment":[{"href":"https:\/\/www.noticiasradioreflejos.com.ar\/2021\/wp-json\/wp\/v2\/media?parent=4706"}],"wp:term":[{"taxonomy":"category","embeddable":true,"href":"https:\/\/www.noticiasradioreflejos.com.ar\/2021\/wp-json\/wp\/v2\/categories?post=4706"},{"taxonomy":"post_tag","embeddable":true,"href":"https:\/\/www.noticiasradioreflejos.com.ar\/2021\/wp-json\/wp\/v2\/tags?post=4706"}],"curies":[{"name":"wp","href":"https:\/\/api.w.org\/{rel}","templated":true}]}}