{"id":4702,"date":"2016-12-13T12:43:16","date_gmt":"2016-12-13T12:43:16","guid":{"rendered":"http:\/\/noticiasradioreflejos.com.ar\/noticias\/?p=4702"},"modified":"2016-12-13T12:43:16","modified_gmt":"2016-12-13T12:43:16","slug":"los-bancarios-van-a-un-paro-por-48-horas","status":"publish","type":"post","link":"https:\/\/www.noticiasradioreflejos.com.ar\/2021\/los-bancarios-van-a-un-paro-por-48-horas\/","title":{"rendered":"Los Bancarios van a un paro por 48 horas"},"content":{"rendered":"<p>La Asociaci\u00f3n Bancaria defini\u00f3 un paro de 48 horas que afectar\u00e1 al Banco Central y a los bancos extranjeros y especializados para este mi\u00e9rcoles, y una huelga de 24 horas para el jueves que afectar\u00e1 a los bancos p\u00fablicos y privados de capital nacional.<br \/>\n<!--more--><br \/>\nAs\u00ed lo inform\u00f3 a DyN el secretario de Prensa de la Asociaci\u00f3n Bancaria, Eduardo Berrozpe, quien precis\u00f3 que \u00abla medida afectar\u00e1 a los bancos de la Asociaci\u00f3n de Bancos de la Argentina (ABA, de capital extranjero), al Banco Central y ABE (Asociaci\u00f3n de Banca Especializada) el mi\u00e9rcoles, y de 24 horas el el jueves a los bancos nacionales\u00bb.<br \/>\nEl mi\u00e9rcoles pasado, dirigentes de La Bancaria se reunieron con los de la ABA en el Ministerio de Trabajo para avanzar en el pago de un bono de fin de a\u00f1o.<br \/>\nA criterio de Sergio Palazzo, secretario general de los bancarios, ABA ofreci\u00f3 una propuesta \u00abinsuficiente\u00bb que solo contemplaba el otorgamiento del bono de fin de a\u00f1o, pero no incluye el resto del preacuerdo paritario 2017 consensuado con las otras dos c\u00e1maras (ADEBA y ABAPPRA) que representan al 80 por ciento del sector.<br \/>\nEn tanto, ABA dijo, en un comunicado, que ofreci\u00f3 adem\u00e1s del bono, tambi\u00e9n reconocer a partir del 1 de enero de 2017 un incremento del 4% del salario m\u00ednimo inicial (elev\u00e1ndolo a $ 20.416,16), siendo dicho porcentaje aplicable a todos los trabajadores.<br \/>\nPor otra parte, ABA manifest\u00f3 su disposici\u00f3n a iniciar en enero pr\u00f3ximo las negociaciones paritarias para el per\u00edodo 2017, con el objeto de mantener el poder adquisitivo del salario. Palazzo consider\u00f3 que la entidad que representa a los bancos extranjeros \u00abclaramente lo que busca es romper el acuerdo con el resto de las c\u00e1maras\u00bb.<br \/>\nSeg\u00fan precis\u00f3, el bono ofrecido para diciembre era el mismo monto que va de 8.000 a 12.000 (seg\u00fan la escala salarial) acordado con el resto de las c\u00e1maras.<br \/>\nEl gremialista record\u00f3 que el acuerdo salarial de los bancarios vence el 31 de diciembre de este a\u00f1o y advirti\u00f3 que esta posici\u00f3n de ABA \u00abpone en riesgo\u00bb la negociaci\u00f3n paritaria 2017.<\/p>\n","protected":false},"excerpt":{"rendered":"<p>La Asociaci\u00f3n Bancaria defini\u00f3 un paro de 48 horas que afectar\u00e1 al Banco Central y a los bancos extranjeros y especializados para este mi\u00e9rcoles, y una huelga de 24 horas para el jueves que afectar\u00e1 a los bancos p\u00fablicos y privados de capital nacional.<\/p>\n","protected":false},"author":3,"featured_media":0,"comment_status":"closed","ping_status":"open","sticky":false,"template":"","format":"standard","meta":{"footnotes":""},"categories":[26],"tags":[],"class_list":["post-4702","post","type-post","status-publish","format-standard","hentry","category-sociedad"],"yoast_head":"<!-- This site is optimized with the Yoast SEO plugin v25.9 - https:\/\/yoast.com\/wordpress\/plugins\/seo\/ -->\n<title>Los Bancarios van a un paro por 48 horas - Noticias Radio Reflejos<\/title>\n<meta name=\"robots\" content=\"index, follow, max-snippet:-1, max-image-preview:large, max-video-preview:-1\" \/>\n<link rel=\"canonical\" href=\"https:\/\/www.noticiasradioreflejos.com.ar\/2021\/los-bancarios-van-a-un-paro-por-48-horas\/\" \/>\n<meta property=\"og:locale\" content=\"es_ES\" \/>\n<meta property=\"og:type\" content=\"article\" \/>\n<meta property=\"og:title\" content=\"Los Bancarios van a un paro por 48 horas - Noticias Radio Reflejos\" \/>\n<meta property=\"og:description\" content=\"La Asociaci\u00f3n Bancaria defini\u00f3 un paro de 48 horas que afectar\u00e1 al Banco Central y a los bancos extranjeros y especializados para este mi\u00e9rcoles, y una huelga de 24 horas para el jueves que afectar\u00e1 a los bancos p\u00fablicos y privados de capital nacional.\" \/>\n<meta property=\"og:url\" content=\"https:\/\/www.noticiasradioreflejos.com.ar\/2021\/los-bancarios-van-a-un-paro-por-48-horas\/\" \/>\n<meta property=\"og:site_name\" content=\"Noticias Radio Reflejos\" \/>\n<meta property=\"article:published_time\" content=\"2016-12-13T12:43:16+00:00\" \/>\n<meta property=\"og:image\" content=\"https:\/\/www.noticiasradioreflejos.com.ar\/2021\/wp-content\/uploads\/2021\/07\/logosol300x200.png\" \/>\n\t<meta property=\"og:image:width\" content=\"300\" \/>\n\t<meta property=\"og:image:height\" content=\"200\" \/>\n\t<meta property=\"og:image:type\" content=\"image\/png\" \/>\n<meta name=\"author\" content=\"Arnaldo Botto\" \/>\n<meta name=\"twitter:card\" content=\"summary_large_image\" \/>\n<script type=\"application\/ld+json\" class=\"yoast-schema-graph\">{\"@context\":\"https:\/\/schema.org\",\"@graph\":[{\"@type\":\"WebPage\",\"@id\":\"https:\/\/www.noticiasradioreflejos.com.ar\/2021\/los-bancarios-van-a-un-paro-por-48-horas\/\",\"url\":\"https:\/\/www.noticiasradioreflejos.com.ar\/2021\/los-bancarios-van-a-un-paro-por-48-horas\/\",\"name\":\"Los Bancarios van a un paro por 48 horas - Noticias Radio Reflejos\",\"isPartOf\":{\"@id\":\"https:\/\/www.noticiasradioreflejos.com.ar\/2021\/#website\"},\"datePublished\":\"2016-12-13T12:43:16+00:00\",\"author\":{\"@id\":\"https:\/\/www.noticiasradioreflejos.com.ar\/2021\/#\/schema\/person\/ad82545263dcc5ec0996818884fd5fb1\"},\"breadcrumb\":{\"@id\":\"https:\/\/www.noticiasradioreflejos.com.ar\/2021\/los-bancarios-van-a-un-paro-por-48-horas\/#breadcrumb\"},\"inLanguage\":\"es\",\"potentialAction\":[{\"@type\":\"ReadAction\",\"target\":[\"https:\/\/www.noticiasradioreflejos.com.ar\/2021\/los-bancarios-van-a-un-paro-por-48-horas\/\"]}]},{\"@type\":\"BreadcrumbList\",\"@id\":\"https:\/\/www.noticiasradioreflejos.com.ar\/2021\/los-bancarios-van-a-un-paro-por-48-horas\/#breadcrumb\",\"itemListElement\":[{\"@type\":\"ListItem\",\"position\":1,\"name\":\"Portada\",\"item\":\"https:\/\/www.noticiasradioreflejos.com.ar\/2021\/\"},{\"@type\":\"ListItem\",\"position\":2,\"name\":\"Los Bancarios van a un paro por 48 horas\"}]},{\"@type\":\"WebSite\",\"@id\":\"https:\/\/www.noticiasradioreflejos.com.ar\/2021\/#website\",\"url\":\"https:\/\/www.noticiasradioreflejos.com.ar\/2021\/\",\"name\":\"Noticias Radio Reflejos\",\"description\":\"Las noticias de mi comarca\",\"potentialAction\":[{\"@type\":\"SearchAction\",\"target\":{\"@type\":\"EntryPoint\",\"urlTemplate\":\"https:\/\/www.noticiasradioreflejos.com.ar\/2021\/?s={search_term_string}\"},\"query-input\":{\"@type\":\"PropertyValueSpecification\",\"valueRequired\":true,\"valueName\":\"search_term_string\"}}],\"inLanguage\":\"es\"},{\"@type\":\"Person\",\"@id\":\"https:\/\/www.noticiasradioreflejos.com.ar\/2021\/#\/schema\/person\/ad82545263dcc5ec0996818884fd5fb1\",\"name\":\"Arnaldo Botto\",\"image\":{\"@type\":\"ImageObject\",\"inLanguage\":\"es\",\"@id\":\"https:\/\/www.noticiasradioreflejos.com.ar\/2021\/#\/schema\/person\/image\/\",\"url\":\"https:\/\/secure.gravatar.com\/avatar\/55cb5e37c1efa326397366e6974cb338056df65cb50e7d64d1cf314e87504837?s=96&d=mm&r=g\",\"contentUrl\":\"https:\/\/secure.gravatar.com\/avatar\/55cb5e37c1efa326397366e6974cb338056df65cb50e7d64d1cf314e87504837?s=96&d=mm&r=g\",\"caption\":\"Arnaldo Botto\"},\"url\":\"https:\/\/www.noticiasradioreflejos.com.ar\/2021\/author\/arnaldo\/\"}]}<\/script>\n<!-- \/ Yoast SEO plugin. -->","yoast_head_json":{"title":"Los Bancarios van a un paro por 48 horas - Noticias Radio Reflejos","robots":{"index":"index","follow":"follow","max-snippet":"max-snippet:-1","max-image-preview":"max-image-preview:large","max-video-preview":"max-video-preview:-1"},"canonical":"https:\/\/www.noticiasradioreflejos.com.ar\/2021\/los-bancarios-van-a-un-paro-por-48-horas\/","og_locale":"es_ES","og_type":"article","og_title":"Los Bancarios van a un paro por 48 horas - Noticias Radio Reflejos","og_description":"La Asociaci\u00f3n Bancaria defini\u00f3 un paro de 48 horas que afectar\u00e1 al Banco Central y a los bancos extranjeros y especializados para este mi\u00e9rcoles, y una huelga de 24 horas para el jueves que afectar\u00e1 a los bancos p\u00fablicos y privados de capital nacional.","og_url":"https:\/\/www.noticiasradioreflejos.com.ar\/2021\/los-bancarios-van-a-un-paro-por-48-horas\/","og_site_name":"Noticias Radio Reflejos","article_published_time":"2016-12-13T12:43:16+00:00","og_image":[{"width":300,"height":200,"url":"https:\/\/www.noticiasradioreflejos.com.ar\/2021\/wp-content\/uploads\/2021\/07\/logosol300x200.png","type":"image\/png"}],"author":"Arnaldo Botto","twitter_card":"summary_large_image","schema":{"@context":"https:\/\/schema.org","@graph":[{"@type":"WebPage","@id":"https:\/\/www.noticiasradioreflejos.com.ar\/2021\/los-bancarios-van-a-un-paro-por-48-horas\/","url":"https:\/\/www.noticiasradioreflejos.com.ar\/2021\/los-bancarios-van-a-un-paro-por-48-horas\/","name":"Los Bancarios van a un paro por 48 horas - Noticias Radio Reflejos","isPartOf":{"@id":"https:\/\/www.noticiasradioreflejos.com.ar\/2021\/#website"},"datePublished":"2016-12-13T12:43:16+00:00","author":{"@id":"https:\/\/www.noticiasradioreflejos.com.ar\/2021\/#\/schema\/person\/ad82545263dcc5ec0996818884fd5fb1"},"breadcrumb":{"@id":"https:\/\/www.noticiasradioreflejos.com.ar\/2021\/los-bancarios-van-a-un-paro-por-48-horas\/#breadcrumb"},"inLanguage":"es","potentialAction":[{"@type":"ReadAction","target":["https:\/\/www.noticiasradioreflejos.com.ar\/2021\/los-bancarios-van-a-un-paro-por-48-horas\/"]}]},{"@type":"BreadcrumbList","@id":"https:\/\/www.noticiasradioreflejos.com.ar\/2021\/los-bancarios-van-a-un-paro-por-48-horas\/#breadcrumb","itemListElement":[{"@type":"ListItem","position":1,"name":"Portada","item":"https:\/\/www.noticiasradioreflejos.com.ar\/2021\/"},{"@type":"ListItem","position":2,"name":"Los Bancarios van a un paro por 48 horas"}]},{"@type":"WebSite","@id":"https:\/\/www.noticiasradioreflejos.com.ar\/2021\/#website","url":"https:\/\/www.noticiasradioreflejos.com.ar\/2021\/","name":"Noticias Radio Reflejos","description":"Las noticias de mi comarca","potentialAction":[{"@type":"SearchAction","target":{"@type":"EntryPoint","urlTemplate":"https:\/\/www.noticiasradioreflejos.com.ar\/2021\/?s={search_term_string}"},"query-input":{"@type":"PropertyValueSpecification","valueRequired":true,"valueName":"search_term_string"}}],"inLanguage":"es"},{"@type":"Person","@id":"https:\/\/www.noticiasradioreflejos.com.ar\/2021\/#\/schema\/person\/ad82545263dcc5ec0996818884fd5fb1","name":"Arnaldo Botto","image":{"@type":"ImageObject","inLanguage":"es","@id":"https:\/\/www.noticiasradioreflejos.com.ar\/2021\/#\/schema\/person\/image\/","url":"https:\/\/secure.gravatar.com\/avatar\/55cb5e37c1efa326397366e6974cb338056df65cb50e7d64d1cf314e87504837?s=96&d=mm&r=g","contentUrl":"https:\/\/secure.gravatar.com\/avatar\/55cb5e37c1efa326397366e6974cb338056df65cb50e7d64d1cf314e87504837?s=96&d=mm&r=g","caption":"Arnaldo Botto"},"url":"https:\/\/www.noticiasradioreflejos.com.ar\/2021\/author\/arnaldo\/"}]}},"_links":{"self":[{"href":"https:\/\/www.noticiasradioreflejos.com.ar\/2021\/wp-json\/wp\/v2\/posts\/4702","targetHints":{"allow":["GET"]}}],"collection":[{"href":"https:\/\/www.noticiasradioreflejos.com.ar\/2021\/wp-json\/wp\/v2\/posts"}],"about":[{"href":"https:\/\/www.noticiasradioreflejos.com.ar\/2021\/wp-json\/wp\/v2\/types\/post"}],"author":[{"embeddable":true,"href":"https:\/\/www.noticiasradioreflejos.com.ar\/2021\/wp-json\/wp\/v2\/users\/3"}],"replies":[{"embeddable":true,"href":"https:\/\/www.noticiasradioreflejos.com.ar\/2021\/wp-json\/wp\/v2\/comments?post=4702"}],"version-history":[{"count":0,"href":"https:\/\/www.noticiasradioreflejos.com.ar\/2021\/wp-json\/wp\/v2\/posts\/4702\/revisions"}],"wp:attachment":[{"href":"https:\/\/www.noticiasradioreflejos.com.ar\/2021\/wp-json\/wp\/v2\/media?parent=4702"}],"wp:term":[{"taxonomy":"category","embeddable":true,"href":"https:\/\/www.noticiasradioreflejos.com.ar\/2021\/wp-json\/wp\/v2\/categories?post=4702"},{"taxonomy":"post_tag","embeddable":true,"href":"https:\/\/www.noticiasradioreflejos.com.ar\/2021\/wp-json\/wp\/v2\/tags?post=4702"}],"curies":[{"name":"wp","href":"https:\/\/api.w.org\/{rel}","templated":true}]}}