{"id":4696,"date":"2016-12-13T01:13:26","date_gmt":"2016-12-13T01:13:26","guid":{"rendered":"http:\/\/noticiasradioreflejos.com.ar\/noticias\/?p=4696"},"modified":"2016-12-13T01:13:26","modified_gmt":"2016-12-13T01:13:26","slug":"carta-de-sergio-massa-a-nuestro-presidente","status":"publish","type":"post","link":"https:\/\/www.noticiasradioreflejos.com.ar\/2021\/carta-de-sergio-massa-a-nuestro-presidente\/","title":{"rendered":"Carta de Sergio Massa a nuestro Presidente"},"content":{"rendered":"<p>Excelent\u00edsimo Se\u00f1or Presidente de la Rep\u00fablica,<!--more--><br \/>\nSr. Mauricio Macri.<br \/>\n&nbsp;<br \/>\n<wbr \/>\u00a0\u00a0\u00a0\u00a0\u00a0\u00a0\u00a0\u00a0\u00a0\u00a0\u00a0\u00a0\u00a0\u00a0\u00a0\u00a0\u00a0\u00a0\u00a0\u00a0\u00a0\u00a0\u00a0\u00a0\u00a0\u00a0\u00a0\u00a0\u00a0\u00a0<wbr \/>\u00a0\u00a0\u00a0\u00a0\u00a0\u00a0\u00a0\u00a0\u00a0\u00a0 Decid\u00ed enviarle esta carta y hacerla p\u00fablica como una forma de reflexionar juntos sobre los recientes acontecimientos.<br \/>\n&nbsp;<br \/>\n<wbr \/>\u00a0\u00a0\u00a0\u00a0\u00a0\u00a0\u00a0\u00a0\u00a0\u00a0\u00a0\u00a0\u00a0\u00a0\u00a0\u00a0\u00a0\u00a0\u00a0\u00a0\u00a0\u00a0\u00a0\u00a0\u00a0\u00a0\u00a0\u00a0\u00a0\u00a0<wbr \/>\u00a0\u00a0\u00a0\u00a0\u00a0\u00a0\u00a0\u00a0\u00a0\u00a0 Es importante para el futuro de nuestro pa\u00eds que aprendamos todos, a respetar las instituciones y la divisi\u00f3n de poderes.<br \/>\nEs en el Congreso donde se discuten y se aprueban las leyes \u00a0que tratan de resolver los problemas entre el Estado nacional, las provincias y los ciudadanos.<br \/>\nNuestro deber como diputados nacionales es representar los intereses del pueblo argentino.<br \/>\n&nbsp;<br \/>\n<wbr \/>\u00a0\u00a0\u00a0\u00a0\u00a0\u00a0\u00a0\u00a0\u00a0\u00a0\u00a0\u00a0\u00a0\u00a0\u00a0\u00a0\u00a0\u00a0\u00a0\u00a0\u00a0\u00a0\u00a0\u00a0\u00a0\u00a0\u00a0\u00a0\u00a0\u00a0<wbr \/>\u00a0\u00a0\u00a0\u00a0\u00a0\u00a0\u00a0\u00a0\u00a0\u00a0 A usted, a la opini\u00f3n p\u00fablica y a la gente, les consta que siempre hemos contemplado responsablemente los intereses del Estado nacional y de las provincias.<br \/>\n&nbsp;<br \/>\n<wbr \/>\u00a0\u00a0\u00a0\u00a0\u00a0\u00a0\u00a0\u00a0\u00a0\u00a0\u00a0\u00a0\u00a0\u00a0\u00a0\u00a0\u00a0\u00a0\u00a0\u00a0\u00a0\u00a0\u00a0\u00a0\u00a0\u00a0\u00a0\u00a0\u00a0\u00a0<wbr \/>\u00a0\u00a0\u00a0\u00a0\u00a0\u00a0\u00a0\u00a0\u00a0\u00a0 Ese fue, es\u00a0 y ser\u00e1 siempre el esp\u00edritu del bloque del Frente Renovador UNA. Trabajar para la gente. Legislar para obtener mejoras para quienes m\u00e1s necesitan. Y dar la discusi\u00f3n para corregir errores que puedan provocar situaciones dolorosas para la sociedad.<br \/>\n&nbsp;<br \/>\n<wbr \/>\u00a0\u00a0\u00a0\u00a0\u00a0\u00a0\u00a0\u00a0\u00a0\u00a0\u00a0\u00a0\u00a0\u00a0\u00a0\u00a0\u00a0\u00a0\u00a0\u00a0\u00a0\u00a0\u00a0\u00a0\u00a0\u00a0\u00a0\u00a0\u00a0\u00a0<wbr \/>\u00a0\u00a0\u00a0\u00a0\u00a0\u00a0\u00a0\u00a0\u00a0\u00a0 Desde el comienzo de su mandato, y a lo largo de estos 9 meses de sesiones legislativas,\u00a0 trabajamos con todos los bloques de este Congreso, \u00a0acompa\u00f1ando la sanci\u00f3n de leyes fundamentales para el funcionamiento de su gobierno y presentando otros puntos de vista o leyes propias, cuando cre\u00edamos necesario defender a quienes peor la est\u00e1n pasando.<br \/>\nSiempre en un \u00e1mbito de di\u00e1logo y consenso legislativo.<br \/>\n&nbsp;<br \/>\n<wbr \/>\u00a0\u00a0\u00a0\u00a0\u00a0\u00a0\u00a0\u00a0\u00a0\u00a0\u00a0\u00a0\u00a0\u00a0\u00a0\u00a0\u00a0\u00a0\u00a0\u00a0\u00a0\u00a0\u00a0\u00a0\u00a0\u00a0\u00a0\u00a0\u00a0\u00a0<wbr \/>\u00a0\u00a0\u00a0\u00a0\u00a0\u00a0\u00a0\u00a0\u00a0\u00a0 Esta din\u00e1mica se quebr\u00f3 el martes pasado, cuando usted le orden\u00f3 a sus diputados no discutir la posibilidad de un proyecto consensuado sobre la disminuci\u00f3n del impuesto a las Ganancias para los trabajadores,<br \/>\nUsted y sus diputados saben que esta es la verdad.<br \/>\n&nbsp;<br \/>\n<wbr \/>\u00a0\u00a0\u00a0\u00a0\u00a0\u00a0\u00a0\u00a0\u00a0\u00a0Usted sabe, se\u00f1or Presidente, porque usted y\u00a0su gobierno consultan a algunos de los referentes m\u00e1s importantes de nuestros equipos, que somos serios y responsables con las cuentas p\u00fablicas.<br \/>\n&nbsp;<br \/>\n<wbr \/>\u00a0\u00a0\u00a0\u00a0\u00a0\u00a0\u00a0\u00a0\u00a0\u00a0\u00a0\u00a0\u00a0\u00a0\u00a0\u00a0\u00a0\u00a0\u00a0\u00a0\u00a0\u00a0\u00a0\u00a0\u00a0\u00a0\u00a0\u00a0\u00a0\u00a0<wbr \/>\u00a0\u00a0\u00a0\u00a0\u00a0\u00a0\u00a0\u00a0\u00a0\u00a0 Si cre\u00eda que est\u00e1bamos incurriendo en un error que perjudicaba al Estado argentino, podr\u00eda haberme llamado, como lo ha hecho en otras oportunidades y por otros temas.<br \/>\n&nbsp;<br \/>\n<wbr \/>\u00a0\u00a0\u00a0\u00a0\u00a0\u00a0\u00a0\u00a0\u00a0\u00a0\u00a0\u00a0\u00a0\u00a0\u00a0\u00a0\u00a0\u00a0\u00a0\u00a0\u00a0\u00a0\u00a0\u00a0No se trata, se\u00f1or Presidente, de que usted o yo ganemos o perdamos. Se trata de que ganen todos los argentinos.<br \/>\nNo queremos, porque ya lo hemos vivido, que nos encerremos en el error, en relatos o en diferencias personales.<br \/>\n&nbsp;<br \/>\n&nbsp;<br \/>\n<wbr \/>\u00a0\u00a0\u00a0\u00a0\u00a0\u00a0\u00a0\u00a0\u00a0\u00a0\u00a0\u00a0\u00a0\u00a0\u00a0\u00a0\u00a0\u00a0\u00a0\u00a0\u00a0\u00a0\u00a0\u00a0\u00a0\u00a0\u00a0\u00a0\u00a0\u00a0<wbr \/>\u00a0\u00a0\u00a0\u00a0\u00a0\u00a0\u00a0\u00a0 Yo tengo con usted diferencias en la forma de mirar lo que est\u00e1 pasando en este momento en la Argentina, ninguna diferencia personal.<br \/>\nSer\u00eda prudente que seamos, como somos, memoriosos con el pasado.<br \/>\nPero que entendamos que los problemas de los argentinos est\u00e1n en el presente. Ni en el pasado ni en el futuro. Por eso le vuelvo a hacer un llamado a la reflexi\u00f3n.<br \/>\n&nbsp;<br \/>\n<wbr \/>\u00a0\u00a0\u00a0\u00a0\u00a0\u00a0\u00a0\u00a0\u00a0\u00a0\u00a0\u00a0\u00a0\u00a0\u00a0\u00a0\u00a0\u00a0\u00a0\u00a0\u00a0\u00a0\u00a0\u00a0\u00a0\u00a0\u00a0\u00a0\u00a0\u00a0<wbr \/>\u00a0\u00a0\u00a0\u00a0\u00a0\u00a0\u00a0\u00a0 Su responsabilidad es gobernar para todos, tambi\u00e9n para los que no lo votaron.<br \/>\nHay que respetar a las instituciones si queremos un verdadero cambio.<br \/>\nLas leyes se discuten y se aprueban en el Congreso.<br \/>\nEstamos dispuestos a seguir trabajando, si el gobierno deja su postura intransigente y se dispone a pensar en los trabajadores<br \/>\nHay que terminar con esa injusticia que grava el ingreso de los que m\u00e1s esfuerzo hacen y menos tienen.<br \/>\n&nbsp;<br \/>\n&nbsp;<br \/>\n<wbr \/>\u00a0\u00a0\u00a0\u00a0\u00a0\u00a0\u00a0\u00a0\u00a0\u00a0\u00a0\u00a0\u00a0\u00a0\u00a0\u00a0\u00a0\u00a0\u00a0\u00a0\u00a0\u00a0\u00a0\u00a0\u00a0\u00a0\u00a0\u00a0\u00a0\u00a0<wbr \/>\u00a0\u00a0\u00a0\u00a0\u00a0\u00a0\u00a0 Todos sabemos como recibi\u00f3 el pa\u00eds cuando asumi\u00f3. Por su propia decisi\u00f3n, tal vez, \u00a0no todo lo claro que necesit\u00e1bamos.<br \/>\n&nbsp;<br \/>\n<wbr \/>\u00a0\u00a0\u00a0\u00a0\u00a0\u00a0 \u00a0\u00a0\u00a0\u00a0\u00a0\u00a0\u00a0\u00a0\u00a0\u00a0\u00a0\u00a0\u00a0\u00a0\u00a0\u00a0\u00a0\u00a0\u00a0\u00a0\u00a0\u00a0\u00a0\u00a0\u00a0\u00a0\u00a0\u00a0\u00a0\u00a0<wbr \/>\u00a0Pero paso un a\u00f1o, necesitamos que arranque la econom\u00eda y que baje de verdad la inflaci\u00f3n.<br \/>\nNo usted o yo, los argentinos.<br \/>\nEn eso, no tenga dudas que nos va a encontrar trabajando para ayudar a generar los consensos que pongan el pa\u00eds en marcha de una vez.<br \/>\nPero es usted, Presidente, el que tiene que convocar, con amplitud y generosidad.<br \/>\n&nbsp;<br \/>\n<wbr \/>\u00a0\u00a0\u00a0\u00a0\u00a0\u00a0\u00a0\u00a0\u00a0\u00a0\u00a0\u00a0\u00a0\u00a0\u00a0\u00a0\u00a0\u00a0\u00a0\u00a0\u00a0\u00a0\u00a0\u00a0\u00a0\u00a0\u00a0\u00a0\u00a0\u00a0<wbr \/>\u00a0\u00a0\u00a0\u00a0\u00a0\u00a0\u00a0 A lo largo de todo este a\u00f1o aportamos gobernabilidad y lo vamos a seguir haciendo en los temas que sean trascendentes para nuestro pais.<br \/>\nEse es nuestro deber, y nuestro compromiso con los m\u00e1s de 5 millones de argentinos que nos votaron para representarlos en este Congreso.<br \/>\n&nbsp;<br \/>\n<wbr \/>\u00a0\u00a0\u00a0\u00a0\u00a0\u00a0\u00a0\u00a0\u00a0\u00a0\u00a0\u00a0\u00a0\u00a0\u00a0\u00a0\u00a0\u00a0\u00a0\u00a0 \u00a0\u00a0\u00a0\u00a0\u00a0\u00a0\u00a0\u00a0\u00a0\u00a0\u00a0\u00a0\u00a0\u00a0\u00a0\u00a0Su deber, se\u00f1or Presidente,\u00a0es llamar a la unidad nacional.<br \/>\nCon palabras, pero tambi\u00e9n con gestos y actitudes que nos vuelvan a poner a los argentinos a trabajar con una esperanza cierta en nuestro futuro.<br \/>\n&nbsp;<br \/>\n&nbsp;<br \/>\n<strong>\u00a0<\/strong><br \/>\n<strong>Sergio Massa\u00a0<\/strong><\/p>\n","protected":false},"excerpt":{"rendered":"<p>Excelent\u00edsimo Se\u00f1or Presidente de la Rep\u00fablica,<\/p>\n","protected":false},"author":3,"featured_media":0,"comment_status":"closed","ping_status":"open","sticky":false,"template":"","format":"standard","meta":{"footnotes":""},"categories":[24],"tags":[],"class_list":["post-4696","post","type-post","status-publish","format-standard","hentry","category-politica"],"yoast_head":"<!-- This site is optimized with the Yoast SEO plugin v25.9 - https:\/\/yoast.com\/wordpress\/plugins\/seo\/ -->\n<title>Carta de Sergio Massa a nuestro Presidente - Noticias Radio Reflejos<\/title>\n<meta name=\"robots\" content=\"index, follow, max-snippet:-1, max-image-preview:large, max-video-preview:-1\" \/>\n<link rel=\"canonical\" href=\"https:\/\/www.noticiasradioreflejos.com.ar\/2021\/carta-de-sergio-massa-a-nuestro-presidente\/\" \/>\n<meta property=\"og:locale\" content=\"es_ES\" \/>\n<meta property=\"og:type\" content=\"article\" \/>\n<meta property=\"og:title\" content=\"Carta de Sergio Massa a nuestro Presidente - Noticias Radio Reflejos\" \/>\n<meta property=\"og:description\" content=\"Excelent\u00edsimo Se\u00f1or Presidente de la Rep\u00fablica,\" \/>\n<meta property=\"og:url\" content=\"https:\/\/www.noticiasradioreflejos.com.ar\/2021\/carta-de-sergio-massa-a-nuestro-presidente\/\" \/>\n<meta property=\"og:site_name\" content=\"Noticias Radio Reflejos\" \/>\n<meta property=\"article:published_time\" content=\"2016-12-13T01:13:26+00:00\" \/>\n<meta property=\"og:image\" content=\"https:\/\/www.noticiasradioreflejos.com.ar\/2021\/wp-content\/uploads\/2021\/07\/logosol300x200.png\" \/>\n\t<meta property=\"og:image:width\" content=\"300\" \/>\n\t<meta property=\"og:image:height\" content=\"200\" \/>\n\t<meta property=\"og:image:type\" content=\"image\/png\" \/>\n<meta name=\"author\" content=\"Arnaldo Botto\" \/>\n<meta name=\"twitter:card\" content=\"summary_large_image\" \/>\n<script type=\"application\/ld+json\" class=\"yoast-schema-graph\">{\"@context\":\"https:\/\/schema.org\",\"@graph\":[{\"@type\":\"WebPage\",\"@id\":\"https:\/\/www.noticiasradioreflejos.com.ar\/2021\/carta-de-sergio-massa-a-nuestro-presidente\/\",\"url\":\"https:\/\/www.noticiasradioreflejos.com.ar\/2021\/carta-de-sergio-massa-a-nuestro-presidente\/\",\"name\":\"Carta de Sergio Massa a nuestro Presidente - Noticias Radio Reflejos\",\"isPartOf\":{\"@id\":\"https:\/\/www.noticiasradioreflejos.com.ar\/2021\/#website\"},\"datePublished\":\"2016-12-13T01:13:26+00:00\",\"author\":{\"@id\":\"https:\/\/www.noticiasradioreflejos.com.ar\/2021\/#\/schema\/person\/ad82545263dcc5ec0996818884fd5fb1\"},\"breadcrumb\":{\"@id\":\"https:\/\/www.noticiasradioreflejos.com.ar\/2021\/carta-de-sergio-massa-a-nuestro-presidente\/#breadcrumb\"},\"inLanguage\":\"es\",\"potentialAction\":[{\"@type\":\"ReadAction\",\"target\":[\"https:\/\/www.noticiasradioreflejos.com.ar\/2021\/carta-de-sergio-massa-a-nuestro-presidente\/\"]}]},{\"@type\":\"BreadcrumbList\",\"@id\":\"https:\/\/www.noticiasradioreflejos.com.ar\/2021\/carta-de-sergio-massa-a-nuestro-presidente\/#breadcrumb\",\"itemListElement\":[{\"@type\":\"ListItem\",\"position\":1,\"name\":\"Portada\",\"item\":\"https:\/\/www.noticiasradioreflejos.com.ar\/2021\/\"},{\"@type\":\"ListItem\",\"position\":2,\"name\":\"Carta de Sergio Massa a nuestro Presidente\"}]},{\"@type\":\"WebSite\",\"@id\":\"https:\/\/www.noticiasradioreflejos.com.ar\/2021\/#website\",\"url\":\"https:\/\/www.noticiasradioreflejos.com.ar\/2021\/\",\"name\":\"Noticias Radio Reflejos\",\"description\":\"Las noticias de mi comarca\",\"potentialAction\":[{\"@type\":\"SearchAction\",\"target\":{\"@type\":\"EntryPoint\",\"urlTemplate\":\"https:\/\/www.noticiasradioreflejos.com.ar\/2021\/?s={search_term_string}\"},\"query-input\":{\"@type\":\"PropertyValueSpecification\",\"valueRequired\":true,\"valueName\":\"search_term_string\"}}],\"inLanguage\":\"es\"},{\"@type\":\"Person\",\"@id\":\"https:\/\/www.noticiasradioreflejos.com.ar\/2021\/#\/schema\/person\/ad82545263dcc5ec0996818884fd5fb1\",\"name\":\"Arnaldo Botto\",\"image\":{\"@type\":\"ImageObject\",\"inLanguage\":\"es\",\"@id\":\"https:\/\/www.noticiasradioreflejos.com.ar\/2021\/#\/schema\/person\/image\/\",\"url\":\"https:\/\/secure.gravatar.com\/avatar\/55cb5e37c1efa326397366e6974cb338056df65cb50e7d64d1cf314e87504837?s=96&d=mm&r=g\",\"contentUrl\":\"https:\/\/secure.gravatar.com\/avatar\/55cb5e37c1efa326397366e6974cb338056df65cb50e7d64d1cf314e87504837?s=96&d=mm&r=g\",\"caption\":\"Arnaldo Botto\"},\"url\":\"https:\/\/www.noticiasradioreflejos.com.ar\/2021\/author\/arnaldo\/\"}]}<\/script>\n<!-- \/ Yoast SEO plugin. -->","yoast_head_json":{"title":"Carta de Sergio Massa a nuestro Presidente - Noticias Radio Reflejos","robots":{"index":"index","follow":"follow","max-snippet":"max-snippet:-1","max-image-preview":"max-image-preview:large","max-video-preview":"max-video-preview:-1"},"canonical":"https:\/\/www.noticiasradioreflejos.com.ar\/2021\/carta-de-sergio-massa-a-nuestro-presidente\/","og_locale":"es_ES","og_type":"article","og_title":"Carta de Sergio Massa a nuestro Presidente - Noticias Radio Reflejos","og_description":"Excelent\u00edsimo Se\u00f1or Presidente de la Rep\u00fablica,","og_url":"https:\/\/www.noticiasradioreflejos.com.ar\/2021\/carta-de-sergio-massa-a-nuestro-presidente\/","og_site_name":"Noticias Radio Reflejos","article_published_time":"2016-12-13T01:13:26+00:00","og_image":[{"width":300,"height":200,"url":"https:\/\/www.noticiasradioreflejos.com.ar\/2021\/wp-content\/uploads\/2021\/07\/logosol300x200.png","type":"image\/png"}],"author":"Arnaldo Botto","twitter_card":"summary_large_image","schema":{"@context":"https:\/\/schema.org","@graph":[{"@type":"WebPage","@id":"https:\/\/www.noticiasradioreflejos.com.ar\/2021\/carta-de-sergio-massa-a-nuestro-presidente\/","url":"https:\/\/www.noticiasradioreflejos.com.ar\/2021\/carta-de-sergio-massa-a-nuestro-presidente\/","name":"Carta de Sergio Massa a nuestro Presidente - Noticias Radio Reflejos","isPartOf":{"@id":"https:\/\/www.noticiasradioreflejos.com.ar\/2021\/#website"},"datePublished":"2016-12-13T01:13:26+00:00","author":{"@id":"https:\/\/www.noticiasradioreflejos.com.ar\/2021\/#\/schema\/person\/ad82545263dcc5ec0996818884fd5fb1"},"breadcrumb":{"@id":"https:\/\/www.noticiasradioreflejos.com.ar\/2021\/carta-de-sergio-massa-a-nuestro-presidente\/#breadcrumb"},"inLanguage":"es","potentialAction":[{"@type":"ReadAction","target":["https:\/\/www.noticiasradioreflejos.com.ar\/2021\/carta-de-sergio-massa-a-nuestro-presidente\/"]}]},{"@type":"BreadcrumbList","@id":"https:\/\/www.noticiasradioreflejos.com.ar\/2021\/carta-de-sergio-massa-a-nuestro-presidente\/#breadcrumb","itemListElement":[{"@type":"ListItem","position":1,"name":"Portada","item":"https:\/\/www.noticiasradioreflejos.com.ar\/2021\/"},{"@type":"ListItem","position":2,"name":"Carta de Sergio Massa a nuestro Presidente"}]},{"@type":"WebSite","@id":"https:\/\/www.noticiasradioreflejos.com.ar\/2021\/#website","url":"https:\/\/www.noticiasradioreflejos.com.ar\/2021\/","name":"Noticias Radio Reflejos","description":"Las noticias de mi comarca","potentialAction":[{"@type":"SearchAction","target":{"@type":"EntryPoint","urlTemplate":"https:\/\/www.noticiasradioreflejos.com.ar\/2021\/?s={search_term_string}"},"query-input":{"@type":"PropertyValueSpecification","valueRequired":true,"valueName":"search_term_string"}}],"inLanguage":"es"},{"@type":"Person","@id":"https:\/\/www.noticiasradioreflejos.com.ar\/2021\/#\/schema\/person\/ad82545263dcc5ec0996818884fd5fb1","name":"Arnaldo Botto","image":{"@type":"ImageObject","inLanguage":"es","@id":"https:\/\/www.noticiasradioreflejos.com.ar\/2021\/#\/schema\/person\/image\/","url":"https:\/\/secure.gravatar.com\/avatar\/55cb5e37c1efa326397366e6974cb338056df65cb50e7d64d1cf314e87504837?s=96&d=mm&r=g","contentUrl":"https:\/\/secure.gravatar.com\/avatar\/55cb5e37c1efa326397366e6974cb338056df65cb50e7d64d1cf314e87504837?s=96&d=mm&r=g","caption":"Arnaldo Botto"},"url":"https:\/\/www.noticiasradioreflejos.com.ar\/2021\/author\/arnaldo\/"}]}},"_links":{"self":[{"href":"https:\/\/www.noticiasradioreflejos.com.ar\/2021\/wp-json\/wp\/v2\/posts\/4696","targetHints":{"allow":["GET"]}}],"collection":[{"href":"https:\/\/www.noticiasradioreflejos.com.ar\/2021\/wp-json\/wp\/v2\/posts"}],"about":[{"href":"https:\/\/www.noticiasradioreflejos.com.ar\/2021\/wp-json\/wp\/v2\/types\/post"}],"author":[{"embeddable":true,"href":"https:\/\/www.noticiasradioreflejos.com.ar\/2021\/wp-json\/wp\/v2\/users\/3"}],"replies":[{"embeddable":true,"href":"https:\/\/www.noticiasradioreflejos.com.ar\/2021\/wp-json\/wp\/v2\/comments?post=4696"}],"version-history":[{"count":0,"href":"https:\/\/www.noticiasradioreflejos.com.ar\/2021\/wp-json\/wp\/v2\/posts\/4696\/revisions"}],"wp:attachment":[{"href":"https:\/\/www.noticiasradioreflejos.com.ar\/2021\/wp-json\/wp\/v2\/media?parent=4696"}],"wp:term":[{"taxonomy":"category","embeddable":true,"href":"https:\/\/www.noticiasradioreflejos.com.ar\/2021\/wp-json\/wp\/v2\/categories?post=4696"},{"taxonomy":"post_tag","embeddable":true,"href":"https:\/\/www.noticiasradioreflejos.com.ar\/2021\/wp-json\/wp\/v2\/tags?post=4696"}],"curies":[{"name":"wp","href":"https:\/\/api.w.org\/{rel}","templated":true}]}}