{"id":46881,"date":"2020-09-12T13:00:34","date_gmt":"2020-09-12T16:00:34","guid":{"rendered":"http:\/\/www.noticiasradioreflejos.com.ar\/noticias\/?p=46881"},"modified":"2020-09-12T13:00:34","modified_gmt":"2020-09-12T16:00:34","slug":"reporte-de-la-situacion-epidemiologica-de-tornquist-al-12-de-setiembre","status":"publish","type":"post","link":"https:\/\/www.noticiasradioreflejos.com.ar\/2021\/reporte-de-la-situacion-epidemiologica-de-tornquist-al-12-de-setiembre\/","title":{"rendered":"Reporte de la situaci\u00f3n epidemiolog\u00edca de Tornquist al 12 de Setiembre."},"content":{"rendered":"<p>POR COVID-19: Tornquist Municipio, a trav\u00e9s de la Secretar\u00eda de Salud actualiza los datos de la situaci\u00f3n epidemiol\u00f3gica al d\u00eda de hoy, 12 de septiembre. <!--more--><\/p>\n<p><del datetime=\"2020-09-12T15:57:08+00:00\"><\/p>\n<p>Desde la cartera de salud destacamos que los casos de covid-19 se encuentran estables, si bien han aparecido positivos nuevos, la situaci\u00f3n est\u00e1 contenida. <\/p>\n<p>En este momento los casos activos se encuentran en tres localidades: <\/p>\n<p><strong>Tornquist<\/strong>: 5<br \/>\n<strong>Tres Picos<\/strong>: 1<br \/>\n<strong>Villa Ventana <\/strong>: 1<\/p>\n<p>El d\u00eda de ayer, Villa Ventana, registr\u00f3 su primer caso activo de covid-19. Se trata de un joven que se encuentra en buen estado de salud, transitando la enfermedad en su casa. Es importante destacar que todos los contactos estrechos fueron aislados el d\u00eda de ayer, cuando el resultado de su hisopado arrojara positivo.<br \/>\nReforzamos a todos los vecinos que para continuar manteniendo la situaci\u00f3n estabilizada y poder finalizar con los brotes activos, la responsabilidad individual es fundamental. Respetemos el distanciamiento social, utilicemos el tapaboca, y por sobre todo, para cuidarnos y cuidar a nuestras familias, evitemos el uso compartido de utensilios y mate. <\/p>\n","protected":false},"excerpt":{"rendered":"<p>POR COVID-19: Tornquist Municipio, a trav\u00e9s de la Secretar\u00eda de Salud actualiza los datos de la situaci\u00f3n epidemiol\u00f3gica al d\u00eda de hoy, 12 de septiembre.<\/p>\n","protected":false},"author":3,"featured_media":0,"comment_status":"closed","ping_status":"open","sticky":false,"template":"","format":"standard","meta":{"footnotes":""},"categories":[30],"tags":[],"class_list":["post-46881","post","type-post","status-publish","format-standard","hentry","category-salud"],"yoast_head":"<!-- This site is optimized with the Yoast SEO plugin v25.9 - https:\/\/yoast.com\/wordpress\/plugins\/seo\/ -->\n<title>Reporte de la situaci\u00f3n epidemiolog\u00edca de Tornquist al 12 de Setiembre. - Noticias Radio Reflejos<\/title>\n<meta name=\"robots\" content=\"index, follow, max-snippet:-1, max-image-preview:large, max-video-preview:-1\" \/>\n<link rel=\"canonical\" href=\"https:\/\/www.noticiasradioreflejos.com.ar\/2021\/reporte-de-la-situacion-epidemiologica-de-tornquist-al-12-de-setiembre\/\" \/>\n<meta property=\"og:locale\" content=\"es_ES\" \/>\n<meta property=\"og:type\" content=\"article\" \/>\n<meta property=\"og:title\" content=\"Reporte de la situaci\u00f3n epidemiolog\u00edca de Tornquist al 12 de Setiembre. - Noticias Radio Reflejos\" \/>\n<meta property=\"og:description\" content=\"POR COVID-19: Tornquist Municipio, a trav\u00e9s de la Secretar\u00eda de Salud actualiza los datos de la situaci\u00f3n epidemiol\u00f3gica al d\u00eda de hoy, 12 de septiembre.\" \/>\n<meta property=\"og:url\" content=\"https:\/\/www.noticiasradioreflejos.com.ar\/2021\/reporte-de-la-situacion-epidemiologica-de-tornquist-al-12-de-setiembre\/\" \/>\n<meta property=\"og:site_name\" content=\"Noticias Radio Reflejos\" \/>\n<meta property=\"article:published_time\" content=\"2020-09-12T16:00:34+00:00\" \/>\n<meta property=\"og:image\" content=\"https:\/\/www.noticiasradioreflejos.com.ar\/2021\/wp-content\/uploads\/2021\/07\/logosol300x200.png\" \/>\n\t<meta property=\"og:image:width\" content=\"300\" \/>\n\t<meta property=\"og:image:height\" content=\"200\" \/>\n\t<meta property=\"og:image:type\" content=\"image\/png\" \/>\n<meta name=\"author\" content=\"Arnaldo Botto\" \/>\n<meta name=\"twitter:card\" content=\"summary_large_image\" \/>\n<script type=\"application\/ld+json\" class=\"yoast-schema-graph\">{\"@context\":\"https:\/\/schema.org\",\"@graph\":[{\"@type\":\"WebPage\",\"@id\":\"https:\/\/www.noticiasradioreflejos.com.ar\/2021\/reporte-de-la-situacion-epidemiologica-de-tornquist-al-12-de-setiembre\/\",\"url\":\"https:\/\/www.noticiasradioreflejos.com.ar\/2021\/reporte-de-la-situacion-epidemiologica-de-tornquist-al-12-de-setiembre\/\",\"name\":\"Reporte de la situaci\u00f3n epidemiolog\u00edca de Tornquist al 12 de Setiembre. - Noticias Radio Reflejos\",\"isPartOf\":{\"@id\":\"https:\/\/www.noticiasradioreflejos.com.ar\/2021\/#website\"},\"datePublished\":\"2020-09-12T16:00:34+00:00\",\"author\":{\"@id\":\"https:\/\/www.noticiasradioreflejos.com.ar\/2021\/#\/schema\/person\/ad82545263dcc5ec0996818884fd5fb1\"},\"breadcrumb\":{\"@id\":\"https:\/\/www.noticiasradioreflejos.com.ar\/2021\/reporte-de-la-situacion-epidemiologica-de-tornquist-al-12-de-setiembre\/#breadcrumb\"},\"inLanguage\":\"es\",\"potentialAction\":[{\"@type\":\"ReadAction\",\"target\":[\"https:\/\/www.noticiasradioreflejos.com.ar\/2021\/reporte-de-la-situacion-epidemiologica-de-tornquist-al-12-de-setiembre\/\"]}]},{\"@type\":\"BreadcrumbList\",\"@id\":\"https:\/\/www.noticiasradioreflejos.com.ar\/2021\/reporte-de-la-situacion-epidemiologica-de-tornquist-al-12-de-setiembre\/#breadcrumb\",\"itemListElement\":[{\"@type\":\"ListItem\",\"position\":1,\"name\":\"Portada\",\"item\":\"https:\/\/www.noticiasradioreflejos.com.ar\/2021\/\"},{\"@type\":\"ListItem\",\"position\":2,\"name\":\"Reporte de la situaci\u00f3n epidemiolog\u00edca de Tornquist al 12 de Setiembre.\"}]},{\"@type\":\"WebSite\",\"@id\":\"https:\/\/www.noticiasradioreflejos.com.ar\/2021\/#website\",\"url\":\"https:\/\/www.noticiasradioreflejos.com.ar\/2021\/\",\"name\":\"Noticias Radio Reflejos\",\"description\":\"Las noticias de mi comarca\",\"potentialAction\":[{\"@type\":\"SearchAction\",\"target\":{\"@type\":\"EntryPoint\",\"urlTemplate\":\"https:\/\/www.noticiasradioreflejos.com.ar\/2021\/?s={search_term_string}\"},\"query-input\":{\"@type\":\"PropertyValueSpecification\",\"valueRequired\":true,\"valueName\":\"search_term_string\"}}],\"inLanguage\":\"es\"},{\"@type\":\"Person\",\"@id\":\"https:\/\/www.noticiasradioreflejos.com.ar\/2021\/#\/schema\/person\/ad82545263dcc5ec0996818884fd5fb1\",\"name\":\"Arnaldo Botto\",\"image\":{\"@type\":\"ImageObject\",\"inLanguage\":\"es\",\"@id\":\"https:\/\/www.noticiasradioreflejos.com.ar\/2021\/#\/schema\/person\/image\/\",\"url\":\"https:\/\/secure.gravatar.com\/avatar\/55cb5e37c1efa326397366e6974cb338056df65cb50e7d64d1cf314e87504837?s=96&d=mm&r=g\",\"contentUrl\":\"https:\/\/secure.gravatar.com\/avatar\/55cb5e37c1efa326397366e6974cb338056df65cb50e7d64d1cf314e87504837?s=96&d=mm&r=g\",\"caption\":\"Arnaldo Botto\"},\"url\":\"https:\/\/www.noticiasradioreflejos.com.ar\/2021\/author\/arnaldo\/\"}]}<\/script>\n<!-- \/ Yoast SEO plugin. -->","yoast_head_json":{"title":"Reporte de la situaci\u00f3n epidemiolog\u00edca de Tornquist al 12 de Setiembre. - Noticias Radio Reflejos","robots":{"index":"index","follow":"follow","max-snippet":"max-snippet:-1","max-image-preview":"max-image-preview:large","max-video-preview":"max-video-preview:-1"},"canonical":"https:\/\/www.noticiasradioreflejos.com.ar\/2021\/reporte-de-la-situacion-epidemiologica-de-tornquist-al-12-de-setiembre\/","og_locale":"es_ES","og_type":"article","og_title":"Reporte de la situaci\u00f3n epidemiolog\u00edca de Tornquist al 12 de Setiembre. - Noticias Radio Reflejos","og_description":"POR COVID-19: Tornquist Municipio, a trav\u00e9s de la Secretar\u00eda de Salud actualiza los datos de la situaci\u00f3n epidemiol\u00f3gica al d\u00eda de hoy, 12 de septiembre.","og_url":"https:\/\/www.noticiasradioreflejos.com.ar\/2021\/reporte-de-la-situacion-epidemiologica-de-tornquist-al-12-de-setiembre\/","og_site_name":"Noticias Radio Reflejos","article_published_time":"2020-09-12T16:00:34+00:00","og_image":[{"width":300,"height":200,"url":"https:\/\/www.noticiasradioreflejos.com.ar\/2021\/wp-content\/uploads\/2021\/07\/logosol300x200.png","type":"image\/png"}],"author":"Arnaldo Botto","twitter_card":"summary_large_image","schema":{"@context":"https:\/\/schema.org","@graph":[{"@type":"WebPage","@id":"https:\/\/www.noticiasradioreflejos.com.ar\/2021\/reporte-de-la-situacion-epidemiologica-de-tornquist-al-12-de-setiembre\/","url":"https:\/\/www.noticiasradioreflejos.com.ar\/2021\/reporte-de-la-situacion-epidemiologica-de-tornquist-al-12-de-setiembre\/","name":"Reporte de la situaci\u00f3n epidemiolog\u00edca de Tornquist al 12 de Setiembre. - Noticias Radio Reflejos","isPartOf":{"@id":"https:\/\/www.noticiasradioreflejos.com.ar\/2021\/#website"},"datePublished":"2020-09-12T16:00:34+00:00","author":{"@id":"https:\/\/www.noticiasradioreflejos.com.ar\/2021\/#\/schema\/person\/ad82545263dcc5ec0996818884fd5fb1"},"breadcrumb":{"@id":"https:\/\/www.noticiasradioreflejos.com.ar\/2021\/reporte-de-la-situacion-epidemiologica-de-tornquist-al-12-de-setiembre\/#breadcrumb"},"inLanguage":"es","potentialAction":[{"@type":"ReadAction","target":["https:\/\/www.noticiasradioreflejos.com.ar\/2021\/reporte-de-la-situacion-epidemiologica-de-tornquist-al-12-de-setiembre\/"]}]},{"@type":"BreadcrumbList","@id":"https:\/\/www.noticiasradioreflejos.com.ar\/2021\/reporte-de-la-situacion-epidemiologica-de-tornquist-al-12-de-setiembre\/#breadcrumb","itemListElement":[{"@type":"ListItem","position":1,"name":"Portada","item":"https:\/\/www.noticiasradioreflejos.com.ar\/2021\/"},{"@type":"ListItem","position":2,"name":"Reporte de la situaci\u00f3n epidemiolog\u00edca de Tornquist al 12 de Setiembre."}]},{"@type":"WebSite","@id":"https:\/\/www.noticiasradioreflejos.com.ar\/2021\/#website","url":"https:\/\/www.noticiasradioreflejos.com.ar\/2021\/","name":"Noticias Radio Reflejos","description":"Las noticias de mi comarca","potentialAction":[{"@type":"SearchAction","target":{"@type":"EntryPoint","urlTemplate":"https:\/\/www.noticiasradioreflejos.com.ar\/2021\/?s={search_term_string}"},"query-input":{"@type":"PropertyValueSpecification","valueRequired":true,"valueName":"search_term_string"}}],"inLanguage":"es"},{"@type":"Person","@id":"https:\/\/www.noticiasradioreflejos.com.ar\/2021\/#\/schema\/person\/ad82545263dcc5ec0996818884fd5fb1","name":"Arnaldo Botto","image":{"@type":"ImageObject","inLanguage":"es","@id":"https:\/\/www.noticiasradioreflejos.com.ar\/2021\/#\/schema\/person\/image\/","url":"https:\/\/secure.gravatar.com\/avatar\/55cb5e37c1efa326397366e6974cb338056df65cb50e7d64d1cf314e87504837?s=96&d=mm&r=g","contentUrl":"https:\/\/secure.gravatar.com\/avatar\/55cb5e37c1efa326397366e6974cb338056df65cb50e7d64d1cf314e87504837?s=96&d=mm&r=g","caption":"Arnaldo Botto"},"url":"https:\/\/www.noticiasradioreflejos.com.ar\/2021\/author\/arnaldo\/"}]}},"_links":{"self":[{"href":"https:\/\/www.noticiasradioreflejos.com.ar\/2021\/wp-json\/wp\/v2\/posts\/46881","targetHints":{"allow":["GET"]}}],"collection":[{"href":"https:\/\/www.noticiasradioreflejos.com.ar\/2021\/wp-json\/wp\/v2\/posts"}],"about":[{"href":"https:\/\/www.noticiasradioreflejos.com.ar\/2021\/wp-json\/wp\/v2\/types\/post"}],"author":[{"embeddable":true,"href":"https:\/\/www.noticiasradioreflejos.com.ar\/2021\/wp-json\/wp\/v2\/users\/3"}],"replies":[{"embeddable":true,"href":"https:\/\/www.noticiasradioreflejos.com.ar\/2021\/wp-json\/wp\/v2\/comments?post=46881"}],"version-history":[{"count":0,"href":"https:\/\/www.noticiasradioreflejos.com.ar\/2021\/wp-json\/wp\/v2\/posts\/46881\/revisions"}],"wp:attachment":[{"href":"https:\/\/www.noticiasradioreflejos.com.ar\/2021\/wp-json\/wp\/v2\/media?parent=46881"}],"wp:term":[{"taxonomy":"category","embeddable":true,"href":"https:\/\/www.noticiasradioreflejos.com.ar\/2021\/wp-json\/wp\/v2\/categories?post=46881"},{"taxonomy":"post_tag","embeddable":true,"href":"https:\/\/www.noticiasradioreflejos.com.ar\/2021\/wp-json\/wp\/v2\/tags?post=46881"}],"curies":[{"name":"wp","href":"https:\/\/api.w.org\/{rel}","templated":true}]}}