{"id":46847,"date":"2020-09-11T15:53:43","date_gmt":"2020-09-11T18:53:43","guid":{"rendered":"http:\/\/www.noticiasradioreflejos.com.ar\/noticias\/?p=46847"},"modified":"2020-09-11T15:53:43","modified_gmt":"2020-09-11T18:53:43","slug":"se-esta-haciendo-un-gran-trabajo-de-catalogacion-tenemos-mas-de-20000-libros-en-la-biblioteca-antonela-pelorosso","status":"publish","type":"post","link":"https:\/\/www.noticiasradioreflejos.com.ar\/2021\/se-esta-haciendo-un-gran-trabajo-de-catalogacion-tenemos-mas-de-20000-libros-en-la-biblioteca-antonela-pelorosso\/","title":{"rendered":"\u00abSe est\u00e1 haciendo un gran trabajo de catalogaci\u00f3n, tenemos m\u00e1s de 20000 libros en la biblioteca\u00bb. &#8211; Antonela Pelorosso."},"content":{"rendered":"<p>Esta ma\u00f1ana conversamos con Antonela Pelorosso de la Biblioteca Popular Mariano Moreno de Sierra de la Ventana. En esta nota, Antonela nos comenta c\u00f3mo es el retorno de las actividades de la Biblioteca y nos informa acerca de los cursos que se est\u00e1n dictando virtual y presencialmente.<!--more--><\/p>\n<p>\u00abEstamos trabajando de Lunes a Viernes. A mediado de Junio empezamos a abrir las puertas de la Biblioteca solo pocas horas de ma\u00f1ana y un d\u00eda a la ma\u00f1ana para que puedan entrar y buscar libros. Cuando se empez\u00f3 a abrir todo, empezamos a estar de Lunes a Viernes desde las 10 de la ma\u00f1ana hasta las 15hs con atenci\u00f3n al p\u00fablico y todos los recaudos correspondientes\u00bb mencion\u00f3 Antonela al comenzar la nota.<\/p>\n<p><a title=\"2020-09-11_03-52-48\" href=\"http:\/\/live.staticflickr.com\/65535\/50330517213_3c528f833b_s.jpg\" rel=\"\"><img loading=\"lazy\" decoding=\"async\" class=\"aligncenter\" title=\"2020-09-11_03-52-48\" src=\"http:\/\/live.staticflickr.com\/65535\/50330517213_3c528f833b_c.jpg\" alt=\"2020-09-11_03-52-48\" width=\"800\" height=\"450\" \/><\/a><\/p>\n<p>\u00abLos talleres que tenemos actualmente son gracias al aporte econ\u00f3mico de la Cooperativa El\u00e9ctrica de Sierra de la Ventana y son a trav\u00e9s de zoom\u00bb aclar\u00f3 Antonela cuando le preguntamos acerca de los talleres dictados por la biblioteca.<\/p>\n<p><strong>Horarios:<\/strong><br \/>\nDise\u00f1o: Lunes, 14hs.<br \/>\nPoes\u00eda: Lunes, 17hs.<br \/>\nFilosof\u00eda con j\u00f3venes: Lunes, 19hs.<br \/>\nConversaci\u00f3n en Ingl\u00e9s: Martes, 18:30hs<br \/>\nGuitarra: Martes, 17hs<br \/>\nTerap\u00e9utico creativo: Mi\u00e9rcoles, 14:30hs<br \/>\nMarketing para emprendedores: Mi\u00e9rcoles, 17hs<br \/>\nLenguaje de se\u00f1as: Mi\u00e9rcoles, 19hs<br \/>\nFotograf\u00eda: Jueves, 18:15hs<br \/>\nApoyo escolar: Viernes, 17hs<\/p>\n<p>Los talleres son gratuitos y abiertos a todo el p\u00fablico. En el Facebook de la Biblioteca Mariano Moreno se pueden encontrar los flyers con ID de reuni\u00f3n y contrase\u00f1a para el Zoom.<\/p>\n<p>Por otro lado, los d\u00edas Martes se est\u00e1 haciendo el taller de teatro para adolescentes (desde 13 a 17 a\u00f1os). \u00abEs cupo limitado, pero todav\u00eda hay cupo. As\u00ed que si se quieren sumar, se pueden acercar o nos pueden llamar al n\u00famero de la Biblio\u00bb. Este taller es presencial. Pr\u00f3ximamente tambi\u00e9n se va a retomar el apoyo escolar presencial \u00abporque los chicos ya est\u00e1n cansados de lo virtual\u00bb.<\/p>\n<p>Adem\u00e1s, Antonela explica que \u00abse est\u00e1 haciendo un gran trabajo de catalogaci\u00f3n, tenemos m\u00e1s de 20000 libros en la biblioteca. Por el momento no lo tenemos subido a internet, pero la idea es hacer una p\u00e1gina web para subir todos los libros catalogados\u00bb.<\/p>\n<p>\u00abQueremos agradecer a la Cooperativa El\u00e9ctrica y a la Municipalidad por el apoyo de siempre\u00bb menciona Antonela.<\/p>\n<p>Nota completa a continuaci\u00f3n:<br \/>\n<iframe loading=\"lazy\" src=\"https:\/\/w.soundcloud.com\/player\/?url=https%3A\/\/api.soundcloud.com\/tracks\/891548701&amp;color=%23ff5500&amp;auto_play=false&amp;hide_related=false&amp;show_comments=true&amp;show_user=true&amp;show_reposts=false&amp;show_teaser=true\" width=\"100%\" height=\"166\" frameborder=\"no\" scrolling=\"no\"><\/iframe><\/p>\n<div style=\"font-size: 10px; color: #cccccc; line-break: anywhere; word-break: normal; overflow: hidden; white-space: nowrap; text-overflow: ellipsis; font-family: Interstate,Lucida Grande,Lucida Sans Unicode,Lucida Sans,Garuda,Verdana,Tahoma,sans-serif; font-weight: 100;\"><a style=\"color: #cccccc; text-decoration: none;\" title=\"fmreflejos 103.7\" href=\"https:\/\/soundcloud.com\/fmreflejos-103-7\" target=\"_blank\" rel=\"noopener\">fmreflejos 103.7<\/a> \u00b7 <a style=\"color: #cccccc; text-decoration: none;\" title=\"Nota Antonela Pelorosso\" href=\"https:\/\/soundcloud.com\/fmreflejos-103-7\/nota-antonela-biblioteca\" target=\"_blank\" rel=\"noopener\">Nota Antonela Pelorosso<\/a><\/div>\n","protected":false},"excerpt":{"rendered":"<p>Esta ma\u00f1ana conversamos con Antonela Pelorosso de la Biblioteca Popular Mariano Moreno de Sierra de la Ventana. En esta nota, Antonela nos comenta c\u00f3mo es el retorno de las actividades de la Biblioteca y nos informa acerca de los cursos que se est\u00e1n dictando virtual y presencialmente.<\/p>\n","protected":false},"author":3,"featured_media":0,"comment_status":"closed","ping_status":"open","sticky":false,"template":"","format":"standard","meta":{"footnotes":""},"categories":[35],"tags":[],"class_list":["post-46847","post","type-post","status-publish","format-standard","hentry","category-cultura"],"yoast_head":"<!-- This site is optimized with the Yoast SEO plugin v25.9 - https:\/\/yoast.com\/wordpress\/plugins\/seo\/ -->\n<title>&quot;Se est\u00e1 haciendo un gran trabajo de catalogaci\u00f3n, tenemos m\u00e1s de 20000 libros en la biblioteca&quot;. - Antonela Pelorosso. - Noticias Radio Reflejos<\/title>\n<meta name=\"robots\" content=\"index, follow, max-snippet:-1, max-image-preview:large, max-video-preview:-1\" \/>\n<link rel=\"canonical\" href=\"https:\/\/www.noticiasradioreflejos.com.ar\/2021\/se-esta-haciendo-un-gran-trabajo-de-catalogacion-tenemos-mas-de-20000-libros-en-la-biblioteca-antonela-pelorosso\/\" \/>\n<meta property=\"og:locale\" content=\"es_ES\" \/>\n<meta property=\"og:type\" content=\"article\" \/>\n<meta property=\"og:title\" content=\"&quot;Se est\u00e1 haciendo un gran trabajo de catalogaci\u00f3n, tenemos m\u00e1s de 20000 libros en la biblioteca&quot;. - Antonela Pelorosso. - Noticias Radio Reflejos\" \/>\n<meta property=\"og:description\" content=\"Esta ma\u00f1ana conversamos con Antonela Pelorosso de la Biblioteca Popular Mariano Moreno de Sierra de la Ventana. En esta nota, Antonela nos comenta c\u00f3mo es el retorno de las actividades de la Biblioteca y nos informa acerca de los cursos que se est\u00e1n dictando virtual y presencialmente.\" \/>\n<meta property=\"og:url\" content=\"https:\/\/www.noticiasradioreflejos.com.ar\/2021\/se-esta-haciendo-un-gran-trabajo-de-catalogacion-tenemos-mas-de-20000-libros-en-la-biblioteca-antonela-pelorosso\/\" \/>\n<meta property=\"og:site_name\" content=\"Noticias Radio Reflejos\" \/>\n<meta property=\"article:published_time\" content=\"2020-09-11T18:53:43+00:00\" \/>\n<meta property=\"og:image\" content=\"http:\/\/live.staticflickr.com\/65535\/50330517213_3c528f833b_c.jpg\" \/>\n<meta name=\"author\" content=\"Arnaldo Botto\" \/>\n<meta name=\"twitter:card\" content=\"summary_large_image\" \/>\n<script type=\"application\/ld+json\" class=\"yoast-schema-graph\">{\"@context\":\"https:\/\/schema.org\",\"@graph\":[{\"@type\":\"WebPage\",\"@id\":\"https:\/\/www.noticiasradioreflejos.com.ar\/2021\/se-esta-haciendo-un-gran-trabajo-de-catalogacion-tenemos-mas-de-20000-libros-en-la-biblioteca-antonela-pelorosso\/\",\"url\":\"https:\/\/www.noticiasradioreflejos.com.ar\/2021\/se-esta-haciendo-un-gran-trabajo-de-catalogacion-tenemos-mas-de-20000-libros-en-la-biblioteca-antonela-pelorosso\/\",\"name\":\"\\\"Se est\u00e1 haciendo un gran trabajo de catalogaci\u00f3n, tenemos m\u00e1s de 20000 libros en la biblioteca\\\". - Antonela Pelorosso. - Noticias Radio Reflejos\",\"isPartOf\":{\"@id\":\"https:\/\/www.noticiasradioreflejos.com.ar\/2021\/#website\"},\"primaryImageOfPage\":{\"@id\":\"https:\/\/www.noticiasradioreflejos.com.ar\/2021\/se-esta-haciendo-un-gran-trabajo-de-catalogacion-tenemos-mas-de-20000-libros-en-la-biblioteca-antonela-pelorosso\/#primaryimage\"},\"image\":{\"@id\":\"https:\/\/www.noticiasradioreflejos.com.ar\/2021\/se-esta-haciendo-un-gran-trabajo-de-catalogacion-tenemos-mas-de-20000-libros-en-la-biblioteca-antonela-pelorosso\/#primaryimage\"},\"thumbnailUrl\":\"http:\/\/live.staticflickr.com\/65535\/50330517213_3c528f833b_c.jpg\",\"datePublished\":\"2020-09-11T18:53:43+00:00\",\"author\":{\"@id\":\"https:\/\/www.noticiasradioreflejos.com.ar\/2021\/#\/schema\/person\/ad82545263dcc5ec0996818884fd5fb1\"},\"breadcrumb\":{\"@id\":\"https:\/\/www.noticiasradioreflejos.com.ar\/2021\/se-esta-haciendo-un-gran-trabajo-de-catalogacion-tenemos-mas-de-20000-libros-en-la-biblioteca-antonela-pelorosso\/#breadcrumb\"},\"inLanguage\":\"es\",\"potentialAction\":[{\"@type\":\"ReadAction\",\"target\":[\"https:\/\/www.noticiasradioreflejos.com.ar\/2021\/se-esta-haciendo-un-gran-trabajo-de-catalogacion-tenemos-mas-de-20000-libros-en-la-biblioteca-antonela-pelorosso\/\"]}]},{\"@type\":\"ImageObject\",\"inLanguage\":\"es\",\"@id\":\"https:\/\/www.noticiasradioreflejos.com.ar\/2021\/se-esta-haciendo-un-gran-trabajo-de-catalogacion-tenemos-mas-de-20000-libros-en-la-biblioteca-antonela-pelorosso\/#primaryimage\",\"url\":\"http:\/\/live.staticflickr.com\/65535\/50330517213_3c528f833b_c.jpg\",\"contentUrl\":\"http:\/\/live.staticflickr.com\/65535\/50330517213_3c528f833b_c.jpg\"},{\"@type\":\"BreadcrumbList\",\"@id\":\"https:\/\/www.noticiasradioreflejos.com.ar\/2021\/se-esta-haciendo-un-gran-trabajo-de-catalogacion-tenemos-mas-de-20000-libros-en-la-biblioteca-antonela-pelorosso\/#breadcrumb\",\"itemListElement\":[{\"@type\":\"ListItem\",\"position\":1,\"name\":\"Portada\",\"item\":\"https:\/\/www.noticiasradioreflejos.com.ar\/2021\/\"},{\"@type\":\"ListItem\",\"position\":2,\"name\":\"\u00abSe est\u00e1 haciendo un gran trabajo de catalogaci\u00f3n, tenemos m\u00e1s de 20000 libros en la biblioteca\u00bb. &#8211; Antonela Pelorosso.\"}]},{\"@type\":\"WebSite\",\"@id\":\"https:\/\/www.noticiasradioreflejos.com.ar\/2021\/#website\",\"url\":\"https:\/\/www.noticiasradioreflejos.com.ar\/2021\/\",\"name\":\"Noticias Radio Reflejos\",\"description\":\"Las noticias de mi comarca\",\"potentialAction\":[{\"@type\":\"SearchAction\",\"target\":{\"@type\":\"EntryPoint\",\"urlTemplate\":\"https:\/\/www.noticiasradioreflejos.com.ar\/2021\/?s={search_term_string}\"},\"query-input\":{\"@type\":\"PropertyValueSpecification\",\"valueRequired\":true,\"valueName\":\"search_term_string\"}}],\"inLanguage\":\"es\"},{\"@type\":\"Person\",\"@id\":\"https:\/\/www.noticiasradioreflejos.com.ar\/2021\/#\/schema\/person\/ad82545263dcc5ec0996818884fd5fb1\",\"name\":\"Arnaldo Botto\",\"image\":{\"@type\":\"ImageObject\",\"inLanguage\":\"es\",\"@id\":\"https:\/\/www.noticiasradioreflejos.com.ar\/2021\/#\/schema\/person\/image\/\",\"url\":\"https:\/\/secure.gravatar.com\/avatar\/55cb5e37c1efa326397366e6974cb338056df65cb50e7d64d1cf314e87504837?s=96&d=mm&r=g\",\"contentUrl\":\"https:\/\/secure.gravatar.com\/avatar\/55cb5e37c1efa326397366e6974cb338056df65cb50e7d64d1cf314e87504837?s=96&d=mm&r=g\",\"caption\":\"Arnaldo Botto\"},\"url\":\"https:\/\/www.noticiasradioreflejos.com.ar\/2021\/author\/arnaldo\/\"}]}<\/script>\n<!-- \/ Yoast SEO plugin. -->","yoast_head_json":{"title":"\"Se est\u00e1 haciendo un gran trabajo de catalogaci\u00f3n, tenemos m\u00e1s de 20000 libros en la biblioteca\". - Antonela Pelorosso. - Noticias Radio Reflejos","robots":{"index":"index","follow":"follow","max-snippet":"max-snippet:-1","max-image-preview":"max-image-preview:large","max-video-preview":"max-video-preview:-1"},"canonical":"https:\/\/www.noticiasradioreflejos.com.ar\/2021\/se-esta-haciendo-un-gran-trabajo-de-catalogacion-tenemos-mas-de-20000-libros-en-la-biblioteca-antonela-pelorosso\/","og_locale":"es_ES","og_type":"article","og_title":"\"Se est\u00e1 haciendo un gran trabajo de catalogaci\u00f3n, tenemos m\u00e1s de 20000 libros en la biblioteca\". - Antonela Pelorosso. - Noticias Radio Reflejos","og_description":"Esta ma\u00f1ana conversamos con Antonela Pelorosso de la Biblioteca Popular Mariano Moreno de Sierra de la Ventana. En esta nota, Antonela nos comenta c\u00f3mo es el retorno de las actividades de la Biblioteca y nos informa acerca de los cursos que se est\u00e1n dictando virtual y presencialmente.","og_url":"https:\/\/www.noticiasradioreflejos.com.ar\/2021\/se-esta-haciendo-un-gran-trabajo-de-catalogacion-tenemos-mas-de-20000-libros-en-la-biblioteca-antonela-pelorosso\/","og_site_name":"Noticias Radio Reflejos","article_published_time":"2020-09-11T18:53:43+00:00","og_image":[{"url":"http:\/\/live.staticflickr.com\/65535\/50330517213_3c528f833b_c.jpg","type":"","width":"","height":""}],"author":"Arnaldo Botto","twitter_card":"summary_large_image","schema":{"@context":"https:\/\/schema.org","@graph":[{"@type":"WebPage","@id":"https:\/\/www.noticiasradioreflejos.com.ar\/2021\/se-esta-haciendo-un-gran-trabajo-de-catalogacion-tenemos-mas-de-20000-libros-en-la-biblioteca-antonela-pelorosso\/","url":"https:\/\/www.noticiasradioreflejos.com.ar\/2021\/se-esta-haciendo-un-gran-trabajo-de-catalogacion-tenemos-mas-de-20000-libros-en-la-biblioteca-antonela-pelorosso\/","name":"\"Se est\u00e1 haciendo un gran trabajo de catalogaci\u00f3n, tenemos m\u00e1s de 20000 libros en la biblioteca\". - Antonela Pelorosso. - Noticias Radio Reflejos","isPartOf":{"@id":"https:\/\/www.noticiasradioreflejos.com.ar\/2021\/#website"},"primaryImageOfPage":{"@id":"https:\/\/www.noticiasradioreflejos.com.ar\/2021\/se-esta-haciendo-un-gran-trabajo-de-catalogacion-tenemos-mas-de-20000-libros-en-la-biblioteca-antonela-pelorosso\/#primaryimage"},"image":{"@id":"https:\/\/www.noticiasradioreflejos.com.ar\/2021\/se-esta-haciendo-un-gran-trabajo-de-catalogacion-tenemos-mas-de-20000-libros-en-la-biblioteca-antonela-pelorosso\/#primaryimage"},"thumbnailUrl":"http:\/\/live.staticflickr.com\/65535\/50330517213_3c528f833b_c.jpg","datePublished":"2020-09-11T18:53:43+00:00","author":{"@id":"https:\/\/www.noticiasradioreflejos.com.ar\/2021\/#\/schema\/person\/ad82545263dcc5ec0996818884fd5fb1"},"breadcrumb":{"@id":"https:\/\/www.noticiasradioreflejos.com.ar\/2021\/se-esta-haciendo-un-gran-trabajo-de-catalogacion-tenemos-mas-de-20000-libros-en-la-biblioteca-antonela-pelorosso\/#breadcrumb"},"inLanguage":"es","potentialAction":[{"@type":"ReadAction","target":["https:\/\/www.noticiasradioreflejos.com.ar\/2021\/se-esta-haciendo-un-gran-trabajo-de-catalogacion-tenemos-mas-de-20000-libros-en-la-biblioteca-antonela-pelorosso\/"]}]},{"@type":"ImageObject","inLanguage":"es","@id":"https:\/\/www.noticiasradioreflejos.com.ar\/2021\/se-esta-haciendo-un-gran-trabajo-de-catalogacion-tenemos-mas-de-20000-libros-en-la-biblioteca-antonela-pelorosso\/#primaryimage","url":"http:\/\/live.staticflickr.com\/65535\/50330517213_3c528f833b_c.jpg","contentUrl":"http:\/\/live.staticflickr.com\/65535\/50330517213_3c528f833b_c.jpg"},{"@type":"BreadcrumbList","@id":"https:\/\/www.noticiasradioreflejos.com.ar\/2021\/se-esta-haciendo-un-gran-trabajo-de-catalogacion-tenemos-mas-de-20000-libros-en-la-biblioteca-antonela-pelorosso\/#breadcrumb","itemListElement":[{"@type":"ListItem","position":1,"name":"Portada","item":"https:\/\/www.noticiasradioreflejos.com.ar\/2021\/"},{"@type":"ListItem","position":2,"name":"\u00abSe est\u00e1 haciendo un gran trabajo de catalogaci\u00f3n, tenemos m\u00e1s de 20000 libros en la biblioteca\u00bb. &#8211; Antonela Pelorosso."}]},{"@type":"WebSite","@id":"https:\/\/www.noticiasradioreflejos.com.ar\/2021\/#website","url":"https:\/\/www.noticiasradioreflejos.com.ar\/2021\/","name":"Noticias Radio Reflejos","description":"Las noticias de mi comarca","potentialAction":[{"@type":"SearchAction","target":{"@type":"EntryPoint","urlTemplate":"https:\/\/www.noticiasradioreflejos.com.ar\/2021\/?s={search_term_string}"},"query-input":{"@type":"PropertyValueSpecification","valueRequired":true,"valueName":"search_term_string"}}],"inLanguage":"es"},{"@type":"Person","@id":"https:\/\/www.noticiasradioreflejos.com.ar\/2021\/#\/schema\/person\/ad82545263dcc5ec0996818884fd5fb1","name":"Arnaldo Botto","image":{"@type":"ImageObject","inLanguage":"es","@id":"https:\/\/www.noticiasradioreflejos.com.ar\/2021\/#\/schema\/person\/image\/","url":"https:\/\/secure.gravatar.com\/avatar\/55cb5e37c1efa326397366e6974cb338056df65cb50e7d64d1cf314e87504837?s=96&d=mm&r=g","contentUrl":"https:\/\/secure.gravatar.com\/avatar\/55cb5e37c1efa326397366e6974cb338056df65cb50e7d64d1cf314e87504837?s=96&d=mm&r=g","caption":"Arnaldo Botto"},"url":"https:\/\/www.noticiasradioreflejos.com.ar\/2021\/author\/arnaldo\/"}]}},"_links":{"self":[{"href":"https:\/\/www.noticiasradioreflejos.com.ar\/2021\/wp-json\/wp\/v2\/posts\/46847","targetHints":{"allow":["GET"]}}],"collection":[{"href":"https:\/\/www.noticiasradioreflejos.com.ar\/2021\/wp-json\/wp\/v2\/posts"}],"about":[{"href":"https:\/\/www.noticiasradioreflejos.com.ar\/2021\/wp-json\/wp\/v2\/types\/post"}],"author":[{"embeddable":true,"href":"https:\/\/www.noticiasradioreflejos.com.ar\/2021\/wp-json\/wp\/v2\/users\/3"}],"replies":[{"embeddable":true,"href":"https:\/\/www.noticiasradioreflejos.com.ar\/2021\/wp-json\/wp\/v2\/comments?post=46847"}],"version-history":[{"count":0,"href":"https:\/\/www.noticiasradioreflejos.com.ar\/2021\/wp-json\/wp\/v2\/posts\/46847\/revisions"}],"wp:attachment":[{"href":"https:\/\/www.noticiasradioreflejos.com.ar\/2021\/wp-json\/wp\/v2\/media?parent=46847"}],"wp:term":[{"taxonomy":"category","embeddable":true,"href":"https:\/\/www.noticiasradioreflejos.com.ar\/2021\/wp-json\/wp\/v2\/categories?post=46847"},{"taxonomy":"post_tag","embeddable":true,"href":"https:\/\/www.noticiasradioreflejos.com.ar\/2021\/wp-json\/wp\/v2\/tags?post=46847"}],"curies":[{"name":"wp","href":"https:\/\/api.w.org\/{rel}","templated":true}]}}