{"id":46841,"date":"2020-09-11T15:37:18","date_gmt":"2020-09-11T18:37:18","guid":{"rendered":"http:\/\/www.noticiasradioreflejos.com.ar\/noticias\/?p=46841"},"modified":"2020-09-11T15:37:18","modified_gmt":"2020-09-11T18:37:18","slug":"siempre-dijeron-que-la-vacuna-estaria-aprobada-el-3-de-noviembre-en-inglaterra-y-que-desde-ese-dia-cada-pais-va-a-aprobarla-pablo-berra","status":"publish","type":"post","link":"https:\/\/www.noticiasradioreflejos.com.ar\/2021\/siempre-dijeron-que-la-vacuna-estaria-aprobada-el-3-de-noviembre-en-inglaterra-y-que-desde-ese-dia-cada-pais-va-a-aprobarla-pablo-berra\/","title":{"rendered":"\u00abSiempre dijeron que la vacuna estar\u00eda aprobada el 3 de Noviembre en Inglaterra y que desde ese d\u00eda cada pa\u00eds va a aprobarla\u00bb  &#8211; Pablo Berra"},"content":{"rendered":"<p>Pablo Berra,\u00a0 es uno de los miles voluntarios que se han ofrecido para probar el funcionamiento de la vacuna de Oxford para frenar al COVID-19. En esta nota, Pablo cuenta c\u00f3mo se convirti\u00f3 en voluntario, c\u00f3mo es su experiencia en el pa\u00eds Africano bajo constantes pruebas y estudios, c\u00f3mo se sinti\u00f3 luego de recibir las dosis de la vacuna y cu\u00e1l es la fecha en la que la vacuna podr\u00eda estar lista.<!--more--><\/p>\n<p>\u00abEmpec\u00e9 porque vi por un documental que una doctora ped\u00eda voluntarios para viajar a Sud\u00e1frica en 2020. Me ofrezco y el mismo d\u00eda me llamaron. Me toc\u00f3 la primera dosis el 20 de Julio y un mes despu\u00e9s la segunda\u00bb comenz\u00f3 explicando Pablo c\u00f3mo es que se convirti\u00f3 en voluntario para el testeo de la vacuna de Oxford. \u00abEn un principio pensamos que era una sola dosis, pero despu\u00e9s decidieron dar otra m\u00e1s. Como es todo muy nuevo, se va probando sobre la marcha\u00bb inform\u00f3.<\/p>\n<p>\u00abNunca ha habido ning\u00fan problema de salud colateral, aqu\u00ed en Sud\u00e1frica es lo que se quiere demostrar. Tambi\u00e9n quieren ver c\u00f3mo es la duraci\u00f3n de los anticuerpos, por eso nos tienen 12 meses con seguimientos constantes\u00bb afirm\u00f3.<\/p>\n<p>Pablo afirma que despu\u00e9s de la primera dosis sinti\u00f3 un poco de dolor de cabeza y fiebre. Tambi\u00e9n anduvo con dolores musculares y sensaci\u00f3n de fr\u00edo. \u00abConvers\u00e9 con otros voluntarios y sintieron lo mismo\u00bb mencion\u00f3, \u00abpor eso me llam\u00f3 la atenci\u00f3n que dentro de los 30000 voluntarios, una se\u00f1ora haya tenido problemas de salud y la tuvieron que hospitalizar\u00bb. Pablo asegura que, a pesar de lo ocurrido con la voluntaria, siguen los controles y los estudios en Sud\u00e1frica tal como lo hac\u00edan habitualmente.<\/p>\n<p>Cuando se le pregunt\u00f3 cu\u00e1l es la informaci\u00f3n que maneja sobre cu\u00e1ndo estar\u00e1 la vacuna lista para distribuir, Pablo contest\u00f3: \u00abSacando esta situaci\u00f3n particular, siempre dijeron que la vacuna estar\u00eda aprobada el 3 de Noviembre en Inglaterra y que desde ese d\u00eda cada pa\u00eds va a aprobarla. Tambi\u00e9n depende de cada convenio que tenga cada pa\u00eds o regi\u00f3n con Oxford\u00bb.<\/p>\n<p>Nota completa a continuaci\u00f3n:<br \/>\n<iframe loading=\"lazy\" src=\"https:\/\/w.soundcloud.com\/player\/?url=https%3A\/\/api.soundcloud.com\/tracks\/891564373&amp;color=%23ff5500&amp;auto_play=false&amp;hide_related=false&amp;show_comments=true&amp;show_user=true&amp;show_reposts=false&amp;show_teaser=true\" width=\"100%\" height=\"166\" frameborder=\"no\" scrolling=\"no\"><\/iframe><\/p>\n<p>&nbsp;<\/p>\n<div class=\"jeg_video_container jeg_video_content\"><iframe loading=\"lazy\" title=\"Pablo Berra\" width=\"500\" height=\"375\" src=\"https:\/\/www.youtube.com\/embed\/o7NsKDAnAOE?feature=oembed\" frameborder=\"0\" allow=\"accelerometer; autoplay; clipboard-write; encrypted-media; gyroscope; picture-in-picture; web-share\" referrerpolicy=\"strict-origin-when-cross-origin\" allowfullscreen><\/iframe><\/div>\n<div style=\"font-size: 10px; color: #cccccc; line-break: anywhere; word-break: normal; overflow: hidden; white-space: nowrap; text-overflow: ellipsis; font-family: Interstate,Lucida Grande,Lucida Sans Unicode,Lucida Sans,Garuda,Verdana,Tahoma,sans-serif; font-weight: 100;\"><a style=\"color: #cccccc; text-decoration: none;\" title=\"fmreflejos 103.7\" href=\"https:\/\/soundcloud.com\/fmreflejos-103-7\" target=\"_blank\" rel=\"noopener\">fmreflejos 103.7<\/a> \u00b7 <a style=\"color: #cccccc; text-decoration: none;\" title=\"Pablo Berra\" href=\"https:\/\/soundcloud.com\/fmreflejos-103-7\/pablo-berra\" target=\"_blank\" rel=\"noopener\">Pablo Berra<\/a><\/div>\n","protected":false},"excerpt":{"rendered":"<p>Pablo Berra,\u00a0 es uno de los miles voluntarios que se han ofrecido para probar el funcionamiento de la vacuna de Oxford para frenar al COVID-19. En esta nota, Pablo cuenta c\u00f3mo se convirti\u00f3 en voluntario, c\u00f3mo es su experiencia en el pa\u00eds Africano bajo constantes pruebas y estudios, c\u00f3mo se sinti\u00f3 luego de recibir las [&hellip;]<\/p>\n","protected":false},"author":3,"featured_media":0,"comment_status":"closed","ping_status":"open","sticky":false,"template":"","format":"standard","meta":{"footnotes":""},"categories":[30],"tags":[],"class_list":["post-46841","post","type-post","status-publish","format-standard","hentry","category-salud"],"yoast_head":"<!-- This site is optimized with the Yoast SEO plugin v25.9 - https:\/\/yoast.com\/wordpress\/plugins\/seo\/ -->\n<title>&quot;Siempre dijeron que la vacuna estar\u00eda aprobada el 3 de Noviembre en Inglaterra y que desde ese d\u00eda cada pa\u00eds va a aprobarla&quot; - Pablo Berra - Noticias Radio Reflejos<\/title>\n<meta name=\"robots\" content=\"index, follow, max-snippet:-1, max-image-preview:large, max-video-preview:-1\" \/>\n<link rel=\"canonical\" href=\"https:\/\/www.noticiasradioreflejos.com.ar\/2021\/siempre-dijeron-que-la-vacuna-estaria-aprobada-el-3-de-noviembre-en-inglaterra-y-que-desde-ese-dia-cada-pais-va-a-aprobarla-pablo-berra\/\" \/>\n<meta property=\"og:locale\" content=\"es_ES\" \/>\n<meta property=\"og:type\" content=\"article\" \/>\n<meta property=\"og:title\" content=\"&quot;Siempre dijeron que la vacuna estar\u00eda aprobada el 3 de Noviembre en Inglaterra y que desde ese d\u00eda cada pa\u00eds va a aprobarla&quot; - Pablo Berra - Noticias Radio Reflejos\" \/>\n<meta property=\"og:description\" content=\"Pablo Berra,\u00a0 es uno de los miles voluntarios que se han ofrecido para probar el funcionamiento de la vacuna de Oxford para frenar al COVID-19. En esta nota, Pablo cuenta c\u00f3mo se convirti\u00f3 en voluntario, c\u00f3mo es su experiencia en el pa\u00eds Africano bajo constantes pruebas y estudios, c\u00f3mo se sinti\u00f3 luego de recibir las [&hellip;]\" \/>\n<meta property=\"og:url\" content=\"https:\/\/www.noticiasradioreflejos.com.ar\/2021\/siempre-dijeron-que-la-vacuna-estaria-aprobada-el-3-de-noviembre-en-inglaterra-y-que-desde-ese-dia-cada-pais-va-a-aprobarla-pablo-berra\/\" \/>\n<meta property=\"og:site_name\" content=\"Noticias Radio Reflejos\" \/>\n<meta property=\"article:published_time\" content=\"2020-09-11T18:37:18+00:00\" \/>\n<meta property=\"og:image\" content=\"https:\/\/www.noticiasradioreflejos.com.ar\/2021\/wp-content\/uploads\/2021\/07\/logosol300x200.png\" \/>\n\t<meta property=\"og:image:width\" content=\"300\" \/>\n\t<meta property=\"og:image:height\" content=\"200\" \/>\n\t<meta property=\"og:image:type\" content=\"image\/png\" \/>\n<meta name=\"author\" content=\"Arnaldo Botto\" \/>\n<meta name=\"twitter:card\" content=\"summary_large_image\" \/>\n<script type=\"application\/ld+json\" class=\"yoast-schema-graph\">{\"@context\":\"https:\/\/schema.org\",\"@graph\":[{\"@type\":\"WebPage\",\"@id\":\"https:\/\/www.noticiasradioreflejos.com.ar\/2021\/siempre-dijeron-que-la-vacuna-estaria-aprobada-el-3-de-noviembre-en-inglaterra-y-que-desde-ese-dia-cada-pais-va-a-aprobarla-pablo-berra\/\",\"url\":\"https:\/\/www.noticiasradioreflejos.com.ar\/2021\/siempre-dijeron-que-la-vacuna-estaria-aprobada-el-3-de-noviembre-en-inglaterra-y-que-desde-ese-dia-cada-pais-va-a-aprobarla-pablo-berra\/\",\"name\":\"\\\"Siempre dijeron que la vacuna estar\u00eda aprobada el 3 de Noviembre en Inglaterra y que desde ese d\u00eda cada pa\u00eds va a aprobarla\\\" - Pablo Berra - Noticias Radio Reflejos\",\"isPartOf\":{\"@id\":\"https:\/\/www.noticiasradioreflejos.com.ar\/2021\/#website\"},\"datePublished\":\"2020-09-11T18:37:18+00:00\",\"author\":{\"@id\":\"https:\/\/www.noticiasradioreflejos.com.ar\/2021\/#\/schema\/person\/ad82545263dcc5ec0996818884fd5fb1\"},\"breadcrumb\":{\"@id\":\"https:\/\/www.noticiasradioreflejos.com.ar\/2021\/siempre-dijeron-que-la-vacuna-estaria-aprobada-el-3-de-noviembre-en-inglaterra-y-que-desde-ese-dia-cada-pais-va-a-aprobarla-pablo-berra\/#breadcrumb\"},\"inLanguage\":\"es\",\"potentialAction\":[{\"@type\":\"ReadAction\",\"target\":[\"https:\/\/www.noticiasradioreflejos.com.ar\/2021\/siempre-dijeron-que-la-vacuna-estaria-aprobada-el-3-de-noviembre-en-inglaterra-y-que-desde-ese-dia-cada-pais-va-a-aprobarla-pablo-berra\/\"]}]},{\"@type\":\"BreadcrumbList\",\"@id\":\"https:\/\/www.noticiasradioreflejos.com.ar\/2021\/siempre-dijeron-que-la-vacuna-estaria-aprobada-el-3-de-noviembre-en-inglaterra-y-que-desde-ese-dia-cada-pais-va-a-aprobarla-pablo-berra\/#breadcrumb\",\"itemListElement\":[{\"@type\":\"ListItem\",\"position\":1,\"name\":\"Portada\",\"item\":\"https:\/\/www.noticiasradioreflejos.com.ar\/2021\/\"},{\"@type\":\"ListItem\",\"position\":2,\"name\":\"\u00abSiempre dijeron que la vacuna estar\u00eda aprobada el 3 de Noviembre en Inglaterra y que desde ese d\u00eda cada pa\u00eds va a aprobarla\u00bb &#8211; Pablo Berra\"}]},{\"@type\":\"WebSite\",\"@id\":\"https:\/\/www.noticiasradioreflejos.com.ar\/2021\/#website\",\"url\":\"https:\/\/www.noticiasradioreflejos.com.ar\/2021\/\",\"name\":\"Noticias Radio Reflejos\",\"description\":\"Las noticias de mi comarca\",\"potentialAction\":[{\"@type\":\"SearchAction\",\"target\":{\"@type\":\"EntryPoint\",\"urlTemplate\":\"https:\/\/www.noticiasradioreflejos.com.ar\/2021\/?s={search_term_string}\"},\"query-input\":{\"@type\":\"PropertyValueSpecification\",\"valueRequired\":true,\"valueName\":\"search_term_string\"}}],\"inLanguage\":\"es\"},{\"@type\":\"Person\",\"@id\":\"https:\/\/www.noticiasradioreflejos.com.ar\/2021\/#\/schema\/person\/ad82545263dcc5ec0996818884fd5fb1\",\"name\":\"Arnaldo Botto\",\"image\":{\"@type\":\"ImageObject\",\"inLanguage\":\"es\",\"@id\":\"https:\/\/www.noticiasradioreflejos.com.ar\/2021\/#\/schema\/person\/image\/\",\"url\":\"https:\/\/secure.gravatar.com\/avatar\/55cb5e37c1efa326397366e6974cb338056df65cb50e7d64d1cf314e87504837?s=96&d=mm&r=g\",\"contentUrl\":\"https:\/\/secure.gravatar.com\/avatar\/55cb5e37c1efa326397366e6974cb338056df65cb50e7d64d1cf314e87504837?s=96&d=mm&r=g\",\"caption\":\"Arnaldo Botto\"},\"url\":\"https:\/\/www.noticiasradioreflejos.com.ar\/2021\/author\/arnaldo\/\"}]}<\/script>\n<!-- \/ Yoast SEO plugin. -->","yoast_head_json":{"title":"\"Siempre dijeron que la vacuna estar\u00eda aprobada el 3 de Noviembre en Inglaterra y que desde ese d\u00eda cada pa\u00eds va a aprobarla\" - Pablo Berra - Noticias Radio Reflejos","robots":{"index":"index","follow":"follow","max-snippet":"max-snippet:-1","max-image-preview":"max-image-preview:large","max-video-preview":"max-video-preview:-1"},"canonical":"https:\/\/www.noticiasradioreflejos.com.ar\/2021\/siempre-dijeron-que-la-vacuna-estaria-aprobada-el-3-de-noviembre-en-inglaterra-y-que-desde-ese-dia-cada-pais-va-a-aprobarla-pablo-berra\/","og_locale":"es_ES","og_type":"article","og_title":"\"Siempre dijeron que la vacuna estar\u00eda aprobada el 3 de Noviembre en Inglaterra y que desde ese d\u00eda cada pa\u00eds va a aprobarla\" - Pablo Berra - Noticias Radio Reflejos","og_description":"Pablo Berra,\u00a0 es uno de los miles voluntarios que se han ofrecido para probar el funcionamiento de la vacuna de Oxford para frenar al COVID-19. En esta nota, Pablo cuenta c\u00f3mo se convirti\u00f3 en voluntario, c\u00f3mo es su experiencia en el pa\u00eds Africano bajo constantes pruebas y estudios, c\u00f3mo se sinti\u00f3 luego de recibir las [&hellip;]","og_url":"https:\/\/www.noticiasradioreflejos.com.ar\/2021\/siempre-dijeron-que-la-vacuna-estaria-aprobada-el-3-de-noviembre-en-inglaterra-y-que-desde-ese-dia-cada-pais-va-a-aprobarla-pablo-berra\/","og_site_name":"Noticias Radio Reflejos","article_published_time":"2020-09-11T18:37:18+00:00","og_image":[{"width":300,"height":200,"url":"https:\/\/www.noticiasradioreflejos.com.ar\/2021\/wp-content\/uploads\/2021\/07\/logosol300x200.png","type":"image\/png"}],"author":"Arnaldo Botto","twitter_card":"summary_large_image","schema":{"@context":"https:\/\/schema.org","@graph":[{"@type":"WebPage","@id":"https:\/\/www.noticiasradioreflejos.com.ar\/2021\/siempre-dijeron-que-la-vacuna-estaria-aprobada-el-3-de-noviembre-en-inglaterra-y-que-desde-ese-dia-cada-pais-va-a-aprobarla-pablo-berra\/","url":"https:\/\/www.noticiasradioreflejos.com.ar\/2021\/siempre-dijeron-que-la-vacuna-estaria-aprobada-el-3-de-noviembre-en-inglaterra-y-que-desde-ese-dia-cada-pais-va-a-aprobarla-pablo-berra\/","name":"\"Siempre dijeron que la vacuna estar\u00eda aprobada el 3 de Noviembre en Inglaterra y que desde ese d\u00eda cada pa\u00eds va a aprobarla\" - Pablo Berra - Noticias Radio Reflejos","isPartOf":{"@id":"https:\/\/www.noticiasradioreflejos.com.ar\/2021\/#website"},"datePublished":"2020-09-11T18:37:18+00:00","author":{"@id":"https:\/\/www.noticiasradioreflejos.com.ar\/2021\/#\/schema\/person\/ad82545263dcc5ec0996818884fd5fb1"},"breadcrumb":{"@id":"https:\/\/www.noticiasradioreflejos.com.ar\/2021\/siempre-dijeron-que-la-vacuna-estaria-aprobada-el-3-de-noviembre-en-inglaterra-y-que-desde-ese-dia-cada-pais-va-a-aprobarla-pablo-berra\/#breadcrumb"},"inLanguage":"es","potentialAction":[{"@type":"ReadAction","target":["https:\/\/www.noticiasradioreflejos.com.ar\/2021\/siempre-dijeron-que-la-vacuna-estaria-aprobada-el-3-de-noviembre-en-inglaterra-y-que-desde-ese-dia-cada-pais-va-a-aprobarla-pablo-berra\/"]}]},{"@type":"BreadcrumbList","@id":"https:\/\/www.noticiasradioreflejos.com.ar\/2021\/siempre-dijeron-que-la-vacuna-estaria-aprobada-el-3-de-noviembre-en-inglaterra-y-que-desde-ese-dia-cada-pais-va-a-aprobarla-pablo-berra\/#breadcrumb","itemListElement":[{"@type":"ListItem","position":1,"name":"Portada","item":"https:\/\/www.noticiasradioreflejos.com.ar\/2021\/"},{"@type":"ListItem","position":2,"name":"\u00abSiempre dijeron que la vacuna estar\u00eda aprobada el 3 de Noviembre en Inglaterra y que desde ese d\u00eda cada pa\u00eds va a aprobarla\u00bb &#8211; Pablo Berra"}]},{"@type":"WebSite","@id":"https:\/\/www.noticiasradioreflejos.com.ar\/2021\/#website","url":"https:\/\/www.noticiasradioreflejos.com.ar\/2021\/","name":"Noticias Radio Reflejos","description":"Las noticias de mi comarca","potentialAction":[{"@type":"SearchAction","target":{"@type":"EntryPoint","urlTemplate":"https:\/\/www.noticiasradioreflejos.com.ar\/2021\/?s={search_term_string}"},"query-input":{"@type":"PropertyValueSpecification","valueRequired":true,"valueName":"search_term_string"}}],"inLanguage":"es"},{"@type":"Person","@id":"https:\/\/www.noticiasradioreflejos.com.ar\/2021\/#\/schema\/person\/ad82545263dcc5ec0996818884fd5fb1","name":"Arnaldo Botto","image":{"@type":"ImageObject","inLanguage":"es","@id":"https:\/\/www.noticiasradioreflejos.com.ar\/2021\/#\/schema\/person\/image\/","url":"https:\/\/secure.gravatar.com\/avatar\/55cb5e37c1efa326397366e6974cb338056df65cb50e7d64d1cf314e87504837?s=96&d=mm&r=g","contentUrl":"https:\/\/secure.gravatar.com\/avatar\/55cb5e37c1efa326397366e6974cb338056df65cb50e7d64d1cf314e87504837?s=96&d=mm&r=g","caption":"Arnaldo Botto"},"url":"https:\/\/www.noticiasradioreflejos.com.ar\/2021\/author\/arnaldo\/"}]}},"_links":{"self":[{"href":"https:\/\/www.noticiasradioreflejos.com.ar\/2021\/wp-json\/wp\/v2\/posts\/46841","targetHints":{"allow":["GET"]}}],"collection":[{"href":"https:\/\/www.noticiasradioreflejos.com.ar\/2021\/wp-json\/wp\/v2\/posts"}],"about":[{"href":"https:\/\/www.noticiasradioreflejos.com.ar\/2021\/wp-json\/wp\/v2\/types\/post"}],"author":[{"embeddable":true,"href":"https:\/\/www.noticiasradioreflejos.com.ar\/2021\/wp-json\/wp\/v2\/users\/3"}],"replies":[{"embeddable":true,"href":"https:\/\/www.noticiasradioreflejos.com.ar\/2021\/wp-json\/wp\/v2\/comments?post=46841"}],"version-history":[{"count":0,"href":"https:\/\/www.noticiasradioreflejos.com.ar\/2021\/wp-json\/wp\/v2\/posts\/46841\/revisions"}],"wp:attachment":[{"href":"https:\/\/www.noticiasradioreflejos.com.ar\/2021\/wp-json\/wp\/v2\/media?parent=46841"}],"wp:term":[{"taxonomy":"category","embeddable":true,"href":"https:\/\/www.noticiasradioreflejos.com.ar\/2021\/wp-json\/wp\/v2\/categories?post=46841"},{"taxonomy":"post_tag","embeddable":true,"href":"https:\/\/www.noticiasradioreflejos.com.ar\/2021\/wp-json\/wp\/v2\/tags?post=46841"}],"curies":[{"name":"wp","href":"https:\/\/api.w.org\/{rel}","templated":true}]}}